{"id":10103,"date":"2020-07-03T21:00:55","date_gmt":"2020-07-03T21:00:55","guid":{"rendered":"http:\/\/www.sanjuandeportes.com\/wp\/?p=10103"},"modified":"2020-07-03T21:02:18","modified_gmt":"2020-07-03T21:02:18","slug":"pablo-palacios-alvarenga-ya-tiene-nuevo-club","status":"publish","type":"post","link":"http:\/\/www.sanjuandeportes.com\/wp\/2020\/07\/03\/pablo-palacios-alvarenga-ya-tiene-nuevo-club\/","title":{"rendered":"Pablo Palacios Alvarenga ya tiene nuevo club"},"content":{"rendered":"<p>Este jueves, Central C\u00f3rdoba de Santiago del Estero, club que milita en Primera Divisi\u00f3n hizo oficial la contrataci\u00f3n de su primer refuerzo: el exdelantero de San Mart\u00edn, Pablo Palacios Alvarenga. Que llega en condici\u00f3n de libres y firm\u00f3 su v\u00ednculo con el club del barrio Oeste hasta diciembre de 2021.<\/p>\n<p>Palacios Alvarenga, se encuentra en Luque (Paraguay), ciudad natal a donde regres\u00f3 el pasado 15 de junio.<\/p>\n<p>\u201cM\u00e1s por el club que desde hace a\u00f1os est\u00e1 viniendo de abajo, jugando el Federal y el Nacional. Ahora est\u00e1 en Primera, haciendo bien las cosas y peleando mano a mano con equipos grandes\u201d. \u201cTambi\u00e9n la ciudad y el equipo. Me llam\u00f3 Alexis Ferrero y me sedujo el proyecto, tambi\u00e9n habl\u00e9 con el t\u00e9cnico y acept\u00e9 la propuesta. Ahora falta que se reanude todo para estar en la provincia\u201d, agreg\u00f3 el atacante de 32 a\u00f1os.<\/p>\n","protected":false},"excerpt":{"rendered":"<p>Este jueves, Central C\u00f3rdoba de Santiago del Estero, club que milita en Primera Divisi\u00f3n hizo oficial la contrataci\u00f3n de su primer refuerzo: el exdelantero de San Mart\u00edn, Pablo Palacios Alvarenga. Que llega en condici\u00f3n de libres y firm\u00f3 su v\u00ednculo con el club del barrio Oeste hasta diciembre de 2021. Palacios Alvarenga, se encuentra en [&hellip;]<\/p>\n","protected":false},"author":5,"featured_media":10105,"comment_status":"open","ping_status":"open","sticky":false,"template":"","format":"standard","meta":{"footnotes":""},"categories":[2,720],"tags":[941,1297,741],"class_list":["post-10103","post","type-post","status-publish","format-standard","has-post-thumbnail","hentry","category-featured","category-primera-nacional","tag-central-cordoba","tag-primera-naciona","tag-san-martin-de-san-juan"],"yoast_head":"<!-- This site is optimized with the Yoast SEO plugin v28.2 - https:\/\/yoast.com\/product\/yoast-seo-wordpress\/ -->\n<title>Pablo Palacios Alvarenga ya tiene nuevo club - San Juan Deportes<\/title>\n<meta name=\"robots\" content=\"index, follow, max-snippet:-1, max-image-preview:large, max-video-preview:-1\" \/>\n<link rel=\"canonical\" href=\"http:\/\/www.sanjuandeportes.com\/wp\/2020\/07\/03\/pablo-palacios-alvarenga-ya-tiene-nuevo-club\/\" \/>\n<meta property=\"og:locale\" content=\"es_ES\" \/>\n<meta property=\"og:type\" content=\"article\" \/>\n<meta property=\"og:title\" content=\"Pablo Palacios Alvarenga ya tiene nuevo club - San Juan Deportes\" \/>\n<meta property=\"og:description\" content=\"Este jueves, Central C\u00f3rdoba de Santiago del Estero, club que milita en Primera Divisi\u00f3n hizo oficial la contrataci\u00f3n de su primer refuerzo: el exdelantero de San Mart\u00edn, Pablo Palacios Alvarenga. Que llega en condici\u00f3n de libres y firm\u00f3 su v\u00ednculo con el club del barrio Oeste hasta diciembre de 2021. Palacios Alvarenga, se encuentra en [&hellip;]\" \/>\n<meta property=\"og:url\" content=\"http:\/\/www.sanjuandeportes.com\/wp\/2020\/07\/03\/pablo-palacios-alvarenga-ya-tiene-nuevo-club\/\" \/>\n<meta property=\"og:site_name\" content=\"San Juan Deportes\" \/>\n<meta property=\"article:publisher\" content=\"https:\/\/www.facebook.com\/sanjuandeportesok\" \/>\n<meta property=\"article:published_time\" content=\"2020-07-03T21:00:55+00:00\" \/>\n<meta property=\"article:modified_time\" content=\"2020-07-03T21:02:18+00:00\" \/>\n<meta property=\"og:image\" content=\"http:\/\/www.sanjuandeportes.com\/wp\/wp-content\/uploads\/2020\/07\/DyqPy1vWwAEUy2S.jpg\" \/>\n\t<meta property=\"og:image:width\" content=\"749\" \/>\n\t<meta property=\"og:image:height\" content=\"499\" \/>\n\t<meta property=\"og:image:type\" content=\"image\/jpeg\" \/>\n<meta name=\"author\" content=\"Pablo Pujado\" \/>\n<meta name=\"twitter:card\" content=\"summary_large_image\" \/>\n<meta name=\"twitter:creator\" content=\"@SanJuanDeportes\" \/>\n<meta name=\"twitter:site\" content=\"@SanJuanDeportes\" \/>\n<meta name=\"twitter:label1\" content=\"Escrito por\" \/>\n\t<meta name=\"twitter:data1\" content=\"Pablo Pujado\" \/>\n\t<meta name=\"twitter:label2\" content=\"Tiempo de lectura\" \/>\n\t<meta name=\"twitter:data2\" content=\"1 minuto\" \/>\n<script type=\"application\/ld+json\" class=\"yoast-schema-graph\">{\"@context\":\"https:\\\/\\\/schema.org\",\"@graph\":[{\"@type\":\"Article\",\"@id\":\"http:\\\/\\\/www.sanjuandeportes.com\\\/wp\\\/2020\\\/07\\\/03\\\/pablo-palacios-alvarenga-ya-tiene-nuevo-club\\\/#article\",\"isPartOf\":{\"@id\":\"http:\\\/\\\/www.sanjuandeportes.com\\\/wp\\\/2020\\\/07\\\/03\\\/pablo-palacios-alvarenga-ya-tiene-nuevo-club\\\/\"},\"author\":{\"name\":\"Pablo Pujado\",\"@id\":\"http:\\\/\\\/www.sanjuandeportes.com\\\/wp\\\/#\\\/schema\\\/person\\\/eda4d8e62a5d42b111781e3cdfcb9c3a\"},\"headline\":\"Pablo Palacios Alvarenga ya tiene nuevo club\",\"datePublished\":\"2020-07-03T21:00:55+00:00\",\"dateModified\":\"2020-07-03T21:02:18+00:00\",\"mainEntityOfPage\":{\"@id\":\"http:\\\/\\\/www.sanjuandeportes.com\\\/wp\\\/2020\\\/07\\\/03\\\/pablo-palacios-alvarenga-ya-tiene-nuevo-club\\\/\"},\"wordCount\":158,\"commentCount\":0,\"publisher\":{\"@id\":\"http:\\\/\\\/www.sanjuandeportes.com\\\/wp\\\/#organization\"},\"image\":{\"@id\":\"http:\\\/\\\/www.sanjuandeportes.com\\\/wp\\\/2020\\\/07\\\/03\\\/pablo-palacios-alvarenga-ya-tiene-nuevo-club\\\/#primaryimage\"},\"thumbnailUrl\":\"http:\\\/\\\/www.sanjuandeportes.com\\\/wp\\\/wp-content\\\/uploads\\\/2020\\\/07\\\/DyqPy1vWwAEUy2S.jpg\",\"keywords\":[\"Central C\u00f3rdoba\",\"Primera Naciona\",\"San Mart\u00edn de San Juan\"],\"articleSection\":[\"Featured\",\"Primera Nacional\"],\"inLanguage\":\"es\",\"potentialAction\":[{\"@type\":\"CommentAction\",\"name\":\"Comment\",\"target\":[\"http:\\\/\\\/www.sanjuandeportes.com\\\/wp\\\/2020\\\/07\\\/03\\\/pablo-palacios-alvarenga-ya-tiene-nuevo-club\\\/#respond\"]}]},{\"@type\":\"WebPage\",\"@id\":\"http:\\\/\\\/www.sanjuandeportes.com\\\/wp\\\/2020\\\/07\\\/03\\\/pablo-palacios-alvarenga-ya-tiene-nuevo-club\\\/\",\"url\":\"http:\\\/\\\/www.sanjuandeportes.com\\\/wp\\\/2020\\\/07\\\/03\\\/pablo-palacios-alvarenga-ya-tiene-nuevo-club\\\/\",\"name\":\"Pablo Palacios Alvarenga ya tiene nuevo club - San Juan Deportes\",\"isPartOf\":{\"@id\":\"http:\\\/\\\/www.sanjuandeportes.com\\\/wp\\\/#website\"},\"primaryImageOfPage\":{\"@id\":\"http:\\\/\\\/www.sanjuandeportes.com\\\/wp\\\/2020\\\/07\\\/03\\\/pablo-palacios-alvarenga-ya-tiene-nuevo-club\\\/#primaryimage\"},\"image\":{\"@id\":\"http:\\\/\\\/www.sanjuandeportes.com\\\/wp\\\/2020\\\/07\\\/03\\\/pablo-palacios-alvarenga-ya-tiene-nuevo-club\\\/#primaryimage\"},\"thumbnailUrl\":\"http:\\\/\\\/www.sanjuandeportes.com\\\/wp\\\/wp-content\\\/uploads\\\/2020\\\/07\\\/DyqPy1vWwAEUy2S.jpg\",\"datePublished\":\"2020-07-03T21:00:55+00:00\",\"dateModified\":\"2020-07-03T21:02:18+00:00\",\"breadcrumb\":{\"@id\":\"http:\\\/\\\/www.sanjuandeportes.com\\\/wp\\\/2020\\\/07\\\/03\\\/pablo-palacios-alvarenga-ya-tiene-nuevo-club\\\/#breadcrumb\"},\"inLanguage\":\"es\",\"potentialAction\":[{\"@type\":\"ReadAction\",\"target\":[\"http:\\\/\\\/www.sanjuandeportes.com\\\/wp\\\/2020\\\/07\\\/03\\\/pablo-palacios-alvarenga-ya-tiene-nuevo-club\\\/\"]}]},{\"@type\":\"ImageObject\",\"inLanguage\":\"es\",\"@id\":\"http:\\\/\\\/www.sanjuandeportes.com\\\/wp\\\/2020\\\/07\\\/03\\\/pablo-palacios-alvarenga-ya-tiene-nuevo-club\\\/#primaryimage\",\"url\":\"http:\\\/\\\/www.sanjuandeportes.com\\\/wp\\\/wp-content\\\/uploads\\\/2020\\\/07\\\/DyqPy1vWwAEUy2S.jpg\",\"contentUrl\":\"http:\\\/\\\/www.sanjuandeportes.com\\\/wp\\\/wp-content\\\/uploads\\\/2020\\\/07\\\/DyqPy1vWwAEUy2S.jpg\",\"width\":749,\"height\":499},{\"@type\":\"BreadcrumbList\",\"@id\":\"http:\\\/\\\/www.sanjuandeportes.com\\\/wp\\\/2020\\\/07\\\/03\\\/pablo-palacios-alvarenga-ya-tiene-nuevo-club\\\/#breadcrumb\",\"itemListElement\":[{\"@type\":\"ListItem\",\"position\":1,\"name\":\"Portada\",\"item\":\"http:\\\/\\\/www.sanjuandeportes.com\\\/wp\\\/\"},{\"@type\":\"ListItem\",\"position\":2,\"name\":\"Pablo Palacios Alvarenga ya tiene nuevo club\"}]},{\"@type\":\"WebSite\",\"@id\":\"http:\\\/\\\/www.sanjuandeportes.com\\\/wp\\\/#website\",\"url\":\"http:\\\/\\\/www.sanjuandeportes.com\\\/wp\\\/\",\"name\":\"San Juan Deportes\",\"description\":\"El sitio de deportes de la provincia de San Juan\",\"publisher\":{\"@id\":\"http:\\\/\\\/www.sanjuandeportes.com\\\/wp\\\/#organization\"},\"potentialAction\":[{\"@type\":\"SearchAction\",\"target\":{\"@type\":\"EntryPoint\",\"urlTemplate\":\"http:\\\/\\\/www.sanjuandeportes.com\\\/wp\\\/?s={search_term_string}\"},\"query-input\":{\"@type\":\"PropertyValueSpecification\",\"valueRequired\":true,\"valueName\":\"search_term_string\"}}],\"inLanguage\":\"es\"},{\"@type\":\"Organization\",\"@id\":\"http:\\\/\\\/www.sanjuandeportes.com\\\/wp\\\/#organization\",\"name\":\"San Juan Deportes\",\"url\":\"http:\\\/\\\/www.sanjuandeportes.com\\\/wp\\\/\",\"logo\":{\"@type\":\"ImageObject\",\"inLanguage\":\"es\",\"@id\":\"http:\\\/\\\/www.sanjuandeportes.com\\\/wp\\\/#\\\/schema\\\/logo\\\/image\\\/\",\"url\":\"https:\\\/\\\/www.sanjuandeportes.com\\\/wp\\\/wp-content\\\/uploads\\\/unnamed.jpg\",\"contentUrl\":\"https:\\\/\\\/www.sanjuandeportes.com\\\/wp\\\/wp-content\\\/uploads\\\/unnamed.jpg\",\"width\":900,\"height\":900,\"caption\":\"San Juan Deportes\"},\"image\":{\"@id\":\"http:\\\/\\\/www.sanjuandeportes.com\\\/wp\\\/#\\\/schema\\\/logo\\\/image\\\/\"},\"sameAs\":[\"https:\\\/\\\/www.facebook.com\\\/sanjuandeportesok\",\"https:\\\/\\\/x.com\\\/SanJuanDeportes\",\"https:\\\/\\\/www.instagram.com\\\/sanjuandeportes\"]},{\"@type\":\"Person\",\"@id\":\"http:\\\/\\\/www.sanjuandeportes.com\\\/wp\\\/#\\\/schema\\\/person\\\/eda4d8e62a5d42b111781e3cdfcb9c3a\",\"name\":\"Pablo Pujado\",\"image\":{\"@type\":\"ImageObject\",\"inLanguage\":\"es\",\"@id\":\"https:\\\/\\\/secure.gravatar.com\\\/avatar\\\/310b69d28112912c333408a462a9837208de951b1e7c11514781740412f648b1?s=96&d=mm&r=g\",\"url\":\"https:\\\/\\\/secure.gravatar.com\\\/avatar\\\/310b69d28112912c333408a462a9837208de951b1e7c11514781740412f648b1?s=96&d=mm&r=g\",\"contentUrl\":\"https:\\\/\\\/secure.gravatar.com\\\/avatar\\\/310b69d28112912c333408a462a9837208de951b1e7c11514781740412f648b1?s=96&d=mm&r=g\",\"caption\":\"Pablo Pujado\"},\"url\":\"http:\\\/\\\/www.sanjuandeportes.com\\\/wp\\\/author\\\/pablo-pujado\\\/\"}]}<\/script>\n<!-- \/ Yoast SEO plugin. -->","yoast_head_json":{"title":"Pablo Palacios Alvarenga ya tiene nuevo club - San Juan Deportes","robots":{"index":"index","follow":"follow","max-snippet":"max-snippet:-1","max-image-preview":"max-image-preview:large","max-video-preview":"max-video-preview:-1"},"canonical":"http:\/\/www.sanjuandeportes.com\/wp\/2020\/07\/03\/pablo-palacios-alvarenga-ya-tiene-nuevo-club\/","og_locale":"es_ES","og_type":"article","og_title":"Pablo Palacios Alvarenga ya tiene nuevo club - San Juan Deportes","og_description":"Este jueves, Central C\u00f3rdoba de Santiago del Estero, club que milita en Primera Divisi\u00f3n hizo oficial la contrataci\u00f3n de su primer refuerzo: el exdelantero de San Mart\u00edn, Pablo Palacios Alvarenga. Que llega en condici\u00f3n de libres y firm\u00f3 su v\u00ednculo con el club del barrio Oeste hasta diciembre de 2021. Palacios Alvarenga, se encuentra en [&hellip;]","og_url":"http:\/\/www.sanjuandeportes.com\/wp\/2020\/07\/03\/pablo-palacios-alvarenga-ya-tiene-nuevo-club\/","og_site_name":"San Juan Deportes","article_publisher":"https:\/\/www.facebook.com\/sanjuandeportesok","article_published_time":"2020-07-03T21:00:55+00:00","article_modified_time":"2020-07-03T21:02:18+00:00","og_image":[{"width":749,"height":499,"url":"http:\/\/www.sanjuandeportes.com\/wp\/wp-content\/uploads\/2020\/07\/DyqPy1vWwAEUy2S.jpg","type":"image\/jpeg"}],"author":"Pablo Pujado","twitter_card":"summary_large_image","twitter_creator":"@SanJuanDeportes","twitter_site":"@SanJuanDeportes","twitter_misc":{"Escrito por":"Pablo Pujado","Tiempo de lectura":"1 minuto"},"schema":{"@context":"https:\/\/schema.org","@graph":[{"@type":"Article","@id":"http:\/\/www.sanjuandeportes.com\/wp\/2020\/07\/03\/pablo-palacios-alvarenga-ya-tiene-nuevo-club\/#article","isPartOf":{"@id":"http:\/\/www.sanjuandeportes.com\/wp\/2020\/07\/03\/pablo-palacios-alvarenga-ya-tiene-nuevo-club\/"},"author":{"name":"Pablo Pujado","@id":"http:\/\/www.sanjuandeportes.com\/wp\/#\/schema\/person\/eda4d8e62a5d42b111781e3cdfcb9c3a"},"headline":"Pablo Palacios Alvarenga ya tiene nuevo club","datePublished":"2020-07-03T21:00:55+00:00","dateModified":"2020-07-03T21:02:18+00:00","mainEntityOfPage":{"@id":"http:\/\/www.sanjuandeportes.com\/wp\/2020\/07\/03\/pablo-palacios-alvarenga-ya-tiene-nuevo-club\/"},"wordCount":158,"commentCount":0,"publisher":{"@id":"http:\/\/www.sanjuandeportes.com\/wp\/#organization"},"image":{"@id":"http:\/\/www.sanjuandeportes.com\/wp\/2020\/07\/03\/pablo-palacios-alvarenga-ya-tiene-nuevo-club\/#primaryimage"},"thumbnailUrl":"http:\/\/www.sanjuandeportes.com\/wp\/wp-content\/uploads\/2020\/07\/DyqPy1vWwAEUy2S.jpg","keywords":["Central C\u00f3rdoba","Primera Naciona","San Mart\u00edn de San Juan"],"articleSection":["Featured","Primera Nacional"],"inLanguage":"es","potentialAction":[{"@type":"CommentAction","name":"Comment","target":["http:\/\/www.sanjuandeportes.com\/wp\/2020\/07\/03\/pablo-palacios-alvarenga-ya-tiene-nuevo-club\/#respond"]}]},{"@type":"WebPage","@id":"http:\/\/www.sanjuandeportes.com\/wp\/2020\/07\/03\/pablo-palacios-alvarenga-ya-tiene-nuevo-club\/","url":"http:\/\/www.sanjuandeportes.com\/wp\/2020\/07\/03\/pablo-palacios-alvarenga-ya-tiene-nuevo-club\/","name":"Pablo Palacios Alvarenga ya tiene nuevo club - San Juan Deportes","isPartOf":{"@id":"http:\/\/www.sanjuandeportes.com\/wp\/#website"},"primaryImageOfPage":{"@id":"http:\/\/www.sanjuandeportes.com\/wp\/2020\/07\/03\/pablo-palacios-alvarenga-ya-tiene-nuevo-club\/#primaryimage"},"image":{"@id":"http:\/\/www.sanjuandeportes.com\/wp\/2020\/07\/03\/pablo-palacios-alvarenga-ya-tiene-nuevo-club\/#primaryimage"},"thumbnailUrl":"http:\/\/www.sanjuandeportes.com\/wp\/wp-content\/uploads\/2020\/07\/DyqPy1vWwAEUy2S.jpg","datePublished":"2020-07-03T21:00:55+00:00","dateModified":"2020-07-03T21:02:18+00:00","breadcrumb":{"@id":"http:\/\/www.sanjuandeportes.com\/wp\/2020\/07\/03\/pablo-palacios-alvarenga-ya-tiene-nuevo-club\/#breadcrumb"},"inLanguage":"es","potentialAction":[{"@type":"ReadAction","target":["http:\/\/www.sanjuandeportes.com\/wp\/2020\/07\/03\/pablo-palacios-alvarenga-ya-tiene-nuevo-club\/"]}]},{"@type":"ImageObject","inLanguage":"es","@id":"http:\/\/www.sanjuandeportes.com\/wp\/2020\/07\/03\/pablo-palacios-alvarenga-ya-tiene-nuevo-club\/#primaryimage","url":"http:\/\/www.sanjuandeportes.com\/wp\/wp-content\/uploads\/2020\/07\/DyqPy1vWwAEUy2S.jpg","contentUrl":"http:\/\/www.sanjuandeportes.com\/wp\/wp-content\/uploads\/2020\/07\/DyqPy1vWwAEUy2S.jpg","width":749,"height":499},{"@type":"BreadcrumbList","@id":"http:\/\/www.sanjuandeportes.com\/wp\/2020\/07\/03\/pablo-palacios-alvarenga-ya-tiene-nuevo-club\/#breadcrumb","itemListElement":[{"@type":"ListItem","position":1,"name":"Portada","item":"http:\/\/www.sanjuandeportes.com\/wp\/"},{"@type":"ListItem","position":2,"name":"Pablo Palacios Alvarenga ya tiene nuevo club"}]},{"@type":"WebSite","@id":"http:\/\/www.sanjuandeportes.com\/wp\/#website","url":"http:\/\/www.sanjuandeportes.com\/wp\/","name":"San Juan Deportes","description":"El sitio de deportes de la provincia de San Juan","publisher":{"@id":"http:\/\/www.sanjuandeportes.com\/wp\/#organization"},"potentialAction":[{"@type":"SearchAction","target":{"@type":"EntryPoint","urlTemplate":"http:\/\/www.sanjuandeportes.com\/wp\/?s={search_term_string}"},"query-input":{"@type":"PropertyValueSpecification","valueRequired":true,"valueName":"search_term_string"}}],"inLanguage":"es"},{"@type":"Organization","@id":"http:\/\/www.sanjuandeportes.com\/wp\/#organization","name":"San Juan Deportes","url":"http:\/\/www.sanjuandeportes.com\/wp\/","logo":{"@type":"ImageObject","inLanguage":"es","@id":"http:\/\/www.sanjuandeportes.com\/wp\/#\/schema\/logo\/image\/","url":"https:\/\/www.sanjuandeportes.com\/wp\/wp-content\/uploads\/unnamed.jpg","contentUrl":"https:\/\/www.sanjuandeportes.com\/wp\/wp-content\/uploads\/unnamed.jpg","width":900,"height":900,"caption":"San Juan Deportes"},"image":{"@id":"http:\/\/www.sanjuandeportes.com\/wp\/#\/schema\/logo\/image\/"},"sameAs":["https:\/\/www.facebook.com\/sanjuandeportesok","https:\/\/x.com\/SanJuanDeportes","https:\/\/www.instagram.com\/sanjuandeportes"]},{"@type":"Person","@id":"http:\/\/www.sanjuandeportes.com\/wp\/#\/schema\/person\/eda4d8e62a5d42b111781e3cdfcb9c3a","name":"Pablo Pujado","image":{"@type":"ImageObject","inLanguage":"es","@id":"https:\/\/secure.gravatar.com\/avatar\/310b69d28112912c333408a462a9837208de951b1e7c11514781740412f648b1?s=96&d=mm&r=g","url":"https:\/\/secure.gravatar.com\/avatar\/310b69d28112912c333408a462a9837208de951b1e7c11514781740412f648b1?s=96&d=mm&r=g","contentUrl":"https:\/\/secure.gravatar.com\/avatar\/310b69d28112912c333408a462a9837208de951b1e7c11514781740412f648b1?s=96&d=mm&r=g","caption":"Pablo Pujado"},"url":"http:\/\/www.sanjuandeportes.com\/wp\/author\/pablo-pujado\/"}]}},"_links":{"self":[{"href":"http:\/\/www.sanjuandeportes.com\/wp\/wp-json\/wp\/v2\/posts\/10103","targetHints":{"allow":["GET"]}}],"collection":[{"href":"http:\/\/www.sanjuandeportes.com\/wp\/wp-json\/wp\/v2\/posts"}],"about":[{"href":"http:\/\/www.sanjuandeportes.com\/wp\/wp-json\/wp\/v2\/types\/post"}],"author":[{"embeddable":true,"href":"http:\/\/www.sanjuandeportes.com\/wp\/wp-json\/wp\/v2\/users\/5"}],"replies":[{"embeddable":true,"href":"http:\/\/www.sanjuandeportes.com\/wp\/wp-json\/wp\/v2\/comments?post=10103"}],"version-history":[{"count":1,"href":"http:\/\/www.sanjuandeportes.com\/wp\/wp-json\/wp\/v2\/posts\/10103\/revisions"}],"predecessor-version":[{"id":10104,"href":"http:\/\/www.sanjuandeportes.com\/wp\/wp-json\/wp\/v2\/posts\/10103\/revisions\/10104"}],"wp:featuredmedia":[{"embeddable":true,"href":"http:\/\/www.sanjuandeportes.com\/wp\/wp-json\/wp\/v2\/media\/10105"}],"wp:attachment":[{"href":"http:\/\/www.sanjuandeportes.com\/wp\/wp-json\/wp\/v2\/media?parent=10103"}],"wp:term":[{"taxonomy":"category","embeddable":true,"href":"http:\/\/www.sanjuandeportes.com\/wp\/wp-json\/wp\/v2\/categories?post=10103"},{"taxonomy":"post_tag","embeddable":true,"href":"http:\/\/www.sanjuandeportes.com\/wp\/wp-json\/wp\/v2\/tags?post=10103"}],"curies":[{"name":"wp","href":"https:\/\/api.w.org\/{rel}","templated":true}]}}