{"id":10325,"date":"2020-08-05T00:02:46","date_gmt":"2020-08-05T00:02:46","guid":{"rendered":"http:\/\/www.sanjuandeportes.com\/wp\/?p=10325"},"modified":"2020-08-05T00:02:46","modified_gmt":"2020-08-05T00:02:46","slug":"covid-19-segundo-dia-consecutivo-sin-nuevos-casos-en-san-juan","status":"publish","type":"post","link":"http:\/\/www.sanjuandeportes.com\/wp\/2020\/08\/05\/covid-19-segundo-dia-consecutivo-sin-nuevos-casos-en-san-juan\/","title":{"rendered":"Covid-19: Segundo d\u00eda consecutivo sin nuevos casos en San Juan"},"content":{"rendered":"<p>El Ministerio de Salud P\u00fablica, a trav\u00e9s de la Divisi\u00f3n Epidemiolog\u00eda y de la Divisi\u00f3n Bioqu\u00edmica, inform\u00f3\u00a0los n\u00fameros oficiales de casos por coronavirus en San Juan.<\/p>\n<p>En el parte se puede observar que, al momento, son diez los casos sospechosos que aguardan resultado del \u00e1rea de Virolog\u00eda del Hospital Rawson.<\/p>\n<p>Al momento, la provincia mantiene el mejor estatus sanitario del pa\u00eds\u00a0con 22 casos confirmados, de los cuales s\u00f3lo seis permanecen activos.<\/p>\n<p>Los n\u00fameros\u00a0son los siguientes:<\/p>\n<ul>\n<li>Nuevos casos: 0<\/li>\n<li>Total confirmados: 22<\/li>\n<li>Pacientes con proceso infeccioso: 6<\/li>\n<li>Recuperados: 16<\/li>\n<li>Sospechosos: 10<\/li>\n<li>Test negativos: 236<\/li>\n<li>En cuarentena: 411<\/li>\n<li>Cuarentena cumplida: 5879<\/li>\n<\/ul>\n","protected":false},"excerpt":{"rendered":"<p>El Ministerio de Salud P\u00fablica, a trav\u00e9s de la Divisi\u00f3n Epidemiolog\u00eda y de la Divisi\u00f3n Bioqu\u00edmica, inform\u00f3\u00a0los n\u00fameros oficiales de casos por coronavirus en San Juan. En el parte se puede observar que, al momento, son diez los casos sospechosos que aguardan resultado del \u00e1rea de Virolog\u00eda del Hospital Rawson. Al momento, la provincia mantiene [&hellip;]<\/p>\n","protected":false},"author":5,"featured_media":10326,"comment_status":"open","ping_status":"open","sticky":false,"template":"","format":"standard","meta":{"footnotes":""},"categories":[178],"tags":[1175,1202,1203,84],"class_list":["post-10325","post","type-post","status-publish","format-standard","has-post-thumbnail","hentry","category-san-juan","tag-coronavirus","tag-covid-19","tag-pandemia","tag-san-juan"],"yoast_head":"<!-- This site is optimized with the Yoast SEO plugin v28.2 - https:\/\/yoast.com\/product\/yoast-seo-wordpress\/ -->\n<title>Covid-19: Segundo d\u00eda consecutivo sin nuevos casos en San Juan - San Juan Deportes<\/title>\n<meta name=\"robots\" content=\"index, follow, max-snippet:-1, max-image-preview:large, max-video-preview:-1\" \/>\n<link rel=\"canonical\" href=\"http:\/\/www.sanjuandeportes.com\/wp\/2020\/08\/05\/covid-19-segundo-dia-consecutivo-sin-nuevos-casos-en-san-juan\/\" \/>\n<meta property=\"og:locale\" content=\"es_ES\" \/>\n<meta property=\"og:type\" content=\"article\" \/>\n<meta property=\"og:title\" content=\"Covid-19: Segundo d\u00eda consecutivo sin nuevos casos en San Juan - San Juan Deportes\" \/>\n<meta property=\"og:description\" content=\"El Ministerio de Salud P\u00fablica, a trav\u00e9s de la Divisi\u00f3n Epidemiolog\u00eda y de la Divisi\u00f3n Bioqu\u00edmica, inform\u00f3\u00a0los n\u00fameros oficiales de casos por coronavirus en San Juan. En el parte se puede observar que, al momento, son diez los casos sospechosos que aguardan resultado del \u00e1rea de Virolog\u00eda del Hospital Rawson. Al momento, la provincia mantiene [&hellip;]\" \/>\n<meta property=\"og:url\" content=\"http:\/\/www.sanjuandeportes.com\/wp\/2020\/08\/05\/covid-19-segundo-dia-consecutivo-sin-nuevos-casos-en-san-juan\/\" \/>\n<meta property=\"og:site_name\" content=\"San Juan Deportes\" \/>\n<meta property=\"article:publisher\" content=\"https:\/\/www.facebook.com\/sanjuandeportesok\" \/>\n<meta property=\"article:published_time\" content=\"2020-08-05T00:02:46+00:00\" \/>\n<meta property=\"og:image\" content=\"http:\/\/www.sanjuandeportes.com\/wp\/wp-content\/uploads\/2020\/08\/isopado-san-juan.jpg\" \/>\n\t<meta property=\"og:image:width\" content=\"1024\" \/>\n\t<meta property=\"og:image:height\" content=\"672\" \/>\n\t<meta property=\"og:image:type\" content=\"image\/jpeg\" \/>\n<meta name=\"author\" content=\"Pablo Pujado\" \/>\n<meta name=\"twitter:card\" content=\"summary_large_image\" \/>\n<meta name=\"twitter:creator\" content=\"@SanJuanDeportes\" \/>\n<meta name=\"twitter:site\" content=\"@SanJuanDeportes\" \/>\n<meta name=\"twitter:label1\" content=\"Escrito por\" \/>\n\t<meta name=\"twitter:data1\" content=\"Pablo Pujado\" \/>\n\t<meta name=\"twitter:label2\" content=\"Tiempo de lectura\" \/>\n\t<meta name=\"twitter:data2\" content=\"1 minuto\" \/>\n<script type=\"application\/ld+json\" class=\"yoast-schema-graph\">{\"@context\":\"https:\\\/\\\/schema.org\",\"@graph\":[{\"@type\":\"Article\",\"@id\":\"http:\\\/\\\/www.sanjuandeportes.com\\\/wp\\\/2020\\\/08\\\/05\\\/covid-19-segundo-dia-consecutivo-sin-nuevos-casos-en-san-juan\\\/#article\",\"isPartOf\":{\"@id\":\"http:\\\/\\\/www.sanjuandeportes.com\\\/wp\\\/2020\\\/08\\\/05\\\/covid-19-segundo-dia-consecutivo-sin-nuevos-casos-en-san-juan\\\/\"},\"author\":{\"name\":\"Pablo Pujado\",\"@id\":\"http:\\\/\\\/www.sanjuandeportes.com\\\/wp\\\/#\\\/schema\\\/person\\\/eda4d8e62a5d42b111781e3cdfcb9c3a\"},\"headline\":\"Covid-19: Segundo d\u00eda consecutivo sin nuevos casos en San Juan\",\"datePublished\":\"2020-08-05T00:02:46+00:00\",\"mainEntityOfPage\":{\"@id\":\"http:\\\/\\\/www.sanjuandeportes.com\\\/wp\\\/2020\\\/08\\\/05\\\/covid-19-segundo-dia-consecutivo-sin-nuevos-casos-en-san-juan\\\/\"},\"wordCount\":115,\"commentCount\":0,\"publisher\":{\"@id\":\"http:\\\/\\\/www.sanjuandeportes.com\\\/wp\\\/#organization\"},\"image\":{\"@id\":\"http:\\\/\\\/www.sanjuandeportes.com\\\/wp\\\/2020\\\/08\\\/05\\\/covid-19-segundo-dia-consecutivo-sin-nuevos-casos-en-san-juan\\\/#primaryimage\"},\"thumbnailUrl\":\"http:\\\/\\\/www.sanjuandeportes.com\\\/wp\\\/wp-content\\\/uploads\\\/2020\\\/08\\\/isopado-san-juan.jpg\",\"keywords\":[\"coronavirus\",\"COVID 19\",\"PANDEMIA\",\"San Juan\"],\"articleSection\":[\"San Juan\"],\"inLanguage\":\"es\",\"potentialAction\":[{\"@type\":\"CommentAction\",\"name\":\"Comment\",\"target\":[\"http:\\\/\\\/www.sanjuandeportes.com\\\/wp\\\/2020\\\/08\\\/05\\\/covid-19-segundo-dia-consecutivo-sin-nuevos-casos-en-san-juan\\\/#respond\"]}]},{\"@type\":\"WebPage\",\"@id\":\"http:\\\/\\\/www.sanjuandeportes.com\\\/wp\\\/2020\\\/08\\\/05\\\/covid-19-segundo-dia-consecutivo-sin-nuevos-casos-en-san-juan\\\/\",\"url\":\"http:\\\/\\\/www.sanjuandeportes.com\\\/wp\\\/2020\\\/08\\\/05\\\/covid-19-segundo-dia-consecutivo-sin-nuevos-casos-en-san-juan\\\/\",\"name\":\"Covid-19: Segundo d\u00eda consecutivo sin nuevos casos en San Juan - San Juan Deportes\",\"isPartOf\":{\"@id\":\"http:\\\/\\\/www.sanjuandeportes.com\\\/wp\\\/#website\"},\"primaryImageOfPage\":{\"@id\":\"http:\\\/\\\/www.sanjuandeportes.com\\\/wp\\\/2020\\\/08\\\/05\\\/covid-19-segundo-dia-consecutivo-sin-nuevos-casos-en-san-juan\\\/#primaryimage\"},\"image\":{\"@id\":\"http:\\\/\\\/www.sanjuandeportes.com\\\/wp\\\/2020\\\/08\\\/05\\\/covid-19-segundo-dia-consecutivo-sin-nuevos-casos-en-san-juan\\\/#primaryimage\"},\"thumbnailUrl\":\"http:\\\/\\\/www.sanjuandeportes.com\\\/wp\\\/wp-content\\\/uploads\\\/2020\\\/08\\\/isopado-san-juan.jpg\",\"datePublished\":\"2020-08-05T00:02:46+00:00\",\"breadcrumb\":{\"@id\":\"http:\\\/\\\/www.sanjuandeportes.com\\\/wp\\\/2020\\\/08\\\/05\\\/covid-19-segundo-dia-consecutivo-sin-nuevos-casos-en-san-juan\\\/#breadcrumb\"},\"inLanguage\":\"es\",\"potentialAction\":[{\"@type\":\"ReadAction\",\"target\":[\"http:\\\/\\\/www.sanjuandeportes.com\\\/wp\\\/2020\\\/08\\\/05\\\/covid-19-segundo-dia-consecutivo-sin-nuevos-casos-en-san-juan\\\/\"]}]},{\"@type\":\"ImageObject\",\"inLanguage\":\"es\",\"@id\":\"http:\\\/\\\/www.sanjuandeportes.com\\\/wp\\\/2020\\\/08\\\/05\\\/covid-19-segundo-dia-consecutivo-sin-nuevos-casos-en-san-juan\\\/#primaryimage\",\"url\":\"http:\\\/\\\/www.sanjuandeportes.com\\\/wp\\\/wp-content\\\/uploads\\\/2020\\\/08\\\/isopado-san-juan.jpg\",\"contentUrl\":\"http:\\\/\\\/www.sanjuandeportes.com\\\/wp\\\/wp-content\\\/uploads\\\/2020\\\/08\\\/isopado-san-juan.jpg\",\"width\":1024,\"height\":672},{\"@type\":\"BreadcrumbList\",\"@id\":\"http:\\\/\\\/www.sanjuandeportes.com\\\/wp\\\/2020\\\/08\\\/05\\\/covid-19-segundo-dia-consecutivo-sin-nuevos-casos-en-san-juan\\\/#breadcrumb\",\"itemListElement\":[{\"@type\":\"ListItem\",\"position\":1,\"name\":\"Portada\",\"item\":\"http:\\\/\\\/www.sanjuandeportes.com\\\/wp\\\/\"},{\"@type\":\"ListItem\",\"position\":2,\"name\":\"Covid-19: Segundo d\u00eda consecutivo sin nuevos casos en San Juan\"}]},{\"@type\":\"WebSite\",\"@id\":\"http:\\\/\\\/www.sanjuandeportes.com\\\/wp\\\/#website\",\"url\":\"http:\\\/\\\/www.sanjuandeportes.com\\\/wp\\\/\",\"name\":\"San Juan Deportes\",\"description\":\"El sitio de deportes de la provincia de San Juan\",\"publisher\":{\"@id\":\"http:\\\/\\\/www.sanjuandeportes.com\\\/wp\\\/#organization\"},\"potentialAction\":[{\"@type\":\"SearchAction\",\"target\":{\"@type\":\"EntryPoint\",\"urlTemplate\":\"http:\\\/\\\/www.sanjuandeportes.com\\\/wp\\\/?s={search_term_string}\"},\"query-input\":{\"@type\":\"PropertyValueSpecification\",\"valueRequired\":true,\"valueName\":\"search_term_string\"}}],\"inLanguage\":\"es\"},{\"@type\":\"Organization\",\"@id\":\"http:\\\/\\\/www.sanjuandeportes.com\\\/wp\\\/#organization\",\"name\":\"San Juan Deportes\",\"url\":\"http:\\\/\\\/www.sanjuandeportes.com\\\/wp\\\/\",\"logo\":{\"@type\":\"ImageObject\",\"inLanguage\":\"es\",\"@id\":\"http:\\\/\\\/www.sanjuandeportes.com\\\/wp\\\/#\\\/schema\\\/logo\\\/image\\\/\",\"url\":\"https:\\\/\\\/www.sanjuandeportes.com\\\/wp\\\/wp-content\\\/uploads\\\/unnamed.jpg\",\"contentUrl\":\"https:\\\/\\\/www.sanjuandeportes.com\\\/wp\\\/wp-content\\\/uploads\\\/unnamed.jpg\",\"width\":900,\"height\":900,\"caption\":\"San Juan Deportes\"},\"image\":{\"@id\":\"http:\\\/\\\/www.sanjuandeportes.com\\\/wp\\\/#\\\/schema\\\/logo\\\/image\\\/\"},\"sameAs\":[\"https:\\\/\\\/www.facebook.com\\\/sanjuandeportesok\",\"https:\\\/\\\/x.com\\\/SanJuanDeportes\",\"https:\\\/\\\/www.instagram.com\\\/sanjuandeportes\"]},{\"@type\":\"Person\",\"@id\":\"http:\\\/\\\/www.sanjuandeportes.com\\\/wp\\\/#\\\/schema\\\/person\\\/eda4d8e62a5d42b111781e3cdfcb9c3a\",\"name\":\"Pablo Pujado\",\"image\":{\"@type\":\"ImageObject\",\"inLanguage\":\"es\",\"@id\":\"https:\\\/\\\/secure.gravatar.com\\\/avatar\\\/310b69d28112912c333408a462a9837208de951b1e7c11514781740412f648b1?s=96&d=mm&r=g\",\"url\":\"https:\\\/\\\/secure.gravatar.com\\\/avatar\\\/310b69d28112912c333408a462a9837208de951b1e7c11514781740412f648b1?s=96&d=mm&r=g\",\"contentUrl\":\"https:\\\/\\\/secure.gravatar.com\\\/avatar\\\/310b69d28112912c333408a462a9837208de951b1e7c11514781740412f648b1?s=96&d=mm&r=g\",\"caption\":\"Pablo Pujado\"},\"url\":\"http:\\\/\\\/www.sanjuandeportes.com\\\/wp\\\/author\\\/pablo-pujado\\\/\"}]}<\/script>\n<!-- \/ Yoast SEO plugin. -->","yoast_head_json":{"title":"Covid-19: Segundo d\u00eda consecutivo sin nuevos casos en San Juan - San Juan Deportes","robots":{"index":"index","follow":"follow","max-snippet":"max-snippet:-1","max-image-preview":"max-image-preview:large","max-video-preview":"max-video-preview:-1"},"canonical":"http:\/\/www.sanjuandeportes.com\/wp\/2020\/08\/05\/covid-19-segundo-dia-consecutivo-sin-nuevos-casos-en-san-juan\/","og_locale":"es_ES","og_type":"article","og_title":"Covid-19: Segundo d\u00eda consecutivo sin nuevos casos en San Juan - San Juan Deportes","og_description":"El Ministerio de Salud P\u00fablica, a trav\u00e9s de la Divisi\u00f3n Epidemiolog\u00eda y de la Divisi\u00f3n Bioqu\u00edmica, inform\u00f3\u00a0los n\u00fameros oficiales de casos por coronavirus en San Juan. En el parte se puede observar que, al momento, son diez los casos sospechosos que aguardan resultado del \u00e1rea de Virolog\u00eda del Hospital Rawson. Al momento, la provincia mantiene [&hellip;]","og_url":"http:\/\/www.sanjuandeportes.com\/wp\/2020\/08\/05\/covid-19-segundo-dia-consecutivo-sin-nuevos-casos-en-san-juan\/","og_site_name":"San Juan Deportes","article_publisher":"https:\/\/www.facebook.com\/sanjuandeportesok","article_published_time":"2020-08-05T00:02:46+00:00","og_image":[{"width":1024,"height":672,"url":"http:\/\/www.sanjuandeportes.com\/wp\/wp-content\/uploads\/2020\/08\/isopado-san-juan.jpg","type":"image\/jpeg"}],"author":"Pablo Pujado","twitter_card":"summary_large_image","twitter_creator":"@SanJuanDeportes","twitter_site":"@SanJuanDeportes","twitter_misc":{"Escrito por":"Pablo Pujado","Tiempo de lectura":"1 minuto"},"schema":{"@context":"https:\/\/schema.org","@graph":[{"@type":"Article","@id":"http:\/\/www.sanjuandeportes.com\/wp\/2020\/08\/05\/covid-19-segundo-dia-consecutivo-sin-nuevos-casos-en-san-juan\/#article","isPartOf":{"@id":"http:\/\/www.sanjuandeportes.com\/wp\/2020\/08\/05\/covid-19-segundo-dia-consecutivo-sin-nuevos-casos-en-san-juan\/"},"author":{"name":"Pablo Pujado","@id":"http:\/\/www.sanjuandeportes.com\/wp\/#\/schema\/person\/eda4d8e62a5d42b111781e3cdfcb9c3a"},"headline":"Covid-19: Segundo d\u00eda consecutivo sin nuevos casos en San Juan","datePublished":"2020-08-05T00:02:46+00:00","mainEntityOfPage":{"@id":"http:\/\/www.sanjuandeportes.com\/wp\/2020\/08\/05\/covid-19-segundo-dia-consecutivo-sin-nuevos-casos-en-san-juan\/"},"wordCount":115,"commentCount":0,"publisher":{"@id":"http:\/\/www.sanjuandeportes.com\/wp\/#organization"},"image":{"@id":"http:\/\/www.sanjuandeportes.com\/wp\/2020\/08\/05\/covid-19-segundo-dia-consecutivo-sin-nuevos-casos-en-san-juan\/#primaryimage"},"thumbnailUrl":"http:\/\/www.sanjuandeportes.com\/wp\/wp-content\/uploads\/2020\/08\/isopado-san-juan.jpg","keywords":["coronavirus","COVID 19","PANDEMIA","San Juan"],"articleSection":["San Juan"],"inLanguage":"es","potentialAction":[{"@type":"CommentAction","name":"Comment","target":["http:\/\/www.sanjuandeportes.com\/wp\/2020\/08\/05\/covid-19-segundo-dia-consecutivo-sin-nuevos-casos-en-san-juan\/#respond"]}]},{"@type":"WebPage","@id":"http:\/\/www.sanjuandeportes.com\/wp\/2020\/08\/05\/covid-19-segundo-dia-consecutivo-sin-nuevos-casos-en-san-juan\/","url":"http:\/\/www.sanjuandeportes.com\/wp\/2020\/08\/05\/covid-19-segundo-dia-consecutivo-sin-nuevos-casos-en-san-juan\/","name":"Covid-19: Segundo d\u00eda consecutivo sin nuevos casos en San Juan - San Juan Deportes","isPartOf":{"@id":"http:\/\/www.sanjuandeportes.com\/wp\/#website"},"primaryImageOfPage":{"@id":"http:\/\/www.sanjuandeportes.com\/wp\/2020\/08\/05\/covid-19-segundo-dia-consecutivo-sin-nuevos-casos-en-san-juan\/#primaryimage"},"image":{"@id":"http:\/\/www.sanjuandeportes.com\/wp\/2020\/08\/05\/covid-19-segundo-dia-consecutivo-sin-nuevos-casos-en-san-juan\/#primaryimage"},"thumbnailUrl":"http:\/\/www.sanjuandeportes.com\/wp\/wp-content\/uploads\/2020\/08\/isopado-san-juan.jpg","datePublished":"2020-08-05T00:02:46+00:00","breadcrumb":{"@id":"http:\/\/www.sanjuandeportes.com\/wp\/2020\/08\/05\/covid-19-segundo-dia-consecutivo-sin-nuevos-casos-en-san-juan\/#breadcrumb"},"inLanguage":"es","potentialAction":[{"@type":"ReadAction","target":["http:\/\/www.sanjuandeportes.com\/wp\/2020\/08\/05\/covid-19-segundo-dia-consecutivo-sin-nuevos-casos-en-san-juan\/"]}]},{"@type":"ImageObject","inLanguage":"es","@id":"http:\/\/www.sanjuandeportes.com\/wp\/2020\/08\/05\/covid-19-segundo-dia-consecutivo-sin-nuevos-casos-en-san-juan\/#primaryimage","url":"http:\/\/www.sanjuandeportes.com\/wp\/wp-content\/uploads\/2020\/08\/isopado-san-juan.jpg","contentUrl":"http:\/\/www.sanjuandeportes.com\/wp\/wp-content\/uploads\/2020\/08\/isopado-san-juan.jpg","width":1024,"height":672},{"@type":"BreadcrumbList","@id":"http:\/\/www.sanjuandeportes.com\/wp\/2020\/08\/05\/covid-19-segundo-dia-consecutivo-sin-nuevos-casos-en-san-juan\/#breadcrumb","itemListElement":[{"@type":"ListItem","position":1,"name":"Portada","item":"http:\/\/www.sanjuandeportes.com\/wp\/"},{"@type":"ListItem","position":2,"name":"Covid-19: Segundo d\u00eda consecutivo sin nuevos casos en San Juan"}]},{"@type":"WebSite","@id":"http:\/\/www.sanjuandeportes.com\/wp\/#website","url":"http:\/\/www.sanjuandeportes.com\/wp\/","name":"San Juan Deportes","description":"El sitio de deportes de la provincia de San Juan","publisher":{"@id":"http:\/\/www.sanjuandeportes.com\/wp\/#organization"},"potentialAction":[{"@type":"SearchAction","target":{"@type":"EntryPoint","urlTemplate":"http:\/\/www.sanjuandeportes.com\/wp\/?s={search_term_string}"},"query-input":{"@type":"PropertyValueSpecification","valueRequired":true,"valueName":"search_term_string"}}],"inLanguage":"es"},{"@type":"Organization","@id":"http:\/\/www.sanjuandeportes.com\/wp\/#organization","name":"San Juan Deportes","url":"http:\/\/www.sanjuandeportes.com\/wp\/","logo":{"@type":"ImageObject","inLanguage":"es","@id":"http:\/\/www.sanjuandeportes.com\/wp\/#\/schema\/logo\/image\/","url":"https:\/\/www.sanjuandeportes.com\/wp\/wp-content\/uploads\/unnamed.jpg","contentUrl":"https:\/\/www.sanjuandeportes.com\/wp\/wp-content\/uploads\/unnamed.jpg","width":900,"height":900,"caption":"San Juan Deportes"},"image":{"@id":"http:\/\/www.sanjuandeportes.com\/wp\/#\/schema\/logo\/image\/"},"sameAs":["https:\/\/www.facebook.com\/sanjuandeportesok","https:\/\/x.com\/SanJuanDeportes","https:\/\/www.instagram.com\/sanjuandeportes"]},{"@type":"Person","@id":"http:\/\/www.sanjuandeportes.com\/wp\/#\/schema\/person\/eda4d8e62a5d42b111781e3cdfcb9c3a","name":"Pablo Pujado","image":{"@type":"ImageObject","inLanguage":"es","@id":"https:\/\/secure.gravatar.com\/avatar\/310b69d28112912c333408a462a9837208de951b1e7c11514781740412f648b1?s=96&d=mm&r=g","url":"https:\/\/secure.gravatar.com\/avatar\/310b69d28112912c333408a462a9837208de951b1e7c11514781740412f648b1?s=96&d=mm&r=g","contentUrl":"https:\/\/secure.gravatar.com\/avatar\/310b69d28112912c333408a462a9837208de951b1e7c11514781740412f648b1?s=96&d=mm&r=g","caption":"Pablo Pujado"},"url":"http:\/\/www.sanjuandeportes.com\/wp\/author\/pablo-pujado\/"}]}},"_links":{"self":[{"href":"http:\/\/www.sanjuandeportes.com\/wp\/wp-json\/wp\/v2\/posts\/10325","targetHints":{"allow":["GET"]}}],"collection":[{"href":"http:\/\/www.sanjuandeportes.com\/wp\/wp-json\/wp\/v2\/posts"}],"about":[{"href":"http:\/\/www.sanjuandeportes.com\/wp\/wp-json\/wp\/v2\/types\/post"}],"author":[{"embeddable":true,"href":"http:\/\/www.sanjuandeportes.com\/wp\/wp-json\/wp\/v2\/users\/5"}],"replies":[{"embeddable":true,"href":"http:\/\/www.sanjuandeportes.com\/wp\/wp-json\/wp\/v2\/comments?post=10325"}],"version-history":[{"count":1,"href":"http:\/\/www.sanjuandeportes.com\/wp\/wp-json\/wp\/v2\/posts\/10325\/revisions"}],"predecessor-version":[{"id":10327,"href":"http:\/\/www.sanjuandeportes.com\/wp\/wp-json\/wp\/v2\/posts\/10325\/revisions\/10327"}],"wp:featuredmedia":[{"embeddable":true,"href":"http:\/\/www.sanjuandeportes.com\/wp\/wp-json\/wp\/v2\/media\/10326"}],"wp:attachment":[{"href":"http:\/\/www.sanjuandeportes.com\/wp\/wp-json\/wp\/v2\/media?parent=10325"}],"wp:term":[{"taxonomy":"category","embeddable":true,"href":"http:\/\/www.sanjuandeportes.com\/wp\/wp-json\/wp\/v2\/categories?post=10325"},{"taxonomy":"post_tag","embeddable":true,"href":"http:\/\/www.sanjuandeportes.com\/wp\/wp-json\/wp\/v2\/tags?post=10325"}],"curies":[{"name":"wp","href":"https:\/\/api.w.org\/{rel}","templated":true}]}}