{"id":10454,"date":"2020-08-21T21:36:48","date_gmt":"2020-08-21T21:36:48","guid":{"rendered":"http:\/\/www.sanjuandeportes.com\/wp\/?p=10454"},"modified":"2020-08-21T21:36:48","modified_gmt":"2020-08-21T21:36:48","slug":"bruno-rodriguez-deja-desamparados-y-jugara-en-el-verdinegro","status":"publish","type":"post","link":"http:\/\/www.sanjuandeportes.com\/wp\/2020\/08\/21\/bruno-rodriguez-deja-desamparados-y-jugara-en-el-verdinegro\/","title":{"rendered":"Bruno Rodr\u00edguez deja Desamparados y jugar\u00e1 en el Verdinegro"},"content":{"rendered":"<p><em><strong>Jug\u00f3 en la pasada temporada el Federal A para el Puyutano y se convirti\u00f3 en el goleador del equipo de V\u00edctor Godoy.\u00a0<\/strong><\/em><\/p>\n<p>El atacante Bruno Rodr\u00edguez cambia deja Desamparados y se va a San Mart\u00edn. Las buenas noticias comienzan a llegar al Santo, despu\u00e9s de un \u00e9xodo masivo de jugadores.<\/p>\n<p>Uno de los pedidos del entrenador Paulo Ferrari era fortalecer la parte ofensiva, el punto m\u00e1s flojo del \u00faltimo torneo de la Primera Nacional. Con el arribo de Rodr\u00edguez ya son dos los refuerzos, recordando que Alejandro Molina fue la primera cara nueva.<\/p>\n<p>El delantero de 30 a\u00f1os llegar\u00e1 a la provincia el pr\u00f3ximo s\u00e1bado para comenzar con la cuarentena obligatoria. Rodr\u00edguez lleg\u00f3 a San Juan en enero, cuando se incorpor\u00f3 al v\u00edbora para disputar el Torneo Federal A y fue el goleador del plantel.<\/p>\n<p><img decoding=\"async\" data-src=\"https:\/\/unidosporelfutbolsj.com\/wp-content\/uploads\/2020\/01\/82999744_2809235742452862_8911873649607180288_n.jpg\" alt=\"Federal A: Desamparados arranco 2020 con el pie derecho | Unidos ...\" src=\"data:image\/svg+xml;base64,PHN2ZyB3aWR0aD0iMSIgaGVpZ2h0PSIxIiB4bWxucz0iaHR0cDovL3d3dy53My5vcmcvMjAwMC9zdmciPjwvc3ZnPg==\" class=\"lazyload\" \/><\/p>\n","protected":false},"excerpt":{"rendered":"<p>Jug\u00f3 en la pasada temporada el Federal A para el Puyutano y se convirti\u00f3 en el goleador del equipo de V\u00edctor Godoy.\u00a0 El atacante Bruno Rodr\u00edguez cambia deja Desamparados y se va a San Mart\u00edn. Las buenas noticias comienzan a llegar al Santo, despu\u00e9s de un \u00e9xodo masivo de jugadores. Uno de los pedidos del [&hellip;]<\/p>\n","protected":false},"author":5,"featured_media":10455,"comment_status":"open","ping_status":"open","sticky":false,"template":"","format":"standard","meta":{"footnotes":""},"categories":[2,36,24,720],"tags":[38,142,734],"class_list":["post-10454","post","type-post","status-publish","format-standard","has-post-thumbnail","hentry","category-featured","category-federal-a","category-futbol","category-primera-nacional","tag-desamparados","tag-mercado-de-pases","tag-san-martin-sj"],"yoast_head":"<!-- This site is optimized with the Yoast SEO plugin v28.2 - https:\/\/yoast.com\/product\/yoast-seo-wordpress\/ -->\n<title>Bruno Rodr\u00edguez deja Desamparados y jugar\u00e1 en el Verdinegro - San Juan Deportes<\/title>\n<meta name=\"robots\" content=\"index, follow, max-snippet:-1, max-image-preview:large, max-video-preview:-1\" \/>\n<link rel=\"canonical\" href=\"https:\/\/www.sanjuandeportes.com\/wp\/2020\/08\/21\/bruno-rodriguez-deja-desamparados-y-jugara-en-el-verdinegro\/\" \/>\n<meta property=\"og:locale\" content=\"es_ES\" \/>\n<meta property=\"og:type\" content=\"article\" \/>\n<meta property=\"og:title\" content=\"Bruno Rodr\u00edguez deja Desamparados y jugar\u00e1 en el Verdinegro - San Juan Deportes\" \/>\n<meta property=\"og:description\" content=\"Jug\u00f3 en la pasada temporada el Federal A para el Puyutano y se convirti\u00f3 en el goleador del equipo de V\u00edctor Godoy.\u00a0 El atacante Bruno Rodr\u00edguez cambia deja Desamparados y se va a San Mart\u00edn. Las buenas noticias comienzan a llegar al Santo, despu\u00e9s de un \u00e9xodo masivo de jugadores. Uno de los pedidos del [&hellip;]\" \/>\n<meta property=\"og:url\" content=\"https:\/\/www.sanjuandeportes.com\/wp\/2020\/08\/21\/bruno-rodriguez-deja-desamparados-y-jugara-en-el-verdinegro\/\" \/>\n<meta property=\"og:site_name\" content=\"San Juan Deportes\" \/>\n<meta property=\"article:publisher\" content=\"https:\/\/www.facebook.com\/sanjuandeportesok\" \/>\n<meta property=\"article:published_time\" content=\"2020-08-21T21:36:48+00:00\" \/>\n<meta property=\"og:image\" content=\"https:\/\/www.sanjuandeportes.com\/wp\/wp-content\/uploads\/2020\/08\/Bruno.jpg\" \/>\n\t<meta property=\"og:image:width\" content=\"1280\" \/>\n\t<meta property=\"og:image:height\" content=\"720\" \/>\n\t<meta property=\"og:image:type\" content=\"image\/jpeg\" \/>\n<meta name=\"author\" content=\"Pablo Pujado\" \/>\n<meta name=\"twitter:card\" content=\"summary_large_image\" \/>\n<meta name=\"twitter:creator\" content=\"@SanJuanDeportes\" \/>\n<meta name=\"twitter:site\" content=\"@SanJuanDeportes\" \/>\n<meta name=\"twitter:label1\" content=\"Escrito por\" \/>\n\t<meta name=\"twitter:data1\" content=\"Pablo Pujado\" \/>\n\t<meta name=\"twitter:label2\" content=\"Tiempo de lectura\" \/>\n\t<meta name=\"twitter:data2\" content=\"1 minuto\" \/>\n<script type=\"application\/ld+json\" class=\"yoast-schema-graph\">{\"@context\":\"https:\\\/\\\/schema.org\",\"@graph\":[{\"@type\":\"Article\",\"@id\":\"https:\\\/\\\/www.sanjuandeportes.com\\\/wp\\\/2020\\\/08\\\/21\\\/bruno-rodriguez-deja-desamparados-y-jugara-en-el-verdinegro\\\/#article\",\"isPartOf\":{\"@id\":\"https:\\\/\\\/www.sanjuandeportes.com\\\/wp\\\/2020\\\/08\\\/21\\\/bruno-rodriguez-deja-desamparados-y-jugara-en-el-verdinegro\\\/\"},\"author\":{\"name\":\"Pablo Pujado\",\"@id\":\"http:\\\/\\\/www.sanjuandeportes.com\\\/wp\\\/#\\\/schema\\\/person\\\/eda4d8e62a5d42b111781e3cdfcb9c3a\"},\"headline\":\"Bruno Rodr\u00edguez deja Desamparados y jugar\u00e1 en el Verdinegro\",\"datePublished\":\"2020-08-21T21:36:48+00:00\",\"mainEntityOfPage\":{\"@id\":\"https:\\\/\\\/www.sanjuandeportes.com\\\/wp\\\/2020\\\/08\\\/21\\\/bruno-rodriguez-deja-desamparados-y-jugara-en-el-verdinegro\\\/\"},\"wordCount\":155,\"commentCount\":0,\"publisher\":{\"@id\":\"http:\\\/\\\/www.sanjuandeportes.com\\\/wp\\\/#organization\"},\"image\":{\"@id\":\"https:\\\/\\\/www.sanjuandeportes.com\\\/wp\\\/2020\\\/08\\\/21\\\/bruno-rodriguez-deja-desamparados-y-jugara-en-el-verdinegro\\\/#primaryimage\"},\"thumbnailUrl\":\"http:\\\/\\\/www.sanjuandeportes.com\\\/wp\\\/wp-content\\\/uploads\\\/2020\\\/08\\\/Bruno.jpg\",\"keywords\":[\"Desamparados\",\"Mercado de pases\",\"San Mart\u00edn SJ\"],\"articleSection\":[\"Featured\",\"Federal A\",\"Futbol\",\"Primera Nacional\"],\"inLanguage\":\"es\",\"potentialAction\":[{\"@type\":\"CommentAction\",\"name\":\"Comment\",\"target\":[\"https:\\\/\\\/www.sanjuandeportes.com\\\/wp\\\/2020\\\/08\\\/21\\\/bruno-rodriguez-deja-desamparados-y-jugara-en-el-verdinegro\\\/#respond\"]}]},{\"@type\":\"WebPage\",\"@id\":\"https:\\\/\\\/www.sanjuandeportes.com\\\/wp\\\/2020\\\/08\\\/21\\\/bruno-rodriguez-deja-desamparados-y-jugara-en-el-verdinegro\\\/\",\"url\":\"https:\\\/\\\/www.sanjuandeportes.com\\\/wp\\\/2020\\\/08\\\/21\\\/bruno-rodriguez-deja-desamparados-y-jugara-en-el-verdinegro\\\/\",\"name\":\"Bruno Rodr\u00edguez deja Desamparados y jugar\u00e1 en el Verdinegro - San Juan Deportes\",\"isPartOf\":{\"@id\":\"http:\\\/\\\/www.sanjuandeportes.com\\\/wp\\\/#website\"},\"primaryImageOfPage\":{\"@id\":\"https:\\\/\\\/www.sanjuandeportes.com\\\/wp\\\/2020\\\/08\\\/21\\\/bruno-rodriguez-deja-desamparados-y-jugara-en-el-verdinegro\\\/#primaryimage\"},\"image\":{\"@id\":\"https:\\\/\\\/www.sanjuandeportes.com\\\/wp\\\/2020\\\/08\\\/21\\\/bruno-rodriguez-deja-desamparados-y-jugara-en-el-verdinegro\\\/#primaryimage\"},\"thumbnailUrl\":\"http:\\\/\\\/www.sanjuandeportes.com\\\/wp\\\/wp-content\\\/uploads\\\/2020\\\/08\\\/Bruno.jpg\",\"datePublished\":\"2020-08-21T21:36:48+00:00\",\"breadcrumb\":{\"@id\":\"https:\\\/\\\/www.sanjuandeportes.com\\\/wp\\\/2020\\\/08\\\/21\\\/bruno-rodriguez-deja-desamparados-y-jugara-en-el-verdinegro\\\/#breadcrumb\"},\"inLanguage\":\"es\",\"potentialAction\":[{\"@type\":\"ReadAction\",\"target\":[\"https:\\\/\\\/www.sanjuandeportes.com\\\/wp\\\/2020\\\/08\\\/21\\\/bruno-rodriguez-deja-desamparados-y-jugara-en-el-verdinegro\\\/\"]}]},{\"@type\":\"ImageObject\",\"inLanguage\":\"es\",\"@id\":\"https:\\\/\\\/www.sanjuandeportes.com\\\/wp\\\/2020\\\/08\\\/21\\\/bruno-rodriguez-deja-desamparados-y-jugara-en-el-verdinegro\\\/#primaryimage\",\"url\":\"http:\\\/\\\/www.sanjuandeportes.com\\\/wp\\\/wp-content\\\/uploads\\\/2020\\\/08\\\/Bruno.jpg\",\"contentUrl\":\"http:\\\/\\\/www.sanjuandeportes.com\\\/wp\\\/wp-content\\\/uploads\\\/2020\\\/08\\\/Bruno.jpg\",\"width\":1280,\"height\":720},{\"@type\":\"BreadcrumbList\",\"@id\":\"https:\\\/\\\/www.sanjuandeportes.com\\\/wp\\\/2020\\\/08\\\/21\\\/bruno-rodriguez-deja-desamparados-y-jugara-en-el-verdinegro\\\/#breadcrumb\",\"itemListElement\":[{\"@type\":\"ListItem\",\"position\":1,\"name\":\"Portada\",\"item\":\"http:\\\/\\\/www.sanjuandeportes.com\\\/wp\\\/\"},{\"@type\":\"ListItem\",\"position\":2,\"name\":\"Bruno Rodr\u00edguez deja Desamparados y jugar\u00e1 en el Verdinegro\"}]},{\"@type\":\"WebSite\",\"@id\":\"http:\\\/\\\/www.sanjuandeportes.com\\\/wp\\\/#website\",\"url\":\"http:\\\/\\\/www.sanjuandeportes.com\\\/wp\\\/\",\"name\":\"San Juan Deportes\",\"description\":\"El sitio de deportes de la provincia de San Juan\",\"publisher\":{\"@id\":\"http:\\\/\\\/www.sanjuandeportes.com\\\/wp\\\/#organization\"},\"potentialAction\":[{\"@type\":\"SearchAction\",\"target\":{\"@type\":\"EntryPoint\",\"urlTemplate\":\"http:\\\/\\\/www.sanjuandeportes.com\\\/wp\\\/?s={search_term_string}\"},\"query-input\":{\"@type\":\"PropertyValueSpecification\",\"valueRequired\":true,\"valueName\":\"search_term_string\"}}],\"inLanguage\":\"es\"},{\"@type\":\"Organization\",\"@id\":\"http:\\\/\\\/www.sanjuandeportes.com\\\/wp\\\/#organization\",\"name\":\"San Juan Deportes\",\"url\":\"http:\\\/\\\/www.sanjuandeportes.com\\\/wp\\\/\",\"logo\":{\"@type\":\"ImageObject\",\"inLanguage\":\"es\",\"@id\":\"http:\\\/\\\/www.sanjuandeportes.com\\\/wp\\\/#\\\/schema\\\/logo\\\/image\\\/\",\"url\":\"https:\\\/\\\/www.sanjuandeportes.com\\\/wp\\\/wp-content\\\/uploads\\\/unnamed.jpg\",\"contentUrl\":\"https:\\\/\\\/www.sanjuandeportes.com\\\/wp\\\/wp-content\\\/uploads\\\/unnamed.jpg\",\"width\":900,\"height\":900,\"caption\":\"San Juan Deportes\"},\"image\":{\"@id\":\"http:\\\/\\\/www.sanjuandeportes.com\\\/wp\\\/#\\\/schema\\\/logo\\\/image\\\/\"},\"sameAs\":[\"https:\\\/\\\/www.facebook.com\\\/sanjuandeportesok\",\"https:\\\/\\\/x.com\\\/SanJuanDeportes\",\"https:\\\/\\\/www.instagram.com\\\/sanjuandeportes\"]},{\"@type\":\"Person\",\"@id\":\"http:\\\/\\\/www.sanjuandeportes.com\\\/wp\\\/#\\\/schema\\\/person\\\/eda4d8e62a5d42b111781e3cdfcb9c3a\",\"name\":\"Pablo Pujado\",\"image\":{\"@type\":\"ImageObject\",\"inLanguage\":\"es\",\"@id\":\"https:\\\/\\\/secure.gravatar.com\\\/avatar\\\/310b69d28112912c333408a462a9837208de951b1e7c11514781740412f648b1?s=96&d=mm&r=g\",\"url\":\"https:\\\/\\\/secure.gravatar.com\\\/avatar\\\/310b69d28112912c333408a462a9837208de951b1e7c11514781740412f648b1?s=96&d=mm&r=g\",\"contentUrl\":\"https:\\\/\\\/secure.gravatar.com\\\/avatar\\\/310b69d28112912c333408a462a9837208de951b1e7c11514781740412f648b1?s=96&d=mm&r=g\",\"caption\":\"Pablo Pujado\"},\"url\":\"http:\\\/\\\/www.sanjuandeportes.com\\\/wp\\\/author\\\/pablo-pujado\\\/\"}]}<\/script>\n<!-- \/ Yoast SEO plugin. -->","yoast_head_json":{"title":"Bruno Rodr\u00edguez deja Desamparados y jugar\u00e1 en el Verdinegro - San Juan Deportes","robots":{"index":"index","follow":"follow","max-snippet":"max-snippet:-1","max-image-preview":"max-image-preview:large","max-video-preview":"max-video-preview:-1"},"canonical":"https:\/\/www.sanjuandeportes.com\/wp\/2020\/08\/21\/bruno-rodriguez-deja-desamparados-y-jugara-en-el-verdinegro\/","og_locale":"es_ES","og_type":"article","og_title":"Bruno Rodr\u00edguez deja Desamparados y jugar\u00e1 en el Verdinegro - San Juan Deportes","og_description":"Jug\u00f3 en la pasada temporada el Federal A para el Puyutano y se convirti\u00f3 en el goleador del equipo de V\u00edctor Godoy.\u00a0 El atacante Bruno Rodr\u00edguez cambia deja Desamparados y se va a San Mart\u00edn. Las buenas noticias comienzan a llegar al Santo, despu\u00e9s de un \u00e9xodo masivo de jugadores. Uno de los pedidos del [&hellip;]","og_url":"https:\/\/www.sanjuandeportes.com\/wp\/2020\/08\/21\/bruno-rodriguez-deja-desamparados-y-jugara-en-el-verdinegro\/","og_site_name":"San Juan Deportes","article_publisher":"https:\/\/www.facebook.com\/sanjuandeportesok","article_published_time":"2020-08-21T21:36:48+00:00","og_image":[{"width":1280,"height":720,"url":"https:\/\/www.sanjuandeportes.com\/wp\/wp-content\/uploads\/2020\/08\/Bruno.jpg","type":"image\/jpeg"}],"author":"Pablo Pujado","twitter_card":"summary_large_image","twitter_creator":"@SanJuanDeportes","twitter_site":"@SanJuanDeportes","twitter_misc":{"Escrito por":"Pablo Pujado","Tiempo de lectura":"1 minuto"},"schema":{"@context":"https:\/\/schema.org","@graph":[{"@type":"Article","@id":"https:\/\/www.sanjuandeportes.com\/wp\/2020\/08\/21\/bruno-rodriguez-deja-desamparados-y-jugara-en-el-verdinegro\/#article","isPartOf":{"@id":"https:\/\/www.sanjuandeportes.com\/wp\/2020\/08\/21\/bruno-rodriguez-deja-desamparados-y-jugara-en-el-verdinegro\/"},"author":{"name":"Pablo Pujado","@id":"http:\/\/www.sanjuandeportes.com\/wp\/#\/schema\/person\/eda4d8e62a5d42b111781e3cdfcb9c3a"},"headline":"Bruno Rodr\u00edguez deja Desamparados y jugar\u00e1 en el Verdinegro","datePublished":"2020-08-21T21:36:48+00:00","mainEntityOfPage":{"@id":"https:\/\/www.sanjuandeportes.com\/wp\/2020\/08\/21\/bruno-rodriguez-deja-desamparados-y-jugara-en-el-verdinegro\/"},"wordCount":155,"commentCount":0,"publisher":{"@id":"http:\/\/www.sanjuandeportes.com\/wp\/#organization"},"image":{"@id":"https:\/\/www.sanjuandeportes.com\/wp\/2020\/08\/21\/bruno-rodriguez-deja-desamparados-y-jugara-en-el-verdinegro\/#primaryimage"},"thumbnailUrl":"http:\/\/www.sanjuandeportes.com\/wp\/wp-content\/uploads\/2020\/08\/Bruno.jpg","keywords":["Desamparados","Mercado de pases","San Mart\u00edn SJ"],"articleSection":["Featured","Federal A","Futbol","Primera Nacional"],"inLanguage":"es","potentialAction":[{"@type":"CommentAction","name":"Comment","target":["https:\/\/www.sanjuandeportes.com\/wp\/2020\/08\/21\/bruno-rodriguez-deja-desamparados-y-jugara-en-el-verdinegro\/#respond"]}]},{"@type":"WebPage","@id":"https:\/\/www.sanjuandeportes.com\/wp\/2020\/08\/21\/bruno-rodriguez-deja-desamparados-y-jugara-en-el-verdinegro\/","url":"https:\/\/www.sanjuandeportes.com\/wp\/2020\/08\/21\/bruno-rodriguez-deja-desamparados-y-jugara-en-el-verdinegro\/","name":"Bruno Rodr\u00edguez deja Desamparados y jugar\u00e1 en el Verdinegro - San Juan Deportes","isPartOf":{"@id":"http:\/\/www.sanjuandeportes.com\/wp\/#website"},"primaryImageOfPage":{"@id":"https:\/\/www.sanjuandeportes.com\/wp\/2020\/08\/21\/bruno-rodriguez-deja-desamparados-y-jugara-en-el-verdinegro\/#primaryimage"},"image":{"@id":"https:\/\/www.sanjuandeportes.com\/wp\/2020\/08\/21\/bruno-rodriguez-deja-desamparados-y-jugara-en-el-verdinegro\/#primaryimage"},"thumbnailUrl":"http:\/\/www.sanjuandeportes.com\/wp\/wp-content\/uploads\/2020\/08\/Bruno.jpg","datePublished":"2020-08-21T21:36:48+00:00","breadcrumb":{"@id":"https:\/\/www.sanjuandeportes.com\/wp\/2020\/08\/21\/bruno-rodriguez-deja-desamparados-y-jugara-en-el-verdinegro\/#breadcrumb"},"inLanguage":"es","potentialAction":[{"@type":"ReadAction","target":["https:\/\/www.sanjuandeportes.com\/wp\/2020\/08\/21\/bruno-rodriguez-deja-desamparados-y-jugara-en-el-verdinegro\/"]}]},{"@type":"ImageObject","inLanguage":"es","@id":"https:\/\/www.sanjuandeportes.com\/wp\/2020\/08\/21\/bruno-rodriguez-deja-desamparados-y-jugara-en-el-verdinegro\/#primaryimage","url":"http:\/\/www.sanjuandeportes.com\/wp\/wp-content\/uploads\/2020\/08\/Bruno.jpg","contentUrl":"http:\/\/www.sanjuandeportes.com\/wp\/wp-content\/uploads\/2020\/08\/Bruno.jpg","width":1280,"height":720},{"@type":"BreadcrumbList","@id":"https:\/\/www.sanjuandeportes.com\/wp\/2020\/08\/21\/bruno-rodriguez-deja-desamparados-y-jugara-en-el-verdinegro\/#breadcrumb","itemListElement":[{"@type":"ListItem","position":1,"name":"Portada","item":"http:\/\/www.sanjuandeportes.com\/wp\/"},{"@type":"ListItem","position":2,"name":"Bruno Rodr\u00edguez deja Desamparados y jugar\u00e1 en el Verdinegro"}]},{"@type":"WebSite","@id":"http:\/\/www.sanjuandeportes.com\/wp\/#website","url":"http:\/\/www.sanjuandeportes.com\/wp\/","name":"San Juan Deportes","description":"El sitio de deportes de la provincia de San Juan","publisher":{"@id":"http:\/\/www.sanjuandeportes.com\/wp\/#organization"},"potentialAction":[{"@type":"SearchAction","target":{"@type":"EntryPoint","urlTemplate":"http:\/\/www.sanjuandeportes.com\/wp\/?s={search_term_string}"},"query-input":{"@type":"PropertyValueSpecification","valueRequired":true,"valueName":"search_term_string"}}],"inLanguage":"es"},{"@type":"Organization","@id":"http:\/\/www.sanjuandeportes.com\/wp\/#organization","name":"San Juan Deportes","url":"http:\/\/www.sanjuandeportes.com\/wp\/","logo":{"@type":"ImageObject","inLanguage":"es","@id":"http:\/\/www.sanjuandeportes.com\/wp\/#\/schema\/logo\/image\/","url":"https:\/\/www.sanjuandeportes.com\/wp\/wp-content\/uploads\/unnamed.jpg","contentUrl":"https:\/\/www.sanjuandeportes.com\/wp\/wp-content\/uploads\/unnamed.jpg","width":900,"height":900,"caption":"San Juan Deportes"},"image":{"@id":"http:\/\/www.sanjuandeportes.com\/wp\/#\/schema\/logo\/image\/"},"sameAs":["https:\/\/www.facebook.com\/sanjuandeportesok","https:\/\/x.com\/SanJuanDeportes","https:\/\/www.instagram.com\/sanjuandeportes"]},{"@type":"Person","@id":"http:\/\/www.sanjuandeportes.com\/wp\/#\/schema\/person\/eda4d8e62a5d42b111781e3cdfcb9c3a","name":"Pablo Pujado","image":{"@type":"ImageObject","inLanguage":"es","@id":"https:\/\/secure.gravatar.com\/avatar\/310b69d28112912c333408a462a9837208de951b1e7c11514781740412f648b1?s=96&d=mm&r=g","url":"https:\/\/secure.gravatar.com\/avatar\/310b69d28112912c333408a462a9837208de951b1e7c11514781740412f648b1?s=96&d=mm&r=g","contentUrl":"https:\/\/secure.gravatar.com\/avatar\/310b69d28112912c333408a462a9837208de951b1e7c11514781740412f648b1?s=96&d=mm&r=g","caption":"Pablo Pujado"},"url":"http:\/\/www.sanjuandeportes.com\/wp\/author\/pablo-pujado\/"}]}},"_links":{"self":[{"href":"http:\/\/www.sanjuandeportes.com\/wp\/wp-json\/wp\/v2\/posts\/10454","targetHints":{"allow":["GET"]}}],"collection":[{"href":"http:\/\/www.sanjuandeportes.com\/wp\/wp-json\/wp\/v2\/posts"}],"about":[{"href":"http:\/\/www.sanjuandeportes.com\/wp\/wp-json\/wp\/v2\/types\/post"}],"author":[{"embeddable":true,"href":"http:\/\/www.sanjuandeportes.com\/wp\/wp-json\/wp\/v2\/users\/5"}],"replies":[{"embeddable":true,"href":"http:\/\/www.sanjuandeportes.com\/wp\/wp-json\/wp\/v2\/comments?post=10454"}],"version-history":[{"count":1,"href":"http:\/\/www.sanjuandeportes.com\/wp\/wp-json\/wp\/v2\/posts\/10454\/revisions"}],"predecessor-version":[{"id":10456,"href":"http:\/\/www.sanjuandeportes.com\/wp\/wp-json\/wp\/v2\/posts\/10454\/revisions\/10456"}],"wp:featuredmedia":[{"embeddable":true,"href":"http:\/\/www.sanjuandeportes.com\/wp\/wp-json\/wp\/v2\/media\/10455"}],"wp:attachment":[{"href":"http:\/\/www.sanjuandeportes.com\/wp\/wp-json\/wp\/v2\/media?parent=10454"}],"wp:term":[{"taxonomy":"category","embeddable":true,"href":"http:\/\/www.sanjuandeportes.com\/wp\/wp-json\/wp\/v2\/categories?post=10454"},{"taxonomy":"post_tag","embeddable":true,"href":"http:\/\/www.sanjuandeportes.com\/wp\/wp-json\/wp\/v2\/tags?post=10454"}],"curies":[{"name":"wp","href":"https:\/\/api.w.org\/{rel}","templated":true}]}}