{"id":10534,"date":"2020-09-01T22:45:07","date_gmt":"2020-09-01T22:45:07","guid":{"rendered":"http:\/\/www.sanjuandeportes.com\/wp\/?p=10534"},"modified":"2020-09-01T22:45:07","modified_gmt":"2020-09-01T22:45:07","slug":"roglic-gana-la-cuarta-etapa-del-tour-alaphilippe-conserva-el-amarillo","status":"publish","type":"post","link":"http:\/\/www.sanjuandeportes.com\/wp\/2020\/09\/01\/roglic-gana-la-cuarta-etapa-del-tour-alaphilippe-conserva-el-amarillo\/","title":{"rendered":"Roglic gana la cuarta etapa del Tour, Alaphilippe conserva el amarillo"},"content":{"rendered":"<p class=\"font_tertiary paragraph\"><strong>El esloveno Primoz Roglic (Jumbo) gan\u00f3 este martes la cuarta etapa del Tour de Francia, 160,5 kil\u00f3metros entre Sisteron<\/strong> y la estaci\u00f3n de esqu\u00ed de Orci\u00e8res-Merlette, en una jornada en la que el franc\u00e9s Julian Alaphilippe (Deceuninck-Quick Step) salv\u00f3 el maillot amarillo.<\/p>\n<p class=\"font_tertiary paragraph\"><strong>Roglic se impuso al esprint en la primera llegada en alto de la presente edici\u00f3n del Tour.<\/strong><\/p>\n<p class=\"font_tertiary paragraph\">Demostraci\u00f3n de fuerza de uno de los grandes favoritos a lograr la corona que defiende Egan Bernal. A 1.825 metros Roglic aventaj\u00f3 a otro prodigio esloveno, el debutante Tadej Pogacar, y al franc\u00e9s Guillaume Martin. Fue su tercer triunfo de etapa en el Tour.<\/p>\n<p class=\"font_tertiary paragraph\"><strong>El vencedor de la \u00faltima Vuelta a Espa\u00f1a concluy\u00f3 el trabajo de su equipo en los \u00faltimos kil\u00f3metros, con el belga Wout Van Aert y el estadounidense Sepp Kuss<\/strong> tirando del pelot\u00f3n importante.<\/p>\n<p class=\"font_tertiary paragraph\">La escapada del d\u00eda se form\u00f3 desde la salida en Sisteron, reuniendo a seis corredores (Neilands, Politt, Vuillermoz, Burgaudeau, Benoot y Pacher), cuya ventaja no pas\u00f3 de tres minutos durante la mayor parte de la jornada.<\/p>\n<p class=\"font_tertiary paragraph\"><strong>La formaci\u00f3n Deceuninck del l\u00edder Alaphilippe, quinto en meta, control\u00f3 la diferencia mandando en la cabeza del pelot\u00f3n.<\/strong><\/p>\n<p class=\"font_tertiary paragraph\">Un grupo con bastantes ciclistas abord\u00f3 la ascensi\u00f3n hacia Merlette, 7,1 kil\u00f3metros (6,1% de pendiente media). El ritmo dictado por los hombres de Alaphilippe y despu\u00e9s de Roglic impidi\u00f3 cualquier aventura, hasta que Guillaume Martin lo intent\u00f3 sin \u00e9xito a 600 metros de la l\u00ednea.<\/p>\n<p class=\"font_tertiary paragraph\">Bernal fue s\u00e9ptimo en meta y el franc\u00e9s Thibaut Pinot octavo, ambos con el mismo tiempo que Roglic.<\/p>\n<p class=\"font_tertiary paragraph\">La quinta etapa, el mi\u00e9rcoles, desciende al llano en un recorrido de 183 kil\u00f3metros entre Gap y Privas. La victoria normalmente se la jugar\u00e1n los velocistas.<\/p>\n<p class=\"font_tertiary paragraph\">&#8212; Clasificaci\u00f3n de la 4\u00aa etapa:<\/p>\n<p class=\"font_tertiary paragraph\">1. Primoz Roglic (SLO\/JUM) los 160,5 km en 4 h 07:47.<\/p>\n<p class=\"font_tertiary paragraph\">(media: 39,0 km\/h)<\/p>\n<p class=\"font_tertiary paragraph\">2. Tadej Pogacar (SLO\/UAE) a 0.<\/p>\n<p class=\"font_tertiary paragraph\">3. Guillaume Martin (FRA\/COF) 0.<\/p>\n<p class=\"font_tertiary paragraph\">4. Nairo Quintana (COL\/ARK) 0.<\/p>\n<p class=\"font_tertiary paragraph\">5. Julian Alaphilippe (FRA\/DEC) 0.<\/p>\n<p class=\"font_tertiary paragraph\">6. Miguel \u00c1ngel L\u00d3pez (COL\/AST) 0.<\/p>\n<p class=\"font_tertiary paragraph\">7. Egan Bernal (COL\/INE) 0.<\/p>\n<p class=\"font_tertiary paragraph\">8. Thibaut Pinot (FRA\/FDJ) 0.<\/p>\n<p class=\"font_tertiary paragraph\">9. Mikel Landa (ESP\/BAH) 0.<\/p>\n<p class=\"font_tertiary paragraph\">10. Adam Yates (GBR\/MIT) 0.<\/p>\n<p class=\"font_tertiary paragraph\">11. Tom Dumoulin (NED\/JUM) 0.<\/p>\n<p class=\"font_tertiary paragraph\">12. Esteban Chaves (COL\/MIT) 0.<\/p>\n<p class=\"font_tertiary paragraph\">13. Bauke Mollema (NED\/TRE) 0.<\/p>\n<p class=\"font_tertiary paragraph\">14. Richie Porte (AUS\/TRE) 0.<\/p>\n<p class=\"font_tertiary paragraph\">15. Rigoberto Uran (COL\/EF1) 0.<\/p>\n<p class=\"font_tertiary paragraph\">16. Romain Bardet (FRA\/ALM) 0.<\/p>\n<p class=\"font_tertiary paragraph\">17. Emanuel Buchmann (GER\/BOR) 9.<\/p>\n<p class=\"font_tertiary paragraph\">18. Enric Mas (ESP\/MOV) 9.<\/p>\n<p class=\"font_tertiary paragraph\">19. Sepp Kuss (USA\/JUM) 9.<\/p>\n<p class=\"font_tertiary paragraph\">20. Hugh Carthy (GBR\/EF1) 15.<\/p>\n<p><img decoding=\"async\" data-src=\"https:\/\/www.infobae.com\/new-resizer\/qQeH52HweEuf2B1wkjp3VbbOM5o=\/420x280\/filters:format(jpg):quality(85)\/\/cloudfront-us-east-1.images.arcpublishing.com\/infobae\/RS6TEO4GRW54PBCTEJU65AAELU.jpg\" alt=\"Beno\u00eet Cosnefroy pas\u00f3 el primero por la cumbre de la primera subida notable de este Tour, la Colmiane, mientras que otro corredor galo, Anthony P\u00e9rez, hizo lo propio en el alto del Turini\" width=\"501\" height=\"334\" src=\"data:image\/svg+xml;base64,PHN2ZyB3aWR0aD0iMSIgaGVpZ2h0PSIxIiB4bWxucz0iaHR0cDovL3d3dy53My5vcmcvMjAwMC9zdmciPjwvc3ZnPg==\" class=\"lazyload\" style=\"--smush-placeholder-width: 501px; --smush-placeholder-aspect-ratio: 501\/334;\" \/><\/p>\n<p><img decoding=\"async\" data-src=\"https:\/\/www.infobae.com\/new-resizer\/MdNcqlDKxPMAc0heUIf36i-Dgwc=\/420x280\/filters:format(jpg):quality(85)\/\/cloudfront-us-east-1.images.arcpublishing.com\/infobae\/JW5E747VUCMBJEZ6MY6XG36XPY.jpg\" alt=\"&quot;No gan\u00e9 ninguna carrera desde el inicio de la temporada&quot;, reaccion\u00f3 Alaphilippe en meta, que suma ya 31 triunfos a lo largo de una trayectoria profesional que tom\u00f3 una nueva dimensi\u00f3n merced a su epopeya en el Tour del a\u00f1o pasado y de su victoria en la Mil\u00e1n-San Remo\" width=\"510\" height=\"340\" src=\"data:image\/svg+xml;base64,PHN2ZyB3aWR0aD0iMSIgaGVpZ2h0PSIxIiB4bWxucz0iaHR0cDovL3d3dy53My5vcmcvMjAwMC9zdmciPjwvc3ZnPg==\" class=\"lazyload\" style=\"--smush-placeholder-width: 510px; --smush-placeholder-aspect-ratio: 510\/340;\" \/><\/p>\n","protected":false},"excerpt":{"rendered":"<p>El esloveno Primoz Roglic (Jumbo) gan\u00f3 este martes la cuarta etapa del Tour de Francia, 160,5 kil\u00f3metros entre Sisteron y la estaci\u00f3n de esqu\u00ed de Orci\u00e8res-Merlette, en una jornada en la que el franc\u00e9s Julian Alaphilippe (Deceuninck-Quick Step) salv\u00f3 el maillot amarillo. Roglic se impuso al esprint en la primera llegada en alto de la [&hellip;]<\/p>\n","protected":false},"author":5,"featured_media":10535,"comment_status":"open","ping_status":"open","sticky":false,"template":"","format":"standard","meta":{"footnotes":""},"categories":[23,2],"tags":[144,295,1212],"class_list":["post-10534","post","type-post","status-publish","format-standard","has-post-thumbnail","hentry","category-ciclismo","category-featured","tag-ciclismo","tag-francia","tag-tour-de-francia"],"_links":{"self":[{"href":"http:\/\/www.sanjuandeportes.com\/wp\/wp-json\/wp\/v2\/posts\/10534","targetHints":{"allow":["GET"]}}],"collection":[{"href":"http:\/\/www.sanjuandeportes.com\/wp\/wp-json\/wp\/v2\/posts"}],"about":[{"href":"http:\/\/www.sanjuandeportes.com\/wp\/wp-json\/wp\/v2\/types\/post"}],"author":[{"embeddable":true,"href":"http:\/\/www.sanjuandeportes.com\/wp\/wp-json\/wp\/v2\/users\/5"}],"replies":[{"embeddable":true,"href":"http:\/\/www.sanjuandeportes.com\/wp\/wp-json\/wp\/v2\/comments?post=10534"}],"version-history":[{"count":1,"href":"http:\/\/www.sanjuandeportes.com\/wp\/wp-json\/wp\/v2\/posts\/10534\/revisions"}],"predecessor-version":[{"id":10536,"href":"http:\/\/www.sanjuandeportes.com\/wp\/wp-json\/wp\/v2\/posts\/10534\/revisions\/10536"}],"wp:featuredmedia":[{"embeddable":true,"href":"http:\/\/www.sanjuandeportes.com\/wp\/wp-json\/wp\/v2\/media\/10535"}],"wp:attachment":[{"href":"http:\/\/www.sanjuandeportes.com\/wp\/wp-json\/wp\/v2\/media?parent=10534"}],"wp:term":[{"taxonomy":"category","embeddable":true,"href":"http:\/\/www.sanjuandeportes.com\/wp\/wp-json\/wp\/v2\/categories?post=10534"},{"taxonomy":"post_tag","embeddable":true,"href":"http:\/\/www.sanjuandeportes.com\/wp\/wp-json\/wp\/v2\/tags?post=10534"}],"curies":[{"name":"wp","href":"https:\/\/api.w.org\/{rel}","templated":true}]}}