{"id":10701,"date":"2020-09-22T23:28:35","date_gmt":"2020-09-22T23:28:35","guid":{"rendered":"http:\/\/www.sanjuandeportes.com\/wp\/?p=10701"},"modified":"2020-09-24T22:59:00","modified_gmt":"2020-09-24T22:59:00","slug":"lucas-salas-suena-como-refuerzo-de-san-martin","status":"publish","type":"post","link":"http:\/\/www.sanjuandeportes.com\/wp\/2020\/09\/22\/lucas-salas-suena-como-refuerzo-de-san-martin\/","title":{"rendered":"Lucas Salas suena como refuerzo de San Mart\u00edn"},"content":{"rendered":"<p>El jugador que se form\u00f3 en las inferiores, comenz\u00f3 a sonar fuerte en las \u00faltimas horas para convertirse en nuevo refuerzo de San Mart\u00edn, as\u00ed lo confirm\u00f3 el periodista Cristofer D\u00edaz, de Radio La Voz.<\/p>\n<p>Adem\u00e1s, informaron que las negociaciones se est\u00e1n realizando y en los pr\u00f3ximos d\u00edas podr\u00eda confirmarse lo que por el momento es un rumor.\u00a0Actualmente el volante de 25 a\u00f1os, se encuentra en San Juan en medio de la pandemia del coronavirus, pero tiene contrato vigente con Olimpo de Bah\u00eda Blanca, con quien jug\u00f3 el Federal A la pasada temporada.<\/p>\n<p>El joven podr\u00eda tener el segundo ciclo con la camiseta de San Mart\u00edn, tras su pol\u00e9mica salida en 2018.<\/p>\n<p><img decoding=\"async\" data-src=\"https:\/\/pbs.twimg.com\/media\/EFuG46HXkAIV1tF.jpg\" alt=\"Lucas Salas (@Luquitasalas10) | Twitter\" src=\"data:image\/svg+xml;base64,PHN2ZyB3aWR0aD0iMSIgaGVpZ2h0PSIxIiB4bWxucz0iaHR0cDovL3d3dy53My5vcmcvMjAwMC9zdmciPjwvc3ZnPg==\" class=\"lazyload\" \/><\/p>\n","protected":false},"excerpt":{"rendered":"<p>El jugador que se form\u00f3 en las inferiores, comenz\u00f3 a sonar fuerte en las \u00faltimas horas para convertirse en nuevo refuerzo de San Mart\u00edn, as\u00ed lo confirm\u00f3 el periodista Cristofer D\u00edaz, de Radio La Voz. Adem\u00e1s, informaron que las negociaciones se est\u00e1n realizando y en los pr\u00f3ximos d\u00edas podr\u00eda confirmarse lo que por el momento [&hellip;]<\/p>\n","protected":false},"author":5,"featured_media":10703,"comment_status":"open","ping_status":"open","sticky":false,"template":"","format":"standard","meta":{"footnotes":""},"categories":[36,24,720],"tags":[739,142,1178,741],"class_list":["post-10701","post","type-post","status-publish","format-standard","has-post-thumbnail","hentry","category-federal-a","category-futbol","category-primera-nacional","tag-lucas-salas","tag-mercado-de-pases","tag-olimpo-de-bahia-blanca","tag-san-martin-de-san-juan"],"_links":{"self":[{"href":"http:\/\/www.sanjuandeportes.com\/wp\/wp-json\/wp\/v2\/posts\/10701","targetHints":{"allow":["GET"]}}],"collection":[{"href":"http:\/\/www.sanjuandeportes.com\/wp\/wp-json\/wp\/v2\/posts"}],"about":[{"href":"http:\/\/www.sanjuandeportes.com\/wp\/wp-json\/wp\/v2\/types\/post"}],"author":[{"embeddable":true,"href":"http:\/\/www.sanjuandeportes.com\/wp\/wp-json\/wp\/v2\/users\/5"}],"replies":[{"embeddable":true,"href":"http:\/\/www.sanjuandeportes.com\/wp\/wp-json\/wp\/v2\/comments?post=10701"}],"version-history":[{"count":1,"href":"http:\/\/www.sanjuandeportes.com\/wp\/wp-json\/wp\/v2\/posts\/10701\/revisions"}],"predecessor-version":[{"id":10704,"href":"http:\/\/www.sanjuandeportes.com\/wp\/wp-json\/wp\/v2\/posts\/10701\/revisions\/10704"}],"wp:featuredmedia":[{"embeddable":true,"href":"http:\/\/www.sanjuandeportes.com\/wp\/wp-json\/wp\/v2\/media\/10703"}],"wp:attachment":[{"href":"http:\/\/www.sanjuandeportes.com\/wp\/wp-json\/wp\/v2\/media?parent=10701"}],"wp:term":[{"taxonomy":"category","embeddable":true,"href":"http:\/\/www.sanjuandeportes.com\/wp\/wp-json\/wp\/v2\/categories?post=10701"},{"taxonomy":"post_tag","embeddable":true,"href":"http:\/\/www.sanjuandeportes.com\/wp\/wp-json\/wp\/v2\/tags?post=10701"}],"curies":[{"name":"wp","href":"https:\/\/api.w.org\/{rel}","templated":true}]}}