{"id":10955,"date":"2020-10-21T15:04:23","date_gmt":"2020-10-21T15:04:23","guid":{"rendered":"http:\/\/www.sanjuandeportes.com\/wp\/?p=10955"},"modified":"2020-10-22T15:54:32","modified_gmt":"2020-10-22T15:54:32","slug":"10955","status":"publish","type":"post","link":"http:\/\/www.sanjuandeportes.com\/wp\/2020\/10\/21\/10955\/","title":{"rendered":"Ezequiel Rescaldani es nuevo refuerzo de San Mart\u00edn"},"content":{"rendered":"<p>El delantero\u00a0Ezequiel Rescaldani, de 28 a\u00f1os y oriundo de Leones, en el interior cordob\u00e9s, se convirti\u00f3 en las \u00faltimas horas en refuerzo de\u00a0<strong>San Mart\u00edn de San Juan<\/strong>\u00a0para el reinicio de la Primera Nacional, pactado para el 7 de noviembre.<\/p>\n<p>Rescaldani, que inici\u00f3 su carrera en V\u00e9lez S\u00e1rsfield, jug\u00f3 la \u00faltima temporada en Arsenal de Sarand\u00ed en Primera Divisi\u00f3n.<\/p>\n<div id=\"vidoomy\"><\/div>\n<p>Anteriormente, pas\u00f3 por Quilmes, M\u00e1laga de Espa\u00f1a, Puebla de M\u00e9xico, Atl\u00e9tico Nacional de Colombia, Patronato y Huesca de Espa\u00f1a.<\/p>\n<p>En 2017 lleg\u00f3 como refuerzo a\u00a0<strong>Talleres<\/strong>, pero tuvo un paso bastante gris, con apenas 2 goles en 12 partidos.<\/p>\n","protected":false},"excerpt":{"rendered":"<p>El delantero\u00a0Ezequiel Rescaldani, de 28 a\u00f1os y oriundo de Leones, en el interior cordob\u00e9s, se convirti\u00f3 en las \u00faltimas horas en refuerzo de\u00a0San Mart\u00edn de San Juan\u00a0para el reinicio de la Primera Nacional, pactado para el 7 de noviembre. Rescaldani, que inici\u00f3 su carrera en V\u00e9lez S\u00e1rsfield, jug\u00f3 la \u00faltima temporada en Arsenal de Sarand\u00ed [&hellip;]<\/p>\n","protected":false},"author":5,"featured_media":10956,"comment_status":"open","ping_status":"open","sticky":false,"template":"","format":"standard","meta":{"footnotes":""},"categories":[24,720,178],"tags":[142,691,129],"class_list":["post-10955","post","type-post","status-publish","format-standard","has-post-thumbnail","hentry","category-futbol","category-primera-nacional","category-san-juan","tag-mercado-de-pases","tag-primera-nacional","tag-san-martin"],"_links":{"self":[{"href":"http:\/\/www.sanjuandeportes.com\/wp\/wp-json\/wp\/v2\/posts\/10955","targetHints":{"allow":["GET"]}}],"collection":[{"href":"http:\/\/www.sanjuandeportes.com\/wp\/wp-json\/wp\/v2\/posts"}],"about":[{"href":"http:\/\/www.sanjuandeportes.com\/wp\/wp-json\/wp\/v2\/types\/post"}],"author":[{"embeddable":true,"href":"http:\/\/www.sanjuandeportes.com\/wp\/wp-json\/wp\/v2\/users\/5"}],"replies":[{"embeddable":true,"href":"http:\/\/www.sanjuandeportes.com\/wp\/wp-json\/wp\/v2\/comments?post=10955"}],"version-history":[{"count":3,"href":"http:\/\/www.sanjuandeportes.com\/wp\/wp-json\/wp\/v2\/posts\/10955\/revisions"}],"predecessor-version":[{"id":10959,"href":"http:\/\/www.sanjuandeportes.com\/wp\/wp-json\/wp\/v2\/posts\/10955\/revisions\/10959"}],"wp:featuredmedia":[{"embeddable":true,"href":"http:\/\/www.sanjuandeportes.com\/wp\/wp-json\/wp\/v2\/media\/10956"}],"wp:attachment":[{"href":"http:\/\/www.sanjuandeportes.com\/wp\/wp-json\/wp\/v2\/media?parent=10955"}],"wp:term":[{"taxonomy":"category","embeddable":true,"href":"http:\/\/www.sanjuandeportes.com\/wp\/wp-json\/wp\/v2\/categories?post=10955"},{"taxonomy":"post_tag","embeddable":true,"href":"http:\/\/www.sanjuandeportes.com\/wp\/wp-json\/wp\/v2\/tags?post=10955"}],"curies":[{"name":"wp","href":"https:\/\/api.w.org\/{rel}","templated":true}]}}