{"id":10963,"date":"2020-10-21T22:51:20","date_gmt":"2020-10-21T22:51:20","guid":{"rendered":"http:\/\/www.sanjuandeportes.com\/wp\/?p=10963"},"modified":"2020-10-22T15:54:14","modified_gmt":"2020-10-22T15:54:14","slug":"tras-las-pruebas-pcr-san-martin-sumo-cuatro-casos-nuevos","status":"publish","type":"post","link":"http:\/\/www.sanjuandeportes.com\/wp\/2020\/10\/21\/tras-las-pruebas-pcr-san-martin-sumo-cuatro-casos-nuevos\/","title":{"rendered":"Tras las pruebas PCR, San Mart\u00edn sum\u00f3 cuatro casos nuevos"},"content":{"rendered":"<p>La semana pasada concluy\u00f3 con malas noticias para San Mart\u00edn, al confirmarse el primer caso confirmado de coronavirus dentro del plantel que jugar\u00e1 la Primera Nacional. Fue la propia instituci\u00f3n quien\u00a0hab\u00eda confirmado la informaci\u00f3n y hab\u00eda remarcado que se suspend\u00edan las pr\u00e1cticas hasta conocer si exist\u00edan m\u00e1s casos.<\/p>\n<p>En la tarde de hoy, el Verdinegro arroj\u00f3 los resultados de los an\u00e1lisis practicados a plantel, cuerpo t\u00e9cnico y auxiliares con el resultado de cuatro positivos y 46 negativos.<\/p>\n<p>Desde San Mart\u00edn, agregaron que los cuatro casos se encuentran en aislamiento y sin presentar s\u00edntomas, por lo que su estado de salud es \u00ab\u00f3ptimo\u00bb.<\/p>\n<blockquote class=\"twitter-tweet\" data-width=\"550\" data-dnt=\"true\">\n<p lang=\"es\" dir=\"ltr\">A ra\u00edz del caso detectado el d\u00eda s\u00e1bado, las pruebas PCR realizadas al plantel, cuerpo t\u00e9cnico, auxiliares y dirigentes arrojaron 4 casos positivos y 46 negativos.<\/p>\n<p>Los casos son asintom\u00e1ticos y se encuentran cumpliendo el respectivo aislamiento. <a href=\"https:\/\/t.co\/zsuG4DCRgp\">pic.twitter.com\/zsuG4DCRgp<\/a><\/p>\n<p>&mdash; Club Atl\u00e9tico San Mart\u00edn (@CASanMartinSJ) <a href=\"https:\/\/twitter.com\/CASanMartinSJ\/status\/1319019900631977989?ref_src=twsrc%5Etfw\">October 21, 2020<\/a><\/p><\/blockquote>\n<p><script async src=\"https:\/\/platform.twitter.com\/widgets.js\" charset=\"utf-8\"><\/script><\/p>\n","protected":false},"excerpt":{"rendered":"<p>La semana pasada concluy\u00f3 con malas noticias para San Mart\u00edn, al confirmarse el primer caso confirmado de coronavirus dentro del plantel que jugar\u00e1 la Primera Nacional. Fue la propia instituci\u00f3n quien\u00a0hab\u00eda confirmado la informaci\u00f3n y hab\u00eda remarcado que se suspend\u00edan las pr\u00e1cticas hasta conocer si exist\u00edan m\u00e1s casos. En la tarde de hoy, el Verdinegro [&hellip;]<\/p>\n","protected":false},"author":5,"featured_media":10964,"comment_status":"open","ping_status":"open","sticky":false,"template":"","format":"standard","meta":{"footnotes":""},"categories":[24,720,178],"tags":[1175,691,129],"class_list":["post-10963","post","type-post","status-publish","format-standard","has-post-thumbnail","hentry","category-futbol","category-primera-nacional","category-san-juan","tag-coronavirus","tag-primera-nacional","tag-san-martin"],"_links":{"self":[{"href":"http:\/\/www.sanjuandeportes.com\/wp\/wp-json\/wp\/v2\/posts\/10963","targetHints":{"allow":["GET"]}}],"collection":[{"href":"http:\/\/www.sanjuandeportes.com\/wp\/wp-json\/wp\/v2\/posts"}],"about":[{"href":"http:\/\/www.sanjuandeportes.com\/wp\/wp-json\/wp\/v2\/types\/post"}],"author":[{"embeddable":true,"href":"http:\/\/www.sanjuandeportes.com\/wp\/wp-json\/wp\/v2\/users\/5"}],"replies":[{"embeddable":true,"href":"http:\/\/www.sanjuandeportes.com\/wp\/wp-json\/wp\/v2\/comments?post=10963"}],"version-history":[{"count":1,"href":"http:\/\/www.sanjuandeportes.com\/wp\/wp-json\/wp\/v2\/posts\/10963\/revisions"}],"predecessor-version":[{"id":10965,"href":"http:\/\/www.sanjuandeportes.com\/wp\/wp-json\/wp\/v2\/posts\/10963\/revisions\/10965"}],"wp:featuredmedia":[{"embeddable":true,"href":"http:\/\/www.sanjuandeportes.com\/wp\/wp-json\/wp\/v2\/media\/10964"}],"wp:attachment":[{"href":"http:\/\/www.sanjuandeportes.com\/wp\/wp-json\/wp\/v2\/media?parent=10963"}],"wp:term":[{"taxonomy":"category","embeddable":true,"href":"http:\/\/www.sanjuandeportes.com\/wp\/wp-json\/wp\/v2\/categories?post=10963"},{"taxonomy":"post_tag","embeddable":true,"href":"http:\/\/www.sanjuandeportes.com\/wp\/wp-json\/wp\/v2\/tags?post=10963"}],"curies":[{"name":"wp","href":"https:\/\/api.w.org\/{rel}","templated":true}]}}