{"id":1216,"date":"2017-12-27T00:55:08","date_gmt":"2017-12-27T00:55:08","guid":{"rendered":"http:\/\/www.sanjuandeportes.com\/wp\/?p=1216"},"modified":"2017-12-27T00:58:23","modified_gmt":"2017-12-27T00:58:23","slug":"36vuelta-a-san-juan-espn-transmitira-las-ultimas-dos-horas-de-carrera-en-vivo","status":"publish","type":"post","link":"http:\/\/www.sanjuandeportes.com\/wp\/2017\/12\/27\/36vuelta-a-san-juan-espn-transmitira-las-ultimas-dos-horas-de-carrera-en-vivo\/","title":{"rendered":"36\u00b0Vuelta a San Juan: ESPN transmitir\u00e1 las \u00faltimas dos horas de carrera en vivo"},"content":{"rendered":"<div class=\"col-md-1 col-sticky\"><\/div>\n<div class=\"col-md-11\">\n<div class=\"contenedor-slide\">\n<div class=\"cycle-slideshow\" style=\"box-sizing: border-box; position: relative;\" data-cycle-manual-fx=\"fadeout\" data-cycle-manual-speed=\"200\" data-cycle-timeout=\"0\" data-cycle-slides=\"&gt; div.item\" data-cycle-prev=\"#prev1\" data-cycle-next=\"#next1\" data-cycle-loader=\"true\">\n<div class=\"item active o0 cycle-slide cycle-sentinel\"><a class=\"gal_foto cboxElement\" href=\"https:\/\/www.tiempodesanjuan.com\/u\/fotografias\/fotosnoticias\/2017\/12\/26\/437748.jpg\"><img decoding=\"async\" class=\"img-100 lazyload\" data-src=\"https:\/\/www.tiempodesanjuan.com\/u\/fotografias\/m\/2017\/12\/26\/f999x666-437748_532813_0.jpg\" alt=\"Vuelta San Juan: ESPN transmitir\u00e1 las \u00faltimas dos horas de carrera en vivo\" src=\"data:image\/svg+xml;base64,PHN2ZyB3aWR0aD0iMSIgaGVpZ2h0PSIxIiB4bWxucz0iaHR0cDovL3d3dy53My5vcmcvMjAwMC9zdmciPjwvc3ZnPg==\" \/><em><strong>La victoria del argentino Maxi Richeze en una de las etapas de la edici\u00f3n 35\u00b0<\/strong><\/em><\/a><\/div>\n<div><\/div>\n<div><\/div>\n<div class=\"item active o0 cycle-slide cycle-slide-active\"><\/div>\n<\/div>\n<\/div>\n<div class=\"centrado primer_bnn \">El crecimiento de la Vuelta a San Juan contin\u00faa en pleno ascenso. La competencia parece no tener techo. Siete equipos World Tour, cinco Profesionales Continentales, nueve continentales y seis selecciones nacionales estar\u00e1n presentes en la 36\u00aa edici\u00f3n de la carrera m\u00e1s convocante de Latinoam\u00e9rica. Por esas razones y su puntaje 2.1 \u00a0de la UCI es que varias cadenas televisivas buscaron transmitir la Vuelta, siendo ESPN el que se har\u00e1 cargo de las \u00faltimas dos horas en vivo.<\/div>\n<div class=\"cuerpo-nota\">\n<p>El canal del ciclismo en el mundo se har\u00e1 eco de la carrera m\u00e1s importante de Latinoam\u00e9rica. Al igual que el Tour de Francia, Vuelta a Espa\u00f1a o Giro de Italia, la Vuelta a San Juan contar\u00e1 con dos horas en vivo en cada etapa, mientras que en la \u00faltima jornada se estirar\u00e1 una hora en la grilla de ESPN.<\/p>\n<p>Mario Sabato y Mariano Ryan comunicar\u00e1n la particular forma de vivir el ciclismo de los sanjuaninos y lo har\u00e1n nada m\u00e1s y nada menos que en ESPN hacia todo el Mundo que por una semana tendr\u00e1 los ojos puestos en San Juan, gracias al ciclismo.<\/p>\n<div class=\"g-container\">\n<section id=\"g-showcase\">\n<div class=\"g-grid\">\n<div class=\"g-block size-100\">\n<div class=\"g-content\">\n<div class=\"platform-content\">\n<div class=\"moduletable \">\n<div class=\"custom\">\n<h1 class=\"titulo_seccion\">RECORRIDO<\/h1>\n<\/div>\n<\/div>\n<\/div>\n<\/div>\n<\/div>\n<\/div>\n<\/section>\n<\/div>\n<div class=\"g-container\">\n<div class=\"g-grid\">\n<div class=\"g-block size-100\">\n<div class=\"g-content\">\n<div class=\"platform-content\">\n<div class=\"moduletable \">\n<h3 class=\"g-title\">ETAPAS<\/h3>\n<div style=\"box-sizing: inherit;\" data-uk-scrollspy=\"{target:'&gt; div &gt; [data-uk-scrollspy-cls]', delay:300}\">\n<div class=\"uk-grid uk-text-left \" data-uk-grid-match=\"\" data-uk-margin=\"{cls:'uk-margin-top'}\">\n<div class=\"uk-width-medium-3-5 uk-text-center uk-scrollspy-init-inview uk-scrollspy-inview uk-animation-slide-left\" data-uk-scrollspy-cls=\"uk-animation-slide-left uk-invisible\"><iframe class=\"uk-responsive-width lazyload\" data-src=\"http:\/\/www.youtube.com\/embed\/l-SmDbHz-XA?&amp;wmode=transparent\" width=\"480\" height=\"270\" allowfullscreen=\"allowfullscreen\" data-mce-fragment=\"1\" src=\"about:blank\" data-load-mode=\"0\"><\/iframe><\/div>\n<div class=\"uk-width-medium-2-5 uk-scrollspy-inview uk-animation-slide-right\" data-uk-scrollspy-cls=\"uk-animation-slide-right uk-invisible\">\n<div class=\"uk-panel uk-width-1-1\">\n<h3 class=\"uk-h2\">Etapa 1<\/h3>\n<div class=\"uk-margin\">\n<p><strong>Largada plaza 25 de mayo<\/strong><\/p>\n<ul>\n<li>Dpto. Capital\n<ul>\n<li>al sur por calle mendoza hasta lateral Av. de Circunvalaci\u00f3n., girar a la izquierda y tomar anillo de Av. de Circunvalaci\u00f3n, tomar acceso este (ruta 20)<\/li>\n<\/ul>\n<\/li>\n<li>Dpto. Santa luc\u00eda\n<ul>\n<li>ruta 20 hasta calle vicente zapata, giro a izquierda hasta calle San Martin<\/li>\n<\/ul>\n<\/li>\n<li>Dpto. 9 de julio\n<ul>\n<li>giro a derecha en calle paraguay, RP 155 hasta girar a la derecha en RP 270<\/li>\n<\/ul>\n<\/li>\n<li>Dpto. 25 de mayo\n<ul>\n<li>giro derecha calle 10, girar a la izquierda calle La Plata, giro a la derecha por RP 246 pasar puente<\/li>\n<\/ul>\n<\/li>\n<li>Dpto. Sarmiento\n<ul>\n<li>tomar RP 295 hasta RN 40, girar a la izquierda calle 14, girar a la derecha en calle Aberastain<\/li>\n<\/ul>\n<\/li>\n<li>Dpto. Pocito\n<ul>\n<li>pasar por punto de llegada en calle Aberastain<br \/>\ncalle Aberastain giro a la izq. En calle 11 &#8211; giro derecha calle Lemos &#8211; giro derecha calle 10 &#8211; giro derecha ruta 40 &#8211; giro derecha calle 14 &#8211; giro derecha calle Aberastain para concluir el circuito.<br \/>\n(completar 3 giros).<\/li>\n<\/ul>\n<\/li>\n<\/ul>\n<\/div>\n<\/div>\n<\/div>\n<\/div>\n<hr class=\"uk-grid-divider \" \/>\n<div class=\"uk-grid uk-text-left \" data-uk-grid-match=\"\" data-uk-margin=\"{cls:'uk-margin-top'}\">\n<div class=\"uk-width-medium-3-5 uk-text-center uk-scrollspy-inview uk-animation-slide-left\" data-uk-scrollspy-cls=\"uk-animation-slide-left uk-invisible\"><iframe class=\"uk-responsive-width lazyload\" data-src=\"http:\/\/www.youtube.com\/embed\/q4FWty7GBZM?&amp;wmode=transparent\" width=\"480\" height=\"270\" allowfullscreen=\"allowfullscreen\" data-mce-fragment=\"1\" src=\"about:blank\" data-load-mode=\"0\"><\/iframe><\/div>\n<div class=\"uk-width-medium-2-5 uk-scrollspy-inview uk-animation-slide-right\" data-uk-scrollspy-cls=\"uk-animation-slide-right uk-invisible\">\n<div class=\"uk-panel uk-width-1-1\">\n<h3 class=\"uk-h2\">Etapa 2<\/h3>\n<div class=\"uk-margin\">\n<p><strong>Largada embarcadero RP 12 dique Punta Negra<\/strong><\/p>\n<ul>\n<li>Dpto. Zonda\n<ul>\n<li>RP 12 derecha calle las moras, continuar rp.12 pasar jard\u00edn de los poetas<\/li>\n<\/ul>\n<\/li>\n<li>Dpto. Rivadavia\n<ul>\n<li>Tomo Av. Libertador hasta calle galindez hasta RP 60 (ruta del Sol)<br \/>\npasar por paredon dique de Ullum, continuar RP 60<br \/>\ngirar a la izquierda en calle A. S\u00e1nchez, girar a la derecha por calle Valent\u00edn Ruiz<\/li>\n<\/ul>\n<\/li>\n<li>Dpto. Ullum (municipio Ullum)\n<ul>\n<li>Retomar rp. 60 para llegar al pared\u00f3n dique Punta Negra<br \/>\ngira izquierda RP 12 (se completa el giro grande).<br \/>\nRP 12 hasta calle Las Moras, giro a la izquierda en Aviadores Espa\u00f1oles, giro a la izquierda por RP 60<br \/>\npared\u00f3n dique Punta Negra para completar en giro chico en RP\u00a060 y RP\u00a012 se completan (3 giros).<br \/>\nGirar derecha para terminar etapa en el embarcadero.<\/li>\n<\/ul>\n<\/li>\n<\/ul>\n<\/div>\n<\/div>\n<\/div>\n<\/div>\n<hr class=\"uk-grid-divider \" \/>\n<div class=\"uk-grid uk-text-left \" data-uk-grid-match=\"\" data-uk-margin=\"{cls:'uk-margin-top'}\">\n<div class=\"uk-width-medium-3-5 uk-text-center uk-scrollspy-inview uk-animation-slide-left\" data-uk-scrollspy-cls=\"uk-animation-slide-left uk-invisible\"><iframe class=\"uk-responsive-width lazyload\" data-src=\"http:\/\/www.youtube.com\/embed\/0JR8EqqfMb8?&amp;wmode=transparent\" width=\"480\" height=\"270\" allowfullscreen=\"allowfullscreen\" data-mce-fragment=\"1\" src=\"about:blank\" data-load-mode=\"0\"><\/iframe><\/div>\n<div class=\"uk-width-medium-2-5 uk-scrollspy-inview uk-animation-slide-right\" data-uk-scrollspy-cls=\"uk-animation-slide-right uk-invisible\">\n<div class=\"uk-panel uk-width-1-1\">\n<h3 class=\"uk-h2\">Etapa 3 CRI<\/h3>\n<div class=\"uk-margin\">\n<p><strong>Largada Av. Circunvalaci\u00f3n y Espa\u00f1a sur<\/strong><\/p>\n<p><strong>Llegada Av. Circunvalaci\u00f3n y Mendoza<\/strong><\/p>\n<\/div>\n<\/div>\n<\/div>\n<\/div>\n<hr class=\"uk-grid-divider \" \/>\n<div class=\"uk-grid uk-text-left \" data-uk-grid-match=\"\" data-uk-margin=\"{cls:'uk-margin-top'}\">\n<div class=\"uk-width-medium-3-5 uk-text-center uk-scrollspy-inview uk-animation-slide-left\" data-uk-scrollspy-cls=\"uk-animation-slide-left uk-invisible\"><iframe class=\"uk-responsive-width lazyload\" data-src=\"http:\/\/www.youtube.com\/embed\/RaOzUvMn5cU?&amp;wmode=transparent\" width=\"480\" height=\"270\" allowfullscreen=\"allowfullscreen\" data-mce-fragment=\"1\" src=\"about:blank\" data-load-mode=\"0\"><\/iframe><\/div>\n<div class=\"uk-width-medium-2-5 uk-scrollspy-inview uk-animation-slide-right\" data-uk-scrollspy-cls=\"uk-animation-slide-right uk-invisible\">\n<div class=\"uk-panel uk-width-1-1\">\n<h3 class=\"uk-h2\">Etapa 4<\/h3>\n<div class=\"uk-margin\">\n<p><strong>Salida plaza de J\u00e1chal<\/strong>\u00a0(calle San Juan)<\/p>\n<ul>\n<li>Tren controlado hasta RN 40 y RN 150. RN 150 hasta girar a la deracha RP 510<\/li>\n<li>Dpto Valle F\u00e9rtil.\n<ul>\n<li>Pasar por Baldes del Rosario \u2013 Usno para tomar calle Tucum\u00e1n, girar en \u00abu\u00bb por calle Gral. Acha hasta calle Rivadavia donde finalizar\u00e1 la etapa.<\/li>\n<\/ul>\n<\/li>\n<\/ul>\n<\/div>\n<\/div>\n<\/div>\n<\/div>\n<hr class=\"uk-grid-divider \" \/>\n<div class=\"uk-grid uk-text-left \" data-uk-grid-match=\"\" data-uk-margin=\"{cls:'uk-margin-top'}\">\n<div class=\"uk-width-medium-3-5 uk-text-center uk-scrollspy-inview uk-animation-slide-left\" data-uk-scrollspy-cls=\"uk-animation-slide-left uk-invisible\"><iframe class=\"uk-responsive-width lazyload\" data-src=\"http:\/\/www.youtube.com\/embed\/U5N8THaR2i0?&amp;wmode=transparent\" width=\"480\" height=\"270\" allowfullscreen=\"allowfullscreen\" data-mce-fragment=\"1\" src=\"about:blank\" data-load-mode=\"0\"><\/iframe><\/div>\n<div class=\"uk-width-medium-2-5 uk-scrollspy-inview uk-animation-slide-right\" data-uk-scrollspy-cls=\"uk-animation-slide-right uk-invisible\">\n<div class=\"uk-panel uk-width-1-1\">\n<h3 class=\"uk-h2\">Etapa 5<\/h3>\n<div class=\"uk-margin\">\n<p><strong>Largada calle sarmiento frente a la municipalidad<\/strong><\/p>\n<ul>\n<li>Dpto. San Mart\u00edn\n<ul>\n<li>girar en \u00abu\u00bb y tomar calle Rawson, girar a la izquierda por calle Cruz Godoy, girar a la izquierda en calle Sarmiento para complertar el giro, continuar por Sarmiento, girar a la derecha por calle Eva Per\u00f3n hasta calle Aguiler<\/li>\n<\/ul>\n<\/li>\n<li>Dpto. Angaco\n<ul>\n<li>girar a la izquierda entrando a<\/li>\n<\/ul>\n<\/li>\n<li>Dpto. Albard\u00f3n\n<ul>\n<li>por calle Sarmiento, girar a la derecha RN 40 hasta RP 436 estaci\u00f3n Talacasto<\/li>\n<\/ul>\n<\/li>\n<li>Dpto. Ullum\n<ul>\n<li>girar a la izq RP 436, RP 149, llegar a alto del colorado donde finaliza la etapa.<\/li>\n<\/ul>\n<\/li>\n<\/ul>\n<\/div>\n<\/div>\n<\/div>\n<\/div>\n<hr class=\"uk-grid-divider \" \/>\n<div class=\"uk-grid uk-text-left \" data-uk-grid-match=\"\" data-uk-margin=\"{cls:'uk-margin-top'}\">\n<div class=\"uk-width-medium-3-5 uk-text-center uk-scrollspy-inview uk-animation-slide-left\" data-uk-scrollspy-cls=\"uk-animation-slide-left uk-invisible\"><iframe class=\"uk-responsive-width lazyload\" data-src=\"http:\/\/www.youtube.com\/embed\/IPd8XmRJeRs?&amp;wmode=transparent\" width=\"480\" height=\"270\" allowfullscreen=\"allowfullscreen\" data-mce-fragment=\"1\" src=\"about:blank\" data-load-mode=\"0\"><\/iframe><\/div>\n<div class=\"uk-width-medium-2-5 uk-scrollspy-inview uk-animation-slide-right\" data-uk-scrollspy-cls=\"uk-animation-slide-right uk-invisible\">\n<div class=\"uk-panel uk-width-1-1\">\n<h3 class=\"uk-h2\">Etapa 6<\/h3>\n<div class=\"uk-margin\">\n<p><strong>Largada calle San luis y Urquiza<\/strong><\/p>\n<ul>\n<li>Dpto. Capital\n<ul>\n<li>tren controlado por Urquiza hasta altura de Circunvalaci\u00f3n norte, girar a la derecha pasando calle Scalabrini Ortiz y entrar a Av. Circunvalaci\u00f3n. Calle Salta y Circunvalaci\u00f3n Km 0 acceso este RN 20<\/li>\n<\/ul>\n<\/li>\n<li>Dpto. Santa Luc\u00eda &#8211; Dpto. 9 de julio\n<ul>\n<li>diagonal Sarmiento<\/li>\n<\/ul>\n<\/li>\n<li>Dpto. Caucete\n<ul>\n<li>girar a la izq calle de los r\u00edos, girar a la derecha\u00a0RN\u00a020, girar izquierda RP 141, pasar control fito sanitario para pasar por el paraje Difunta Correa regreso RP\u00a0141 para girar a la derecha, RN 20, girar izq Av. Paula Albarracin de Sarmiento, retomar RN 20, acceso este giro izquierda para entrar a Av. de Circunvalaci\u00f3n se gira 1 vuelta \u00bd bajar en Av. Jos\u00e9 Ignacio De la Roza, girar izquierda calle Urquiza y finalizar en el estadio Aldo Cantoni.<\/li>\n<\/ul>\n<\/li>\n<li>Dpto. Capital<\/li>\n<\/ul>\n<\/div>\n<\/div>\n<\/div>\n<\/div>\n<hr class=\"uk-grid-divider \" \/>\n<div class=\"uk-grid uk-text-left \" data-uk-grid-match=\"\" data-uk-margin=\"{cls:'uk-margin-top'}\">\n<div class=\"uk-width-medium-3-5 uk-text-center uk-scrollspy-inview uk-animation-slide-left\" data-uk-scrollspy-cls=\"uk-animation-slide-left uk-invisible\"><iframe class=\"uk-responsive-width lazyload\" data-src=\"http:\/\/www.youtube.com\/embed\/k9iH3Y13Huo?&amp;wmode=transparent\" width=\"480\" height=\"270\" allowfullscreen=\"allowfullscreen\" data-mce-fragment=\"1\" src=\"about:blank\" data-load-mode=\"0\"><\/iframe><\/div>\n<div class=\"uk-width-medium-2-5 uk-scrollspy-inview uk-animation-slide-right\" data-uk-scrollspy-cls=\"uk-animation-slide-right uk-invisible\">\n<div class=\"uk-panel uk-width-1-1\">\n<h3 class=\"uk-h2\">Etapa 7<\/h3>\n<div class=\"uk-margin\">\n<p><strong>Largada Av. Circunvalaci\u00f3n y calle Mendoza (8 giros).<\/strong><\/p>\n<\/div>\n<\/div>\n<\/div>\n<\/div>\n<\/div>\n<\/div>\n<\/div>\n<\/div>\n<\/div>\n<\/div>\n<\/div>\n<p>Fuente: vueltaasanjuan.org<\/p>\n<\/div>\n<\/div>\n","protected":false},"excerpt":{"rendered":"<p>La victoria del argentino Maxi Richeze en una de las etapas de la edici\u00f3n 35\u00b0 El crecimiento de la Vuelta a San Juan contin\u00faa en pleno ascenso. La competencia parece no tener techo. Siete equipos World Tour, cinco Profesionales Continentales, nueve continentales y seis selecciones nacionales estar\u00e1n presentes en la 36\u00aa edici\u00f3n de la carrera [&hellip;]<\/p>\n","protected":false},"author":1,"featured_media":1217,"comment_status":"open","ping_status":"open","sticky":false,"template":"","format":"standard","meta":{"footnotes":""},"categories":[23,2],"tags":[],"class_list":["post-1216","post","type-post","status-publish","format-standard","has-post-thumbnail","hentry","category-ciclismo","category-featured"],"yoast_head":"<!-- This site is optimized with the Yoast SEO plugin v28.2 - https:\/\/yoast.com\/product\/yoast-seo-wordpress\/ -->\n<title>36\u00b0Vuelta a San Juan: ESPN transmitir\u00e1 las \u00faltimas dos horas de carrera en vivo - San Juan Deportes<\/title>\n<meta name=\"robots\" content=\"index, follow, max-snippet:-1, max-image-preview:large, max-video-preview:-1\" \/>\n<link rel=\"canonical\" href=\"https:\/\/www.sanjuandeportes.com\/wp\/2017\/12\/27\/36vuelta-a-san-juan-espn-transmitira-las-ultimas-dos-horas-de-carrera-en-vivo\/\" \/>\n<meta property=\"og:locale\" content=\"es_ES\" \/>\n<meta property=\"og:type\" content=\"article\" \/>\n<meta property=\"og:title\" content=\"36\u00b0Vuelta a San Juan: ESPN transmitir\u00e1 las \u00faltimas dos horas de carrera en vivo - San Juan Deportes\" \/>\n<meta property=\"og:description\" content=\"La victoria del argentino Maxi Richeze en una de las etapas de la edici\u00f3n 35\u00b0 El crecimiento de la Vuelta a San Juan contin\u00faa en pleno ascenso. La competencia parece no tener techo. Siete equipos World Tour, cinco Profesionales Continentales, nueve continentales y seis selecciones nacionales estar\u00e1n presentes en la 36\u00aa edici\u00f3n de la carrera [&hellip;]\" \/>\n<meta property=\"og:url\" content=\"https:\/\/www.sanjuandeportes.com\/wp\/2017\/12\/27\/36vuelta-a-san-juan-espn-transmitira-las-ultimas-dos-horas-de-carrera-en-vivo\/\" \/>\n<meta property=\"og:site_name\" content=\"San Juan Deportes\" \/>\n<meta property=\"article:publisher\" content=\"https:\/\/www.facebook.com\/sanjuandeportesok\" \/>\n<meta property=\"article:published_time\" content=\"2017-12-27T00:55:08+00:00\" \/>\n<meta property=\"article:modified_time\" content=\"2017-12-27T00:58:23+00:00\" \/>\n<meta property=\"og:image\" content=\"https:\/\/www.sanjuandeportes.com\/wp\/wp-content\/uploads\/2017\/12\/vuelta-2016.jpg\" \/>\n\t<meta property=\"og:image:width\" content=\"999\" \/>\n\t<meta property=\"og:image:height\" content=\"666\" \/>\n\t<meta property=\"og:image:type\" content=\"image\/jpeg\" \/>\n<meta name=\"author\" content=\"admin\" \/>\n<meta name=\"twitter:card\" content=\"summary_large_image\" \/>\n<meta name=\"twitter:creator\" content=\"@SanJuanDeportes\" \/>\n<meta name=\"twitter:site\" content=\"@SanJuanDeportes\" \/>\n<meta name=\"twitter:label1\" content=\"Escrito por\" \/>\n\t<meta name=\"twitter:data1\" content=\"admin\" \/>\n\t<meta name=\"twitter:label2\" content=\"Tiempo de lectura\" \/>\n\t<meta name=\"twitter:data2\" content=\"4 minutos\" \/>\n<script type=\"application\/ld+json\" class=\"yoast-schema-graph\">{\"@context\":\"https:\\\/\\\/schema.org\",\"@graph\":[{\"@type\":\"Article\",\"@id\":\"https:\\\/\\\/www.sanjuandeportes.com\\\/wp\\\/2017\\\/12\\\/27\\\/36vuelta-a-san-juan-espn-transmitira-las-ultimas-dos-horas-de-carrera-en-vivo\\\/#article\",\"isPartOf\":{\"@id\":\"https:\\\/\\\/www.sanjuandeportes.com\\\/wp\\\/2017\\\/12\\\/27\\\/36vuelta-a-san-juan-espn-transmitira-las-ultimas-dos-horas-de-carrera-en-vivo\\\/\"},\"author\":{\"name\":\"admin\",\"@id\":\"http:\\\/\\\/www.sanjuandeportes.com\\\/wp\\\/#\\\/schema\\\/person\\\/d8e3463931719391897f9c7a6d1bb7b3\"},\"headline\":\"36\u00b0Vuelta a San Juan: ESPN transmitir\u00e1 las \u00faltimas dos horas de carrera en vivo\",\"datePublished\":\"2017-12-27T00:55:08+00:00\",\"dateModified\":\"2017-12-27T00:58:23+00:00\",\"mainEntityOfPage\":{\"@id\":\"https:\\\/\\\/www.sanjuandeportes.com\\\/wp\\\/2017\\\/12\\\/27\\\/36vuelta-a-san-juan-espn-transmitira-las-ultimas-dos-horas-de-carrera-en-vivo\\\/\"},\"wordCount\":808,\"commentCount\":0,\"publisher\":{\"@id\":\"http:\\\/\\\/www.sanjuandeportes.com\\\/wp\\\/#organization\"},\"image\":{\"@id\":\"https:\\\/\\\/www.sanjuandeportes.com\\\/wp\\\/2017\\\/12\\\/27\\\/36vuelta-a-san-juan-espn-transmitira-las-ultimas-dos-horas-de-carrera-en-vivo\\\/#primaryimage\"},\"thumbnailUrl\":\"http:\\\/\\\/www.sanjuandeportes.com\\\/wp\\\/wp-content\\\/uploads\\\/2017\\\/12\\\/vuelta-2016.jpg\",\"articleSection\":[\"Ciclismo\",\"Featured\"],\"inLanguage\":\"es\",\"potentialAction\":[{\"@type\":\"CommentAction\",\"name\":\"Comment\",\"target\":[\"https:\\\/\\\/www.sanjuandeportes.com\\\/wp\\\/2017\\\/12\\\/27\\\/36vuelta-a-san-juan-espn-transmitira-las-ultimas-dos-horas-de-carrera-en-vivo\\\/#respond\"]}]},{\"@type\":\"WebPage\",\"@id\":\"https:\\\/\\\/www.sanjuandeportes.com\\\/wp\\\/2017\\\/12\\\/27\\\/36vuelta-a-san-juan-espn-transmitira-las-ultimas-dos-horas-de-carrera-en-vivo\\\/\",\"url\":\"https:\\\/\\\/www.sanjuandeportes.com\\\/wp\\\/2017\\\/12\\\/27\\\/36vuelta-a-san-juan-espn-transmitira-las-ultimas-dos-horas-de-carrera-en-vivo\\\/\",\"name\":\"36\u00b0Vuelta a San Juan: ESPN transmitir\u00e1 las \u00faltimas dos horas de carrera en vivo - San Juan Deportes\",\"isPartOf\":{\"@id\":\"http:\\\/\\\/www.sanjuandeportes.com\\\/wp\\\/#website\"},\"primaryImageOfPage\":{\"@id\":\"https:\\\/\\\/www.sanjuandeportes.com\\\/wp\\\/2017\\\/12\\\/27\\\/36vuelta-a-san-juan-espn-transmitira-las-ultimas-dos-horas-de-carrera-en-vivo\\\/#primaryimage\"},\"image\":{\"@id\":\"https:\\\/\\\/www.sanjuandeportes.com\\\/wp\\\/2017\\\/12\\\/27\\\/36vuelta-a-san-juan-espn-transmitira-las-ultimas-dos-horas-de-carrera-en-vivo\\\/#primaryimage\"},\"thumbnailUrl\":\"http:\\\/\\\/www.sanjuandeportes.com\\\/wp\\\/wp-content\\\/uploads\\\/2017\\\/12\\\/vuelta-2016.jpg\",\"datePublished\":\"2017-12-27T00:55:08+00:00\",\"dateModified\":\"2017-12-27T00:58:23+00:00\",\"breadcrumb\":{\"@id\":\"https:\\\/\\\/www.sanjuandeportes.com\\\/wp\\\/2017\\\/12\\\/27\\\/36vuelta-a-san-juan-espn-transmitira-las-ultimas-dos-horas-de-carrera-en-vivo\\\/#breadcrumb\"},\"inLanguage\":\"es\",\"potentialAction\":[{\"@type\":\"ReadAction\",\"target\":[\"https:\\\/\\\/www.sanjuandeportes.com\\\/wp\\\/2017\\\/12\\\/27\\\/36vuelta-a-san-juan-espn-transmitira-las-ultimas-dos-horas-de-carrera-en-vivo\\\/\"]}]},{\"@type\":\"ImageObject\",\"inLanguage\":\"es\",\"@id\":\"https:\\\/\\\/www.sanjuandeportes.com\\\/wp\\\/2017\\\/12\\\/27\\\/36vuelta-a-san-juan-espn-transmitira-las-ultimas-dos-horas-de-carrera-en-vivo\\\/#primaryimage\",\"url\":\"http:\\\/\\\/www.sanjuandeportes.com\\\/wp\\\/wp-content\\\/uploads\\\/2017\\\/12\\\/vuelta-2016.jpg\",\"contentUrl\":\"http:\\\/\\\/www.sanjuandeportes.com\\\/wp\\\/wp-content\\\/uploads\\\/2017\\\/12\\\/vuelta-2016.jpg\",\"width\":999,\"height\":666},{\"@type\":\"BreadcrumbList\",\"@id\":\"https:\\\/\\\/www.sanjuandeportes.com\\\/wp\\\/2017\\\/12\\\/27\\\/36vuelta-a-san-juan-espn-transmitira-las-ultimas-dos-horas-de-carrera-en-vivo\\\/#breadcrumb\",\"itemListElement\":[{\"@type\":\"ListItem\",\"position\":1,\"name\":\"Portada\",\"item\":\"http:\\\/\\\/www.sanjuandeportes.com\\\/wp\\\/\"},{\"@type\":\"ListItem\",\"position\":2,\"name\":\"36\u00b0Vuelta a San Juan: ESPN transmitir\u00e1 las \u00faltimas dos horas de carrera en vivo\"}]},{\"@type\":\"WebSite\",\"@id\":\"http:\\\/\\\/www.sanjuandeportes.com\\\/wp\\\/#website\",\"url\":\"http:\\\/\\\/www.sanjuandeportes.com\\\/wp\\\/\",\"name\":\"San Juan Deportes\",\"description\":\"El sitio de deportes de la provincia de San Juan\",\"publisher\":{\"@id\":\"http:\\\/\\\/www.sanjuandeportes.com\\\/wp\\\/#organization\"},\"potentialAction\":[{\"@type\":\"SearchAction\",\"target\":{\"@type\":\"EntryPoint\",\"urlTemplate\":\"http:\\\/\\\/www.sanjuandeportes.com\\\/wp\\\/?s={search_term_string}\"},\"query-input\":{\"@type\":\"PropertyValueSpecification\",\"valueRequired\":true,\"valueName\":\"search_term_string\"}}],\"inLanguage\":\"es\"},{\"@type\":\"Organization\",\"@id\":\"http:\\\/\\\/www.sanjuandeportes.com\\\/wp\\\/#organization\",\"name\":\"San Juan Deportes\",\"url\":\"http:\\\/\\\/www.sanjuandeportes.com\\\/wp\\\/\",\"logo\":{\"@type\":\"ImageObject\",\"inLanguage\":\"es\",\"@id\":\"http:\\\/\\\/www.sanjuandeportes.com\\\/wp\\\/#\\\/schema\\\/logo\\\/image\\\/\",\"url\":\"https:\\\/\\\/www.sanjuandeportes.com\\\/wp\\\/wp-content\\\/uploads\\\/unnamed.jpg\",\"contentUrl\":\"https:\\\/\\\/www.sanjuandeportes.com\\\/wp\\\/wp-content\\\/uploads\\\/unnamed.jpg\",\"width\":900,\"height\":900,\"caption\":\"San Juan Deportes\"},\"image\":{\"@id\":\"http:\\\/\\\/www.sanjuandeportes.com\\\/wp\\\/#\\\/schema\\\/logo\\\/image\\\/\"},\"sameAs\":[\"https:\\\/\\\/www.facebook.com\\\/sanjuandeportesok\",\"https:\\\/\\\/x.com\\\/SanJuanDeportes\",\"https:\\\/\\\/www.instagram.com\\\/sanjuandeportes\"]},{\"@type\":\"Person\",\"@id\":\"http:\\\/\\\/www.sanjuandeportes.com\\\/wp\\\/#\\\/schema\\\/person\\\/d8e3463931719391897f9c7a6d1bb7b3\",\"name\":\"admin\",\"image\":{\"@type\":\"ImageObject\",\"inLanguage\":\"es\",\"@id\":\"https:\\\/\\\/secure.gravatar.com\\\/avatar\\\/c4deacdacf798758c71e8e4f4ca4bcf755ae082e386babce41b35a278703bed5?s=96&d=mm&r=g\",\"url\":\"https:\\\/\\\/secure.gravatar.com\\\/avatar\\\/c4deacdacf798758c71e8e4f4ca4bcf755ae082e386babce41b35a278703bed5?s=96&d=mm&r=g\",\"contentUrl\":\"https:\\\/\\\/secure.gravatar.com\\\/avatar\\\/c4deacdacf798758c71e8e4f4ca4bcf755ae082e386babce41b35a278703bed5?s=96&d=mm&r=g\",\"caption\":\"admin\"},\"url\":\"http:\\\/\\\/www.sanjuandeportes.com\\\/wp\\\/author\\\/admin\\\/\"}]}<\/script>\n<!-- \/ Yoast SEO plugin. -->","yoast_head_json":{"title":"36\u00b0Vuelta a San Juan: ESPN transmitir\u00e1 las \u00faltimas dos horas de carrera en vivo - San Juan Deportes","robots":{"index":"index","follow":"follow","max-snippet":"max-snippet:-1","max-image-preview":"max-image-preview:large","max-video-preview":"max-video-preview:-1"},"canonical":"https:\/\/www.sanjuandeportes.com\/wp\/2017\/12\/27\/36vuelta-a-san-juan-espn-transmitira-las-ultimas-dos-horas-de-carrera-en-vivo\/","og_locale":"es_ES","og_type":"article","og_title":"36\u00b0Vuelta a San Juan: ESPN transmitir\u00e1 las \u00faltimas dos horas de carrera en vivo - San Juan Deportes","og_description":"La victoria del argentino Maxi Richeze en una de las etapas de la edici\u00f3n 35\u00b0 El crecimiento de la Vuelta a San Juan contin\u00faa en pleno ascenso. La competencia parece no tener techo. Siete equipos World Tour, cinco Profesionales Continentales, nueve continentales y seis selecciones nacionales estar\u00e1n presentes en la 36\u00aa edici\u00f3n de la carrera [&hellip;]","og_url":"https:\/\/www.sanjuandeportes.com\/wp\/2017\/12\/27\/36vuelta-a-san-juan-espn-transmitira-las-ultimas-dos-horas-de-carrera-en-vivo\/","og_site_name":"San Juan Deportes","article_publisher":"https:\/\/www.facebook.com\/sanjuandeportesok","article_published_time":"2017-12-27T00:55:08+00:00","article_modified_time":"2017-12-27T00:58:23+00:00","og_image":[{"width":999,"height":666,"url":"https:\/\/www.sanjuandeportes.com\/wp\/wp-content\/uploads\/2017\/12\/vuelta-2016.jpg","type":"image\/jpeg"}],"author":"admin","twitter_card":"summary_large_image","twitter_creator":"@SanJuanDeportes","twitter_site":"@SanJuanDeportes","twitter_misc":{"Escrito por":"admin","Tiempo de lectura":"4 minutos"},"schema":{"@context":"https:\/\/schema.org","@graph":[{"@type":"Article","@id":"https:\/\/www.sanjuandeportes.com\/wp\/2017\/12\/27\/36vuelta-a-san-juan-espn-transmitira-las-ultimas-dos-horas-de-carrera-en-vivo\/#article","isPartOf":{"@id":"https:\/\/www.sanjuandeportes.com\/wp\/2017\/12\/27\/36vuelta-a-san-juan-espn-transmitira-las-ultimas-dos-horas-de-carrera-en-vivo\/"},"author":{"name":"admin","@id":"http:\/\/www.sanjuandeportes.com\/wp\/#\/schema\/person\/d8e3463931719391897f9c7a6d1bb7b3"},"headline":"36\u00b0Vuelta a San Juan: ESPN transmitir\u00e1 las \u00faltimas dos horas de carrera en vivo","datePublished":"2017-12-27T00:55:08+00:00","dateModified":"2017-12-27T00:58:23+00:00","mainEntityOfPage":{"@id":"https:\/\/www.sanjuandeportes.com\/wp\/2017\/12\/27\/36vuelta-a-san-juan-espn-transmitira-las-ultimas-dos-horas-de-carrera-en-vivo\/"},"wordCount":808,"commentCount":0,"publisher":{"@id":"http:\/\/www.sanjuandeportes.com\/wp\/#organization"},"image":{"@id":"https:\/\/www.sanjuandeportes.com\/wp\/2017\/12\/27\/36vuelta-a-san-juan-espn-transmitira-las-ultimas-dos-horas-de-carrera-en-vivo\/#primaryimage"},"thumbnailUrl":"http:\/\/www.sanjuandeportes.com\/wp\/wp-content\/uploads\/2017\/12\/vuelta-2016.jpg","articleSection":["Ciclismo","Featured"],"inLanguage":"es","potentialAction":[{"@type":"CommentAction","name":"Comment","target":["https:\/\/www.sanjuandeportes.com\/wp\/2017\/12\/27\/36vuelta-a-san-juan-espn-transmitira-las-ultimas-dos-horas-de-carrera-en-vivo\/#respond"]}]},{"@type":"WebPage","@id":"https:\/\/www.sanjuandeportes.com\/wp\/2017\/12\/27\/36vuelta-a-san-juan-espn-transmitira-las-ultimas-dos-horas-de-carrera-en-vivo\/","url":"https:\/\/www.sanjuandeportes.com\/wp\/2017\/12\/27\/36vuelta-a-san-juan-espn-transmitira-las-ultimas-dos-horas-de-carrera-en-vivo\/","name":"36\u00b0Vuelta a San Juan: ESPN transmitir\u00e1 las \u00faltimas dos horas de carrera en vivo - San Juan Deportes","isPartOf":{"@id":"http:\/\/www.sanjuandeportes.com\/wp\/#website"},"primaryImageOfPage":{"@id":"https:\/\/www.sanjuandeportes.com\/wp\/2017\/12\/27\/36vuelta-a-san-juan-espn-transmitira-las-ultimas-dos-horas-de-carrera-en-vivo\/#primaryimage"},"image":{"@id":"https:\/\/www.sanjuandeportes.com\/wp\/2017\/12\/27\/36vuelta-a-san-juan-espn-transmitira-las-ultimas-dos-horas-de-carrera-en-vivo\/#primaryimage"},"thumbnailUrl":"http:\/\/www.sanjuandeportes.com\/wp\/wp-content\/uploads\/2017\/12\/vuelta-2016.jpg","datePublished":"2017-12-27T00:55:08+00:00","dateModified":"2017-12-27T00:58:23+00:00","breadcrumb":{"@id":"https:\/\/www.sanjuandeportes.com\/wp\/2017\/12\/27\/36vuelta-a-san-juan-espn-transmitira-las-ultimas-dos-horas-de-carrera-en-vivo\/#breadcrumb"},"inLanguage":"es","potentialAction":[{"@type":"ReadAction","target":["https:\/\/www.sanjuandeportes.com\/wp\/2017\/12\/27\/36vuelta-a-san-juan-espn-transmitira-las-ultimas-dos-horas-de-carrera-en-vivo\/"]}]},{"@type":"ImageObject","inLanguage":"es","@id":"https:\/\/www.sanjuandeportes.com\/wp\/2017\/12\/27\/36vuelta-a-san-juan-espn-transmitira-las-ultimas-dos-horas-de-carrera-en-vivo\/#primaryimage","url":"http:\/\/www.sanjuandeportes.com\/wp\/wp-content\/uploads\/2017\/12\/vuelta-2016.jpg","contentUrl":"http:\/\/www.sanjuandeportes.com\/wp\/wp-content\/uploads\/2017\/12\/vuelta-2016.jpg","width":999,"height":666},{"@type":"BreadcrumbList","@id":"https:\/\/www.sanjuandeportes.com\/wp\/2017\/12\/27\/36vuelta-a-san-juan-espn-transmitira-las-ultimas-dos-horas-de-carrera-en-vivo\/#breadcrumb","itemListElement":[{"@type":"ListItem","position":1,"name":"Portada","item":"http:\/\/www.sanjuandeportes.com\/wp\/"},{"@type":"ListItem","position":2,"name":"36\u00b0Vuelta a San Juan: ESPN transmitir\u00e1 las \u00faltimas dos horas de carrera en vivo"}]},{"@type":"WebSite","@id":"http:\/\/www.sanjuandeportes.com\/wp\/#website","url":"http:\/\/www.sanjuandeportes.com\/wp\/","name":"San Juan Deportes","description":"El sitio de deportes de la provincia de San Juan","publisher":{"@id":"http:\/\/www.sanjuandeportes.com\/wp\/#organization"},"potentialAction":[{"@type":"SearchAction","target":{"@type":"EntryPoint","urlTemplate":"http:\/\/www.sanjuandeportes.com\/wp\/?s={search_term_string}"},"query-input":{"@type":"PropertyValueSpecification","valueRequired":true,"valueName":"search_term_string"}}],"inLanguage":"es"},{"@type":"Organization","@id":"http:\/\/www.sanjuandeportes.com\/wp\/#organization","name":"San Juan Deportes","url":"http:\/\/www.sanjuandeportes.com\/wp\/","logo":{"@type":"ImageObject","inLanguage":"es","@id":"http:\/\/www.sanjuandeportes.com\/wp\/#\/schema\/logo\/image\/","url":"https:\/\/www.sanjuandeportes.com\/wp\/wp-content\/uploads\/unnamed.jpg","contentUrl":"https:\/\/www.sanjuandeportes.com\/wp\/wp-content\/uploads\/unnamed.jpg","width":900,"height":900,"caption":"San Juan Deportes"},"image":{"@id":"http:\/\/www.sanjuandeportes.com\/wp\/#\/schema\/logo\/image\/"},"sameAs":["https:\/\/www.facebook.com\/sanjuandeportesok","https:\/\/x.com\/SanJuanDeportes","https:\/\/www.instagram.com\/sanjuandeportes"]},{"@type":"Person","@id":"http:\/\/www.sanjuandeportes.com\/wp\/#\/schema\/person\/d8e3463931719391897f9c7a6d1bb7b3","name":"admin","image":{"@type":"ImageObject","inLanguage":"es","@id":"https:\/\/secure.gravatar.com\/avatar\/c4deacdacf798758c71e8e4f4ca4bcf755ae082e386babce41b35a278703bed5?s=96&d=mm&r=g","url":"https:\/\/secure.gravatar.com\/avatar\/c4deacdacf798758c71e8e4f4ca4bcf755ae082e386babce41b35a278703bed5?s=96&d=mm&r=g","contentUrl":"https:\/\/secure.gravatar.com\/avatar\/c4deacdacf798758c71e8e4f4ca4bcf755ae082e386babce41b35a278703bed5?s=96&d=mm&r=g","caption":"admin"},"url":"http:\/\/www.sanjuandeportes.com\/wp\/author\/admin\/"}]}},"_links":{"self":[{"href":"http:\/\/www.sanjuandeportes.com\/wp\/wp-json\/wp\/v2\/posts\/1216","targetHints":{"allow":["GET"]}}],"collection":[{"href":"http:\/\/www.sanjuandeportes.com\/wp\/wp-json\/wp\/v2\/posts"}],"about":[{"href":"http:\/\/www.sanjuandeportes.com\/wp\/wp-json\/wp\/v2\/types\/post"}],"author":[{"embeddable":true,"href":"http:\/\/www.sanjuandeportes.com\/wp\/wp-json\/wp\/v2\/users\/1"}],"replies":[{"embeddable":true,"href":"http:\/\/www.sanjuandeportes.com\/wp\/wp-json\/wp\/v2\/comments?post=1216"}],"version-history":[{"count":4,"href":"http:\/\/www.sanjuandeportes.com\/wp\/wp-json\/wp\/v2\/posts\/1216\/revisions"}],"predecessor-version":[{"id":1221,"href":"http:\/\/www.sanjuandeportes.com\/wp\/wp-json\/wp\/v2\/posts\/1216\/revisions\/1221"}],"wp:featuredmedia":[{"embeddable":true,"href":"http:\/\/www.sanjuandeportes.com\/wp\/wp-json\/wp\/v2\/media\/1217"}],"wp:attachment":[{"href":"http:\/\/www.sanjuandeportes.com\/wp\/wp-json\/wp\/v2\/media?parent=1216"}],"wp:term":[{"taxonomy":"category","embeddable":true,"href":"http:\/\/www.sanjuandeportes.com\/wp\/wp-json\/wp\/v2\/categories?post=1216"},{"taxonomy":"post_tag","embeddable":true,"href":"http:\/\/www.sanjuandeportes.com\/wp\/wp-json\/wp\/v2\/tags?post=1216"}],"curies":[{"name":"wp","href":"https:\/\/api.w.org\/{rel}","templated":true}]}}