{"id":12225,"date":"2021-02-19T15:12:16","date_gmt":"2021-02-19T15:12:16","guid":{"rendered":"http:\/\/www.sanjuandeportes.com\/wp\/?p=12225"},"modified":"2021-02-23T15:31:29","modified_gmt":"2021-02-23T15:31:29","slug":"pablo-cozzani-el-amistoso-fue-positivo-mas-alla-del-empate","status":"publish","type":"post","link":"http:\/\/www.sanjuandeportes.com\/wp\/2021\/02\/19\/pablo-cozzani-el-amistoso-fue-positivo-mas-alla-del-empate\/","title":{"rendered":"Pablo Cozzani: \u201cEl amistoso fue positivo m\u00e1s all\u00e1 del empate\u201d"},"content":{"rendered":"<p>Comienzan las pruebas preparatorias para el elenco sanjuanino que apunta sus ca\u00f1ones al pr\u00f3ximo torneo de la Primera Nacional.\u00a0<em><strong><a href=\"http:\/\/www.sanjuandeportes.com\/wp\/2021\/02\/18\/doble-empate-para-el-verdinegro-en-su-primer-amistoso\/\">El pasado jueves, San Mart\u00edn de San Juan enfrent\u00f3 en el Hilario S\u00e1nchez a Independiente Rivadavia <\/a><\/strong><\/em>y luego de los dos empates (0-0; 1-1) el arquero Juan Pablo Cozzani dialog\u00f3 en exclusiva con Solo Ascenso.<\/p>\n<p><strong>\u201cEl amistoso fue positivo m\u00e1s all\u00e1 del empate, pudimos soltarnos en esta pretemporada dura y aunque 45 minutos fueron poco, sirvieron para ir agarrando el estilo que quiere Paulo (Ferrari)<\/strong>\u201d, coment\u00f3 el arquero proveniente de Lan\u00fas.<\/p>\n<p>Y, asimismo, agreg\u00f3 sobre la idea del cuerpo t\u00e9cnico: <strong>\u201cQuieren un equipo intenso, protagonista, que corra y a la vez tenga intensidad en los circuitos de juego\u201d.<\/strong><\/p>\n<p>Hasta el momento el Verdinegro incorpor\u00f3 cuatro jugadores y Cozzani cerr\u00f3 sobre ellos: <strong>\u201cTodav\u00eda no participaron en ninguna pr\u00e1ctica, pero los veo comprometidos, con muchas ganas y cada uno va a aportar su granito de arena al equipo\u201d.<\/strong><\/p>\n<p>Fuente: Solo Ascenso<\/p>\n","protected":false},"excerpt":{"rendered":"<p>Comienzan las pruebas preparatorias para el elenco sanjuanino que apunta sus ca\u00f1ones al pr\u00f3ximo torneo de la Primera Nacional.\u00a0El pasado jueves, San Mart\u00edn de San Juan enfrent\u00f3 en el Hilario S\u00e1nchez a Independiente Rivadavia y luego de los dos empates (0-0; 1-1) el arquero Juan Pablo Cozzani dialog\u00f3 en exclusiva con Solo Ascenso. \u201cEl amistoso [&hellip;]<\/p>\n","protected":false},"author":5,"featured_media":12226,"comment_status":"open","ping_status":"open","sticky":false,"template":"","format":"standard","meta":{"footnotes":""},"categories":[24,720,178],"tags":[],"class_list":["post-12225","post","type-post","status-publish","format-standard","has-post-thumbnail","hentry","category-futbol","category-primera-nacional","category-san-juan"],"yoast_head":"<!-- This site is optimized with the Yoast SEO plugin v28.2 - https:\/\/yoast.com\/product\/yoast-seo-wordpress\/ -->\n<title>Pablo Cozzani: \u201cEl amistoso fue positivo m\u00e1s all\u00e1 del empate\u201d - San Juan Deportes<\/title>\n<meta name=\"robots\" content=\"index, follow, max-snippet:-1, max-image-preview:large, max-video-preview:-1\" \/>\n<link rel=\"canonical\" href=\"http:\/\/www.sanjuandeportes.com\/wp\/2021\/02\/19\/pablo-cozzani-el-amistoso-fue-positivo-mas-alla-del-empate\/\" \/>\n<meta property=\"og:locale\" content=\"es_ES\" \/>\n<meta property=\"og:type\" content=\"article\" \/>\n<meta property=\"og:title\" content=\"Pablo Cozzani: \u201cEl amistoso fue positivo m\u00e1s all\u00e1 del empate\u201d - San Juan Deportes\" \/>\n<meta property=\"og:description\" content=\"Comienzan las pruebas preparatorias para el elenco sanjuanino que apunta sus ca\u00f1ones al pr\u00f3ximo torneo de la Primera Nacional.\u00a0El pasado jueves, San Mart\u00edn de San Juan enfrent\u00f3 en el Hilario S\u00e1nchez a Independiente Rivadavia y luego de los dos empates (0-0; 1-1) el arquero Juan Pablo Cozzani dialog\u00f3 en exclusiva con Solo Ascenso. \u201cEl amistoso [&hellip;]\" \/>\n<meta property=\"og:url\" content=\"http:\/\/www.sanjuandeportes.com\/wp\/2021\/02\/19\/pablo-cozzani-el-amistoso-fue-positivo-mas-alla-del-empate\/\" \/>\n<meta property=\"og:site_name\" content=\"San Juan Deportes\" \/>\n<meta property=\"article:publisher\" content=\"https:\/\/www.facebook.com\/sanjuandeportesok\" \/>\n<meta property=\"article:published_time\" content=\"2021-02-19T15:12:16+00:00\" \/>\n<meta property=\"article:modified_time\" content=\"2021-02-23T15:31:29+00:00\" \/>\n<meta property=\"og:image\" content=\"http:\/\/www.sanjuandeportes.com\/wp\/wp-content\/uploads\/2021\/02\/Cozzani-4.jpg\" \/>\n\t<meta property=\"og:image:width\" content=\"560\" \/>\n\t<meta property=\"og:image:height\" content=\"477\" \/>\n\t<meta property=\"og:image:type\" content=\"image\/jpeg\" \/>\n<meta name=\"author\" content=\"Pablo Pujado\" \/>\n<meta name=\"twitter:card\" content=\"summary_large_image\" \/>\n<meta name=\"twitter:creator\" content=\"@SanJuanDeportes\" \/>\n<meta name=\"twitter:site\" content=\"@SanJuanDeportes\" \/>\n<meta name=\"twitter:label1\" content=\"Escrito por\" \/>\n\t<meta name=\"twitter:data1\" content=\"Pablo Pujado\" \/>\n\t<meta name=\"twitter:label2\" content=\"Tiempo de lectura\" \/>\n\t<meta name=\"twitter:data2\" content=\"1 minuto\" \/>\n<script type=\"application\/ld+json\" class=\"yoast-schema-graph\">{\"@context\":\"https:\\\/\\\/schema.org\",\"@graph\":[{\"@type\":\"Article\",\"@id\":\"http:\\\/\\\/www.sanjuandeportes.com\\\/wp\\\/2021\\\/02\\\/19\\\/pablo-cozzani-el-amistoso-fue-positivo-mas-alla-del-empate\\\/#article\",\"isPartOf\":{\"@id\":\"http:\\\/\\\/www.sanjuandeportes.com\\\/wp\\\/2021\\\/02\\\/19\\\/pablo-cozzani-el-amistoso-fue-positivo-mas-alla-del-empate\\\/\"},\"author\":{\"name\":\"Pablo Pujado\",\"@id\":\"https:\\\/\\\/www.sanjuandeportes.com\\\/wp\\\/#\\\/schema\\\/person\\\/eda4d8e62a5d42b111781e3cdfcb9c3a\"},\"headline\":\"Pablo Cozzani: \u201cEl amistoso fue positivo m\u00e1s all\u00e1 del empate\u201d\",\"datePublished\":\"2021-02-19T15:12:16+00:00\",\"dateModified\":\"2021-02-23T15:31:29+00:00\",\"mainEntityOfPage\":{\"@id\":\"http:\\\/\\\/www.sanjuandeportes.com\\\/wp\\\/2021\\\/02\\\/19\\\/pablo-cozzani-el-amistoso-fue-positivo-mas-alla-del-empate\\\/\"},\"wordCount\":177,\"commentCount\":0,\"publisher\":{\"@id\":\"https:\\\/\\\/www.sanjuandeportes.com\\\/wp\\\/#organization\"},\"image\":{\"@id\":\"http:\\\/\\\/www.sanjuandeportes.com\\\/wp\\\/2021\\\/02\\\/19\\\/pablo-cozzani-el-amistoso-fue-positivo-mas-alla-del-empate\\\/#primaryimage\"},\"thumbnailUrl\":\"http:\\\/\\\/www.sanjuandeportes.com\\\/wp\\\/wp-content\\\/uploads\\\/2021\\\/02\\\/Cozzani-4.jpg\",\"articleSection\":[\"Futbol\",\"Primera Nacional\",\"San Juan\"],\"inLanguage\":\"es\",\"potentialAction\":[{\"@type\":\"CommentAction\",\"name\":\"Comment\",\"target\":[\"http:\\\/\\\/www.sanjuandeportes.com\\\/wp\\\/2021\\\/02\\\/19\\\/pablo-cozzani-el-amistoso-fue-positivo-mas-alla-del-empate\\\/#respond\"]}]},{\"@type\":\"WebPage\",\"@id\":\"http:\\\/\\\/www.sanjuandeportes.com\\\/wp\\\/2021\\\/02\\\/19\\\/pablo-cozzani-el-amistoso-fue-positivo-mas-alla-del-empate\\\/\",\"url\":\"http:\\\/\\\/www.sanjuandeportes.com\\\/wp\\\/2021\\\/02\\\/19\\\/pablo-cozzani-el-amistoso-fue-positivo-mas-alla-del-empate\\\/\",\"name\":\"Pablo Cozzani: \u201cEl amistoso fue positivo m\u00e1s all\u00e1 del empate\u201d - San Juan Deportes\",\"isPartOf\":{\"@id\":\"https:\\\/\\\/www.sanjuandeportes.com\\\/wp\\\/#website\"},\"primaryImageOfPage\":{\"@id\":\"http:\\\/\\\/www.sanjuandeportes.com\\\/wp\\\/2021\\\/02\\\/19\\\/pablo-cozzani-el-amistoso-fue-positivo-mas-alla-del-empate\\\/#primaryimage\"},\"image\":{\"@id\":\"http:\\\/\\\/www.sanjuandeportes.com\\\/wp\\\/2021\\\/02\\\/19\\\/pablo-cozzani-el-amistoso-fue-positivo-mas-alla-del-empate\\\/#primaryimage\"},\"thumbnailUrl\":\"http:\\\/\\\/www.sanjuandeportes.com\\\/wp\\\/wp-content\\\/uploads\\\/2021\\\/02\\\/Cozzani-4.jpg\",\"datePublished\":\"2021-02-19T15:12:16+00:00\",\"dateModified\":\"2021-02-23T15:31:29+00:00\",\"breadcrumb\":{\"@id\":\"http:\\\/\\\/www.sanjuandeportes.com\\\/wp\\\/2021\\\/02\\\/19\\\/pablo-cozzani-el-amistoso-fue-positivo-mas-alla-del-empate\\\/#breadcrumb\"},\"inLanguage\":\"es\",\"potentialAction\":[{\"@type\":\"ReadAction\",\"target\":[\"http:\\\/\\\/www.sanjuandeportes.com\\\/wp\\\/2021\\\/02\\\/19\\\/pablo-cozzani-el-amistoso-fue-positivo-mas-alla-del-empate\\\/\"]}]},{\"@type\":\"ImageObject\",\"inLanguage\":\"es\",\"@id\":\"http:\\\/\\\/www.sanjuandeportes.com\\\/wp\\\/2021\\\/02\\\/19\\\/pablo-cozzani-el-amistoso-fue-positivo-mas-alla-del-empate\\\/#primaryimage\",\"url\":\"http:\\\/\\\/www.sanjuandeportes.com\\\/wp\\\/wp-content\\\/uploads\\\/2021\\\/02\\\/Cozzani-4.jpg\",\"contentUrl\":\"http:\\\/\\\/www.sanjuandeportes.com\\\/wp\\\/wp-content\\\/uploads\\\/2021\\\/02\\\/Cozzani-4.jpg\",\"width\":560,\"height\":477},{\"@type\":\"BreadcrumbList\",\"@id\":\"http:\\\/\\\/www.sanjuandeportes.com\\\/wp\\\/2021\\\/02\\\/19\\\/pablo-cozzani-el-amistoso-fue-positivo-mas-alla-del-empate\\\/#breadcrumb\",\"itemListElement\":[{\"@type\":\"ListItem\",\"position\":1,\"name\":\"Portada\",\"item\":\"http:\\\/\\\/www.sanjuandeportes.com\\\/wp\\\/\"},{\"@type\":\"ListItem\",\"position\":2,\"name\":\"Pablo Cozzani: \u201cEl amistoso fue positivo m\u00e1s all\u00e1 del empate\u201d\"}]},{\"@type\":\"WebSite\",\"@id\":\"https:\\\/\\\/www.sanjuandeportes.com\\\/wp\\\/#website\",\"url\":\"https:\\\/\\\/www.sanjuandeportes.com\\\/wp\\\/\",\"name\":\"San Juan Deportes\",\"description\":\"El sitio de deportes de la provincia de San Juan\",\"publisher\":{\"@id\":\"https:\\\/\\\/www.sanjuandeportes.com\\\/wp\\\/#organization\"},\"potentialAction\":[{\"@type\":\"SearchAction\",\"target\":{\"@type\":\"EntryPoint\",\"urlTemplate\":\"https:\\\/\\\/www.sanjuandeportes.com\\\/wp\\\/?s={search_term_string}\"},\"query-input\":{\"@type\":\"PropertyValueSpecification\",\"valueRequired\":true,\"valueName\":\"search_term_string\"}}],\"inLanguage\":\"es\"},{\"@type\":\"Organization\",\"@id\":\"https:\\\/\\\/www.sanjuandeportes.com\\\/wp\\\/#organization\",\"name\":\"San Juan Deportes\",\"url\":\"https:\\\/\\\/www.sanjuandeportes.com\\\/wp\\\/\",\"logo\":{\"@type\":\"ImageObject\",\"inLanguage\":\"es\",\"@id\":\"https:\\\/\\\/www.sanjuandeportes.com\\\/wp\\\/#\\\/schema\\\/logo\\\/image\\\/\",\"url\":\"https:\\\/\\\/www.sanjuandeportes.com\\\/wp\\\/wp-content\\\/uploads\\\/unnamed.jpg\",\"contentUrl\":\"https:\\\/\\\/www.sanjuandeportes.com\\\/wp\\\/wp-content\\\/uploads\\\/unnamed.jpg\",\"width\":900,\"height\":900,\"caption\":\"San Juan Deportes\"},\"image\":{\"@id\":\"https:\\\/\\\/www.sanjuandeportes.com\\\/wp\\\/#\\\/schema\\\/logo\\\/image\\\/\"},\"sameAs\":[\"https:\\\/\\\/www.facebook.com\\\/sanjuandeportesok\",\"https:\\\/\\\/x.com\\\/SanJuanDeportes\",\"https:\\\/\\\/www.instagram.com\\\/sanjuandeportes\"]},{\"@type\":\"Person\",\"@id\":\"https:\\\/\\\/www.sanjuandeportes.com\\\/wp\\\/#\\\/schema\\\/person\\\/eda4d8e62a5d42b111781e3cdfcb9c3a\",\"name\":\"Pablo Pujado\",\"image\":{\"@type\":\"ImageObject\",\"inLanguage\":\"es\",\"@id\":\"https:\\\/\\\/secure.gravatar.com\\\/avatar\\\/310b69d28112912c333408a462a9837208de951b1e7c11514781740412f648b1?s=96&d=mm&r=g\",\"url\":\"https:\\\/\\\/secure.gravatar.com\\\/avatar\\\/310b69d28112912c333408a462a9837208de951b1e7c11514781740412f648b1?s=96&d=mm&r=g\",\"contentUrl\":\"https:\\\/\\\/secure.gravatar.com\\\/avatar\\\/310b69d28112912c333408a462a9837208de951b1e7c11514781740412f648b1?s=96&d=mm&r=g\",\"caption\":\"Pablo Pujado\"},\"url\":\"http:\\\/\\\/www.sanjuandeportes.com\\\/wp\\\/author\\\/pablo-pujado\\\/\"}]}<\/script>\n<!-- \/ Yoast SEO plugin. -->","yoast_head_json":{"title":"Pablo Cozzani: \u201cEl amistoso fue positivo m\u00e1s all\u00e1 del empate\u201d - San Juan Deportes","robots":{"index":"index","follow":"follow","max-snippet":"max-snippet:-1","max-image-preview":"max-image-preview:large","max-video-preview":"max-video-preview:-1"},"canonical":"http:\/\/www.sanjuandeportes.com\/wp\/2021\/02\/19\/pablo-cozzani-el-amistoso-fue-positivo-mas-alla-del-empate\/","og_locale":"es_ES","og_type":"article","og_title":"Pablo Cozzani: \u201cEl amistoso fue positivo m\u00e1s all\u00e1 del empate\u201d - San Juan Deportes","og_description":"Comienzan las pruebas preparatorias para el elenco sanjuanino que apunta sus ca\u00f1ones al pr\u00f3ximo torneo de la Primera Nacional.\u00a0El pasado jueves, San Mart\u00edn de San Juan enfrent\u00f3 en el Hilario S\u00e1nchez a Independiente Rivadavia y luego de los dos empates (0-0; 1-1) el arquero Juan Pablo Cozzani dialog\u00f3 en exclusiva con Solo Ascenso. \u201cEl amistoso [&hellip;]","og_url":"http:\/\/www.sanjuandeportes.com\/wp\/2021\/02\/19\/pablo-cozzani-el-amistoso-fue-positivo-mas-alla-del-empate\/","og_site_name":"San Juan Deportes","article_publisher":"https:\/\/www.facebook.com\/sanjuandeportesok","article_published_time":"2021-02-19T15:12:16+00:00","article_modified_time":"2021-02-23T15:31:29+00:00","og_image":[{"width":560,"height":477,"url":"http:\/\/www.sanjuandeportes.com\/wp\/wp-content\/uploads\/2021\/02\/Cozzani-4.jpg","type":"image\/jpeg"}],"author":"Pablo Pujado","twitter_card":"summary_large_image","twitter_creator":"@SanJuanDeportes","twitter_site":"@SanJuanDeportes","twitter_misc":{"Escrito por":"Pablo Pujado","Tiempo de lectura":"1 minuto"},"schema":{"@context":"https:\/\/schema.org","@graph":[{"@type":"Article","@id":"http:\/\/www.sanjuandeportes.com\/wp\/2021\/02\/19\/pablo-cozzani-el-amistoso-fue-positivo-mas-alla-del-empate\/#article","isPartOf":{"@id":"http:\/\/www.sanjuandeportes.com\/wp\/2021\/02\/19\/pablo-cozzani-el-amistoso-fue-positivo-mas-alla-del-empate\/"},"author":{"name":"Pablo Pujado","@id":"https:\/\/www.sanjuandeportes.com\/wp\/#\/schema\/person\/eda4d8e62a5d42b111781e3cdfcb9c3a"},"headline":"Pablo Cozzani: \u201cEl amistoso fue positivo m\u00e1s all\u00e1 del empate\u201d","datePublished":"2021-02-19T15:12:16+00:00","dateModified":"2021-02-23T15:31:29+00:00","mainEntityOfPage":{"@id":"http:\/\/www.sanjuandeportes.com\/wp\/2021\/02\/19\/pablo-cozzani-el-amistoso-fue-positivo-mas-alla-del-empate\/"},"wordCount":177,"commentCount":0,"publisher":{"@id":"https:\/\/www.sanjuandeportes.com\/wp\/#organization"},"image":{"@id":"http:\/\/www.sanjuandeportes.com\/wp\/2021\/02\/19\/pablo-cozzani-el-amistoso-fue-positivo-mas-alla-del-empate\/#primaryimage"},"thumbnailUrl":"http:\/\/www.sanjuandeportes.com\/wp\/wp-content\/uploads\/2021\/02\/Cozzani-4.jpg","articleSection":["Futbol","Primera Nacional","San Juan"],"inLanguage":"es","potentialAction":[{"@type":"CommentAction","name":"Comment","target":["http:\/\/www.sanjuandeportes.com\/wp\/2021\/02\/19\/pablo-cozzani-el-amistoso-fue-positivo-mas-alla-del-empate\/#respond"]}]},{"@type":"WebPage","@id":"http:\/\/www.sanjuandeportes.com\/wp\/2021\/02\/19\/pablo-cozzani-el-amistoso-fue-positivo-mas-alla-del-empate\/","url":"http:\/\/www.sanjuandeportes.com\/wp\/2021\/02\/19\/pablo-cozzani-el-amistoso-fue-positivo-mas-alla-del-empate\/","name":"Pablo Cozzani: \u201cEl amistoso fue positivo m\u00e1s all\u00e1 del empate\u201d - San Juan Deportes","isPartOf":{"@id":"https:\/\/www.sanjuandeportes.com\/wp\/#website"},"primaryImageOfPage":{"@id":"http:\/\/www.sanjuandeportes.com\/wp\/2021\/02\/19\/pablo-cozzani-el-amistoso-fue-positivo-mas-alla-del-empate\/#primaryimage"},"image":{"@id":"http:\/\/www.sanjuandeportes.com\/wp\/2021\/02\/19\/pablo-cozzani-el-amistoso-fue-positivo-mas-alla-del-empate\/#primaryimage"},"thumbnailUrl":"http:\/\/www.sanjuandeportes.com\/wp\/wp-content\/uploads\/2021\/02\/Cozzani-4.jpg","datePublished":"2021-02-19T15:12:16+00:00","dateModified":"2021-02-23T15:31:29+00:00","breadcrumb":{"@id":"http:\/\/www.sanjuandeportes.com\/wp\/2021\/02\/19\/pablo-cozzani-el-amistoso-fue-positivo-mas-alla-del-empate\/#breadcrumb"},"inLanguage":"es","potentialAction":[{"@type":"ReadAction","target":["http:\/\/www.sanjuandeportes.com\/wp\/2021\/02\/19\/pablo-cozzani-el-amistoso-fue-positivo-mas-alla-del-empate\/"]}]},{"@type":"ImageObject","inLanguage":"es","@id":"http:\/\/www.sanjuandeportes.com\/wp\/2021\/02\/19\/pablo-cozzani-el-amistoso-fue-positivo-mas-alla-del-empate\/#primaryimage","url":"http:\/\/www.sanjuandeportes.com\/wp\/wp-content\/uploads\/2021\/02\/Cozzani-4.jpg","contentUrl":"http:\/\/www.sanjuandeportes.com\/wp\/wp-content\/uploads\/2021\/02\/Cozzani-4.jpg","width":560,"height":477},{"@type":"BreadcrumbList","@id":"http:\/\/www.sanjuandeportes.com\/wp\/2021\/02\/19\/pablo-cozzani-el-amistoso-fue-positivo-mas-alla-del-empate\/#breadcrumb","itemListElement":[{"@type":"ListItem","position":1,"name":"Portada","item":"http:\/\/www.sanjuandeportes.com\/wp\/"},{"@type":"ListItem","position":2,"name":"Pablo Cozzani: \u201cEl amistoso fue positivo m\u00e1s all\u00e1 del empate\u201d"}]},{"@type":"WebSite","@id":"https:\/\/www.sanjuandeportes.com\/wp\/#website","url":"https:\/\/www.sanjuandeportes.com\/wp\/","name":"San Juan Deportes","description":"El sitio de deportes de la provincia de San Juan","publisher":{"@id":"https:\/\/www.sanjuandeportes.com\/wp\/#organization"},"potentialAction":[{"@type":"SearchAction","target":{"@type":"EntryPoint","urlTemplate":"https:\/\/www.sanjuandeportes.com\/wp\/?s={search_term_string}"},"query-input":{"@type":"PropertyValueSpecification","valueRequired":true,"valueName":"search_term_string"}}],"inLanguage":"es"},{"@type":"Organization","@id":"https:\/\/www.sanjuandeportes.com\/wp\/#organization","name":"San Juan Deportes","url":"https:\/\/www.sanjuandeportes.com\/wp\/","logo":{"@type":"ImageObject","inLanguage":"es","@id":"https:\/\/www.sanjuandeportes.com\/wp\/#\/schema\/logo\/image\/","url":"https:\/\/www.sanjuandeportes.com\/wp\/wp-content\/uploads\/unnamed.jpg","contentUrl":"https:\/\/www.sanjuandeportes.com\/wp\/wp-content\/uploads\/unnamed.jpg","width":900,"height":900,"caption":"San Juan Deportes"},"image":{"@id":"https:\/\/www.sanjuandeportes.com\/wp\/#\/schema\/logo\/image\/"},"sameAs":["https:\/\/www.facebook.com\/sanjuandeportesok","https:\/\/x.com\/SanJuanDeportes","https:\/\/www.instagram.com\/sanjuandeportes"]},{"@type":"Person","@id":"https:\/\/www.sanjuandeportes.com\/wp\/#\/schema\/person\/eda4d8e62a5d42b111781e3cdfcb9c3a","name":"Pablo Pujado","image":{"@type":"ImageObject","inLanguage":"es","@id":"https:\/\/secure.gravatar.com\/avatar\/310b69d28112912c333408a462a9837208de951b1e7c11514781740412f648b1?s=96&d=mm&r=g","url":"https:\/\/secure.gravatar.com\/avatar\/310b69d28112912c333408a462a9837208de951b1e7c11514781740412f648b1?s=96&d=mm&r=g","contentUrl":"https:\/\/secure.gravatar.com\/avatar\/310b69d28112912c333408a462a9837208de951b1e7c11514781740412f648b1?s=96&d=mm&r=g","caption":"Pablo Pujado"},"url":"http:\/\/www.sanjuandeportes.com\/wp\/author\/pablo-pujado\/"}]}},"_links":{"self":[{"href":"http:\/\/www.sanjuandeportes.com\/wp\/wp-json\/wp\/v2\/posts\/12225","targetHints":{"allow":["GET"]}}],"collection":[{"href":"http:\/\/www.sanjuandeportes.com\/wp\/wp-json\/wp\/v2\/posts"}],"about":[{"href":"http:\/\/www.sanjuandeportes.com\/wp\/wp-json\/wp\/v2\/types\/post"}],"author":[{"embeddable":true,"href":"http:\/\/www.sanjuandeportes.com\/wp\/wp-json\/wp\/v2\/users\/5"}],"replies":[{"embeddable":true,"href":"http:\/\/www.sanjuandeportes.com\/wp\/wp-json\/wp\/v2\/comments?post=12225"}],"version-history":[{"count":2,"href":"http:\/\/www.sanjuandeportes.com\/wp\/wp-json\/wp\/v2\/posts\/12225\/revisions"}],"predecessor-version":[{"id":12228,"href":"http:\/\/www.sanjuandeportes.com\/wp\/wp-json\/wp\/v2\/posts\/12225\/revisions\/12228"}],"wp:featuredmedia":[{"embeddable":true,"href":"http:\/\/www.sanjuandeportes.com\/wp\/wp-json\/wp\/v2\/media\/12226"}],"wp:attachment":[{"href":"http:\/\/www.sanjuandeportes.com\/wp\/wp-json\/wp\/v2\/media?parent=12225"}],"wp:term":[{"taxonomy":"category","embeddable":true,"href":"http:\/\/www.sanjuandeportes.com\/wp\/wp-json\/wp\/v2\/categories?post=12225"},{"taxonomy":"post_tag","embeddable":true,"href":"http:\/\/www.sanjuandeportes.com\/wp\/wp-json\/wp\/v2\/tags?post=12225"}],"curies":[{"name":"wp","href":"https:\/\/api.w.org\/{rel}","templated":true}]}}