{"id":1246,"date":"2018-01-05T02:36:53","date_gmt":"2018-01-05T02:36:53","guid":{"rendered":"http:\/\/www.sanjuandeportes.com\/wp\/?p=1246"},"modified":"2018-01-05T02:37:31","modified_gmt":"2018-01-05T02:37:31","slug":"mauricio-quiroga-se-llevo-la-primera-del-giro","status":"publish","type":"post","link":"http:\/\/www.sanjuandeportes.com\/wp\/2018\/01\/05\/mauricio-quiroga-se-llevo-la-primera-del-giro\/","title":{"rendered":"Mauricio Quiroga se llevo la primera del Giro"},"content":{"rendered":"<p>En la primera etapa del Giro del Sol, el Sindicato de Empleados Publicos fue protagonista con Mauricio Quiroga.<\/p>\n<p>Con mucho calor, se disput\u00f3 la primer etapa en linea. Y el triunfo fue para la \u00abBestia\u00bb Mauricio Quiroga. Segundo qued\u00f3 el Willy Lucero y tercero se ubic\u00f3 quien visti\u00f3 la maya l\u00edder en la jornada de Juvea., Nicolas Naranjo. Ac\u00e1 el resumen en n\u00fameros.<\/p>\n<p>&nbsp;<\/p>\n<p><img decoding=\"async\" class=\"alignnone size-full wp-image-1248 lazyload\" data-src=\"http:\/\/www.sanjuandeportes.com\/wp\/wp-content\/uploads\/2018\/01\/FB_IMG_1515119413208.jpg\" alt=\"\" width=\"1190\" height=\"1684\" src=\"data:image\/svg+xml;base64,PHN2ZyB3aWR0aD0iMSIgaGVpZ2h0PSIxIiB4bWxucz0iaHR0cDovL3d3dy53My5vcmcvMjAwMC9zdmciPjwvc3ZnPg==\" style=\"--smush-placeholder-width: 1190px; --smush-placeholder-aspect-ratio: 1190\/1684;\" \/><\/p>\n","protected":false},"excerpt":{"rendered":"<p>En la primera etapa del Giro del Sol, el Sindicato de Empleados Publicos fue protagonista con Mauricio Quiroga. Con mucho calor, se disput\u00f3 la primer etapa en linea. Y el triunfo fue para la \u00abBestia\u00bb Mauricio Quiroga. Segundo qued\u00f3 el Willy Lucero y tercero se ubic\u00f3 quien visti\u00f3 la maya l\u00edder en la jornada de [&hellip;]<\/p>\n","protected":false},"author":1,"featured_media":0,"comment_status":"open","ping_status":"open","sticky":false,"template":"","format":"standard","meta":{"footnotes":""},"categories":[23,2],"tags":[],"class_list":["post-1246","post","type-post","status-publish","format-standard","hentry","category-ciclismo","category-featured"],"yoast_head":"<!-- This site is optimized with the Yoast SEO plugin v28.2 - https:\/\/yoast.com\/product\/yoast-seo-wordpress\/ -->\n<title>Mauricio Quiroga se llevo la primera del Giro - San Juan Deportes<\/title>\n<meta name=\"robots\" content=\"index, follow, max-snippet:-1, max-image-preview:large, max-video-preview:-1\" \/>\n<link rel=\"canonical\" href=\"https:\/\/www.sanjuandeportes.com\/wp\/2018\/01\/05\/mauricio-quiroga-se-llevo-la-primera-del-giro\/\" \/>\n<meta property=\"og:locale\" content=\"es_ES\" \/>\n<meta property=\"og:type\" content=\"article\" \/>\n<meta property=\"og:title\" content=\"Mauricio Quiroga se llevo la primera del Giro - San Juan Deportes\" \/>\n<meta property=\"og:description\" content=\"En la primera etapa del Giro del Sol, el Sindicato de Empleados Publicos fue protagonista con Mauricio Quiroga. Con mucho calor, se disput\u00f3 la primer etapa en linea. Y el triunfo fue para la \u00abBestia\u00bb Mauricio Quiroga. Segundo qued\u00f3 el Willy Lucero y tercero se ubic\u00f3 quien visti\u00f3 la maya l\u00edder en la jornada de [&hellip;]\" \/>\n<meta property=\"og:url\" content=\"https:\/\/www.sanjuandeportes.com\/wp\/2018\/01\/05\/mauricio-quiroga-se-llevo-la-primera-del-giro\/\" \/>\n<meta property=\"og:site_name\" content=\"San Juan Deportes\" \/>\n<meta property=\"article:publisher\" content=\"https:\/\/www.facebook.com\/sanjuandeportesok\" \/>\n<meta property=\"article:published_time\" content=\"2018-01-05T02:36:53+00:00\" \/>\n<meta property=\"article:modified_time\" content=\"2018-01-05T02:37:31+00:00\" \/>\n<meta property=\"og:image\" content=\"http:\/\/www.sanjuandeportes.com\/wp\/wp-content\/uploads\/2018\/01\/FB_IMG_1515119413208.jpg\" \/>\n<meta name=\"author\" content=\"admin\" \/>\n<meta name=\"twitter:card\" content=\"summary_large_image\" \/>\n<meta name=\"twitter:creator\" content=\"@SanJuanDeportes\" \/>\n<meta name=\"twitter:site\" content=\"@SanJuanDeportes\" \/>\n<meta name=\"twitter:label1\" content=\"Escrito por\" \/>\n\t<meta name=\"twitter:data1\" content=\"admin\" \/>\n<script type=\"application\/ld+json\" class=\"yoast-schema-graph\">{\"@context\":\"https:\\\/\\\/schema.org\",\"@graph\":[{\"@type\":\"Article\",\"@id\":\"https:\\\/\\\/www.sanjuandeportes.com\\\/wp\\\/2018\\\/01\\\/05\\\/mauricio-quiroga-se-llevo-la-primera-del-giro\\\/#article\",\"isPartOf\":{\"@id\":\"https:\\\/\\\/www.sanjuandeportes.com\\\/wp\\\/2018\\\/01\\\/05\\\/mauricio-quiroga-se-llevo-la-primera-del-giro\\\/\"},\"author\":{\"name\":\"admin\",\"@id\":\"http:\\\/\\\/www.sanjuandeportes.com\\\/wp\\\/#\\\/schema\\\/person\\\/d8e3463931719391897f9c7a6d1bb7b3\"},\"headline\":\"Mauricio Quiroga se llevo la primera del Giro\",\"datePublished\":\"2018-01-05T02:36:53+00:00\",\"dateModified\":\"2018-01-05T02:37:31+00:00\",\"mainEntityOfPage\":{\"@id\":\"https:\\\/\\\/www.sanjuandeportes.com\\\/wp\\\/2018\\\/01\\\/05\\\/mauricio-quiroga-se-llevo-la-primera-del-giro\\\/\"},\"wordCount\":74,\"commentCount\":0,\"publisher\":{\"@id\":\"http:\\\/\\\/www.sanjuandeportes.com\\\/wp\\\/#organization\"},\"image\":{\"@id\":\"https:\\\/\\\/www.sanjuandeportes.com\\\/wp\\\/2018\\\/01\\\/05\\\/mauricio-quiroga-se-llevo-la-primera-del-giro\\\/#primaryimage\"},\"thumbnailUrl\":\"http:\\\/\\\/www.sanjuandeportes.com\\\/wp\\\/wp-content\\\/uploads\\\/2018\\\/01\\\/FB_IMG_1515119413208.jpg\",\"articleSection\":[\"Ciclismo\",\"Featured\"],\"inLanguage\":\"es\",\"potentialAction\":[{\"@type\":\"CommentAction\",\"name\":\"Comment\",\"target\":[\"https:\\\/\\\/www.sanjuandeportes.com\\\/wp\\\/2018\\\/01\\\/05\\\/mauricio-quiroga-se-llevo-la-primera-del-giro\\\/#respond\"]}]},{\"@type\":\"WebPage\",\"@id\":\"https:\\\/\\\/www.sanjuandeportes.com\\\/wp\\\/2018\\\/01\\\/05\\\/mauricio-quiroga-se-llevo-la-primera-del-giro\\\/\",\"url\":\"https:\\\/\\\/www.sanjuandeportes.com\\\/wp\\\/2018\\\/01\\\/05\\\/mauricio-quiroga-se-llevo-la-primera-del-giro\\\/\",\"name\":\"Mauricio Quiroga se llevo la primera del Giro - San Juan Deportes\",\"isPartOf\":{\"@id\":\"http:\\\/\\\/www.sanjuandeportes.com\\\/wp\\\/#website\"},\"primaryImageOfPage\":{\"@id\":\"https:\\\/\\\/www.sanjuandeportes.com\\\/wp\\\/2018\\\/01\\\/05\\\/mauricio-quiroga-se-llevo-la-primera-del-giro\\\/#primaryimage\"},\"image\":{\"@id\":\"https:\\\/\\\/www.sanjuandeportes.com\\\/wp\\\/2018\\\/01\\\/05\\\/mauricio-quiroga-se-llevo-la-primera-del-giro\\\/#primaryimage\"},\"thumbnailUrl\":\"http:\\\/\\\/www.sanjuandeportes.com\\\/wp\\\/wp-content\\\/uploads\\\/2018\\\/01\\\/FB_IMG_1515119413208.jpg\",\"datePublished\":\"2018-01-05T02:36:53+00:00\",\"dateModified\":\"2018-01-05T02:37:31+00:00\",\"breadcrumb\":{\"@id\":\"https:\\\/\\\/www.sanjuandeportes.com\\\/wp\\\/2018\\\/01\\\/05\\\/mauricio-quiroga-se-llevo-la-primera-del-giro\\\/#breadcrumb\"},\"inLanguage\":\"es\",\"potentialAction\":[{\"@type\":\"ReadAction\",\"target\":[\"https:\\\/\\\/www.sanjuandeportes.com\\\/wp\\\/2018\\\/01\\\/05\\\/mauricio-quiroga-se-llevo-la-primera-del-giro\\\/\"]}]},{\"@type\":\"ImageObject\",\"inLanguage\":\"es\",\"@id\":\"https:\\\/\\\/www.sanjuandeportes.com\\\/wp\\\/2018\\\/01\\\/05\\\/mauricio-quiroga-se-llevo-la-primera-del-giro\\\/#primaryimage\",\"url\":\"\",\"contentUrl\":\"\"},{\"@type\":\"BreadcrumbList\",\"@id\":\"https:\\\/\\\/www.sanjuandeportes.com\\\/wp\\\/2018\\\/01\\\/05\\\/mauricio-quiroga-se-llevo-la-primera-del-giro\\\/#breadcrumb\",\"itemListElement\":[{\"@type\":\"ListItem\",\"position\":1,\"name\":\"Portada\",\"item\":\"http:\\\/\\\/www.sanjuandeportes.com\\\/wp\\\/\"},{\"@type\":\"ListItem\",\"position\":2,\"name\":\"Mauricio Quiroga se llevo la primera del Giro\"}]},{\"@type\":\"WebSite\",\"@id\":\"http:\\\/\\\/www.sanjuandeportes.com\\\/wp\\\/#website\",\"url\":\"http:\\\/\\\/www.sanjuandeportes.com\\\/wp\\\/\",\"name\":\"San Juan Deportes\",\"description\":\"El sitio de deportes de la provincia de San Juan\",\"publisher\":{\"@id\":\"http:\\\/\\\/www.sanjuandeportes.com\\\/wp\\\/#organization\"},\"potentialAction\":[{\"@type\":\"SearchAction\",\"target\":{\"@type\":\"EntryPoint\",\"urlTemplate\":\"http:\\\/\\\/www.sanjuandeportes.com\\\/wp\\\/?s={search_term_string}\"},\"query-input\":{\"@type\":\"PropertyValueSpecification\",\"valueRequired\":true,\"valueName\":\"search_term_string\"}}],\"inLanguage\":\"es\"},{\"@type\":\"Organization\",\"@id\":\"http:\\\/\\\/www.sanjuandeportes.com\\\/wp\\\/#organization\",\"name\":\"San Juan Deportes\",\"url\":\"http:\\\/\\\/www.sanjuandeportes.com\\\/wp\\\/\",\"logo\":{\"@type\":\"ImageObject\",\"inLanguage\":\"es\",\"@id\":\"http:\\\/\\\/www.sanjuandeportes.com\\\/wp\\\/#\\\/schema\\\/logo\\\/image\\\/\",\"url\":\"https:\\\/\\\/www.sanjuandeportes.com\\\/wp\\\/wp-content\\\/uploads\\\/unnamed.jpg\",\"contentUrl\":\"https:\\\/\\\/www.sanjuandeportes.com\\\/wp\\\/wp-content\\\/uploads\\\/unnamed.jpg\",\"width\":900,\"height\":900,\"caption\":\"San Juan Deportes\"},\"image\":{\"@id\":\"http:\\\/\\\/www.sanjuandeportes.com\\\/wp\\\/#\\\/schema\\\/logo\\\/image\\\/\"},\"sameAs\":[\"https:\\\/\\\/www.facebook.com\\\/sanjuandeportesok\",\"https:\\\/\\\/x.com\\\/SanJuanDeportes\",\"https:\\\/\\\/www.instagram.com\\\/sanjuandeportes\"]},{\"@type\":\"Person\",\"@id\":\"http:\\\/\\\/www.sanjuandeportes.com\\\/wp\\\/#\\\/schema\\\/person\\\/d8e3463931719391897f9c7a6d1bb7b3\",\"name\":\"admin\",\"image\":{\"@type\":\"ImageObject\",\"inLanguage\":\"es\",\"@id\":\"https:\\\/\\\/secure.gravatar.com\\\/avatar\\\/c4deacdacf798758c71e8e4f4ca4bcf755ae082e386babce41b35a278703bed5?s=96&d=mm&r=g\",\"url\":\"https:\\\/\\\/secure.gravatar.com\\\/avatar\\\/c4deacdacf798758c71e8e4f4ca4bcf755ae082e386babce41b35a278703bed5?s=96&d=mm&r=g\",\"contentUrl\":\"https:\\\/\\\/secure.gravatar.com\\\/avatar\\\/c4deacdacf798758c71e8e4f4ca4bcf755ae082e386babce41b35a278703bed5?s=96&d=mm&r=g\",\"caption\":\"admin\"},\"url\":\"http:\\\/\\\/www.sanjuandeportes.com\\\/wp\\\/author\\\/admin\\\/\"}]}<\/script>\n<!-- \/ Yoast SEO plugin. -->","yoast_head_json":{"title":"Mauricio Quiroga se llevo la primera del Giro - San Juan Deportes","robots":{"index":"index","follow":"follow","max-snippet":"max-snippet:-1","max-image-preview":"max-image-preview:large","max-video-preview":"max-video-preview:-1"},"canonical":"https:\/\/www.sanjuandeportes.com\/wp\/2018\/01\/05\/mauricio-quiroga-se-llevo-la-primera-del-giro\/","og_locale":"es_ES","og_type":"article","og_title":"Mauricio Quiroga se llevo la primera del Giro - San Juan Deportes","og_description":"En la primera etapa del Giro del Sol, el Sindicato de Empleados Publicos fue protagonista con Mauricio Quiroga. Con mucho calor, se disput\u00f3 la primer etapa en linea. Y el triunfo fue para la \u00abBestia\u00bb Mauricio Quiroga. Segundo qued\u00f3 el Willy Lucero y tercero se ubic\u00f3 quien visti\u00f3 la maya l\u00edder en la jornada de [&hellip;]","og_url":"https:\/\/www.sanjuandeportes.com\/wp\/2018\/01\/05\/mauricio-quiroga-se-llevo-la-primera-del-giro\/","og_site_name":"San Juan Deportes","article_publisher":"https:\/\/www.facebook.com\/sanjuandeportesok","article_published_time":"2018-01-05T02:36:53+00:00","article_modified_time":"2018-01-05T02:37:31+00:00","og_image":[{"url":"http:\/\/www.sanjuandeportes.com\/wp\/wp-content\/uploads\/2018\/01\/FB_IMG_1515119413208.jpg","type":"","width":"","height":""}],"author":"admin","twitter_card":"summary_large_image","twitter_creator":"@SanJuanDeportes","twitter_site":"@SanJuanDeportes","twitter_misc":{"Escrito por":"admin"},"schema":{"@context":"https:\/\/schema.org","@graph":[{"@type":"Article","@id":"https:\/\/www.sanjuandeportes.com\/wp\/2018\/01\/05\/mauricio-quiroga-se-llevo-la-primera-del-giro\/#article","isPartOf":{"@id":"https:\/\/www.sanjuandeportes.com\/wp\/2018\/01\/05\/mauricio-quiroga-se-llevo-la-primera-del-giro\/"},"author":{"name":"admin","@id":"http:\/\/www.sanjuandeportes.com\/wp\/#\/schema\/person\/d8e3463931719391897f9c7a6d1bb7b3"},"headline":"Mauricio Quiroga se llevo la primera del Giro","datePublished":"2018-01-05T02:36:53+00:00","dateModified":"2018-01-05T02:37:31+00:00","mainEntityOfPage":{"@id":"https:\/\/www.sanjuandeportes.com\/wp\/2018\/01\/05\/mauricio-quiroga-se-llevo-la-primera-del-giro\/"},"wordCount":74,"commentCount":0,"publisher":{"@id":"http:\/\/www.sanjuandeportes.com\/wp\/#organization"},"image":{"@id":"https:\/\/www.sanjuandeportes.com\/wp\/2018\/01\/05\/mauricio-quiroga-se-llevo-la-primera-del-giro\/#primaryimage"},"thumbnailUrl":"http:\/\/www.sanjuandeportes.com\/wp\/wp-content\/uploads\/2018\/01\/FB_IMG_1515119413208.jpg","articleSection":["Ciclismo","Featured"],"inLanguage":"es","potentialAction":[{"@type":"CommentAction","name":"Comment","target":["https:\/\/www.sanjuandeportes.com\/wp\/2018\/01\/05\/mauricio-quiroga-se-llevo-la-primera-del-giro\/#respond"]}]},{"@type":"WebPage","@id":"https:\/\/www.sanjuandeportes.com\/wp\/2018\/01\/05\/mauricio-quiroga-se-llevo-la-primera-del-giro\/","url":"https:\/\/www.sanjuandeportes.com\/wp\/2018\/01\/05\/mauricio-quiroga-se-llevo-la-primera-del-giro\/","name":"Mauricio Quiroga se llevo la primera del Giro - San Juan Deportes","isPartOf":{"@id":"http:\/\/www.sanjuandeportes.com\/wp\/#website"},"primaryImageOfPage":{"@id":"https:\/\/www.sanjuandeportes.com\/wp\/2018\/01\/05\/mauricio-quiroga-se-llevo-la-primera-del-giro\/#primaryimage"},"image":{"@id":"https:\/\/www.sanjuandeportes.com\/wp\/2018\/01\/05\/mauricio-quiroga-se-llevo-la-primera-del-giro\/#primaryimage"},"thumbnailUrl":"http:\/\/www.sanjuandeportes.com\/wp\/wp-content\/uploads\/2018\/01\/FB_IMG_1515119413208.jpg","datePublished":"2018-01-05T02:36:53+00:00","dateModified":"2018-01-05T02:37:31+00:00","breadcrumb":{"@id":"https:\/\/www.sanjuandeportes.com\/wp\/2018\/01\/05\/mauricio-quiroga-se-llevo-la-primera-del-giro\/#breadcrumb"},"inLanguage":"es","potentialAction":[{"@type":"ReadAction","target":["https:\/\/www.sanjuandeportes.com\/wp\/2018\/01\/05\/mauricio-quiroga-se-llevo-la-primera-del-giro\/"]}]},{"@type":"ImageObject","inLanguage":"es","@id":"https:\/\/www.sanjuandeportes.com\/wp\/2018\/01\/05\/mauricio-quiroga-se-llevo-la-primera-del-giro\/#primaryimage","url":"","contentUrl":""},{"@type":"BreadcrumbList","@id":"https:\/\/www.sanjuandeportes.com\/wp\/2018\/01\/05\/mauricio-quiroga-se-llevo-la-primera-del-giro\/#breadcrumb","itemListElement":[{"@type":"ListItem","position":1,"name":"Portada","item":"http:\/\/www.sanjuandeportes.com\/wp\/"},{"@type":"ListItem","position":2,"name":"Mauricio Quiroga se llevo la primera del Giro"}]},{"@type":"WebSite","@id":"http:\/\/www.sanjuandeportes.com\/wp\/#website","url":"http:\/\/www.sanjuandeportes.com\/wp\/","name":"San Juan Deportes","description":"El sitio de deportes de la provincia de San Juan","publisher":{"@id":"http:\/\/www.sanjuandeportes.com\/wp\/#organization"},"potentialAction":[{"@type":"SearchAction","target":{"@type":"EntryPoint","urlTemplate":"http:\/\/www.sanjuandeportes.com\/wp\/?s={search_term_string}"},"query-input":{"@type":"PropertyValueSpecification","valueRequired":true,"valueName":"search_term_string"}}],"inLanguage":"es"},{"@type":"Organization","@id":"http:\/\/www.sanjuandeportes.com\/wp\/#organization","name":"San Juan Deportes","url":"http:\/\/www.sanjuandeportes.com\/wp\/","logo":{"@type":"ImageObject","inLanguage":"es","@id":"http:\/\/www.sanjuandeportes.com\/wp\/#\/schema\/logo\/image\/","url":"https:\/\/www.sanjuandeportes.com\/wp\/wp-content\/uploads\/unnamed.jpg","contentUrl":"https:\/\/www.sanjuandeportes.com\/wp\/wp-content\/uploads\/unnamed.jpg","width":900,"height":900,"caption":"San Juan Deportes"},"image":{"@id":"http:\/\/www.sanjuandeportes.com\/wp\/#\/schema\/logo\/image\/"},"sameAs":["https:\/\/www.facebook.com\/sanjuandeportesok","https:\/\/x.com\/SanJuanDeportes","https:\/\/www.instagram.com\/sanjuandeportes"]},{"@type":"Person","@id":"http:\/\/www.sanjuandeportes.com\/wp\/#\/schema\/person\/d8e3463931719391897f9c7a6d1bb7b3","name":"admin","image":{"@type":"ImageObject","inLanguage":"es","@id":"https:\/\/secure.gravatar.com\/avatar\/c4deacdacf798758c71e8e4f4ca4bcf755ae082e386babce41b35a278703bed5?s=96&d=mm&r=g","url":"https:\/\/secure.gravatar.com\/avatar\/c4deacdacf798758c71e8e4f4ca4bcf755ae082e386babce41b35a278703bed5?s=96&d=mm&r=g","contentUrl":"https:\/\/secure.gravatar.com\/avatar\/c4deacdacf798758c71e8e4f4ca4bcf755ae082e386babce41b35a278703bed5?s=96&d=mm&r=g","caption":"admin"},"url":"http:\/\/www.sanjuandeportes.com\/wp\/author\/admin\/"}]}},"_links":{"self":[{"href":"http:\/\/www.sanjuandeportes.com\/wp\/wp-json\/wp\/v2\/posts\/1246","targetHints":{"allow":["GET"]}}],"collection":[{"href":"http:\/\/www.sanjuandeportes.com\/wp\/wp-json\/wp\/v2\/posts"}],"about":[{"href":"http:\/\/www.sanjuandeportes.com\/wp\/wp-json\/wp\/v2\/types\/post"}],"author":[{"embeddable":true,"href":"http:\/\/www.sanjuandeportes.com\/wp\/wp-json\/wp\/v2\/users\/1"}],"replies":[{"embeddable":true,"href":"http:\/\/www.sanjuandeportes.com\/wp\/wp-json\/wp\/v2\/comments?post=1246"}],"version-history":[{"count":1,"href":"http:\/\/www.sanjuandeportes.com\/wp\/wp-json\/wp\/v2\/posts\/1246\/revisions"}],"predecessor-version":[{"id":1250,"href":"http:\/\/www.sanjuandeportes.com\/wp\/wp-json\/wp\/v2\/posts\/1246\/revisions\/1250"}],"wp:attachment":[{"href":"http:\/\/www.sanjuandeportes.com\/wp\/wp-json\/wp\/v2\/media?parent=1246"}],"wp:term":[{"taxonomy":"category","embeddable":true,"href":"http:\/\/www.sanjuandeportes.com\/wp\/wp-json\/wp\/v2\/categories?post=1246"},{"taxonomy":"post_tag","embeddable":true,"href":"http:\/\/www.sanjuandeportes.com\/wp\/wp-json\/wp\/v2\/tags?post=1246"}],"curies":[{"name":"wp","href":"https:\/\/api.w.org\/{rel}","templated":true}]}}