{"id":12634,"date":"2021-04-08T15:20:02","date_gmt":"2021-04-08T15:20:02","guid":{"rendered":"http:\/\/www.sanjuandeportes.com\/wp\/?p=12634"},"modified":"2021-04-09T15:53:48","modified_gmt":"2021-04-09T15:53:48","slug":"cuando-y-donde-se-jugara-el-superclasico-entre-boca-y-river-por-la-copa-argentina","status":"publish","type":"post","link":"http:\/\/www.sanjuandeportes.com\/wp\/2021\/04\/08\/cuando-y-donde-se-jugara-el-superclasico-entre-boca-y-river-por-la-copa-argentina\/","title":{"rendered":"\u00bfCu\u00e1ndo y d\u00f3nde se jugar\u00e1 el Supercl\u00e1sico entre Boca y River por la Copa Argentina?"},"content":{"rendered":"<p id=\"m39-38-40\" class=\"epigraph \"><em><strong>River elimin\u00f3 a Atl\u00e9tico Tucum\u00e1n y por primera vez en la historia la Copa Argentina tendr\u00e1 un Supercl\u00e1sico. Ser\u00e1 por los octavos de final de la competici\u00f3n: \u00bfcu\u00e1ndo y d\u00f3nde se jugar\u00e1?<\/strong><\/em><\/p>\n<p>Luego de eliminar a Defensores de Belgrano,\u00a0<a href=\"https:\/\/twitter.com\/BocaJrsOficial\" target=\"_blank\" rel=\"noopener\">Boca Juniors<\/a>\u00a0se instal\u00f3 en los octavos de final de la Copa Argentina a la espera de rival, y anoche se confirm\u00f3 que ser\u00e1 nada menos que\u00a0<a href=\"https:\/\/twitter.com\/RiverPlate\" target=\"_blank\" rel=\"noopener\">River Plate<\/a>, que se clasific\u00f3 al vencer por 2 a 1 a Atl\u00e9tico Tucum\u00e1n y as\u00ed\u00a0<strong>el torneo tendr\u00e1 un Supercl\u00e1sico por primera vez en su historia.<\/strong><\/p>\n<p>Como siempre, el choque entre los dos clubes m\u00e1s grandes del pa\u00eds genera mucha expectativa, incluso para los que no son hinchas de ninguno de los dos, y resta definir la fecha y el estadio donde jugar\u00e1n. Las opciones son varias y van desde la semana pr\u00f3xima hasta dentro de varios meses.<\/p>\n<h2>\u00bfSe juega la semana que viene?<\/h2>\n<p>Teniendo en cuenta que luego ambos equipos empezar\u00e1n a jugar la\u00a0<strong>Copa Libertadores<\/strong>\u00a0y que la<strong>\u00a0Copa de la Liga Profesional\u00a0<\/strong>entrar\u00e1 en etapas decisivas, la semana que viene es la \u00fanica que tienen libre tanto Boca como River para verse las caras por la Copa Argentina. Sin embargo,\u00a0<strong>la falta de tiempo<\/strong>\u00a0para organizar un partido de tal magnitud, pese a que se juega a puertas cerradas, lo har\u00eda imposible.<\/p>\n<h2>\u00bfAntes o despu\u00e9s de la Copa Am\u00e9rica?<\/h2>\n<p>Teniendo en cuenta el ajustado calendario, todo indica que se jugar\u00e1 despu\u00e9s de la Copa Am\u00e9rica que se jugar\u00e1<strong>\u00a0del 13 de junio al 10 de julio\u00a0<\/strong>en Argentina y Colombia.<\/p>\n<p>Es que el 21 de abril comienza la fase de grupos de la\u00a0<strong>Copa<\/strong>\u00a0<strong>Libertadores<\/strong>, por lo que tanto el Xeneize como el Millonario comenzar\u00e1n a tener actividad entre semana, y la actividad finalizar\u00e1 la semana del 26 de mayo. En el \u00e1mbito local, la \u00faltima fecha de la\u00a0<strong>Copa de la Liga Profesional<\/strong>\u00a0ser\u00e1 el fin de semana del 9 de mayo y luego se jugar\u00e1n los\u00a0<strong>playoffs<\/strong>, a los que de momento ambos se est\u00e1n clasificando, y el 30 de mayo ser\u00e1 la final.<\/p>\n<p>Adem\u00e1s, hay\u00a0que tener en cuenta la\u00a0<strong>fecha<\/strong>\u00a0<strong>FIFA<\/strong>\u00a0de junio. En principio, la doble fecha de Eliminatorias est\u00e1 programada del 3 al 11 de junio, pero la cancelaci\u00f3n de la fecha de marzo debido a que varios clubes europeos se negaron a ceder futbolistas, abri\u00f3 la posibilidad de reprogramarlos para antes de la Copa Am\u00e9rica.<\/p>\n<p>Finalmente, la \u00fanica chance de que el Supercl\u00e1sico entre Boca y River por los octavos de la Copa Argentina se juegue<strong>\u00a0antes de la Copa Am\u00e9rica tiene que ver con el avance de ambos en la Copa de la LPF<\/strong>. Es que, si ninguno de los dos llega a las instancias finales, en la organizaci\u00f3n de la Copa Argentina ven con buenos ojos la idea de jugarlo uno de esos fines de semana que tendr\u00e1n libres los dos.<\/p>\n","protected":false},"excerpt":{"rendered":"<p>River elimin\u00f3 a Atl\u00e9tico Tucum\u00e1n y por primera vez en la historia la Copa Argentina tendr\u00e1 un Supercl\u00e1sico. Ser\u00e1 por los octavos de final de la competici\u00f3n: \u00bfcu\u00e1ndo y d\u00f3nde se jugar\u00e1? Luego de eliminar a Defensores de Belgrano,\u00a0Boca Juniors\u00a0se instal\u00f3 en los octavos de final de la Copa Argentina a la espera de rival, [&hellip;]<\/p>\n","protected":false},"author":5,"featured_media":12635,"comment_status":"open","ping_status":"open","sticky":false,"template":"","format":"standard","meta":{"footnotes":""},"categories":[195,24],"tags":[],"class_list":["post-12634","post","type-post","status-publish","format-standard","has-post-thumbnail","hentry","category-copa-argentina","category-futbol"],"yoast_head":"<!-- This site is optimized with the Yoast SEO plugin v28.2 - https:\/\/yoast.com\/product\/yoast-seo-wordpress\/ -->\n<title>\u00bfCu\u00e1ndo y d\u00f3nde se jugar\u00e1 el Supercl\u00e1sico entre Boca y River por la Copa Argentina? - San Juan Deportes<\/title>\n<meta name=\"robots\" content=\"index, follow, max-snippet:-1, max-image-preview:large, max-video-preview:-1\" \/>\n<link rel=\"canonical\" href=\"http:\/\/www.sanjuandeportes.com\/wp\/2021\/04\/08\/cuando-y-donde-se-jugara-el-superclasico-entre-boca-y-river-por-la-copa-argentina\/\" \/>\n<meta property=\"og:locale\" content=\"es_ES\" \/>\n<meta property=\"og:type\" content=\"article\" \/>\n<meta property=\"og:title\" content=\"\u00bfCu\u00e1ndo y d\u00f3nde se jugar\u00e1 el Supercl\u00e1sico entre Boca y River por la Copa Argentina? - San Juan Deportes\" \/>\n<meta property=\"og:description\" content=\"River elimin\u00f3 a Atl\u00e9tico Tucum\u00e1n y por primera vez en la historia la Copa Argentina tendr\u00e1 un Supercl\u00e1sico. Ser\u00e1 por los octavos de final de la competici\u00f3n: \u00bfcu\u00e1ndo y d\u00f3nde se jugar\u00e1? Luego de eliminar a Defensores de Belgrano,\u00a0Boca Juniors\u00a0se instal\u00f3 en los octavos de final de la Copa Argentina a la espera de rival, [&hellip;]\" \/>\n<meta property=\"og:url\" content=\"http:\/\/www.sanjuandeportes.com\/wp\/2021\/04\/08\/cuando-y-donde-se-jugara-el-superclasico-entre-boca-y-river-por-la-copa-argentina\/\" \/>\n<meta property=\"og:site_name\" content=\"San Juan Deportes\" \/>\n<meta property=\"article:publisher\" content=\"https:\/\/www.facebook.com\/sanjuandeportesok\" \/>\n<meta property=\"article:published_time\" content=\"2021-04-08T15:20:02+00:00\" \/>\n<meta property=\"article:modified_time\" content=\"2021-04-09T15:53:48+00:00\" \/>\n<meta property=\"og:image\" content=\"http:\/\/www.sanjuandeportes.com\/wp\/wp-content\/uploads\/2021\/04\/f848x477-1030829_1088632_5050.jpeg\" \/>\n\t<meta property=\"og:image:width\" content=\"848\" \/>\n\t<meta property=\"og:image:height\" content=\"477\" \/>\n\t<meta property=\"og:image:type\" content=\"image\/jpeg\" \/>\n<meta name=\"author\" content=\"Pablo Pujado\" \/>\n<meta name=\"twitter:card\" content=\"summary_large_image\" \/>\n<meta name=\"twitter:creator\" content=\"@SanJuanDeportes\" \/>\n<meta name=\"twitter:site\" content=\"@SanJuanDeportes\" \/>\n<meta name=\"twitter:label1\" content=\"Escrito por\" \/>\n\t<meta name=\"twitter:data1\" content=\"Pablo Pujado\" \/>\n\t<meta name=\"twitter:label2\" content=\"Tiempo de lectura\" \/>\n\t<meta name=\"twitter:data2\" content=\"2 minutos\" \/>\n<script type=\"application\/ld+json\" class=\"yoast-schema-graph\">{\"@context\":\"https:\\\/\\\/schema.org\",\"@graph\":[{\"@type\":\"Article\",\"@id\":\"http:\\\/\\\/www.sanjuandeportes.com\\\/wp\\\/2021\\\/04\\\/08\\\/cuando-y-donde-se-jugara-el-superclasico-entre-boca-y-river-por-la-copa-argentina\\\/#article\",\"isPartOf\":{\"@id\":\"http:\\\/\\\/www.sanjuandeportes.com\\\/wp\\\/2021\\\/04\\\/08\\\/cuando-y-donde-se-jugara-el-superclasico-entre-boca-y-river-por-la-copa-argentina\\\/\"},\"author\":{\"name\":\"Pablo Pujado\",\"@id\":\"https:\\\/\\\/www.sanjuandeportes.com\\\/wp\\\/#\\\/schema\\\/person\\\/eda4d8e62a5d42b111781e3cdfcb9c3a\"},\"headline\":\"\u00bfCu\u00e1ndo y d\u00f3nde se jugar\u00e1 el Supercl\u00e1sico entre Boca y River por la Copa Argentina?\",\"datePublished\":\"2021-04-08T15:20:02+00:00\",\"dateModified\":\"2021-04-09T15:53:48+00:00\",\"mainEntityOfPage\":{\"@id\":\"http:\\\/\\\/www.sanjuandeportes.com\\\/wp\\\/2021\\\/04\\\/08\\\/cuando-y-donde-se-jugara-el-superclasico-entre-boca-y-river-por-la-copa-argentina\\\/\"},\"wordCount\":517,\"commentCount\":0,\"publisher\":{\"@id\":\"https:\\\/\\\/www.sanjuandeportes.com\\\/wp\\\/#organization\"},\"image\":{\"@id\":\"http:\\\/\\\/www.sanjuandeportes.com\\\/wp\\\/2021\\\/04\\\/08\\\/cuando-y-donde-se-jugara-el-superclasico-entre-boca-y-river-por-la-copa-argentina\\\/#primaryimage\"},\"thumbnailUrl\":\"http:\\\/\\\/www.sanjuandeportes.com\\\/wp\\\/wp-content\\\/uploads\\\/2021\\\/04\\\/f848x477-1030829_1088632_5050.jpeg\",\"articleSection\":[\"Copa Argentina\",\"Futbol\"],\"inLanguage\":\"es\",\"potentialAction\":[{\"@type\":\"CommentAction\",\"name\":\"Comment\",\"target\":[\"http:\\\/\\\/www.sanjuandeportes.com\\\/wp\\\/2021\\\/04\\\/08\\\/cuando-y-donde-se-jugara-el-superclasico-entre-boca-y-river-por-la-copa-argentina\\\/#respond\"]}]},{\"@type\":\"WebPage\",\"@id\":\"http:\\\/\\\/www.sanjuandeportes.com\\\/wp\\\/2021\\\/04\\\/08\\\/cuando-y-donde-se-jugara-el-superclasico-entre-boca-y-river-por-la-copa-argentina\\\/\",\"url\":\"http:\\\/\\\/www.sanjuandeportes.com\\\/wp\\\/2021\\\/04\\\/08\\\/cuando-y-donde-se-jugara-el-superclasico-entre-boca-y-river-por-la-copa-argentina\\\/\",\"name\":\"\u00bfCu\u00e1ndo y d\u00f3nde se jugar\u00e1 el Supercl\u00e1sico entre Boca y River por la Copa Argentina? - San Juan Deportes\",\"isPartOf\":{\"@id\":\"https:\\\/\\\/www.sanjuandeportes.com\\\/wp\\\/#website\"},\"primaryImageOfPage\":{\"@id\":\"http:\\\/\\\/www.sanjuandeportes.com\\\/wp\\\/2021\\\/04\\\/08\\\/cuando-y-donde-se-jugara-el-superclasico-entre-boca-y-river-por-la-copa-argentina\\\/#primaryimage\"},\"image\":{\"@id\":\"http:\\\/\\\/www.sanjuandeportes.com\\\/wp\\\/2021\\\/04\\\/08\\\/cuando-y-donde-se-jugara-el-superclasico-entre-boca-y-river-por-la-copa-argentina\\\/#primaryimage\"},\"thumbnailUrl\":\"http:\\\/\\\/www.sanjuandeportes.com\\\/wp\\\/wp-content\\\/uploads\\\/2021\\\/04\\\/f848x477-1030829_1088632_5050.jpeg\",\"datePublished\":\"2021-04-08T15:20:02+00:00\",\"dateModified\":\"2021-04-09T15:53:48+00:00\",\"breadcrumb\":{\"@id\":\"http:\\\/\\\/www.sanjuandeportes.com\\\/wp\\\/2021\\\/04\\\/08\\\/cuando-y-donde-se-jugara-el-superclasico-entre-boca-y-river-por-la-copa-argentina\\\/#breadcrumb\"},\"inLanguage\":\"es\",\"potentialAction\":[{\"@type\":\"ReadAction\",\"target\":[\"http:\\\/\\\/www.sanjuandeportes.com\\\/wp\\\/2021\\\/04\\\/08\\\/cuando-y-donde-se-jugara-el-superclasico-entre-boca-y-river-por-la-copa-argentina\\\/\"]}]},{\"@type\":\"ImageObject\",\"inLanguage\":\"es\",\"@id\":\"http:\\\/\\\/www.sanjuandeportes.com\\\/wp\\\/2021\\\/04\\\/08\\\/cuando-y-donde-se-jugara-el-superclasico-entre-boca-y-river-por-la-copa-argentina\\\/#primaryimage\",\"url\":\"http:\\\/\\\/www.sanjuandeportes.com\\\/wp\\\/wp-content\\\/uploads\\\/2021\\\/04\\\/f848x477-1030829_1088632_5050.jpeg\",\"contentUrl\":\"http:\\\/\\\/www.sanjuandeportes.com\\\/wp\\\/wp-content\\\/uploads\\\/2021\\\/04\\\/f848x477-1030829_1088632_5050.jpeg\",\"width\":848,\"height\":477},{\"@type\":\"BreadcrumbList\",\"@id\":\"http:\\\/\\\/www.sanjuandeportes.com\\\/wp\\\/2021\\\/04\\\/08\\\/cuando-y-donde-se-jugara-el-superclasico-entre-boca-y-river-por-la-copa-argentina\\\/#breadcrumb\",\"itemListElement\":[{\"@type\":\"ListItem\",\"position\":1,\"name\":\"Portada\",\"item\":\"http:\\\/\\\/www.sanjuandeportes.com\\\/wp\\\/\"},{\"@type\":\"ListItem\",\"position\":2,\"name\":\"\u00bfCu\u00e1ndo y d\u00f3nde se jugar\u00e1 el Supercl\u00e1sico entre Boca y River por la Copa Argentina?\"}]},{\"@type\":\"WebSite\",\"@id\":\"https:\\\/\\\/www.sanjuandeportes.com\\\/wp\\\/#website\",\"url\":\"https:\\\/\\\/www.sanjuandeportes.com\\\/wp\\\/\",\"name\":\"San Juan Deportes\",\"description\":\"El sitio de deportes de la provincia de San Juan\",\"publisher\":{\"@id\":\"https:\\\/\\\/www.sanjuandeportes.com\\\/wp\\\/#organization\"},\"potentialAction\":[{\"@type\":\"SearchAction\",\"target\":{\"@type\":\"EntryPoint\",\"urlTemplate\":\"https:\\\/\\\/www.sanjuandeportes.com\\\/wp\\\/?s={search_term_string}\"},\"query-input\":{\"@type\":\"PropertyValueSpecification\",\"valueRequired\":true,\"valueName\":\"search_term_string\"}}],\"inLanguage\":\"es\"},{\"@type\":\"Organization\",\"@id\":\"https:\\\/\\\/www.sanjuandeportes.com\\\/wp\\\/#organization\",\"name\":\"San Juan Deportes\",\"url\":\"https:\\\/\\\/www.sanjuandeportes.com\\\/wp\\\/\",\"logo\":{\"@type\":\"ImageObject\",\"inLanguage\":\"es\",\"@id\":\"https:\\\/\\\/www.sanjuandeportes.com\\\/wp\\\/#\\\/schema\\\/logo\\\/image\\\/\",\"url\":\"https:\\\/\\\/www.sanjuandeportes.com\\\/wp\\\/wp-content\\\/uploads\\\/unnamed.jpg\",\"contentUrl\":\"https:\\\/\\\/www.sanjuandeportes.com\\\/wp\\\/wp-content\\\/uploads\\\/unnamed.jpg\",\"width\":900,\"height\":900,\"caption\":\"San Juan Deportes\"},\"image\":{\"@id\":\"https:\\\/\\\/www.sanjuandeportes.com\\\/wp\\\/#\\\/schema\\\/logo\\\/image\\\/\"},\"sameAs\":[\"https:\\\/\\\/www.facebook.com\\\/sanjuandeportesok\",\"https:\\\/\\\/x.com\\\/SanJuanDeportes\",\"https:\\\/\\\/www.instagram.com\\\/sanjuandeportes\"]},{\"@type\":\"Person\",\"@id\":\"https:\\\/\\\/www.sanjuandeportes.com\\\/wp\\\/#\\\/schema\\\/person\\\/eda4d8e62a5d42b111781e3cdfcb9c3a\",\"name\":\"Pablo Pujado\",\"image\":{\"@type\":\"ImageObject\",\"inLanguage\":\"es\",\"@id\":\"https:\\\/\\\/secure.gravatar.com\\\/avatar\\\/310b69d28112912c333408a462a9837208de951b1e7c11514781740412f648b1?s=96&d=mm&r=g\",\"url\":\"https:\\\/\\\/secure.gravatar.com\\\/avatar\\\/310b69d28112912c333408a462a9837208de951b1e7c11514781740412f648b1?s=96&d=mm&r=g\",\"contentUrl\":\"https:\\\/\\\/secure.gravatar.com\\\/avatar\\\/310b69d28112912c333408a462a9837208de951b1e7c11514781740412f648b1?s=96&d=mm&r=g\",\"caption\":\"Pablo Pujado\"},\"url\":\"http:\\\/\\\/www.sanjuandeportes.com\\\/wp\\\/author\\\/pablo-pujado\\\/\"}]}<\/script>\n<!-- \/ Yoast SEO plugin. -->","yoast_head_json":{"title":"\u00bfCu\u00e1ndo y d\u00f3nde se jugar\u00e1 el Supercl\u00e1sico entre Boca y River por la Copa Argentina? - San Juan Deportes","robots":{"index":"index","follow":"follow","max-snippet":"max-snippet:-1","max-image-preview":"max-image-preview:large","max-video-preview":"max-video-preview:-1"},"canonical":"http:\/\/www.sanjuandeportes.com\/wp\/2021\/04\/08\/cuando-y-donde-se-jugara-el-superclasico-entre-boca-y-river-por-la-copa-argentina\/","og_locale":"es_ES","og_type":"article","og_title":"\u00bfCu\u00e1ndo y d\u00f3nde se jugar\u00e1 el Supercl\u00e1sico entre Boca y River por la Copa Argentina? - San Juan Deportes","og_description":"River elimin\u00f3 a Atl\u00e9tico Tucum\u00e1n y por primera vez en la historia la Copa Argentina tendr\u00e1 un Supercl\u00e1sico. Ser\u00e1 por los octavos de final de la competici\u00f3n: \u00bfcu\u00e1ndo y d\u00f3nde se jugar\u00e1? Luego de eliminar a Defensores de Belgrano,\u00a0Boca Juniors\u00a0se instal\u00f3 en los octavos de final de la Copa Argentina a la espera de rival, [&hellip;]","og_url":"http:\/\/www.sanjuandeportes.com\/wp\/2021\/04\/08\/cuando-y-donde-se-jugara-el-superclasico-entre-boca-y-river-por-la-copa-argentina\/","og_site_name":"San Juan Deportes","article_publisher":"https:\/\/www.facebook.com\/sanjuandeportesok","article_published_time":"2021-04-08T15:20:02+00:00","article_modified_time":"2021-04-09T15:53:48+00:00","og_image":[{"width":848,"height":477,"url":"http:\/\/www.sanjuandeportes.com\/wp\/wp-content\/uploads\/2021\/04\/f848x477-1030829_1088632_5050.jpeg","type":"image\/jpeg"}],"author":"Pablo Pujado","twitter_card":"summary_large_image","twitter_creator":"@SanJuanDeportes","twitter_site":"@SanJuanDeportes","twitter_misc":{"Escrito por":"Pablo Pujado","Tiempo de lectura":"2 minutos"},"schema":{"@context":"https:\/\/schema.org","@graph":[{"@type":"Article","@id":"http:\/\/www.sanjuandeportes.com\/wp\/2021\/04\/08\/cuando-y-donde-se-jugara-el-superclasico-entre-boca-y-river-por-la-copa-argentina\/#article","isPartOf":{"@id":"http:\/\/www.sanjuandeportes.com\/wp\/2021\/04\/08\/cuando-y-donde-se-jugara-el-superclasico-entre-boca-y-river-por-la-copa-argentina\/"},"author":{"name":"Pablo Pujado","@id":"https:\/\/www.sanjuandeportes.com\/wp\/#\/schema\/person\/eda4d8e62a5d42b111781e3cdfcb9c3a"},"headline":"\u00bfCu\u00e1ndo y d\u00f3nde se jugar\u00e1 el Supercl\u00e1sico entre Boca y River por la Copa Argentina?","datePublished":"2021-04-08T15:20:02+00:00","dateModified":"2021-04-09T15:53:48+00:00","mainEntityOfPage":{"@id":"http:\/\/www.sanjuandeportes.com\/wp\/2021\/04\/08\/cuando-y-donde-se-jugara-el-superclasico-entre-boca-y-river-por-la-copa-argentina\/"},"wordCount":517,"commentCount":0,"publisher":{"@id":"https:\/\/www.sanjuandeportes.com\/wp\/#organization"},"image":{"@id":"http:\/\/www.sanjuandeportes.com\/wp\/2021\/04\/08\/cuando-y-donde-se-jugara-el-superclasico-entre-boca-y-river-por-la-copa-argentina\/#primaryimage"},"thumbnailUrl":"http:\/\/www.sanjuandeportes.com\/wp\/wp-content\/uploads\/2021\/04\/f848x477-1030829_1088632_5050.jpeg","articleSection":["Copa Argentina","Futbol"],"inLanguage":"es","potentialAction":[{"@type":"CommentAction","name":"Comment","target":["http:\/\/www.sanjuandeportes.com\/wp\/2021\/04\/08\/cuando-y-donde-se-jugara-el-superclasico-entre-boca-y-river-por-la-copa-argentina\/#respond"]}]},{"@type":"WebPage","@id":"http:\/\/www.sanjuandeportes.com\/wp\/2021\/04\/08\/cuando-y-donde-se-jugara-el-superclasico-entre-boca-y-river-por-la-copa-argentina\/","url":"http:\/\/www.sanjuandeportes.com\/wp\/2021\/04\/08\/cuando-y-donde-se-jugara-el-superclasico-entre-boca-y-river-por-la-copa-argentina\/","name":"\u00bfCu\u00e1ndo y d\u00f3nde se jugar\u00e1 el Supercl\u00e1sico entre Boca y River por la Copa Argentina? - San Juan Deportes","isPartOf":{"@id":"https:\/\/www.sanjuandeportes.com\/wp\/#website"},"primaryImageOfPage":{"@id":"http:\/\/www.sanjuandeportes.com\/wp\/2021\/04\/08\/cuando-y-donde-se-jugara-el-superclasico-entre-boca-y-river-por-la-copa-argentina\/#primaryimage"},"image":{"@id":"http:\/\/www.sanjuandeportes.com\/wp\/2021\/04\/08\/cuando-y-donde-se-jugara-el-superclasico-entre-boca-y-river-por-la-copa-argentina\/#primaryimage"},"thumbnailUrl":"http:\/\/www.sanjuandeportes.com\/wp\/wp-content\/uploads\/2021\/04\/f848x477-1030829_1088632_5050.jpeg","datePublished":"2021-04-08T15:20:02+00:00","dateModified":"2021-04-09T15:53:48+00:00","breadcrumb":{"@id":"http:\/\/www.sanjuandeportes.com\/wp\/2021\/04\/08\/cuando-y-donde-se-jugara-el-superclasico-entre-boca-y-river-por-la-copa-argentina\/#breadcrumb"},"inLanguage":"es","potentialAction":[{"@type":"ReadAction","target":["http:\/\/www.sanjuandeportes.com\/wp\/2021\/04\/08\/cuando-y-donde-se-jugara-el-superclasico-entre-boca-y-river-por-la-copa-argentina\/"]}]},{"@type":"ImageObject","inLanguage":"es","@id":"http:\/\/www.sanjuandeportes.com\/wp\/2021\/04\/08\/cuando-y-donde-se-jugara-el-superclasico-entre-boca-y-river-por-la-copa-argentina\/#primaryimage","url":"http:\/\/www.sanjuandeportes.com\/wp\/wp-content\/uploads\/2021\/04\/f848x477-1030829_1088632_5050.jpeg","contentUrl":"http:\/\/www.sanjuandeportes.com\/wp\/wp-content\/uploads\/2021\/04\/f848x477-1030829_1088632_5050.jpeg","width":848,"height":477},{"@type":"BreadcrumbList","@id":"http:\/\/www.sanjuandeportes.com\/wp\/2021\/04\/08\/cuando-y-donde-se-jugara-el-superclasico-entre-boca-y-river-por-la-copa-argentina\/#breadcrumb","itemListElement":[{"@type":"ListItem","position":1,"name":"Portada","item":"http:\/\/www.sanjuandeportes.com\/wp\/"},{"@type":"ListItem","position":2,"name":"\u00bfCu\u00e1ndo y d\u00f3nde se jugar\u00e1 el Supercl\u00e1sico entre Boca y River por la Copa Argentina?"}]},{"@type":"WebSite","@id":"https:\/\/www.sanjuandeportes.com\/wp\/#website","url":"https:\/\/www.sanjuandeportes.com\/wp\/","name":"San Juan Deportes","description":"El sitio de deportes de la provincia de San Juan","publisher":{"@id":"https:\/\/www.sanjuandeportes.com\/wp\/#organization"},"potentialAction":[{"@type":"SearchAction","target":{"@type":"EntryPoint","urlTemplate":"https:\/\/www.sanjuandeportes.com\/wp\/?s={search_term_string}"},"query-input":{"@type":"PropertyValueSpecification","valueRequired":true,"valueName":"search_term_string"}}],"inLanguage":"es"},{"@type":"Organization","@id":"https:\/\/www.sanjuandeportes.com\/wp\/#organization","name":"San Juan Deportes","url":"https:\/\/www.sanjuandeportes.com\/wp\/","logo":{"@type":"ImageObject","inLanguage":"es","@id":"https:\/\/www.sanjuandeportes.com\/wp\/#\/schema\/logo\/image\/","url":"https:\/\/www.sanjuandeportes.com\/wp\/wp-content\/uploads\/unnamed.jpg","contentUrl":"https:\/\/www.sanjuandeportes.com\/wp\/wp-content\/uploads\/unnamed.jpg","width":900,"height":900,"caption":"San Juan Deportes"},"image":{"@id":"https:\/\/www.sanjuandeportes.com\/wp\/#\/schema\/logo\/image\/"},"sameAs":["https:\/\/www.facebook.com\/sanjuandeportesok","https:\/\/x.com\/SanJuanDeportes","https:\/\/www.instagram.com\/sanjuandeportes"]},{"@type":"Person","@id":"https:\/\/www.sanjuandeportes.com\/wp\/#\/schema\/person\/eda4d8e62a5d42b111781e3cdfcb9c3a","name":"Pablo Pujado","image":{"@type":"ImageObject","inLanguage":"es","@id":"https:\/\/secure.gravatar.com\/avatar\/310b69d28112912c333408a462a9837208de951b1e7c11514781740412f648b1?s=96&d=mm&r=g","url":"https:\/\/secure.gravatar.com\/avatar\/310b69d28112912c333408a462a9837208de951b1e7c11514781740412f648b1?s=96&d=mm&r=g","contentUrl":"https:\/\/secure.gravatar.com\/avatar\/310b69d28112912c333408a462a9837208de951b1e7c11514781740412f648b1?s=96&d=mm&r=g","caption":"Pablo Pujado"},"url":"http:\/\/www.sanjuandeportes.com\/wp\/author\/pablo-pujado\/"}]}},"_links":{"self":[{"href":"http:\/\/www.sanjuandeportes.com\/wp\/wp-json\/wp\/v2\/posts\/12634","targetHints":{"allow":["GET"]}}],"collection":[{"href":"http:\/\/www.sanjuandeportes.com\/wp\/wp-json\/wp\/v2\/posts"}],"about":[{"href":"http:\/\/www.sanjuandeportes.com\/wp\/wp-json\/wp\/v2\/types\/post"}],"author":[{"embeddable":true,"href":"http:\/\/www.sanjuandeportes.com\/wp\/wp-json\/wp\/v2\/users\/5"}],"replies":[{"embeddable":true,"href":"http:\/\/www.sanjuandeportes.com\/wp\/wp-json\/wp\/v2\/comments?post=12634"}],"version-history":[{"count":1,"href":"http:\/\/www.sanjuandeportes.com\/wp\/wp-json\/wp\/v2\/posts\/12634\/revisions"}],"predecessor-version":[{"id":12636,"href":"http:\/\/www.sanjuandeportes.com\/wp\/wp-json\/wp\/v2\/posts\/12634\/revisions\/12636"}],"wp:featuredmedia":[{"embeddable":true,"href":"http:\/\/www.sanjuandeportes.com\/wp\/wp-json\/wp\/v2\/media\/12635"}],"wp:attachment":[{"href":"http:\/\/www.sanjuandeportes.com\/wp\/wp-json\/wp\/v2\/media?parent=12634"}],"wp:term":[{"taxonomy":"category","embeddable":true,"href":"http:\/\/www.sanjuandeportes.com\/wp\/wp-json\/wp\/v2\/categories?post=12634"},{"taxonomy":"post_tag","embeddable":true,"href":"http:\/\/www.sanjuandeportes.com\/wp\/wp-json\/wp\/v2\/tags?post=12634"}],"curies":[{"name":"wp","href":"https:\/\/api.w.org\/{rel}","templated":true}]}}