{"id":12679,"date":"2021-04-12T02:28:32","date_gmt":"2021-04-12T02:28:32","guid":{"rendered":"http:\/\/www.sanjuandeportes.com\/wp\/?p=12679"},"modified":"2021-04-13T19:39:38","modified_gmt":"2021-04-13T19:39:38","slug":"futbol-local-se-completo-la-sexta-fecha-y-colon-manda-en-soledad","status":"publish","type":"post","link":"http:\/\/www.sanjuandeportes.com\/wp\/2021\/04\/12\/futbol-local-se-completo-la-sexta-fecha-y-colon-manda-en-soledad\/","title":{"rendered":"F\u00fatbol local: se complet\u00f3 la sexta fecha y Col\u00f3n manda en soledad"},"content":{"rendered":"<p>Este domingo con tres partidos, se complet\u00f3 la sexta fecha del Torneo Local de Liga Sanjuanina de F\u00fatbol.<\/p>\n<p>Desamparados y 9 de Julio igualaron 2 a 2. Los goles del v\u00edbora fueron convertidos por Mariano De La Vega y Emiliano Oropel, mientras que Mart\u00edn Alan\u00edz e Iber Barrionuevo marcaron para el Azul del Este. En cuarta empataron 0 a 0.<\/p>\n<p>En Rawson, Uni\u00f3n derrot\u00f3 a San Martin 3 a 0. Los goles del Azul fueron de, Nahuel Altamirano, Ramiro Cisterna y Gerardo Pinto. En cuarta gan\u00f3 el Azul 2 a 0.<\/p>\n<p>En Pocito, Juventud Unida cay\u00f3 con Rivadavia 3 a 1. Los goles del equipo de La Bebida fueron convertidos por Cristian Molina, mientras que descont\u00f3 Leonardo Rodr\u00edguez. En cuarta fue victoria del local 4 a 0.<\/p>\n<p>En el Barrio Cabot, Del Bono derrot\u00f3 a \u00c1rbol Verde 2 a 1 con goles de Gerardo Morales y Alejandro Monla, mientras que para el Arbolino marc\u00f3 Lucas Monta\u00f1o. En cuarta fue empate 1 a 1.<\/p>\n<p><strong>Resultados del S\u00e1bado (cuarta divisi\u00f3n):<\/strong><\/p>\n<div dir=\"auto\">Alianza 4 &#8211; 1 Villa Obrera (4-1)<\/div>\n<div dir=\"auto\">Colon 2 &#8211; 1 Trinidad (3-0)<\/div>\n<div dir=\"auto\">San Lorenzo 2 &#8211; 1 Carpinteria (5-1)<\/div>\n<div dir=\"auto\">Marquesado 0 &#8211; 1 Atenas (2-2)<\/div>\n<div dir=\"auto\">Aberastain 1 &#8211; 2 Pe\u00f1arol (1-3)<\/div>\n<div dir=\"auto\"><\/div>\n<p><strong>Posiciones:<\/strong> Col\u00f3n 16 puntos; Alianza 15; San Lorenzo y Del Bono 13; Carpinter\u00eda 11; Uni\u00f3n 10; Pe\u00f1arol y Atenas 9; Desamparados y 9 de Julio 8; \u00c1rbol Verde 7; San Mart\u00edn, Marquesado y Rivadavia 6; Trinidad y Aberastain 4; Villa Obrera 3; Juventud Unida 1.<\/p>\n<p>Con informaci\u00f3n de Nuestro F\u00fatbol<\/p>\n<p>Foto: Col\u00f3n Jrs.<\/p>\n","protected":false},"excerpt":{"rendered":"<p>Este domingo con tres partidos, se complet\u00f3 la sexta fecha del Torneo Local de Liga Sanjuanina de F\u00fatbol. Desamparados y 9 de Julio igualaron 2 a 2. Los goles del v\u00edbora fueron convertidos por Mariano De La Vega y Emiliano Oropel, mientras que Mart\u00edn Alan\u00edz e Iber Barrionuevo marcaron para el Azul del Este. En [&hellip;]<\/p>\n","protected":false},"author":5,"featured_media":12680,"comment_status":"open","ping_status":"open","sticky":false,"template":"","format":"standard","meta":{"footnotes":""},"categories":[24,178],"tags":[],"class_list":["post-12679","post","type-post","status-publish","format-standard","has-post-thumbnail","hentry","category-futbol","category-san-juan"],"yoast_head":"<!-- This site is optimized with the Yoast SEO plugin v28.2 - https:\/\/yoast.com\/product\/yoast-seo-wordpress\/ -->\n<title>F\u00fatbol local: se complet\u00f3 la sexta fecha y Col\u00f3n manda en soledad - San Juan Deportes<\/title>\n<meta name=\"robots\" content=\"index, follow, max-snippet:-1, max-image-preview:large, max-video-preview:-1\" \/>\n<link rel=\"canonical\" href=\"http:\/\/www.sanjuandeportes.com\/wp\/2021\/04\/12\/futbol-local-se-completo-la-sexta-fecha-y-colon-manda-en-soledad\/\" \/>\n<meta property=\"og:locale\" content=\"es_ES\" \/>\n<meta property=\"og:type\" content=\"article\" \/>\n<meta property=\"og:title\" content=\"F\u00fatbol local: se complet\u00f3 la sexta fecha y Col\u00f3n manda en soledad - San Juan Deportes\" \/>\n<meta property=\"og:description\" content=\"Este domingo con tres partidos, se complet\u00f3 la sexta fecha del Torneo Local de Liga Sanjuanina de F\u00fatbol. Desamparados y 9 de Julio igualaron 2 a 2. Los goles del v\u00edbora fueron convertidos por Mariano De La Vega y Emiliano Oropel, mientras que Mart\u00edn Alan\u00edz e Iber Barrionuevo marcaron para el Azul del Este. En [&hellip;]\" \/>\n<meta property=\"og:url\" content=\"http:\/\/www.sanjuandeportes.com\/wp\/2021\/04\/12\/futbol-local-se-completo-la-sexta-fecha-y-colon-manda-en-soledad\/\" \/>\n<meta property=\"og:site_name\" content=\"San Juan Deportes\" \/>\n<meta property=\"article:publisher\" content=\"https:\/\/www.facebook.com\/sanjuandeportesok\" \/>\n<meta property=\"article:published_time\" content=\"2021-04-12T02:28:32+00:00\" \/>\n<meta property=\"article:modified_time\" content=\"2021-04-13T19:39:38+00:00\" \/>\n<meta property=\"og:image\" content=\"http:\/\/www.sanjuandeportes.com\/wp\/wp-content\/uploads\/2021\/04\/172275235_2875483142768935_976081851282845933_n.jpg\" \/>\n\t<meta property=\"og:image:width\" content=\"1280\" \/>\n\t<meta property=\"og:image:height\" content=\"958\" \/>\n\t<meta property=\"og:image:type\" content=\"image\/jpeg\" \/>\n<meta name=\"author\" content=\"Pablo Pujado\" \/>\n<meta name=\"twitter:card\" content=\"summary_large_image\" \/>\n<meta name=\"twitter:creator\" content=\"@SanJuanDeportes\" \/>\n<meta name=\"twitter:site\" content=\"@SanJuanDeportes\" \/>\n<meta name=\"twitter:label1\" content=\"Escrito por\" \/>\n\t<meta name=\"twitter:data1\" content=\"Pablo Pujado\" \/>\n\t<meta name=\"twitter:label2\" content=\"Tiempo de lectura\" \/>\n\t<meta name=\"twitter:data2\" content=\"1 minuto\" \/>\n<script type=\"application\/ld+json\" class=\"yoast-schema-graph\">{\"@context\":\"https:\\\/\\\/schema.org\",\"@graph\":[{\"@type\":\"Article\",\"@id\":\"http:\\\/\\\/www.sanjuandeportes.com\\\/wp\\\/2021\\\/04\\\/12\\\/futbol-local-se-completo-la-sexta-fecha-y-colon-manda-en-soledad\\\/#article\",\"isPartOf\":{\"@id\":\"http:\\\/\\\/www.sanjuandeportes.com\\\/wp\\\/2021\\\/04\\\/12\\\/futbol-local-se-completo-la-sexta-fecha-y-colon-manda-en-soledad\\\/\"},\"author\":{\"name\":\"Pablo Pujado\",\"@id\":\"https:\\\/\\\/www.sanjuandeportes.com\\\/wp\\\/#\\\/schema\\\/person\\\/eda4d8e62a5d42b111781e3cdfcb9c3a\"},\"headline\":\"F\u00fatbol local: se complet\u00f3 la sexta fecha y Col\u00f3n manda en soledad\",\"datePublished\":\"2021-04-12T02:28:32+00:00\",\"dateModified\":\"2021-04-13T19:39:38+00:00\",\"mainEntityOfPage\":{\"@id\":\"http:\\\/\\\/www.sanjuandeportes.com\\\/wp\\\/2021\\\/04\\\/12\\\/futbol-local-se-completo-la-sexta-fecha-y-colon-manda-en-soledad\\\/\"},\"wordCount\":245,\"commentCount\":0,\"publisher\":{\"@id\":\"https:\\\/\\\/www.sanjuandeportes.com\\\/wp\\\/#organization\"},\"image\":{\"@id\":\"http:\\\/\\\/www.sanjuandeportes.com\\\/wp\\\/2021\\\/04\\\/12\\\/futbol-local-se-completo-la-sexta-fecha-y-colon-manda-en-soledad\\\/#primaryimage\"},\"thumbnailUrl\":\"http:\\\/\\\/www.sanjuandeportes.com\\\/wp\\\/wp-content\\\/uploads\\\/2021\\\/04\\\/172275235_2875483142768935_976081851282845933_n.jpg\",\"articleSection\":[\"Futbol\",\"San Juan\"],\"inLanguage\":\"es\",\"potentialAction\":[{\"@type\":\"CommentAction\",\"name\":\"Comment\",\"target\":[\"http:\\\/\\\/www.sanjuandeportes.com\\\/wp\\\/2021\\\/04\\\/12\\\/futbol-local-se-completo-la-sexta-fecha-y-colon-manda-en-soledad\\\/#respond\"]}]},{\"@type\":\"WebPage\",\"@id\":\"http:\\\/\\\/www.sanjuandeportes.com\\\/wp\\\/2021\\\/04\\\/12\\\/futbol-local-se-completo-la-sexta-fecha-y-colon-manda-en-soledad\\\/\",\"url\":\"http:\\\/\\\/www.sanjuandeportes.com\\\/wp\\\/2021\\\/04\\\/12\\\/futbol-local-se-completo-la-sexta-fecha-y-colon-manda-en-soledad\\\/\",\"name\":\"F\u00fatbol local: se complet\u00f3 la sexta fecha y Col\u00f3n manda en soledad - San Juan Deportes\",\"isPartOf\":{\"@id\":\"https:\\\/\\\/www.sanjuandeportes.com\\\/wp\\\/#website\"},\"primaryImageOfPage\":{\"@id\":\"http:\\\/\\\/www.sanjuandeportes.com\\\/wp\\\/2021\\\/04\\\/12\\\/futbol-local-se-completo-la-sexta-fecha-y-colon-manda-en-soledad\\\/#primaryimage\"},\"image\":{\"@id\":\"http:\\\/\\\/www.sanjuandeportes.com\\\/wp\\\/2021\\\/04\\\/12\\\/futbol-local-se-completo-la-sexta-fecha-y-colon-manda-en-soledad\\\/#primaryimage\"},\"thumbnailUrl\":\"http:\\\/\\\/www.sanjuandeportes.com\\\/wp\\\/wp-content\\\/uploads\\\/2021\\\/04\\\/172275235_2875483142768935_976081851282845933_n.jpg\",\"datePublished\":\"2021-04-12T02:28:32+00:00\",\"dateModified\":\"2021-04-13T19:39:38+00:00\",\"breadcrumb\":{\"@id\":\"http:\\\/\\\/www.sanjuandeportes.com\\\/wp\\\/2021\\\/04\\\/12\\\/futbol-local-se-completo-la-sexta-fecha-y-colon-manda-en-soledad\\\/#breadcrumb\"},\"inLanguage\":\"es\",\"potentialAction\":[{\"@type\":\"ReadAction\",\"target\":[\"http:\\\/\\\/www.sanjuandeportes.com\\\/wp\\\/2021\\\/04\\\/12\\\/futbol-local-se-completo-la-sexta-fecha-y-colon-manda-en-soledad\\\/\"]}]},{\"@type\":\"ImageObject\",\"inLanguage\":\"es\",\"@id\":\"http:\\\/\\\/www.sanjuandeportes.com\\\/wp\\\/2021\\\/04\\\/12\\\/futbol-local-se-completo-la-sexta-fecha-y-colon-manda-en-soledad\\\/#primaryimage\",\"url\":\"http:\\\/\\\/www.sanjuandeportes.com\\\/wp\\\/wp-content\\\/uploads\\\/2021\\\/04\\\/172275235_2875483142768935_976081851282845933_n.jpg\",\"contentUrl\":\"http:\\\/\\\/www.sanjuandeportes.com\\\/wp\\\/wp-content\\\/uploads\\\/2021\\\/04\\\/172275235_2875483142768935_976081851282845933_n.jpg\",\"width\":1280,\"height\":958},{\"@type\":\"BreadcrumbList\",\"@id\":\"http:\\\/\\\/www.sanjuandeportes.com\\\/wp\\\/2021\\\/04\\\/12\\\/futbol-local-se-completo-la-sexta-fecha-y-colon-manda-en-soledad\\\/#breadcrumb\",\"itemListElement\":[{\"@type\":\"ListItem\",\"position\":1,\"name\":\"Portada\",\"item\":\"http:\\\/\\\/www.sanjuandeportes.com\\\/wp\\\/\"},{\"@type\":\"ListItem\",\"position\":2,\"name\":\"F\u00fatbol local: se complet\u00f3 la sexta fecha y Col\u00f3n manda en soledad\"}]},{\"@type\":\"WebSite\",\"@id\":\"https:\\\/\\\/www.sanjuandeportes.com\\\/wp\\\/#website\",\"url\":\"https:\\\/\\\/www.sanjuandeportes.com\\\/wp\\\/\",\"name\":\"San Juan Deportes\",\"description\":\"El sitio de deportes de la provincia de San Juan\",\"publisher\":{\"@id\":\"https:\\\/\\\/www.sanjuandeportes.com\\\/wp\\\/#organization\"},\"potentialAction\":[{\"@type\":\"SearchAction\",\"target\":{\"@type\":\"EntryPoint\",\"urlTemplate\":\"https:\\\/\\\/www.sanjuandeportes.com\\\/wp\\\/?s={search_term_string}\"},\"query-input\":{\"@type\":\"PropertyValueSpecification\",\"valueRequired\":true,\"valueName\":\"search_term_string\"}}],\"inLanguage\":\"es\"},{\"@type\":\"Organization\",\"@id\":\"https:\\\/\\\/www.sanjuandeportes.com\\\/wp\\\/#organization\",\"name\":\"San Juan Deportes\",\"url\":\"https:\\\/\\\/www.sanjuandeportes.com\\\/wp\\\/\",\"logo\":{\"@type\":\"ImageObject\",\"inLanguage\":\"es\",\"@id\":\"https:\\\/\\\/www.sanjuandeportes.com\\\/wp\\\/#\\\/schema\\\/logo\\\/image\\\/\",\"url\":\"https:\\\/\\\/www.sanjuandeportes.com\\\/wp\\\/wp-content\\\/uploads\\\/unnamed.jpg\",\"contentUrl\":\"https:\\\/\\\/www.sanjuandeportes.com\\\/wp\\\/wp-content\\\/uploads\\\/unnamed.jpg\",\"width\":900,\"height\":900,\"caption\":\"San Juan Deportes\"},\"image\":{\"@id\":\"https:\\\/\\\/www.sanjuandeportes.com\\\/wp\\\/#\\\/schema\\\/logo\\\/image\\\/\"},\"sameAs\":[\"https:\\\/\\\/www.facebook.com\\\/sanjuandeportesok\",\"https:\\\/\\\/x.com\\\/SanJuanDeportes\",\"https:\\\/\\\/www.instagram.com\\\/sanjuandeportes\"]},{\"@type\":\"Person\",\"@id\":\"https:\\\/\\\/www.sanjuandeportes.com\\\/wp\\\/#\\\/schema\\\/person\\\/eda4d8e62a5d42b111781e3cdfcb9c3a\",\"name\":\"Pablo Pujado\",\"image\":{\"@type\":\"ImageObject\",\"inLanguage\":\"es\",\"@id\":\"https:\\\/\\\/secure.gravatar.com\\\/avatar\\\/310b69d28112912c333408a462a9837208de951b1e7c11514781740412f648b1?s=96&d=mm&r=g\",\"url\":\"https:\\\/\\\/secure.gravatar.com\\\/avatar\\\/310b69d28112912c333408a462a9837208de951b1e7c11514781740412f648b1?s=96&d=mm&r=g\",\"contentUrl\":\"https:\\\/\\\/secure.gravatar.com\\\/avatar\\\/310b69d28112912c333408a462a9837208de951b1e7c11514781740412f648b1?s=96&d=mm&r=g\",\"caption\":\"Pablo Pujado\"},\"url\":\"http:\\\/\\\/www.sanjuandeportes.com\\\/wp\\\/author\\\/pablo-pujado\\\/\"}]}<\/script>\n<!-- \/ Yoast SEO plugin. -->","yoast_head_json":{"title":"F\u00fatbol local: se complet\u00f3 la sexta fecha y Col\u00f3n manda en soledad - San Juan Deportes","robots":{"index":"index","follow":"follow","max-snippet":"max-snippet:-1","max-image-preview":"max-image-preview:large","max-video-preview":"max-video-preview:-1"},"canonical":"http:\/\/www.sanjuandeportes.com\/wp\/2021\/04\/12\/futbol-local-se-completo-la-sexta-fecha-y-colon-manda-en-soledad\/","og_locale":"es_ES","og_type":"article","og_title":"F\u00fatbol local: se complet\u00f3 la sexta fecha y Col\u00f3n manda en soledad - San Juan Deportes","og_description":"Este domingo con tres partidos, se complet\u00f3 la sexta fecha del Torneo Local de Liga Sanjuanina de F\u00fatbol. Desamparados y 9 de Julio igualaron 2 a 2. Los goles del v\u00edbora fueron convertidos por Mariano De La Vega y Emiliano Oropel, mientras que Mart\u00edn Alan\u00edz e Iber Barrionuevo marcaron para el Azul del Este. En [&hellip;]","og_url":"http:\/\/www.sanjuandeportes.com\/wp\/2021\/04\/12\/futbol-local-se-completo-la-sexta-fecha-y-colon-manda-en-soledad\/","og_site_name":"San Juan Deportes","article_publisher":"https:\/\/www.facebook.com\/sanjuandeportesok","article_published_time":"2021-04-12T02:28:32+00:00","article_modified_time":"2021-04-13T19:39:38+00:00","og_image":[{"width":1280,"height":958,"url":"http:\/\/www.sanjuandeportes.com\/wp\/wp-content\/uploads\/2021\/04\/172275235_2875483142768935_976081851282845933_n.jpg","type":"image\/jpeg"}],"author":"Pablo Pujado","twitter_card":"summary_large_image","twitter_creator":"@SanJuanDeportes","twitter_site":"@SanJuanDeportes","twitter_misc":{"Escrito por":"Pablo Pujado","Tiempo de lectura":"1 minuto"},"schema":{"@context":"https:\/\/schema.org","@graph":[{"@type":"Article","@id":"http:\/\/www.sanjuandeportes.com\/wp\/2021\/04\/12\/futbol-local-se-completo-la-sexta-fecha-y-colon-manda-en-soledad\/#article","isPartOf":{"@id":"http:\/\/www.sanjuandeportes.com\/wp\/2021\/04\/12\/futbol-local-se-completo-la-sexta-fecha-y-colon-manda-en-soledad\/"},"author":{"name":"Pablo Pujado","@id":"https:\/\/www.sanjuandeportes.com\/wp\/#\/schema\/person\/eda4d8e62a5d42b111781e3cdfcb9c3a"},"headline":"F\u00fatbol local: se complet\u00f3 la sexta fecha y Col\u00f3n manda en soledad","datePublished":"2021-04-12T02:28:32+00:00","dateModified":"2021-04-13T19:39:38+00:00","mainEntityOfPage":{"@id":"http:\/\/www.sanjuandeportes.com\/wp\/2021\/04\/12\/futbol-local-se-completo-la-sexta-fecha-y-colon-manda-en-soledad\/"},"wordCount":245,"commentCount":0,"publisher":{"@id":"https:\/\/www.sanjuandeportes.com\/wp\/#organization"},"image":{"@id":"http:\/\/www.sanjuandeportes.com\/wp\/2021\/04\/12\/futbol-local-se-completo-la-sexta-fecha-y-colon-manda-en-soledad\/#primaryimage"},"thumbnailUrl":"http:\/\/www.sanjuandeportes.com\/wp\/wp-content\/uploads\/2021\/04\/172275235_2875483142768935_976081851282845933_n.jpg","articleSection":["Futbol","San Juan"],"inLanguage":"es","potentialAction":[{"@type":"CommentAction","name":"Comment","target":["http:\/\/www.sanjuandeportes.com\/wp\/2021\/04\/12\/futbol-local-se-completo-la-sexta-fecha-y-colon-manda-en-soledad\/#respond"]}]},{"@type":"WebPage","@id":"http:\/\/www.sanjuandeportes.com\/wp\/2021\/04\/12\/futbol-local-se-completo-la-sexta-fecha-y-colon-manda-en-soledad\/","url":"http:\/\/www.sanjuandeportes.com\/wp\/2021\/04\/12\/futbol-local-se-completo-la-sexta-fecha-y-colon-manda-en-soledad\/","name":"F\u00fatbol local: se complet\u00f3 la sexta fecha y Col\u00f3n manda en soledad - San Juan Deportes","isPartOf":{"@id":"https:\/\/www.sanjuandeportes.com\/wp\/#website"},"primaryImageOfPage":{"@id":"http:\/\/www.sanjuandeportes.com\/wp\/2021\/04\/12\/futbol-local-se-completo-la-sexta-fecha-y-colon-manda-en-soledad\/#primaryimage"},"image":{"@id":"http:\/\/www.sanjuandeportes.com\/wp\/2021\/04\/12\/futbol-local-se-completo-la-sexta-fecha-y-colon-manda-en-soledad\/#primaryimage"},"thumbnailUrl":"http:\/\/www.sanjuandeportes.com\/wp\/wp-content\/uploads\/2021\/04\/172275235_2875483142768935_976081851282845933_n.jpg","datePublished":"2021-04-12T02:28:32+00:00","dateModified":"2021-04-13T19:39:38+00:00","breadcrumb":{"@id":"http:\/\/www.sanjuandeportes.com\/wp\/2021\/04\/12\/futbol-local-se-completo-la-sexta-fecha-y-colon-manda-en-soledad\/#breadcrumb"},"inLanguage":"es","potentialAction":[{"@type":"ReadAction","target":["http:\/\/www.sanjuandeportes.com\/wp\/2021\/04\/12\/futbol-local-se-completo-la-sexta-fecha-y-colon-manda-en-soledad\/"]}]},{"@type":"ImageObject","inLanguage":"es","@id":"http:\/\/www.sanjuandeportes.com\/wp\/2021\/04\/12\/futbol-local-se-completo-la-sexta-fecha-y-colon-manda-en-soledad\/#primaryimage","url":"http:\/\/www.sanjuandeportes.com\/wp\/wp-content\/uploads\/2021\/04\/172275235_2875483142768935_976081851282845933_n.jpg","contentUrl":"http:\/\/www.sanjuandeportes.com\/wp\/wp-content\/uploads\/2021\/04\/172275235_2875483142768935_976081851282845933_n.jpg","width":1280,"height":958},{"@type":"BreadcrumbList","@id":"http:\/\/www.sanjuandeportes.com\/wp\/2021\/04\/12\/futbol-local-se-completo-la-sexta-fecha-y-colon-manda-en-soledad\/#breadcrumb","itemListElement":[{"@type":"ListItem","position":1,"name":"Portada","item":"http:\/\/www.sanjuandeportes.com\/wp\/"},{"@type":"ListItem","position":2,"name":"F\u00fatbol local: se complet\u00f3 la sexta fecha y Col\u00f3n manda en soledad"}]},{"@type":"WebSite","@id":"https:\/\/www.sanjuandeportes.com\/wp\/#website","url":"https:\/\/www.sanjuandeportes.com\/wp\/","name":"San Juan Deportes","description":"El sitio de deportes de la provincia de San Juan","publisher":{"@id":"https:\/\/www.sanjuandeportes.com\/wp\/#organization"},"potentialAction":[{"@type":"SearchAction","target":{"@type":"EntryPoint","urlTemplate":"https:\/\/www.sanjuandeportes.com\/wp\/?s={search_term_string}"},"query-input":{"@type":"PropertyValueSpecification","valueRequired":true,"valueName":"search_term_string"}}],"inLanguage":"es"},{"@type":"Organization","@id":"https:\/\/www.sanjuandeportes.com\/wp\/#organization","name":"San Juan Deportes","url":"https:\/\/www.sanjuandeportes.com\/wp\/","logo":{"@type":"ImageObject","inLanguage":"es","@id":"https:\/\/www.sanjuandeportes.com\/wp\/#\/schema\/logo\/image\/","url":"https:\/\/www.sanjuandeportes.com\/wp\/wp-content\/uploads\/unnamed.jpg","contentUrl":"https:\/\/www.sanjuandeportes.com\/wp\/wp-content\/uploads\/unnamed.jpg","width":900,"height":900,"caption":"San Juan Deportes"},"image":{"@id":"https:\/\/www.sanjuandeportes.com\/wp\/#\/schema\/logo\/image\/"},"sameAs":["https:\/\/www.facebook.com\/sanjuandeportesok","https:\/\/x.com\/SanJuanDeportes","https:\/\/www.instagram.com\/sanjuandeportes"]},{"@type":"Person","@id":"https:\/\/www.sanjuandeportes.com\/wp\/#\/schema\/person\/eda4d8e62a5d42b111781e3cdfcb9c3a","name":"Pablo Pujado","image":{"@type":"ImageObject","inLanguage":"es","@id":"https:\/\/secure.gravatar.com\/avatar\/310b69d28112912c333408a462a9837208de951b1e7c11514781740412f648b1?s=96&d=mm&r=g","url":"https:\/\/secure.gravatar.com\/avatar\/310b69d28112912c333408a462a9837208de951b1e7c11514781740412f648b1?s=96&d=mm&r=g","contentUrl":"https:\/\/secure.gravatar.com\/avatar\/310b69d28112912c333408a462a9837208de951b1e7c11514781740412f648b1?s=96&d=mm&r=g","caption":"Pablo Pujado"},"url":"http:\/\/www.sanjuandeportes.com\/wp\/author\/pablo-pujado\/"}]}},"_links":{"self":[{"href":"http:\/\/www.sanjuandeportes.com\/wp\/wp-json\/wp\/v2\/posts\/12679","targetHints":{"allow":["GET"]}}],"collection":[{"href":"http:\/\/www.sanjuandeportes.com\/wp\/wp-json\/wp\/v2\/posts"}],"about":[{"href":"http:\/\/www.sanjuandeportes.com\/wp\/wp-json\/wp\/v2\/types\/post"}],"author":[{"embeddable":true,"href":"http:\/\/www.sanjuandeportes.com\/wp\/wp-json\/wp\/v2\/users\/5"}],"replies":[{"embeddable":true,"href":"http:\/\/www.sanjuandeportes.com\/wp\/wp-json\/wp\/v2\/comments?post=12679"}],"version-history":[{"count":1,"href":"http:\/\/www.sanjuandeportes.com\/wp\/wp-json\/wp\/v2\/posts\/12679\/revisions"}],"predecessor-version":[{"id":12681,"href":"http:\/\/www.sanjuandeportes.com\/wp\/wp-json\/wp\/v2\/posts\/12679\/revisions\/12681"}],"wp:featuredmedia":[{"embeddable":true,"href":"http:\/\/www.sanjuandeportes.com\/wp\/wp-json\/wp\/v2\/media\/12680"}],"wp:attachment":[{"href":"http:\/\/www.sanjuandeportes.com\/wp\/wp-json\/wp\/v2\/media?parent=12679"}],"wp:term":[{"taxonomy":"category","embeddable":true,"href":"http:\/\/www.sanjuandeportes.com\/wp\/wp-json\/wp\/v2\/categories?post=12679"},{"taxonomy":"post_tag","embeddable":true,"href":"http:\/\/www.sanjuandeportes.com\/wp\/wp-json\/wp\/v2\/tags?post=12679"}],"curies":[{"name":"wp","href":"https:\/\/api.w.org\/{rel}","templated":true}]}}