{"id":13172,"date":"2021-06-03T20:28:24","date_gmt":"2021-06-03T20:28:24","guid":{"rendered":"http:\/\/www.sanjuandeportes.com\/wp\/?p=13172"},"modified":"2021-06-04T22:48:11","modified_gmt":"2021-06-04T22:48:11","slug":"el-coronavirus-se-cobro-la-vida-de-un-exrugbier-sanjuanino","status":"publish","type":"post","link":"http:\/\/www.sanjuandeportes.com\/wp\/2021\/06\/03\/el-coronavirus-se-cobro-la-vida-de-un-exrugbier-sanjuanino\/","title":{"rendered":"El Coronavirus se cobr\u00f3 la vida de un exrugbier sanjuanino"},"content":{"rendered":"<p>La muerte de\u00a0Ricardo Javier Salas Calder\u00f3n gener\u00f3 en las \u00faltimas horas un gran dolor en el mundo del rugby sanjuanino, en particular en el el seno del Sporting Club Alfiles.<\/p>\n<div class=\"kvgmc6g5 cxmmr5t8 oygrvhab hcukyx3x c1et5uql ii04i59q\">\n<div dir=\"auto\">Desde la Uni\u00f3n Sanjuanina de Rugby lo despidieron con profundo mensaje: \u00abEl rugby sanjuanino despide con tristeza al Sr. Ricardo Javier Salas Calder\u00f3n, ex jugador del SC Alfiles. Rogamos por su eterno descanso y el consuelo para sus familiares y amigos\u00bb.<\/div>\n<div dir=\"auto\"><img decoding=\"async\" data-src=\"https:\/\/scontent.fuaq2-1.fna.fbcdn.net\/v\/t1.6435-9\/196703285_4205768669481276_2759647051886402748_n.png?_nc_cat=111&amp;ccb=1-3&amp;_nc_sid=730e14&amp;_nc_ohc=I0U2j4k0CJEAX-6PbCG&amp;_nc_ht=scontent.fuaq2-1.fna&amp;oh=8d84cdc6a098de5568a965f28f4913e8&amp;oe=60DCF73F\" alt=\"Puede ser una imagen de 1 persona y texto que dice &quot;UNI\u00d3N SANJUANINA DE RUGBY RICARDO JAVIER SALAS CALDER\u00d3N Q.E.P.D.&quot;\" src=\"data:image\/svg+xml;base64,PHN2ZyB3aWR0aD0iMSIgaGVpZ2h0PSIxIiB4bWxucz0iaHR0cDovL3d3dy53My5vcmcvMjAwMC9zdmciPjwvc3ZnPg==\" class=\"lazyload\" \/><\/div>\n<\/div>\n","protected":false},"excerpt":{"rendered":"<p>La muerte de\u00a0Ricardo Javier Salas Calder\u00f3n gener\u00f3 en las \u00faltimas horas un gran dolor en el mundo del rugby sanjuanino, en particular en el el seno del Sporting Club Alfiles. Desde la Uni\u00f3n Sanjuanina de Rugby lo despidieron con profundo mensaje: \u00abEl rugby sanjuanino despide con tristeza al Sr. Ricardo Javier Salas Calder\u00f3n, ex jugador [&hellip;]<\/p>\n","protected":false},"author":5,"featured_media":13173,"comment_status":"open","ping_status":"open","sticky":false,"template":"","format":"standard","meta":{"footnotes":""},"categories":[180,178],"tags":[],"class_list":["post-13172","post","type-post","status-publish","format-standard","has-post-thumbnail","hentry","category-fuera-de-juego","category-san-juan"],"yoast_head":"<!-- This site is optimized with the Yoast SEO plugin v28.2 - https:\/\/yoast.com\/product\/yoast-seo-wordpress\/ -->\n<title>El Coronavirus se cobr\u00f3 la vida de un exrugbier sanjuanino - San Juan Deportes<\/title>\n<meta name=\"robots\" content=\"index, follow, max-snippet:-1, max-image-preview:large, max-video-preview:-1\" \/>\n<link rel=\"canonical\" href=\"http:\/\/www.sanjuandeportes.com\/wp\/2021\/06\/03\/el-coronavirus-se-cobro-la-vida-de-un-exrugbier-sanjuanino\/\" \/>\n<meta property=\"og:locale\" content=\"es_ES\" \/>\n<meta property=\"og:type\" content=\"article\" \/>\n<meta property=\"og:title\" content=\"El Coronavirus se cobr\u00f3 la vida de un exrugbier sanjuanino - San Juan Deportes\" \/>\n<meta property=\"og:description\" content=\"La muerte de\u00a0Ricardo Javier Salas Calder\u00f3n gener\u00f3 en las \u00faltimas horas un gran dolor en el mundo del rugby sanjuanino, en particular en el el seno del Sporting Club Alfiles. Desde la Uni\u00f3n Sanjuanina de Rugby lo despidieron con profundo mensaje: \u00abEl rugby sanjuanino despide con tristeza al Sr. Ricardo Javier Salas Calder\u00f3n, ex jugador [&hellip;]\" \/>\n<meta property=\"og:url\" content=\"http:\/\/www.sanjuandeportes.com\/wp\/2021\/06\/03\/el-coronavirus-se-cobro-la-vida-de-un-exrugbier-sanjuanino\/\" \/>\n<meta property=\"og:site_name\" content=\"San Juan Deportes\" \/>\n<meta property=\"article:publisher\" content=\"https:\/\/www.facebook.com\/sanjuandeportesok\" \/>\n<meta property=\"article:published_time\" content=\"2021-06-03T20:28:24+00:00\" \/>\n<meta property=\"article:modified_time\" content=\"2021-06-04T22:48:11+00:00\" \/>\n<meta property=\"og:image\" content=\"http:\/\/www.sanjuandeportes.com\/wp\/wp-content\/uploads\/2021\/06\/d.jpg\" \/>\n\t<meta property=\"og:image:width\" content=\"916\" \/>\n\t<meta property=\"og:image:height\" content=\"565\" \/>\n\t<meta property=\"og:image:type\" content=\"image\/jpeg\" \/>\n<meta name=\"author\" content=\"Pablo Pujado\" \/>\n<meta name=\"twitter:card\" content=\"summary_large_image\" \/>\n<meta name=\"twitter:creator\" content=\"@SanJuanDeportes\" \/>\n<meta name=\"twitter:site\" content=\"@SanJuanDeportes\" \/>\n<meta name=\"twitter:label1\" content=\"Escrito por\" \/>\n\t<meta name=\"twitter:data1\" content=\"Pablo Pujado\" \/>\n<script type=\"application\/ld+json\" class=\"yoast-schema-graph\">{\"@context\":\"https:\\\/\\\/schema.org\",\"@graph\":[{\"@type\":\"Article\",\"@id\":\"http:\\\/\\\/www.sanjuandeportes.com\\\/wp\\\/2021\\\/06\\\/03\\\/el-coronavirus-se-cobro-la-vida-de-un-exrugbier-sanjuanino\\\/#article\",\"isPartOf\":{\"@id\":\"http:\\\/\\\/www.sanjuandeportes.com\\\/wp\\\/2021\\\/06\\\/03\\\/el-coronavirus-se-cobro-la-vida-de-un-exrugbier-sanjuanino\\\/\"},\"author\":{\"name\":\"Pablo Pujado\",\"@id\":\"http:\\\/\\\/www.sanjuandeportes.com\\\/wp\\\/#\\\/schema\\\/person\\\/eda4d8e62a5d42b111781e3cdfcb9c3a\"},\"headline\":\"El Coronavirus se cobr\u00f3 la vida de un exrugbier sanjuanino\",\"datePublished\":\"2021-06-03T20:28:24+00:00\",\"dateModified\":\"2021-06-04T22:48:11+00:00\",\"mainEntityOfPage\":{\"@id\":\"http:\\\/\\\/www.sanjuandeportes.com\\\/wp\\\/2021\\\/06\\\/03\\\/el-coronavirus-se-cobro-la-vida-de-un-exrugbier-sanjuanino\\\/\"},\"wordCount\":85,\"commentCount\":0,\"publisher\":{\"@id\":\"http:\\\/\\\/www.sanjuandeportes.com\\\/wp\\\/#organization\"},\"image\":{\"@id\":\"http:\\\/\\\/www.sanjuandeportes.com\\\/wp\\\/2021\\\/06\\\/03\\\/el-coronavirus-se-cobro-la-vida-de-un-exrugbier-sanjuanino\\\/#primaryimage\"},\"thumbnailUrl\":\"http:\\\/\\\/www.sanjuandeportes.com\\\/wp\\\/wp-content\\\/uploads\\\/2021\\\/06\\\/d.jpg\",\"articleSection\":[\"Fuera de Juego\",\"San Juan\"],\"inLanguage\":\"es\",\"potentialAction\":[{\"@type\":\"CommentAction\",\"name\":\"Comment\",\"target\":[\"http:\\\/\\\/www.sanjuandeportes.com\\\/wp\\\/2021\\\/06\\\/03\\\/el-coronavirus-se-cobro-la-vida-de-un-exrugbier-sanjuanino\\\/#respond\"]}]},{\"@type\":\"WebPage\",\"@id\":\"http:\\\/\\\/www.sanjuandeportes.com\\\/wp\\\/2021\\\/06\\\/03\\\/el-coronavirus-se-cobro-la-vida-de-un-exrugbier-sanjuanino\\\/\",\"url\":\"http:\\\/\\\/www.sanjuandeportes.com\\\/wp\\\/2021\\\/06\\\/03\\\/el-coronavirus-se-cobro-la-vida-de-un-exrugbier-sanjuanino\\\/\",\"name\":\"El Coronavirus se cobr\u00f3 la vida de un exrugbier sanjuanino - San Juan Deportes\",\"isPartOf\":{\"@id\":\"http:\\\/\\\/www.sanjuandeportes.com\\\/wp\\\/#website\"},\"primaryImageOfPage\":{\"@id\":\"http:\\\/\\\/www.sanjuandeportes.com\\\/wp\\\/2021\\\/06\\\/03\\\/el-coronavirus-se-cobro-la-vida-de-un-exrugbier-sanjuanino\\\/#primaryimage\"},\"image\":{\"@id\":\"http:\\\/\\\/www.sanjuandeportes.com\\\/wp\\\/2021\\\/06\\\/03\\\/el-coronavirus-se-cobro-la-vida-de-un-exrugbier-sanjuanino\\\/#primaryimage\"},\"thumbnailUrl\":\"http:\\\/\\\/www.sanjuandeportes.com\\\/wp\\\/wp-content\\\/uploads\\\/2021\\\/06\\\/d.jpg\",\"datePublished\":\"2021-06-03T20:28:24+00:00\",\"dateModified\":\"2021-06-04T22:48:11+00:00\",\"breadcrumb\":{\"@id\":\"http:\\\/\\\/www.sanjuandeportes.com\\\/wp\\\/2021\\\/06\\\/03\\\/el-coronavirus-se-cobro-la-vida-de-un-exrugbier-sanjuanino\\\/#breadcrumb\"},\"inLanguage\":\"es\",\"potentialAction\":[{\"@type\":\"ReadAction\",\"target\":[\"http:\\\/\\\/www.sanjuandeportes.com\\\/wp\\\/2021\\\/06\\\/03\\\/el-coronavirus-se-cobro-la-vida-de-un-exrugbier-sanjuanino\\\/\"]}]},{\"@type\":\"ImageObject\",\"inLanguage\":\"es\",\"@id\":\"http:\\\/\\\/www.sanjuandeportes.com\\\/wp\\\/2021\\\/06\\\/03\\\/el-coronavirus-se-cobro-la-vida-de-un-exrugbier-sanjuanino\\\/#primaryimage\",\"url\":\"http:\\\/\\\/www.sanjuandeportes.com\\\/wp\\\/wp-content\\\/uploads\\\/2021\\\/06\\\/d.jpg\",\"contentUrl\":\"http:\\\/\\\/www.sanjuandeportes.com\\\/wp\\\/wp-content\\\/uploads\\\/2021\\\/06\\\/d.jpg\",\"width\":916,\"height\":565},{\"@type\":\"BreadcrumbList\",\"@id\":\"http:\\\/\\\/www.sanjuandeportes.com\\\/wp\\\/2021\\\/06\\\/03\\\/el-coronavirus-se-cobro-la-vida-de-un-exrugbier-sanjuanino\\\/#breadcrumb\",\"itemListElement\":[{\"@type\":\"ListItem\",\"position\":1,\"name\":\"Portada\",\"item\":\"http:\\\/\\\/www.sanjuandeportes.com\\\/wp\\\/\"},{\"@type\":\"ListItem\",\"position\":2,\"name\":\"El Coronavirus se cobr\u00f3 la vida de un exrugbier sanjuanino\"}]},{\"@type\":\"WebSite\",\"@id\":\"http:\\\/\\\/www.sanjuandeportes.com\\\/wp\\\/#website\",\"url\":\"http:\\\/\\\/www.sanjuandeportes.com\\\/wp\\\/\",\"name\":\"San Juan Deportes\",\"description\":\"El sitio de deportes de la provincia de San Juan\",\"publisher\":{\"@id\":\"http:\\\/\\\/www.sanjuandeportes.com\\\/wp\\\/#organization\"},\"potentialAction\":[{\"@type\":\"SearchAction\",\"target\":{\"@type\":\"EntryPoint\",\"urlTemplate\":\"http:\\\/\\\/www.sanjuandeportes.com\\\/wp\\\/?s={search_term_string}\"},\"query-input\":{\"@type\":\"PropertyValueSpecification\",\"valueRequired\":true,\"valueName\":\"search_term_string\"}}],\"inLanguage\":\"es\"},{\"@type\":\"Organization\",\"@id\":\"http:\\\/\\\/www.sanjuandeportes.com\\\/wp\\\/#organization\",\"name\":\"San Juan Deportes\",\"url\":\"http:\\\/\\\/www.sanjuandeportes.com\\\/wp\\\/\",\"logo\":{\"@type\":\"ImageObject\",\"inLanguage\":\"es\",\"@id\":\"http:\\\/\\\/www.sanjuandeportes.com\\\/wp\\\/#\\\/schema\\\/logo\\\/image\\\/\",\"url\":\"https:\\\/\\\/www.sanjuandeportes.com\\\/wp\\\/wp-content\\\/uploads\\\/unnamed.jpg\",\"contentUrl\":\"https:\\\/\\\/www.sanjuandeportes.com\\\/wp\\\/wp-content\\\/uploads\\\/unnamed.jpg\",\"width\":900,\"height\":900,\"caption\":\"San Juan Deportes\"},\"image\":{\"@id\":\"http:\\\/\\\/www.sanjuandeportes.com\\\/wp\\\/#\\\/schema\\\/logo\\\/image\\\/\"},\"sameAs\":[\"https:\\\/\\\/www.facebook.com\\\/sanjuandeportesok\",\"https:\\\/\\\/x.com\\\/SanJuanDeportes\",\"https:\\\/\\\/www.instagram.com\\\/sanjuandeportes\"]},{\"@type\":\"Person\",\"@id\":\"http:\\\/\\\/www.sanjuandeportes.com\\\/wp\\\/#\\\/schema\\\/person\\\/eda4d8e62a5d42b111781e3cdfcb9c3a\",\"name\":\"Pablo Pujado\",\"image\":{\"@type\":\"ImageObject\",\"inLanguage\":\"es\",\"@id\":\"https:\\\/\\\/secure.gravatar.com\\\/avatar\\\/310b69d28112912c333408a462a9837208de951b1e7c11514781740412f648b1?s=96&d=mm&r=g\",\"url\":\"https:\\\/\\\/secure.gravatar.com\\\/avatar\\\/310b69d28112912c333408a462a9837208de951b1e7c11514781740412f648b1?s=96&d=mm&r=g\",\"contentUrl\":\"https:\\\/\\\/secure.gravatar.com\\\/avatar\\\/310b69d28112912c333408a462a9837208de951b1e7c11514781740412f648b1?s=96&d=mm&r=g\",\"caption\":\"Pablo Pujado\"},\"url\":\"http:\\\/\\\/www.sanjuandeportes.com\\\/wp\\\/author\\\/pablo-pujado\\\/\"}]}<\/script>\n<!-- \/ Yoast SEO plugin. -->","yoast_head_json":{"title":"El Coronavirus se cobr\u00f3 la vida de un exrugbier sanjuanino - San Juan Deportes","robots":{"index":"index","follow":"follow","max-snippet":"max-snippet:-1","max-image-preview":"max-image-preview:large","max-video-preview":"max-video-preview:-1"},"canonical":"http:\/\/www.sanjuandeportes.com\/wp\/2021\/06\/03\/el-coronavirus-se-cobro-la-vida-de-un-exrugbier-sanjuanino\/","og_locale":"es_ES","og_type":"article","og_title":"El Coronavirus se cobr\u00f3 la vida de un exrugbier sanjuanino - San Juan Deportes","og_description":"La muerte de\u00a0Ricardo Javier Salas Calder\u00f3n gener\u00f3 en las \u00faltimas horas un gran dolor en el mundo del rugby sanjuanino, en particular en el el seno del Sporting Club Alfiles. Desde la Uni\u00f3n Sanjuanina de Rugby lo despidieron con profundo mensaje: \u00abEl rugby sanjuanino despide con tristeza al Sr. Ricardo Javier Salas Calder\u00f3n, ex jugador [&hellip;]","og_url":"http:\/\/www.sanjuandeportes.com\/wp\/2021\/06\/03\/el-coronavirus-se-cobro-la-vida-de-un-exrugbier-sanjuanino\/","og_site_name":"San Juan Deportes","article_publisher":"https:\/\/www.facebook.com\/sanjuandeportesok","article_published_time":"2021-06-03T20:28:24+00:00","article_modified_time":"2021-06-04T22:48:11+00:00","og_image":[{"width":916,"height":565,"url":"http:\/\/www.sanjuandeportes.com\/wp\/wp-content\/uploads\/2021\/06\/d.jpg","type":"image\/jpeg"}],"author":"Pablo Pujado","twitter_card":"summary_large_image","twitter_creator":"@SanJuanDeportes","twitter_site":"@SanJuanDeportes","twitter_misc":{"Escrito por":"Pablo Pujado"},"schema":{"@context":"https:\/\/schema.org","@graph":[{"@type":"Article","@id":"http:\/\/www.sanjuandeportes.com\/wp\/2021\/06\/03\/el-coronavirus-se-cobro-la-vida-de-un-exrugbier-sanjuanino\/#article","isPartOf":{"@id":"http:\/\/www.sanjuandeportes.com\/wp\/2021\/06\/03\/el-coronavirus-se-cobro-la-vida-de-un-exrugbier-sanjuanino\/"},"author":{"name":"Pablo Pujado","@id":"http:\/\/www.sanjuandeportes.com\/wp\/#\/schema\/person\/eda4d8e62a5d42b111781e3cdfcb9c3a"},"headline":"El Coronavirus se cobr\u00f3 la vida de un exrugbier sanjuanino","datePublished":"2021-06-03T20:28:24+00:00","dateModified":"2021-06-04T22:48:11+00:00","mainEntityOfPage":{"@id":"http:\/\/www.sanjuandeportes.com\/wp\/2021\/06\/03\/el-coronavirus-se-cobro-la-vida-de-un-exrugbier-sanjuanino\/"},"wordCount":85,"commentCount":0,"publisher":{"@id":"http:\/\/www.sanjuandeportes.com\/wp\/#organization"},"image":{"@id":"http:\/\/www.sanjuandeportes.com\/wp\/2021\/06\/03\/el-coronavirus-se-cobro-la-vida-de-un-exrugbier-sanjuanino\/#primaryimage"},"thumbnailUrl":"http:\/\/www.sanjuandeportes.com\/wp\/wp-content\/uploads\/2021\/06\/d.jpg","articleSection":["Fuera de Juego","San Juan"],"inLanguage":"es","potentialAction":[{"@type":"CommentAction","name":"Comment","target":["http:\/\/www.sanjuandeportes.com\/wp\/2021\/06\/03\/el-coronavirus-se-cobro-la-vida-de-un-exrugbier-sanjuanino\/#respond"]}]},{"@type":"WebPage","@id":"http:\/\/www.sanjuandeportes.com\/wp\/2021\/06\/03\/el-coronavirus-se-cobro-la-vida-de-un-exrugbier-sanjuanino\/","url":"http:\/\/www.sanjuandeportes.com\/wp\/2021\/06\/03\/el-coronavirus-se-cobro-la-vida-de-un-exrugbier-sanjuanino\/","name":"El Coronavirus se cobr\u00f3 la vida de un exrugbier sanjuanino - San Juan Deportes","isPartOf":{"@id":"http:\/\/www.sanjuandeportes.com\/wp\/#website"},"primaryImageOfPage":{"@id":"http:\/\/www.sanjuandeportes.com\/wp\/2021\/06\/03\/el-coronavirus-se-cobro-la-vida-de-un-exrugbier-sanjuanino\/#primaryimage"},"image":{"@id":"http:\/\/www.sanjuandeportes.com\/wp\/2021\/06\/03\/el-coronavirus-se-cobro-la-vida-de-un-exrugbier-sanjuanino\/#primaryimage"},"thumbnailUrl":"http:\/\/www.sanjuandeportes.com\/wp\/wp-content\/uploads\/2021\/06\/d.jpg","datePublished":"2021-06-03T20:28:24+00:00","dateModified":"2021-06-04T22:48:11+00:00","breadcrumb":{"@id":"http:\/\/www.sanjuandeportes.com\/wp\/2021\/06\/03\/el-coronavirus-se-cobro-la-vida-de-un-exrugbier-sanjuanino\/#breadcrumb"},"inLanguage":"es","potentialAction":[{"@type":"ReadAction","target":["http:\/\/www.sanjuandeportes.com\/wp\/2021\/06\/03\/el-coronavirus-se-cobro-la-vida-de-un-exrugbier-sanjuanino\/"]}]},{"@type":"ImageObject","inLanguage":"es","@id":"http:\/\/www.sanjuandeportes.com\/wp\/2021\/06\/03\/el-coronavirus-se-cobro-la-vida-de-un-exrugbier-sanjuanino\/#primaryimage","url":"http:\/\/www.sanjuandeportes.com\/wp\/wp-content\/uploads\/2021\/06\/d.jpg","contentUrl":"http:\/\/www.sanjuandeportes.com\/wp\/wp-content\/uploads\/2021\/06\/d.jpg","width":916,"height":565},{"@type":"BreadcrumbList","@id":"http:\/\/www.sanjuandeportes.com\/wp\/2021\/06\/03\/el-coronavirus-se-cobro-la-vida-de-un-exrugbier-sanjuanino\/#breadcrumb","itemListElement":[{"@type":"ListItem","position":1,"name":"Portada","item":"http:\/\/www.sanjuandeportes.com\/wp\/"},{"@type":"ListItem","position":2,"name":"El Coronavirus se cobr\u00f3 la vida de un exrugbier sanjuanino"}]},{"@type":"WebSite","@id":"http:\/\/www.sanjuandeportes.com\/wp\/#website","url":"http:\/\/www.sanjuandeportes.com\/wp\/","name":"San Juan Deportes","description":"El sitio de deportes de la provincia de San Juan","publisher":{"@id":"http:\/\/www.sanjuandeportes.com\/wp\/#organization"},"potentialAction":[{"@type":"SearchAction","target":{"@type":"EntryPoint","urlTemplate":"http:\/\/www.sanjuandeportes.com\/wp\/?s={search_term_string}"},"query-input":{"@type":"PropertyValueSpecification","valueRequired":true,"valueName":"search_term_string"}}],"inLanguage":"es"},{"@type":"Organization","@id":"http:\/\/www.sanjuandeportes.com\/wp\/#organization","name":"San Juan Deportes","url":"http:\/\/www.sanjuandeportes.com\/wp\/","logo":{"@type":"ImageObject","inLanguage":"es","@id":"http:\/\/www.sanjuandeportes.com\/wp\/#\/schema\/logo\/image\/","url":"https:\/\/www.sanjuandeportes.com\/wp\/wp-content\/uploads\/unnamed.jpg","contentUrl":"https:\/\/www.sanjuandeportes.com\/wp\/wp-content\/uploads\/unnamed.jpg","width":900,"height":900,"caption":"San Juan Deportes"},"image":{"@id":"http:\/\/www.sanjuandeportes.com\/wp\/#\/schema\/logo\/image\/"},"sameAs":["https:\/\/www.facebook.com\/sanjuandeportesok","https:\/\/x.com\/SanJuanDeportes","https:\/\/www.instagram.com\/sanjuandeportes"]},{"@type":"Person","@id":"http:\/\/www.sanjuandeportes.com\/wp\/#\/schema\/person\/eda4d8e62a5d42b111781e3cdfcb9c3a","name":"Pablo Pujado","image":{"@type":"ImageObject","inLanguage":"es","@id":"https:\/\/secure.gravatar.com\/avatar\/310b69d28112912c333408a462a9837208de951b1e7c11514781740412f648b1?s=96&d=mm&r=g","url":"https:\/\/secure.gravatar.com\/avatar\/310b69d28112912c333408a462a9837208de951b1e7c11514781740412f648b1?s=96&d=mm&r=g","contentUrl":"https:\/\/secure.gravatar.com\/avatar\/310b69d28112912c333408a462a9837208de951b1e7c11514781740412f648b1?s=96&d=mm&r=g","caption":"Pablo Pujado"},"url":"http:\/\/www.sanjuandeportes.com\/wp\/author\/pablo-pujado\/"}]}},"_links":{"self":[{"href":"http:\/\/www.sanjuandeportes.com\/wp\/wp-json\/wp\/v2\/posts\/13172","targetHints":{"allow":["GET"]}}],"collection":[{"href":"http:\/\/www.sanjuandeportes.com\/wp\/wp-json\/wp\/v2\/posts"}],"about":[{"href":"http:\/\/www.sanjuandeportes.com\/wp\/wp-json\/wp\/v2\/types\/post"}],"author":[{"embeddable":true,"href":"http:\/\/www.sanjuandeportes.com\/wp\/wp-json\/wp\/v2\/users\/5"}],"replies":[{"embeddable":true,"href":"http:\/\/www.sanjuandeportes.com\/wp\/wp-json\/wp\/v2\/comments?post=13172"}],"version-history":[{"count":1,"href":"http:\/\/www.sanjuandeportes.com\/wp\/wp-json\/wp\/v2\/posts\/13172\/revisions"}],"predecessor-version":[{"id":13174,"href":"http:\/\/www.sanjuandeportes.com\/wp\/wp-json\/wp\/v2\/posts\/13172\/revisions\/13174"}],"wp:featuredmedia":[{"embeddable":true,"href":"http:\/\/www.sanjuandeportes.com\/wp\/wp-json\/wp\/v2\/media\/13173"}],"wp:attachment":[{"href":"http:\/\/www.sanjuandeportes.com\/wp\/wp-json\/wp\/v2\/media?parent=13172"}],"wp:term":[{"taxonomy":"category","embeddable":true,"href":"http:\/\/www.sanjuandeportes.com\/wp\/wp-json\/wp\/v2\/categories?post=13172"},{"taxonomy":"post_tag","embeddable":true,"href":"http:\/\/www.sanjuandeportes.com\/wp\/wp-json\/wp\/v2\/tags?post=13172"}],"curies":[{"name":"wp","href":"https:\/\/api.w.org\/{rel}","templated":true}]}}