{"id":13796,"date":"2021-08-05T16:26:01","date_gmt":"2021-08-05T16:26:01","guid":{"rendered":"http:\/\/www.sanjuandeportes.com\/wp\/?p=13796"},"modified":"2021-08-08T22:41:15","modified_gmt":"2021-08-08T22:41:15","slug":"matias-gimenez-en-la-mira-de-un-equipo-de-primera","status":"publish","type":"post","link":"http:\/\/www.sanjuandeportes.com\/wp\/2021\/08\/05\/matias-gimenez-en-la-mira-de-un-equipo-de-primera\/","title":{"rendered":"Mat\u00edas Gim\u00e9nez en la mira de un equipo de primera"},"content":{"rendered":"\n<p class=\"wp-block-paragraph\">El sanjuanino Mat\u00edas Gim\u00e9nez titular y goleador de San Mart\u00edn est\u00e1 en carpeta de un equipo cordob\u00e9s.<\/p>\n\n\n\n<p class=\"wp-block-paragraph\">Seg\u00fan public\u00f3 La Voz del Interior, Talleres de C\u00f3rdoba ya inici\u00f3 conversaciones con San Mart\u00edn de San Juan para incorporar a la joya verdinegra, ya que planea vender a Piero Hincapi\u00e9 a Europa y eso le abrir\u00e1 la chance de una plaza extra para incorporar.<\/p>\n","protected":false},"excerpt":{"rendered":"<p>El sanjuanino Mat\u00edas Gim\u00e9nez titular y goleador de San Mart\u00edn est\u00e1 en carpeta de un equipo cordob\u00e9s. Seg\u00fan public\u00f3 La Voz del Interior, Talleres de C\u00f3rdoba ya inici\u00f3 conversaciones con San Mart\u00edn de San Juan para incorporar a la joya verdinegra, ya que planea vender a Piero Hincapi\u00e9 a Europa y eso le abrir\u00e1 la [&hellip;]<\/p>\n","protected":false},"author":5,"featured_media":13797,"comment_status":"open","ping_status":"open","sticky":false,"template":"","format":"standard","meta":{"footnotes":""},"categories":[24,720,178],"tags":[],"class_list":["post-13796","post","type-post","status-publish","format-standard","has-post-thumbnail","hentry","category-futbol","category-primera-nacional","category-san-juan"],"yoast_head":"<!-- This site is optimized with the Yoast SEO plugin v28.2 - https:\/\/yoast.com\/product\/yoast-seo-wordpress\/ -->\n<title>Mat\u00edas Gim\u00e9nez en la mira de un equipo de primera - San Juan Deportes<\/title>\n<meta name=\"robots\" content=\"index, follow, max-snippet:-1, max-image-preview:large, max-video-preview:-1\" \/>\n<link rel=\"canonical\" href=\"http:\/\/www.sanjuandeportes.com\/wp\/2021\/08\/05\/matias-gimenez-en-la-mira-de-un-equipo-de-primera\/\" \/>\n<meta property=\"og:locale\" content=\"es_ES\" \/>\n<meta property=\"og:type\" content=\"article\" \/>\n<meta property=\"og:title\" content=\"Mat\u00edas Gim\u00e9nez en la mira de un equipo de primera - San Juan Deportes\" \/>\n<meta property=\"og:description\" content=\"El sanjuanino Mat\u00edas Gim\u00e9nez titular y goleador de San Mart\u00edn est\u00e1 en carpeta de un equipo cordob\u00e9s. Seg\u00fan public\u00f3 La Voz del Interior, Talleres de C\u00f3rdoba ya inici\u00f3 conversaciones con San Mart\u00edn de San Juan para incorporar a la joya verdinegra, ya que planea vender a Piero Hincapi\u00e9 a Europa y eso le abrir\u00e1 la [&hellip;]\" \/>\n<meta property=\"og:url\" content=\"http:\/\/www.sanjuandeportes.com\/wp\/2021\/08\/05\/matias-gimenez-en-la-mira-de-un-equipo-de-primera\/\" \/>\n<meta property=\"og:site_name\" content=\"San Juan Deportes\" \/>\n<meta property=\"article:publisher\" content=\"https:\/\/www.facebook.com\/sanjuandeportesok\" \/>\n<meta property=\"article:published_time\" content=\"2021-08-05T16:26:01+00:00\" \/>\n<meta property=\"article:modified_time\" content=\"2021-08-08T22:41:15+00:00\" \/>\n<meta property=\"og:image\" content=\"http:\/\/www.sanjuandeportes.com\/wp\/wp-content\/uploads\/2021\/08\/Matias-Gimenez-2.jpg\" \/>\n\t<meta property=\"og:image:width\" content=\"1920\" \/>\n\t<meta property=\"og:image:height\" content=\"1440\" \/>\n\t<meta property=\"og:image:type\" content=\"image\/jpeg\" \/>\n<meta name=\"author\" content=\"Pablo Pujado\" \/>\n<meta name=\"twitter:card\" content=\"summary_large_image\" \/>\n<meta name=\"twitter:creator\" content=\"@SanJuanDeportes\" \/>\n<meta name=\"twitter:site\" content=\"@SanJuanDeportes\" \/>\n<meta name=\"twitter:label1\" content=\"Escrito por\" \/>\n\t<meta name=\"twitter:data1\" content=\"Pablo Pujado\" \/>\n<script type=\"application\/ld+json\" class=\"yoast-schema-graph\">{\"@context\":\"https:\\\/\\\/schema.org\",\"@graph\":[{\"@type\":\"Article\",\"@id\":\"http:\\\/\\\/www.sanjuandeportes.com\\\/wp\\\/2021\\\/08\\\/05\\\/matias-gimenez-en-la-mira-de-un-equipo-de-primera\\\/#article\",\"isPartOf\":{\"@id\":\"http:\\\/\\\/www.sanjuandeportes.com\\\/wp\\\/2021\\\/08\\\/05\\\/matias-gimenez-en-la-mira-de-un-equipo-de-primera\\\/\"},\"author\":{\"name\":\"Pablo Pujado\",\"@id\":\"https:\\\/\\\/www.sanjuandeportes.com\\\/wp\\\/#\\\/schema\\\/person\\\/eda4d8e62a5d42b111781e3cdfcb9c3a\"},\"headline\":\"Mat\u00edas Gim\u00e9nez en la mira de un equipo de primera\",\"datePublished\":\"2021-08-05T16:26:01+00:00\",\"dateModified\":\"2021-08-08T22:41:15+00:00\",\"mainEntityOfPage\":{\"@id\":\"http:\\\/\\\/www.sanjuandeportes.com\\\/wp\\\/2021\\\/08\\\/05\\\/matias-gimenez-en-la-mira-de-un-equipo-de-primera\\\/\"},\"wordCount\":81,\"commentCount\":0,\"publisher\":{\"@id\":\"https:\\\/\\\/www.sanjuandeportes.com\\\/wp\\\/#organization\"},\"image\":{\"@id\":\"http:\\\/\\\/www.sanjuandeportes.com\\\/wp\\\/2021\\\/08\\\/05\\\/matias-gimenez-en-la-mira-de-un-equipo-de-primera\\\/#primaryimage\"},\"thumbnailUrl\":\"http:\\\/\\\/www.sanjuandeportes.com\\\/wp\\\/wp-content\\\/uploads\\\/2021\\\/08\\\/Matias-Gimenez-2.jpg\",\"articleSection\":[\"Futbol\",\"Primera Nacional\",\"San Juan\"],\"inLanguage\":\"es\",\"potentialAction\":[{\"@type\":\"CommentAction\",\"name\":\"Comment\",\"target\":[\"http:\\\/\\\/www.sanjuandeportes.com\\\/wp\\\/2021\\\/08\\\/05\\\/matias-gimenez-en-la-mira-de-un-equipo-de-primera\\\/#respond\"]}]},{\"@type\":\"WebPage\",\"@id\":\"http:\\\/\\\/www.sanjuandeportes.com\\\/wp\\\/2021\\\/08\\\/05\\\/matias-gimenez-en-la-mira-de-un-equipo-de-primera\\\/\",\"url\":\"http:\\\/\\\/www.sanjuandeportes.com\\\/wp\\\/2021\\\/08\\\/05\\\/matias-gimenez-en-la-mira-de-un-equipo-de-primera\\\/\",\"name\":\"Mat\u00edas Gim\u00e9nez en la mira de un equipo de primera - San Juan Deportes\",\"isPartOf\":{\"@id\":\"https:\\\/\\\/www.sanjuandeportes.com\\\/wp\\\/#website\"},\"primaryImageOfPage\":{\"@id\":\"http:\\\/\\\/www.sanjuandeportes.com\\\/wp\\\/2021\\\/08\\\/05\\\/matias-gimenez-en-la-mira-de-un-equipo-de-primera\\\/#primaryimage\"},\"image\":{\"@id\":\"http:\\\/\\\/www.sanjuandeportes.com\\\/wp\\\/2021\\\/08\\\/05\\\/matias-gimenez-en-la-mira-de-un-equipo-de-primera\\\/#primaryimage\"},\"thumbnailUrl\":\"http:\\\/\\\/www.sanjuandeportes.com\\\/wp\\\/wp-content\\\/uploads\\\/2021\\\/08\\\/Matias-Gimenez-2.jpg\",\"datePublished\":\"2021-08-05T16:26:01+00:00\",\"dateModified\":\"2021-08-08T22:41:15+00:00\",\"breadcrumb\":{\"@id\":\"http:\\\/\\\/www.sanjuandeportes.com\\\/wp\\\/2021\\\/08\\\/05\\\/matias-gimenez-en-la-mira-de-un-equipo-de-primera\\\/#breadcrumb\"},\"inLanguage\":\"es\",\"potentialAction\":[{\"@type\":\"ReadAction\",\"target\":[\"http:\\\/\\\/www.sanjuandeportes.com\\\/wp\\\/2021\\\/08\\\/05\\\/matias-gimenez-en-la-mira-de-un-equipo-de-primera\\\/\"]}]},{\"@type\":\"ImageObject\",\"inLanguage\":\"es\",\"@id\":\"http:\\\/\\\/www.sanjuandeportes.com\\\/wp\\\/2021\\\/08\\\/05\\\/matias-gimenez-en-la-mira-de-un-equipo-de-primera\\\/#primaryimage\",\"url\":\"http:\\\/\\\/www.sanjuandeportes.com\\\/wp\\\/wp-content\\\/uploads\\\/2021\\\/08\\\/Matias-Gimenez-2.jpg\",\"contentUrl\":\"http:\\\/\\\/www.sanjuandeportes.com\\\/wp\\\/wp-content\\\/uploads\\\/2021\\\/08\\\/Matias-Gimenez-2.jpg\",\"width\":1920,\"height\":1440},{\"@type\":\"BreadcrumbList\",\"@id\":\"http:\\\/\\\/www.sanjuandeportes.com\\\/wp\\\/2021\\\/08\\\/05\\\/matias-gimenez-en-la-mira-de-un-equipo-de-primera\\\/#breadcrumb\",\"itemListElement\":[{\"@type\":\"ListItem\",\"position\":1,\"name\":\"Portada\",\"item\":\"http:\\\/\\\/www.sanjuandeportes.com\\\/wp\\\/\"},{\"@type\":\"ListItem\",\"position\":2,\"name\":\"Mat\u00edas Gim\u00e9nez en la mira de un equipo de primera\"}]},{\"@type\":\"WebSite\",\"@id\":\"https:\\\/\\\/www.sanjuandeportes.com\\\/wp\\\/#website\",\"url\":\"https:\\\/\\\/www.sanjuandeportes.com\\\/wp\\\/\",\"name\":\"San Juan Deportes\",\"description\":\"El sitio de deportes de la provincia de San Juan\",\"publisher\":{\"@id\":\"https:\\\/\\\/www.sanjuandeportes.com\\\/wp\\\/#organization\"},\"potentialAction\":[{\"@type\":\"SearchAction\",\"target\":{\"@type\":\"EntryPoint\",\"urlTemplate\":\"https:\\\/\\\/www.sanjuandeportes.com\\\/wp\\\/?s={search_term_string}\"},\"query-input\":{\"@type\":\"PropertyValueSpecification\",\"valueRequired\":true,\"valueName\":\"search_term_string\"}}],\"inLanguage\":\"es\"},{\"@type\":\"Organization\",\"@id\":\"https:\\\/\\\/www.sanjuandeportes.com\\\/wp\\\/#organization\",\"name\":\"San Juan Deportes\",\"url\":\"https:\\\/\\\/www.sanjuandeportes.com\\\/wp\\\/\",\"logo\":{\"@type\":\"ImageObject\",\"inLanguage\":\"es\",\"@id\":\"https:\\\/\\\/www.sanjuandeportes.com\\\/wp\\\/#\\\/schema\\\/logo\\\/image\\\/\",\"url\":\"https:\\\/\\\/www.sanjuandeportes.com\\\/wp\\\/wp-content\\\/uploads\\\/unnamed.jpg\",\"contentUrl\":\"https:\\\/\\\/www.sanjuandeportes.com\\\/wp\\\/wp-content\\\/uploads\\\/unnamed.jpg\",\"width\":900,\"height\":900,\"caption\":\"San Juan Deportes\"},\"image\":{\"@id\":\"https:\\\/\\\/www.sanjuandeportes.com\\\/wp\\\/#\\\/schema\\\/logo\\\/image\\\/\"},\"sameAs\":[\"https:\\\/\\\/www.facebook.com\\\/sanjuandeportesok\",\"https:\\\/\\\/x.com\\\/SanJuanDeportes\",\"https:\\\/\\\/www.instagram.com\\\/sanjuandeportes\"]},{\"@type\":\"Person\",\"@id\":\"https:\\\/\\\/www.sanjuandeportes.com\\\/wp\\\/#\\\/schema\\\/person\\\/eda4d8e62a5d42b111781e3cdfcb9c3a\",\"name\":\"Pablo Pujado\",\"image\":{\"@type\":\"ImageObject\",\"inLanguage\":\"es\",\"@id\":\"https:\\\/\\\/secure.gravatar.com\\\/avatar\\\/310b69d28112912c333408a462a9837208de951b1e7c11514781740412f648b1?s=96&d=mm&r=g\",\"url\":\"https:\\\/\\\/secure.gravatar.com\\\/avatar\\\/310b69d28112912c333408a462a9837208de951b1e7c11514781740412f648b1?s=96&d=mm&r=g\",\"contentUrl\":\"https:\\\/\\\/secure.gravatar.com\\\/avatar\\\/310b69d28112912c333408a462a9837208de951b1e7c11514781740412f648b1?s=96&d=mm&r=g\",\"caption\":\"Pablo Pujado\"},\"url\":\"http:\\\/\\\/www.sanjuandeportes.com\\\/wp\\\/author\\\/pablo-pujado\\\/\"}]}<\/script>\n<!-- \/ Yoast SEO plugin. -->","yoast_head_json":{"title":"Mat\u00edas Gim\u00e9nez en la mira de un equipo de primera - San Juan Deportes","robots":{"index":"index","follow":"follow","max-snippet":"max-snippet:-1","max-image-preview":"max-image-preview:large","max-video-preview":"max-video-preview:-1"},"canonical":"http:\/\/www.sanjuandeportes.com\/wp\/2021\/08\/05\/matias-gimenez-en-la-mira-de-un-equipo-de-primera\/","og_locale":"es_ES","og_type":"article","og_title":"Mat\u00edas Gim\u00e9nez en la mira de un equipo de primera - San Juan Deportes","og_description":"El sanjuanino Mat\u00edas Gim\u00e9nez titular y goleador de San Mart\u00edn est\u00e1 en carpeta de un equipo cordob\u00e9s. Seg\u00fan public\u00f3 La Voz del Interior, Talleres de C\u00f3rdoba ya inici\u00f3 conversaciones con San Mart\u00edn de San Juan para incorporar a la joya verdinegra, ya que planea vender a Piero Hincapi\u00e9 a Europa y eso le abrir\u00e1 la [&hellip;]","og_url":"http:\/\/www.sanjuandeportes.com\/wp\/2021\/08\/05\/matias-gimenez-en-la-mira-de-un-equipo-de-primera\/","og_site_name":"San Juan Deportes","article_publisher":"https:\/\/www.facebook.com\/sanjuandeportesok","article_published_time":"2021-08-05T16:26:01+00:00","article_modified_time":"2021-08-08T22:41:15+00:00","og_image":[{"width":1920,"height":1440,"url":"http:\/\/www.sanjuandeportes.com\/wp\/wp-content\/uploads\/2021\/08\/Matias-Gimenez-2.jpg","type":"image\/jpeg"}],"author":"Pablo Pujado","twitter_card":"summary_large_image","twitter_creator":"@SanJuanDeportes","twitter_site":"@SanJuanDeportes","twitter_misc":{"Escrito por":"Pablo Pujado"},"schema":{"@context":"https:\/\/schema.org","@graph":[{"@type":"Article","@id":"http:\/\/www.sanjuandeportes.com\/wp\/2021\/08\/05\/matias-gimenez-en-la-mira-de-un-equipo-de-primera\/#article","isPartOf":{"@id":"http:\/\/www.sanjuandeportes.com\/wp\/2021\/08\/05\/matias-gimenez-en-la-mira-de-un-equipo-de-primera\/"},"author":{"name":"Pablo Pujado","@id":"https:\/\/www.sanjuandeportes.com\/wp\/#\/schema\/person\/eda4d8e62a5d42b111781e3cdfcb9c3a"},"headline":"Mat\u00edas Gim\u00e9nez en la mira de un equipo de primera","datePublished":"2021-08-05T16:26:01+00:00","dateModified":"2021-08-08T22:41:15+00:00","mainEntityOfPage":{"@id":"http:\/\/www.sanjuandeportes.com\/wp\/2021\/08\/05\/matias-gimenez-en-la-mira-de-un-equipo-de-primera\/"},"wordCount":81,"commentCount":0,"publisher":{"@id":"https:\/\/www.sanjuandeportes.com\/wp\/#organization"},"image":{"@id":"http:\/\/www.sanjuandeportes.com\/wp\/2021\/08\/05\/matias-gimenez-en-la-mira-de-un-equipo-de-primera\/#primaryimage"},"thumbnailUrl":"http:\/\/www.sanjuandeportes.com\/wp\/wp-content\/uploads\/2021\/08\/Matias-Gimenez-2.jpg","articleSection":["Futbol","Primera Nacional","San Juan"],"inLanguage":"es","potentialAction":[{"@type":"CommentAction","name":"Comment","target":["http:\/\/www.sanjuandeportes.com\/wp\/2021\/08\/05\/matias-gimenez-en-la-mira-de-un-equipo-de-primera\/#respond"]}]},{"@type":"WebPage","@id":"http:\/\/www.sanjuandeportes.com\/wp\/2021\/08\/05\/matias-gimenez-en-la-mira-de-un-equipo-de-primera\/","url":"http:\/\/www.sanjuandeportes.com\/wp\/2021\/08\/05\/matias-gimenez-en-la-mira-de-un-equipo-de-primera\/","name":"Mat\u00edas Gim\u00e9nez en la mira de un equipo de primera - San Juan Deportes","isPartOf":{"@id":"https:\/\/www.sanjuandeportes.com\/wp\/#website"},"primaryImageOfPage":{"@id":"http:\/\/www.sanjuandeportes.com\/wp\/2021\/08\/05\/matias-gimenez-en-la-mira-de-un-equipo-de-primera\/#primaryimage"},"image":{"@id":"http:\/\/www.sanjuandeportes.com\/wp\/2021\/08\/05\/matias-gimenez-en-la-mira-de-un-equipo-de-primera\/#primaryimage"},"thumbnailUrl":"http:\/\/www.sanjuandeportes.com\/wp\/wp-content\/uploads\/2021\/08\/Matias-Gimenez-2.jpg","datePublished":"2021-08-05T16:26:01+00:00","dateModified":"2021-08-08T22:41:15+00:00","breadcrumb":{"@id":"http:\/\/www.sanjuandeportes.com\/wp\/2021\/08\/05\/matias-gimenez-en-la-mira-de-un-equipo-de-primera\/#breadcrumb"},"inLanguage":"es","potentialAction":[{"@type":"ReadAction","target":["http:\/\/www.sanjuandeportes.com\/wp\/2021\/08\/05\/matias-gimenez-en-la-mira-de-un-equipo-de-primera\/"]}]},{"@type":"ImageObject","inLanguage":"es","@id":"http:\/\/www.sanjuandeportes.com\/wp\/2021\/08\/05\/matias-gimenez-en-la-mira-de-un-equipo-de-primera\/#primaryimage","url":"http:\/\/www.sanjuandeportes.com\/wp\/wp-content\/uploads\/2021\/08\/Matias-Gimenez-2.jpg","contentUrl":"http:\/\/www.sanjuandeportes.com\/wp\/wp-content\/uploads\/2021\/08\/Matias-Gimenez-2.jpg","width":1920,"height":1440},{"@type":"BreadcrumbList","@id":"http:\/\/www.sanjuandeportes.com\/wp\/2021\/08\/05\/matias-gimenez-en-la-mira-de-un-equipo-de-primera\/#breadcrumb","itemListElement":[{"@type":"ListItem","position":1,"name":"Portada","item":"http:\/\/www.sanjuandeportes.com\/wp\/"},{"@type":"ListItem","position":2,"name":"Mat\u00edas Gim\u00e9nez en la mira de un equipo de primera"}]},{"@type":"WebSite","@id":"https:\/\/www.sanjuandeportes.com\/wp\/#website","url":"https:\/\/www.sanjuandeportes.com\/wp\/","name":"San Juan Deportes","description":"El sitio de deportes de la provincia de San Juan","publisher":{"@id":"https:\/\/www.sanjuandeportes.com\/wp\/#organization"},"potentialAction":[{"@type":"SearchAction","target":{"@type":"EntryPoint","urlTemplate":"https:\/\/www.sanjuandeportes.com\/wp\/?s={search_term_string}"},"query-input":{"@type":"PropertyValueSpecification","valueRequired":true,"valueName":"search_term_string"}}],"inLanguage":"es"},{"@type":"Organization","@id":"https:\/\/www.sanjuandeportes.com\/wp\/#organization","name":"San Juan Deportes","url":"https:\/\/www.sanjuandeportes.com\/wp\/","logo":{"@type":"ImageObject","inLanguage":"es","@id":"https:\/\/www.sanjuandeportes.com\/wp\/#\/schema\/logo\/image\/","url":"https:\/\/www.sanjuandeportes.com\/wp\/wp-content\/uploads\/unnamed.jpg","contentUrl":"https:\/\/www.sanjuandeportes.com\/wp\/wp-content\/uploads\/unnamed.jpg","width":900,"height":900,"caption":"San Juan Deportes"},"image":{"@id":"https:\/\/www.sanjuandeportes.com\/wp\/#\/schema\/logo\/image\/"},"sameAs":["https:\/\/www.facebook.com\/sanjuandeportesok","https:\/\/x.com\/SanJuanDeportes","https:\/\/www.instagram.com\/sanjuandeportes"]},{"@type":"Person","@id":"https:\/\/www.sanjuandeportes.com\/wp\/#\/schema\/person\/eda4d8e62a5d42b111781e3cdfcb9c3a","name":"Pablo Pujado","image":{"@type":"ImageObject","inLanguage":"es","@id":"https:\/\/secure.gravatar.com\/avatar\/310b69d28112912c333408a462a9837208de951b1e7c11514781740412f648b1?s=96&d=mm&r=g","url":"https:\/\/secure.gravatar.com\/avatar\/310b69d28112912c333408a462a9837208de951b1e7c11514781740412f648b1?s=96&d=mm&r=g","contentUrl":"https:\/\/secure.gravatar.com\/avatar\/310b69d28112912c333408a462a9837208de951b1e7c11514781740412f648b1?s=96&d=mm&r=g","caption":"Pablo Pujado"},"url":"http:\/\/www.sanjuandeportes.com\/wp\/author\/pablo-pujado\/"}]}},"_links":{"self":[{"href":"http:\/\/www.sanjuandeportes.com\/wp\/wp-json\/wp\/v2\/posts\/13796","targetHints":{"allow":["GET"]}}],"collection":[{"href":"http:\/\/www.sanjuandeportes.com\/wp\/wp-json\/wp\/v2\/posts"}],"about":[{"href":"http:\/\/www.sanjuandeportes.com\/wp\/wp-json\/wp\/v2\/types\/post"}],"author":[{"embeddable":true,"href":"http:\/\/www.sanjuandeportes.com\/wp\/wp-json\/wp\/v2\/users\/5"}],"replies":[{"embeddable":true,"href":"http:\/\/www.sanjuandeportes.com\/wp\/wp-json\/wp\/v2\/comments?post=13796"}],"version-history":[{"count":1,"href":"http:\/\/www.sanjuandeportes.com\/wp\/wp-json\/wp\/v2\/posts\/13796\/revisions"}],"predecessor-version":[{"id":13798,"href":"http:\/\/www.sanjuandeportes.com\/wp\/wp-json\/wp\/v2\/posts\/13796\/revisions\/13798"}],"wp:featuredmedia":[{"embeddable":true,"href":"http:\/\/www.sanjuandeportes.com\/wp\/wp-json\/wp\/v2\/media\/13797"}],"wp:attachment":[{"href":"http:\/\/www.sanjuandeportes.com\/wp\/wp-json\/wp\/v2\/media?parent=13796"}],"wp:term":[{"taxonomy":"category","embeddable":true,"href":"http:\/\/www.sanjuandeportes.com\/wp\/wp-json\/wp\/v2\/categories?post=13796"},{"taxonomy":"post_tag","embeddable":true,"href":"http:\/\/www.sanjuandeportes.com\/wp\/wp-json\/wp\/v2\/tags?post=13796"}],"curies":[{"name":"wp","href":"https:\/\/api.w.org\/{rel}","templated":true}]}}