{"id":1399,"date":"2018-02-12T20:43:51","date_gmt":"2018-02-12T20:43:51","guid":{"rendered":"http:\/\/www.sanjuandeportes.com\/wp\/?p=1399"},"modified":"2018-02-12T20:43:51","modified_gmt":"2018-02-12T20:43:51","slug":"agustin-canapino-ya-quiere-poner-primera-en-el-tc","status":"publish","type":"post","link":"http:\/\/www.sanjuandeportes.com\/wp\/2018\/02\/12\/agustin-canapino-ya-quiere-poner-primera-en-el-tc\/","title":{"rendered":"Agust\u00edn Canapino ya quiere poner primera en el TC"},"content":{"rendered":"<p><strong>El corredor present\u00f3 en sociedad el dise\u00f1o del Chevrolet que llevar\u00e1 el \u00ab1\u00bb en los laterales durante todo el 2018 del Turismo Carretera.<\/strong><\/p>\n<p><img decoding=\"async\" class=\"alignnone wp-image-1401 lazyload\" data-src=\"http:\/\/www.sanjuandeportes.com\/wp\/wp-content\/uploads\/2018\/02\/Auto-canapino-2-300x166.jpg\" alt=\"\" width=\"700\" height=\"388\" data-srcset=\"http:\/\/www.sanjuandeportes.com\/wp\/wp-content\/uploads\/2018\/02\/Auto-canapino-2-300x166.jpg 300w, http:\/\/www.sanjuandeportes.com\/wp\/wp-content\/uploads\/2018\/02\/Auto-canapino-2-768x426.jpg 768w, http:\/\/www.sanjuandeportes.com\/wp\/wp-content\/uploads\/2018\/02\/Auto-canapino-2-696x385.jpg 696w, http:\/\/www.sanjuandeportes.com\/wp\/wp-content\/uploads\/2018\/02\/Auto-canapino-2-758x420.jpg 758w, http:\/\/www.sanjuandeportes.com\/wp\/wp-content\/uploads\/2018\/02\/Auto-canapino-2.jpg 1016w\" data-sizes=\"(max-width: 700px) 100vw, 700px\" src=\"data:image\/svg+xml;base64,PHN2ZyB3aWR0aD0iMSIgaGVpZ2h0PSIxIiB4bWxucz0iaHR0cDovL3d3dy53My5vcmcvMjAwMC9zdmciPjwvc3ZnPg==\" style=\"--smush-placeholder-width: 700px; --smush-placeholder-aspect-ratio: 700\/388;\" \/><\/p>\n<p>El Chevrolet mantiene los cl\u00e1sicos colores blanco y verde que us\u00f3 en los \u00faltimos a\u00f1os. Adem\u00e1s del 1 pintado en los laterales, se pueden ver dos estrellas en referencia a los t\u00edtulos logrados en 2010 y el reciente de 2017.<\/p>\n<p>El circuito empieza el 18 de Febrero en Viedma, y ahi recien le podr\u00e1 poner primera a esta maquina.<\/p>\n<p>(FUENTE: Clarin)<\/p>\n","protected":false},"excerpt":{"rendered":"<p>El corredor present\u00f3 en sociedad el dise\u00f1o del Chevrolet que llevar\u00e1 el \u00ab1\u00bb en los laterales durante todo el 2018 del Turismo Carretera. El Chevrolet mantiene los cl\u00e1sicos colores blanco y verde que us\u00f3 en los \u00faltimos a\u00f1os. Adem\u00e1s del 1 pintado en los laterales, se pueden ver dos estrellas en referencia a los t\u00edtulos [&hellip;]<\/p>\n","protected":false},"author":1,"featured_media":1400,"comment_status":"open","ping_status":"open","sticky":false,"template":"","format":"standard","meta":{"footnotes":""},"categories":[39],"tags":[65,63,64],"class_list":["post-1399","post","type-post","status-publish","format-standard","has-post-thumbnail","hentry","category-automovilismo","tag-canapino","tag-tc","tag-turismo-carretera"],"yoast_head":"<!-- This site is optimized with the Yoast SEO plugin v28.2 - https:\/\/yoast.com\/product\/yoast-seo-wordpress\/ -->\n<title>Agust\u00edn Canapino ya quiere poner primera en el TC - San Juan Deportes<\/title>\n<meta name=\"robots\" content=\"index, follow, max-snippet:-1, max-image-preview:large, max-video-preview:-1\" \/>\n<link rel=\"canonical\" href=\"https:\/\/www.sanjuandeportes.com\/wp\/2018\/02\/12\/agustin-canapino-ya-quiere-poner-primera-en-el-tc\/\" \/>\n<meta property=\"og:locale\" content=\"es_ES\" \/>\n<meta property=\"og:type\" content=\"article\" \/>\n<meta property=\"og:title\" content=\"Agust\u00edn Canapino ya quiere poner primera en el TC - San Juan Deportes\" \/>\n<meta property=\"og:description\" content=\"El corredor present\u00f3 en sociedad el dise\u00f1o del Chevrolet que llevar\u00e1 el \u00ab1\u00bb en los laterales durante todo el 2018 del Turismo Carretera. El Chevrolet mantiene los cl\u00e1sicos colores blanco y verde que us\u00f3 en los \u00faltimos a\u00f1os. Adem\u00e1s del 1 pintado en los laterales, se pueden ver dos estrellas en referencia a los t\u00edtulos [&hellip;]\" \/>\n<meta property=\"og:url\" content=\"https:\/\/www.sanjuandeportes.com\/wp\/2018\/02\/12\/agustin-canapino-ya-quiere-poner-primera-en-el-tc\/\" \/>\n<meta property=\"og:site_name\" content=\"San Juan Deportes\" \/>\n<meta property=\"article:publisher\" content=\"https:\/\/www.facebook.com\/sanjuandeportesok\" \/>\n<meta property=\"article:published_time\" content=\"2018-02-12T20:43:51+00:00\" \/>\n<meta property=\"og:image\" content=\"https:\/\/www.sanjuandeportes.com\/wp\/wp-content\/uploads\/2018\/02\/Auto-canapino.jpg\" \/>\n\t<meta property=\"og:image:width\" content=\"930\" \/>\n\t<meta property=\"og:image:height\" content=\"525\" \/>\n\t<meta property=\"og:image:type\" content=\"image\/jpeg\" \/>\n<meta name=\"author\" content=\"admin\" \/>\n<meta name=\"twitter:card\" content=\"summary_large_image\" \/>\n<meta name=\"twitter:creator\" content=\"@SanJuanDeportes\" \/>\n<meta name=\"twitter:site\" content=\"@SanJuanDeportes\" \/>\n<meta name=\"twitter:label1\" content=\"Escrito por\" \/>\n\t<meta name=\"twitter:data1\" content=\"admin\" \/>\n<script type=\"application\/ld+json\" class=\"yoast-schema-graph\">{\"@context\":\"https:\\\/\\\/schema.org\",\"@graph\":[{\"@type\":\"Article\",\"@id\":\"https:\\\/\\\/www.sanjuandeportes.com\\\/wp\\\/2018\\\/02\\\/12\\\/agustin-canapino-ya-quiere-poner-primera-en-el-tc\\\/#article\",\"isPartOf\":{\"@id\":\"https:\\\/\\\/www.sanjuandeportes.com\\\/wp\\\/2018\\\/02\\\/12\\\/agustin-canapino-ya-quiere-poner-primera-en-el-tc\\\/\"},\"author\":{\"name\":\"admin\",\"@id\":\"http:\\\/\\\/www.sanjuandeportes.com\\\/wp\\\/#\\\/schema\\\/person\\\/d8e3463931719391897f9c7a6d1bb7b3\"},\"headline\":\"Agust\u00edn Canapino ya quiere poner primera en el TC\",\"datePublished\":\"2018-02-12T20:43:51+00:00\",\"mainEntityOfPage\":{\"@id\":\"https:\\\/\\\/www.sanjuandeportes.com\\\/wp\\\/2018\\\/02\\\/12\\\/agustin-canapino-ya-quiere-poner-primera-en-el-tc\\\/\"},\"wordCount\":93,\"commentCount\":0,\"publisher\":{\"@id\":\"http:\\\/\\\/www.sanjuandeportes.com\\\/wp\\\/#organization\"},\"image\":{\"@id\":\"https:\\\/\\\/www.sanjuandeportes.com\\\/wp\\\/2018\\\/02\\\/12\\\/agustin-canapino-ya-quiere-poner-primera-en-el-tc\\\/#primaryimage\"},\"thumbnailUrl\":\"http:\\\/\\\/www.sanjuandeportes.com\\\/wp\\\/wp-content\\\/uploads\\\/2018\\\/02\\\/Auto-canapino.jpg\",\"keywords\":[\"Canapino\",\"TC\",\"Turismo Carretera\"],\"articleSection\":[\"Automovilismo\"],\"inLanguage\":\"es\",\"potentialAction\":[{\"@type\":\"CommentAction\",\"name\":\"Comment\",\"target\":[\"https:\\\/\\\/www.sanjuandeportes.com\\\/wp\\\/2018\\\/02\\\/12\\\/agustin-canapino-ya-quiere-poner-primera-en-el-tc\\\/#respond\"]}]},{\"@type\":\"WebPage\",\"@id\":\"https:\\\/\\\/www.sanjuandeportes.com\\\/wp\\\/2018\\\/02\\\/12\\\/agustin-canapino-ya-quiere-poner-primera-en-el-tc\\\/\",\"url\":\"https:\\\/\\\/www.sanjuandeportes.com\\\/wp\\\/2018\\\/02\\\/12\\\/agustin-canapino-ya-quiere-poner-primera-en-el-tc\\\/\",\"name\":\"Agust\u00edn Canapino ya quiere poner primera en el TC - San Juan Deportes\",\"isPartOf\":{\"@id\":\"http:\\\/\\\/www.sanjuandeportes.com\\\/wp\\\/#website\"},\"primaryImageOfPage\":{\"@id\":\"https:\\\/\\\/www.sanjuandeportes.com\\\/wp\\\/2018\\\/02\\\/12\\\/agustin-canapino-ya-quiere-poner-primera-en-el-tc\\\/#primaryimage\"},\"image\":{\"@id\":\"https:\\\/\\\/www.sanjuandeportes.com\\\/wp\\\/2018\\\/02\\\/12\\\/agustin-canapino-ya-quiere-poner-primera-en-el-tc\\\/#primaryimage\"},\"thumbnailUrl\":\"http:\\\/\\\/www.sanjuandeportes.com\\\/wp\\\/wp-content\\\/uploads\\\/2018\\\/02\\\/Auto-canapino.jpg\",\"datePublished\":\"2018-02-12T20:43:51+00:00\",\"breadcrumb\":{\"@id\":\"https:\\\/\\\/www.sanjuandeportes.com\\\/wp\\\/2018\\\/02\\\/12\\\/agustin-canapino-ya-quiere-poner-primera-en-el-tc\\\/#breadcrumb\"},\"inLanguage\":\"es\",\"potentialAction\":[{\"@type\":\"ReadAction\",\"target\":[\"https:\\\/\\\/www.sanjuandeportes.com\\\/wp\\\/2018\\\/02\\\/12\\\/agustin-canapino-ya-quiere-poner-primera-en-el-tc\\\/\"]}]},{\"@type\":\"ImageObject\",\"inLanguage\":\"es\",\"@id\":\"https:\\\/\\\/www.sanjuandeportes.com\\\/wp\\\/2018\\\/02\\\/12\\\/agustin-canapino-ya-quiere-poner-primera-en-el-tc\\\/#primaryimage\",\"url\":\"http:\\\/\\\/www.sanjuandeportes.com\\\/wp\\\/wp-content\\\/uploads\\\/2018\\\/02\\\/Auto-canapino.jpg\",\"contentUrl\":\"http:\\\/\\\/www.sanjuandeportes.com\\\/wp\\\/wp-content\\\/uploads\\\/2018\\\/02\\\/Auto-canapino.jpg\",\"width\":930,\"height\":525},{\"@type\":\"BreadcrumbList\",\"@id\":\"https:\\\/\\\/www.sanjuandeportes.com\\\/wp\\\/2018\\\/02\\\/12\\\/agustin-canapino-ya-quiere-poner-primera-en-el-tc\\\/#breadcrumb\",\"itemListElement\":[{\"@type\":\"ListItem\",\"position\":1,\"name\":\"Portada\",\"item\":\"http:\\\/\\\/www.sanjuandeportes.com\\\/wp\\\/\"},{\"@type\":\"ListItem\",\"position\":2,\"name\":\"Agust\u00edn Canapino ya quiere poner primera en el TC\"}]},{\"@type\":\"WebSite\",\"@id\":\"http:\\\/\\\/www.sanjuandeportes.com\\\/wp\\\/#website\",\"url\":\"http:\\\/\\\/www.sanjuandeportes.com\\\/wp\\\/\",\"name\":\"San Juan Deportes\",\"description\":\"El sitio de deportes de la provincia de San Juan\",\"publisher\":{\"@id\":\"http:\\\/\\\/www.sanjuandeportes.com\\\/wp\\\/#organization\"},\"potentialAction\":[{\"@type\":\"SearchAction\",\"target\":{\"@type\":\"EntryPoint\",\"urlTemplate\":\"http:\\\/\\\/www.sanjuandeportes.com\\\/wp\\\/?s={search_term_string}\"},\"query-input\":{\"@type\":\"PropertyValueSpecification\",\"valueRequired\":true,\"valueName\":\"search_term_string\"}}],\"inLanguage\":\"es\"},{\"@type\":\"Organization\",\"@id\":\"http:\\\/\\\/www.sanjuandeportes.com\\\/wp\\\/#organization\",\"name\":\"San Juan Deportes\",\"url\":\"http:\\\/\\\/www.sanjuandeportes.com\\\/wp\\\/\",\"logo\":{\"@type\":\"ImageObject\",\"inLanguage\":\"es\",\"@id\":\"http:\\\/\\\/www.sanjuandeportes.com\\\/wp\\\/#\\\/schema\\\/logo\\\/image\\\/\",\"url\":\"https:\\\/\\\/www.sanjuandeportes.com\\\/wp\\\/wp-content\\\/uploads\\\/unnamed.jpg\",\"contentUrl\":\"https:\\\/\\\/www.sanjuandeportes.com\\\/wp\\\/wp-content\\\/uploads\\\/unnamed.jpg\",\"width\":900,\"height\":900,\"caption\":\"San Juan Deportes\"},\"image\":{\"@id\":\"http:\\\/\\\/www.sanjuandeportes.com\\\/wp\\\/#\\\/schema\\\/logo\\\/image\\\/\"},\"sameAs\":[\"https:\\\/\\\/www.facebook.com\\\/sanjuandeportesok\",\"https:\\\/\\\/x.com\\\/SanJuanDeportes\",\"https:\\\/\\\/www.instagram.com\\\/sanjuandeportes\"]},{\"@type\":\"Person\",\"@id\":\"http:\\\/\\\/www.sanjuandeportes.com\\\/wp\\\/#\\\/schema\\\/person\\\/d8e3463931719391897f9c7a6d1bb7b3\",\"name\":\"admin\",\"image\":{\"@type\":\"ImageObject\",\"inLanguage\":\"es\",\"@id\":\"https:\\\/\\\/secure.gravatar.com\\\/avatar\\\/c4deacdacf798758c71e8e4f4ca4bcf755ae082e386babce41b35a278703bed5?s=96&d=mm&r=g\",\"url\":\"https:\\\/\\\/secure.gravatar.com\\\/avatar\\\/c4deacdacf798758c71e8e4f4ca4bcf755ae082e386babce41b35a278703bed5?s=96&d=mm&r=g\",\"contentUrl\":\"https:\\\/\\\/secure.gravatar.com\\\/avatar\\\/c4deacdacf798758c71e8e4f4ca4bcf755ae082e386babce41b35a278703bed5?s=96&d=mm&r=g\",\"caption\":\"admin\"},\"url\":\"http:\\\/\\\/www.sanjuandeportes.com\\\/wp\\\/author\\\/admin\\\/\"}]}<\/script>\n<!-- \/ Yoast SEO plugin. -->","yoast_head_json":{"title":"Agust\u00edn Canapino ya quiere poner primera en el TC - San Juan Deportes","robots":{"index":"index","follow":"follow","max-snippet":"max-snippet:-1","max-image-preview":"max-image-preview:large","max-video-preview":"max-video-preview:-1"},"canonical":"https:\/\/www.sanjuandeportes.com\/wp\/2018\/02\/12\/agustin-canapino-ya-quiere-poner-primera-en-el-tc\/","og_locale":"es_ES","og_type":"article","og_title":"Agust\u00edn Canapino ya quiere poner primera en el TC - San Juan Deportes","og_description":"El corredor present\u00f3 en sociedad el dise\u00f1o del Chevrolet que llevar\u00e1 el \u00ab1\u00bb en los laterales durante todo el 2018 del Turismo Carretera. El Chevrolet mantiene los cl\u00e1sicos colores blanco y verde que us\u00f3 en los \u00faltimos a\u00f1os. Adem\u00e1s del 1 pintado en los laterales, se pueden ver dos estrellas en referencia a los t\u00edtulos [&hellip;]","og_url":"https:\/\/www.sanjuandeportes.com\/wp\/2018\/02\/12\/agustin-canapino-ya-quiere-poner-primera-en-el-tc\/","og_site_name":"San Juan Deportes","article_publisher":"https:\/\/www.facebook.com\/sanjuandeportesok","article_published_time":"2018-02-12T20:43:51+00:00","og_image":[{"width":930,"height":525,"url":"https:\/\/www.sanjuandeportes.com\/wp\/wp-content\/uploads\/2018\/02\/Auto-canapino.jpg","type":"image\/jpeg"}],"author":"admin","twitter_card":"summary_large_image","twitter_creator":"@SanJuanDeportes","twitter_site":"@SanJuanDeportes","twitter_misc":{"Escrito por":"admin"},"schema":{"@context":"https:\/\/schema.org","@graph":[{"@type":"Article","@id":"https:\/\/www.sanjuandeportes.com\/wp\/2018\/02\/12\/agustin-canapino-ya-quiere-poner-primera-en-el-tc\/#article","isPartOf":{"@id":"https:\/\/www.sanjuandeportes.com\/wp\/2018\/02\/12\/agustin-canapino-ya-quiere-poner-primera-en-el-tc\/"},"author":{"name":"admin","@id":"http:\/\/www.sanjuandeportes.com\/wp\/#\/schema\/person\/d8e3463931719391897f9c7a6d1bb7b3"},"headline":"Agust\u00edn Canapino ya quiere poner primera en el TC","datePublished":"2018-02-12T20:43:51+00:00","mainEntityOfPage":{"@id":"https:\/\/www.sanjuandeportes.com\/wp\/2018\/02\/12\/agustin-canapino-ya-quiere-poner-primera-en-el-tc\/"},"wordCount":93,"commentCount":0,"publisher":{"@id":"http:\/\/www.sanjuandeportes.com\/wp\/#organization"},"image":{"@id":"https:\/\/www.sanjuandeportes.com\/wp\/2018\/02\/12\/agustin-canapino-ya-quiere-poner-primera-en-el-tc\/#primaryimage"},"thumbnailUrl":"http:\/\/www.sanjuandeportes.com\/wp\/wp-content\/uploads\/2018\/02\/Auto-canapino.jpg","keywords":["Canapino","TC","Turismo Carretera"],"articleSection":["Automovilismo"],"inLanguage":"es","potentialAction":[{"@type":"CommentAction","name":"Comment","target":["https:\/\/www.sanjuandeportes.com\/wp\/2018\/02\/12\/agustin-canapino-ya-quiere-poner-primera-en-el-tc\/#respond"]}]},{"@type":"WebPage","@id":"https:\/\/www.sanjuandeportes.com\/wp\/2018\/02\/12\/agustin-canapino-ya-quiere-poner-primera-en-el-tc\/","url":"https:\/\/www.sanjuandeportes.com\/wp\/2018\/02\/12\/agustin-canapino-ya-quiere-poner-primera-en-el-tc\/","name":"Agust\u00edn Canapino ya quiere poner primera en el TC - San Juan Deportes","isPartOf":{"@id":"http:\/\/www.sanjuandeportes.com\/wp\/#website"},"primaryImageOfPage":{"@id":"https:\/\/www.sanjuandeportes.com\/wp\/2018\/02\/12\/agustin-canapino-ya-quiere-poner-primera-en-el-tc\/#primaryimage"},"image":{"@id":"https:\/\/www.sanjuandeportes.com\/wp\/2018\/02\/12\/agustin-canapino-ya-quiere-poner-primera-en-el-tc\/#primaryimage"},"thumbnailUrl":"http:\/\/www.sanjuandeportes.com\/wp\/wp-content\/uploads\/2018\/02\/Auto-canapino.jpg","datePublished":"2018-02-12T20:43:51+00:00","breadcrumb":{"@id":"https:\/\/www.sanjuandeportes.com\/wp\/2018\/02\/12\/agustin-canapino-ya-quiere-poner-primera-en-el-tc\/#breadcrumb"},"inLanguage":"es","potentialAction":[{"@type":"ReadAction","target":["https:\/\/www.sanjuandeportes.com\/wp\/2018\/02\/12\/agustin-canapino-ya-quiere-poner-primera-en-el-tc\/"]}]},{"@type":"ImageObject","inLanguage":"es","@id":"https:\/\/www.sanjuandeportes.com\/wp\/2018\/02\/12\/agustin-canapino-ya-quiere-poner-primera-en-el-tc\/#primaryimage","url":"http:\/\/www.sanjuandeportes.com\/wp\/wp-content\/uploads\/2018\/02\/Auto-canapino.jpg","contentUrl":"http:\/\/www.sanjuandeportes.com\/wp\/wp-content\/uploads\/2018\/02\/Auto-canapino.jpg","width":930,"height":525},{"@type":"BreadcrumbList","@id":"https:\/\/www.sanjuandeportes.com\/wp\/2018\/02\/12\/agustin-canapino-ya-quiere-poner-primera-en-el-tc\/#breadcrumb","itemListElement":[{"@type":"ListItem","position":1,"name":"Portada","item":"http:\/\/www.sanjuandeportes.com\/wp\/"},{"@type":"ListItem","position":2,"name":"Agust\u00edn Canapino ya quiere poner primera en el TC"}]},{"@type":"WebSite","@id":"http:\/\/www.sanjuandeportes.com\/wp\/#website","url":"http:\/\/www.sanjuandeportes.com\/wp\/","name":"San Juan Deportes","description":"El sitio de deportes de la provincia de San Juan","publisher":{"@id":"http:\/\/www.sanjuandeportes.com\/wp\/#organization"},"potentialAction":[{"@type":"SearchAction","target":{"@type":"EntryPoint","urlTemplate":"http:\/\/www.sanjuandeportes.com\/wp\/?s={search_term_string}"},"query-input":{"@type":"PropertyValueSpecification","valueRequired":true,"valueName":"search_term_string"}}],"inLanguage":"es"},{"@type":"Organization","@id":"http:\/\/www.sanjuandeportes.com\/wp\/#organization","name":"San Juan Deportes","url":"http:\/\/www.sanjuandeportes.com\/wp\/","logo":{"@type":"ImageObject","inLanguage":"es","@id":"http:\/\/www.sanjuandeportes.com\/wp\/#\/schema\/logo\/image\/","url":"https:\/\/www.sanjuandeportes.com\/wp\/wp-content\/uploads\/unnamed.jpg","contentUrl":"https:\/\/www.sanjuandeportes.com\/wp\/wp-content\/uploads\/unnamed.jpg","width":900,"height":900,"caption":"San Juan Deportes"},"image":{"@id":"http:\/\/www.sanjuandeportes.com\/wp\/#\/schema\/logo\/image\/"},"sameAs":["https:\/\/www.facebook.com\/sanjuandeportesok","https:\/\/x.com\/SanJuanDeportes","https:\/\/www.instagram.com\/sanjuandeportes"]},{"@type":"Person","@id":"http:\/\/www.sanjuandeportes.com\/wp\/#\/schema\/person\/d8e3463931719391897f9c7a6d1bb7b3","name":"admin","image":{"@type":"ImageObject","inLanguage":"es","@id":"https:\/\/secure.gravatar.com\/avatar\/c4deacdacf798758c71e8e4f4ca4bcf755ae082e386babce41b35a278703bed5?s=96&d=mm&r=g","url":"https:\/\/secure.gravatar.com\/avatar\/c4deacdacf798758c71e8e4f4ca4bcf755ae082e386babce41b35a278703bed5?s=96&d=mm&r=g","contentUrl":"https:\/\/secure.gravatar.com\/avatar\/c4deacdacf798758c71e8e4f4ca4bcf755ae082e386babce41b35a278703bed5?s=96&d=mm&r=g","caption":"admin"},"url":"http:\/\/www.sanjuandeportes.com\/wp\/author\/admin\/"}]}},"_links":{"self":[{"href":"http:\/\/www.sanjuandeportes.com\/wp\/wp-json\/wp\/v2\/posts\/1399","targetHints":{"allow":["GET"]}}],"collection":[{"href":"http:\/\/www.sanjuandeportes.com\/wp\/wp-json\/wp\/v2\/posts"}],"about":[{"href":"http:\/\/www.sanjuandeportes.com\/wp\/wp-json\/wp\/v2\/types\/post"}],"author":[{"embeddable":true,"href":"http:\/\/www.sanjuandeportes.com\/wp\/wp-json\/wp\/v2\/users\/1"}],"replies":[{"embeddable":true,"href":"http:\/\/www.sanjuandeportes.com\/wp\/wp-json\/wp\/v2\/comments?post=1399"}],"version-history":[{"count":2,"href":"http:\/\/www.sanjuandeportes.com\/wp\/wp-json\/wp\/v2\/posts\/1399\/revisions"}],"predecessor-version":[{"id":1403,"href":"http:\/\/www.sanjuandeportes.com\/wp\/wp-json\/wp\/v2\/posts\/1399\/revisions\/1403"}],"wp:featuredmedia":[{"embeddable":true,"href":"http:\/\/www.sanjuandeportes.com\/wp\/wp-json\/wp\/v2\/media\/1400"}],"wp:attachment":[{"href":"http:\/\/www.sanjuandeportes.com\/wp\/wp-json\/wp\/v2\/media?parent=1399"}],"wp:term":[{"taxonomy":"category","embeddable":true,"href":"http:\/\/www.sanjuandeportes.com\/wp\/wp-json\/wp\/v2\/categories?post=1399"},{"taxonomy":"post_tag","embeddable":true,"href":"http:\/\/www.sanjuandeportes.com\/wp\/wp-json\/wp\/v2\/tags?post=1399"}],"curies":[{"name":"wp","href":"https:\/\/api.w.org\/{rel}","templated":true}]}}