{"id":14153,"date":"2021-10-04T01:07:18","date_gmt":"2021-10-04T01:07:18","guid":{"rendered":"http:\/\/www.sanjuandeportes.com\/wp\/?p=14153"},"modified":"2021-10-06T16:52:27","modified_gmt":"2021-10-06T16:52:27","slug":"facundo-della-motta-no-tuvo-suerte-en-san-luis","status":"publish","type":"post","link":"http:\/\/www.sanjuandeportes.com\/wp\/2021\/10\/04\/facundo-della-motta-no-tuvo-suerte-en-san-luis\/","title":{"rendered":"Facundo Della Motta no tuvo suerte en San Luis"},"content":{"rendered":"\n<p class=\"wp-block-paragraph\">La 12\u00aa fecha del Turismo Carretera, en el Aut\u00f3dromo Rosendo Hern\u00e1ndez en San Luis, no fue la carrera esperada por Facundo Della Motta y su equipo, el Candela Competici\u00f3n, ya que si bien hab\u00eda logrado avanzar 9 puestos en la final, un neum\u00e1tico que se revienta en la vuelta 13, deja sin el final de competencia al sanjuanino que marchaba en el puesto 24\u00ba.<\/p>\n\n\n\n<p class=\"wp-block-paragraph\">\u201cUn abandono m\u00e1s, lamentablemente una goma me hizo no poder terminar, m\u00e1s all\u00e1 que ven\u00eda avanzando tranquilo, y bueno me deja a pie faltando 6 vueltas cuando ven\u00eda en el puesto 24\u00ba\u201d coment\u00f3 Facundo desde su box y con la amargura l\u00f3gica de un abandono por un hecho casual, y poco habitual en este circuito que no exige un gasto excesivo de los neum\u00e1ticos.<\/p>\n\n\n\n<p class=\"wp-block-paragraph\">Facundo comenz\u00f3 la jornada de domingo largando 13\u00ba en la primera serie. Despu\u00e9s de las 4 vueltas pudo ganar un par de puestos para finalizar 11\u00ba, logrando esquivar un accidente delante suyo entre Fontana y Londero que podr\u00eda haberlo involucrado.<\/p>\n\n\n\n<p class=\"wp-block-paragraph\">Al momento de la final, partiendo desde el puesto 33\u00ba, Facundo comenz\u00f3 de gran manera, ya que al superar la vuelta 2 ya estaba en el puesto 28\u00ba, ganado 5 puestos en las dos primeras vueltas de carrera. A mitad de carrera, en la vuelta 10, el sanjuanino transitaba en el puesto 26\u00ba y buscando ganar posiciones, que va logrando vuelta a vuelta, ya que al superar el giro 13, ya se encontraba 24\u00ba, con Alan Ruggiero por delante y Nicol\u00e1s Trosset por detr\u00e1s, ambos con Ford, cuando lleg\u00f3 el revent\u00f3n de uno de los neum\u00e1ticos traseros, y el sanjuanino no pudo controlar el Torino, que termin\u00f3 en la leca y demand\u00f3 el ingreso del auto de seguridad.<\/p>\n\n\n\n<p class=\"wp-block-paragraph\">La carrera fue ganada por Mariano Werner (Ford), escoltado por Agust\u00edn Canapino (Chevrolet) y Diego Ciantini (Dodge), quienes integraron el podio junto al entrerriano.<\/p>\n\n\n\n<p class=\"wp-block-paragraph\">\u201cEstamos complicados, debemos analizar c\u00f3mo se sigue. Solo agradecer a mis sponsor, como el Gobierno de San Juan, Multibandas, Lumiere, ERCO, FraLuz y Rio Uruguay Seguros, y a todos los sanjuaninos\u201d coment\u00f3 Facundo, que tendr\u00e1 la pr\u00f3xima fecha a fin de mes, ya que Viedma se disputar\u00e1 el fin de semana del 30 y 31 de Octubre<\/p>\n","protected":false},"excerpt":{"rendered":"<p>La 12\u00aa fecha del Turismo Carretera, en el Aut\u00f3dromo Rosendo Hern\u00e1ndez en San Luis, no fue la carrera esperada por Facundo Della Motta y su equipo, el Candela Competici\u00f3n, ya que si bien hab\u00eda logrado avanzar 9 puestos en la final, un neum\u00e1tico que se revienta en la vuelta 13, deja sin el final de [&hellip;]<\/p>\n","protected":false},"author":5,"featured_media":14154,"comment_status":"open","ping_status":"open","sticky":false,"template":"","format":"standard","meta":{"footnotes":""},"categories":[39],"tags":[],"class_list":["post-14153","post","type-post","status-publish","format-standard","has-post-thumbnail","hentry","category-automovilismo"],"yoast_head":"<!-- This site is optimized with the Yoast SEO plugin v28.2 - https:\/\/yoast.com\/product\/yoast-seo-wordpress\/ -->\n<title>Facundo Della Motta no tuvo suerte en San Luis - San Juan Deportes<\/title>\n<meta name=\"robots\" content=\"index, follow, max-snippet:-1, max-image-preview:large, max-video-preview:-1\" \/>\n<link rel=\"canonical\" href=\"http:\/\/www.sanjuandeportes.com\/wp\/2021\/10\/04\/facundo-della-motta-no-tuvo-suerte-en-san-luis\/\" \/>\n<meta property=\"og:locale\" content=\"es_ES\" \/>\n<meta property=\"og:type\" content=\"article\" \/>\n<meta property=\"og:title\" content=\"Facundo Della Motta no tuvo suerte en San Luis - San Juan Deportes\" \/>\n<meta property=\"og:description\" content=\"La 12\u00aa fecha del Turismo Carretera, en el Aut\u00f3dromo Rosendo Hern\u00e1ndez en San Luis, no fue la carrera esperada por Facundo Della Motta y su equipo, el Candela Competici\u00f3n, ya que si bien hab\u00eda logrado avanzar 9 puestos en la final, un neum\u00e1tico que se revienta en la vuelta 13, deja sin el final de [&hellip;]\" \/>\n<meta property=\"og:url\" content=\"http:\/\/www.sanjuandeportes.com\/wp\/2021\/10\/04\/facundo-della-motta-no-tuvo-suerte-en-san-luis\/\" \/>\n<meta property=\"og:site_name\" content=\"San Juan Deportes\" \/>\n<meta property=\"article:publisher\" content=\"https:\/\/www.facebook.com\/sanjuandeportesok\" \/>\n<meta property=\"article:published_time\" content=\"2021-10-04T01:07:18+00:00\" \/>\n<meta property=\"article:modified_time\" content=\"2021-10-06T16:52:27+00:00\" \/>\n<meta property=\"og:image\" content=\"http:\/\/www.sanjuandeportes.com\/wp\/wp-content\/uploads\/2021\/10\/Sin-titulo-3.jpg\" \/>\n\t<meta property=\"og:image:width\" content=\"1737\" \/>\n\t<meta property=\"og:image:height\" content=\"1181\" \/>\n\t<meta property=\"og:image:type\" content=\"image\/jpeg\" \/>\n<meta name=\"author\" content=\"Pablo Pujado\" \/>\n<meta name=\"twitter:card\" content=\"summary_large_image\" \/>\n<meta name=\"twitter:creator\" content=\"@SanJuanDeportes\" \/>\n<meta name=\"twitter:site\" content=\"@SanJuanDeportes\" \/>\n<meta name=\"twitter:label1\" content=\"Escrito por\" \/>\n\t<meta name=\"twitter:data1\" content=\"Pablo Pujado\" \/>\n\t<meta name=\"twitter:label2\" content=\"Tiempo de lectura\" \/>\n\t<meta name=\"twitter:data2\" content=\"2 minutos\" \/>\n<script type=\"application\/ld+json\" class=\"yoast-schema-graph\">{\"@context\":\"https:\\\/\\\/schema.org\",\"@graph\":[{\"@type\":\"Article\",\"@id\":\"http:\\\/\\\/www.sanjuandeportes.com\\\/wp\\\/2021\\\/10\\\/04\\\/facundo-della-motta-no-tuvo-suerte-en-san-luis\\\/#article\",\"isPartOf\":{\"@id\":\"http:\\\/\\\/www.sanjuandeportes.com\\\/wp\\\/2021\\\/10\\\/04\\\/facundo-della-motta-no-tuvo-suerte-en-san-luis\\\/\"},\"author\":{\"name\":\"Pablo Pujado\",\"@id\":\"https:\\\/\\\/www.sanjuandeportes.com\\\/wp\\\/#\\\/schema\\\/person\\\/eda4d8e62a5d42b111781e3cdfcb9c3a\"},\"headline\":\"Facundo Della Motta no tuvo suerte en San Luis\",\"datePublished\":\"2021-10-04T01:07:18+00:00\",\"dateModified\":\"2021-10-06T16:52:27+00:00\",\"mainEntityOfPage\":{\"@id\":\"http:\\\/\\\/www.sanjuandeportes.com\\\/wp\\\/2021\\\/10\\\/04\\\/facundo-della-motta-no-tuvo-suerte-en-san-luis\\\/\"},\"wordCount\":377,\"commentCount\":0,\"publisher\":{\"@id\":\"https:\\\/\\\/www.sanjuandeportes.com\\\/wp\\\/#organization\"},\"image\":{\"@id\":\"http:\\\/\\\/www.sanjuandeportes.com\\\/wp\\\/2021\\\/10\\\/04\\\/facundo-della-motta-no-tuvo-suerte-en-san-luis\\\/#primaryimage\"},\"thumbnailUrl\":\"http:\\\/\\\/www.sanjuandeportes.com\\\/wp\\\/wp-content\\\/uploads\\\/2021\\\/10\\\/Sin-titulo-3.jpg\",\"articleSection\":[\"Automovilismo\"],\"inLanguage\":\"es\",\"potentialAction\":[{\"@type\":\"CommentAction\",\"name\":\"Comment\",\"target\":[\"http:\\\/\\\/www.sanjuandeportes.com\\\/wp\\\/2021\\\/10\\\/04\\\/facundo-della-motta-no-tuvo-suerte-en-san-luis\\\/#respond\"]}]},{\"@type\":\"WebPage\",\"@id\":\"http:\\\/\\\/www.sanjuandeportes.com\\\/wp\\\/2021\\\/10\\\/04\\\/facundo-della-motta-no-tuvo-suerte-en-san-luis\\\/\",\"url\":\"http:\\\/\\\/www.sanjuandeportes.com\\\/wp\\\/2021\\\/10\\\/04\\\/facundo-della-motta-no-tuvo-suerte-en-san-luis\\\/\",\"name\":\"Facundo Della Motta no tuvo suerte en San Luis - San Juan Deportes\",\"isPartOf\":{\"@id\":\"https:\\\/\\\/www.sanjuandeportes.com\\\/wp\\\/#website\"},\"primaryImageOfPage\":{\"@id\":\"http:\\\/\\\/www.sanjuandeportes.com\\\/wp\\\/2021\\\/10\\\/04\\\/facundo-della-motta-no-tuvo-suerte-en-san-luis\\\/#primaryimage\"},\"image\":{\"@id\":\"http:\\\/\\\/www.sanjuandeportes.com\\\/wp\\\/2021\\\/10\\\/04\\\/facundo-della-motta-no-tuvo-suerte-en-san-luis\\\/#primaryimage\"},\"thumbnailUrl\":\"http:\\\/\\\/www.sanjuandeportes.com\\\/wp\\\/wp-content\\\/uploads\\\/2021\\\/10\\\/Sin-titulo-3.jpg\",\"datePublished\":\"2021-10-04T01:07:18+00:00\",\"dateModified\":\"2021-10-06T16:52:27+00:00\",\"breadcrumb\":{\"@id\":\"http:\\\/\\\/www.sanjuandeportes.com\\\/wp\\\/2021\\\/10\\\/04\\\/facundo-della-motta-no-tuvo-suerte-en-san-luis\\\/#breadcrumb\"},\"inLanguage\":\"es\",\"potentialAction\":[{\"@type\":\"ReadAction\",\"target\":[\"http:\\\/\\\/www.sanjuandeportes.com\\\/wp\\\/2021\\\/10\\\/04\\\/facundo-della-motta-no-tuvo-suerte-en-san-luis\\\/\"]}]},{\"@type\":\"ImageObject\",\"inLanguage\":\"es\",\"@id\":\"http:\\\/\\\/www.sanjuandeportes.com\\\/wp\\\/2021\\\/10\\\/04\\\/facundo-della-motta-no-tuvo-suerte-en-san-luis\\\/#primaryimage\",\"url\":\"http:\\\/\\\/www.sanjuandeportes.com\\\/wp\\\/wp-content\\\/uploads\\\/2021\\\/10\\\/Sin-titulo-3.jpg\",\"contentUrl\":\"http:\\\/\\\/www.sanjuandeportes.com\\\/wp\\\/wp-content\\\/uploads\\\/2021\\\/10\\\/Sin-titulo-3.jpg\",\"width\":1737,\"height\":1181},{\"@type\":\"BreadcrumbList\",\"@id\":\"http:\\\/\\\/www.sanjuandeportes.com\\\/wp\\\/2021\\\/10\\\/04\\\/facundo-della-motta-no-tuvo-suerte-en-san-luis\\\/#breadcrumb\",\"itemListElement\":[{\"@type\":\"ListItem\",\"position\":1,\"name\":\"Portada\",\"item\":\"http:\\\/\\\/www.sanjuandeportes.com\\\/wp\\\/\"},{\"@type\":\"ListItem\",\"position\":2,\"name\":\"Facundo Della Motta no tuvo suerte en San Luis\"}]},{\"@type\":\"WebSite\",\"@id\":\"https:\\\/\\\/www.sanjuandeportes.com\\\/wp\\\/#website\",\"url\":\"https:\\\/\\\/www.sanjuandeportes.com\\\/wp\\\/\",\"name\":\"San Juan Deportes\",\"description\":\"El sitio de deportes de la provincia de San Juan\",\"publisher\":{\"@id\":\"https:\\\/\\\/www.sanjuandeportes.com\\\/wp\\\/#organization\"},\"potentialAction\":[{\"@type\":\"SearchAction\",\"target\":{\"@type\":\"EntryPoint\",\"urlTemplate\":\"https:\\\/\\\/www.sanjuandeportes.com\\\/wp\\\/?s={search_term_string}\"},\"query-input\":{\"@type\":\"PropertyValueSpecification\",\"valueRequired\":true,\"valueName\":\"search_term_string\"}}],\"inLanguage\":\"es\"},{\"@type\":\"Organization\",\"@id\":\"https:\\\/\\\/www.sanjuandeportes.com\\\/wp\\\/#organization\",\"name\":\"San Juan Deportes\",\"url\":\"https:\\\/\\\/www.sanjuandeportes.com\\\/wp\\\/\",\"logo\":{\"@type\":\"ImageObject\",\"inLanguage\":\"es\",\"@id\":\"https:\\\/\\\/www.sanjuandeportes.com\\\/wp\\\/#\\\/schema\\\/logo\\\/image\\\/\",\"url\":\"https:\\\/\\\/www.sanjuandeportes.com\\\/wp\\\/wp-content\\\/uploads\\\/unnamed.jpg\",\"contentUrl\":\"https:\\\/\\\/www.sanjuandeportes.com\\\/wp\\\/wp-content\\\/uploads\\\/unnamed.jpg\",\"width\":900,\"height\":900,\"caption\":\"San Juan Deportes\"},\"image\":{\"@id\":\"https:\\\/\\\/www.sanjuandeportes.com\\\/wp\\\/#\\\/schema\\\/logo\\\/image\\\/\"},\"sameAs\":[\"https:\\\/\\\/www.facebook.com\\\/sanjuandeportesok\",\"https:\\\/\\\/x.com\\\/SanJuanDeportes\",\"https:\\\/\\\/www.instagram.com\\\/sanjuandeportes\"]},{\"@type\":\"Person\",\"@id\":\"https:\\\/\\\/www.sanjuandeportes.com\\\/wp\\\/#\\\/schema\\\/person\\\/eda4d8e62a5d42b111781e3cdfcb9c3a\",\"name\":\"Pablo Pujado\",\"image\":{\"@type\":\"ImageObject\",\"inLanguage\":\"es\",\"@id\":\"https:\\\/\\\/secure.gravatar.com\\\/avatar\\\/310b69d28112912c333408a462a9837208de951b1e7c11514781740412f648b1?s=96&d=mm&r=g\",\"url\":\"https:\\\/\\\/secure.gravatar.com\\\/avatar\\\/310b69d28112912c333408a462a9837208de951b1e7c11514781740412f648b1?s=96&d=mm&r=g\",\"contentUrl\":\"https:\\\/\\\/secure.gravatar.com\\\/avatar\\\/310b69d28112912c333408a462a9837208de951b1e7c11514781740412f648b1?s=96&d=mm&r=g\",\"caption\":\"Pablo Pujado\"},\"url\":\"http:\\\/\\\/www.sanjuandeportes.com\\\/wp\\\/author\\\/pablo-pujado\\\/\"}]}<\/script>\n<!-- \/ Yoast SEO plugin. -->","yoast_head_json":{"title":"Facundo Della Motta no tuvo suerte en San Luis - San Juan Deportes","robots":{"index":"index","follow":"follow","max-snippet":"max-snippet:-1","max-image-preview":"max-image-preview:large","max-video-preview":"max-video-preview:-1"},"canonical":"http:\/\/www.sanjuandeportes.com\/wp\/2021\/10\/04\/facundo-della-motta-no-tuvo-suerte-en-san-luis\/","og_locale":"es_ES","og_type":"article","og_title":"Facundo Della Motta no tuvo suerte en San Luis - San Juan Deportes","og_description":"La 12\u00aa fecha del Turismo Carretera, en el Aut\u00f3dromo Rosendo Hern\u00e1ndez en San Luis, no fue la carrera esperada por Facundo Della Motta y su equipo, el Candela Competici\u00f3n, ya que si bien hab\u00eda logrado avanzar 9 puestos en la final, un neum\u00e1tico que se revienta en la vuelta 13, deja sin el final de [&hellip;]","og_url":"http:\/\/www.sanjuandeportes.com\/wp\/2021\/10\/04\/facundo-della-motta-no-tuvo-suerte-en-san-luis\/","og_site_name":"San Juan Deportes","article_publisher":"https:\/\/www.facebook.com\/sanjuandeportesok","article_published_time":"2021-10-04T01:07:18+00:00","article_modified_time":"2021-10-06T16:52:27+00:00","og_image":[{"width":1737,"height":1181,"url":"http:\/\/www.sanjuandeportes.com\/wp\/wp-content\/uploads\/2021\/10\/Sin-titulo-3.jpg","type":"image\/jpeg"}],"author":"Pablo Pujado","twitter_card":"summary_large_image","twitter_creator":"@SanJuanDeportes","twitter_site":"@SanJuanDeportes","twitter_misc":{"Escrito por":"Pablo Pujado","Tiempo de lectura":"2 minutos"},"schema":{"@context":"https:\/\/schema.org","@graph":[{"@type":"Article","@id":"http:\/\/www.sanjuandeportes.com\/wp\/2021\/10\/04\/facundo-della-motta-no-tuvo-suerte-en-san-luis\/#article","isPartOf":{"@id":"http:\/\/www.sanjuandeportes.com\/wp\/2021\/10\/04\/facundo-della-motta-no-tuvo-suerte-en-san-luis\/"},"author":{"name":"Pablo Pujado","@id":"https:\/\/www.sanjuandeportes.com\/wp\/#\/schema\/person\/eda4d8e62a5d42b111781e3cdfcb9c3a"},"headline":"Facundo Della Motta no tuvo suerte en San Luis","datePublished":"2021-10-04T01:07:18+00:00","dateModified":"2021-10-06T16:52:27+00:00","mainEntityOfPage":{"@id":"http:\/\/www.sanjuandeportes.com\/wp\/2021\/10\/04\/facundo-della-motta-no-tuvo-suerte-en-san-luis\/"},"wordCount":377,"commentCount":0,"publisher":{"@id":"https:\/\/www.sanjuandeportes.com\/wp\/#organization"},"image":{"@id":"http:\/\/www.sanjuandeportes.com\/wp\/2021\/10\/04\/facundo-della-motta-no-tuvo-suerte-en-san-luis\/#primaryimage"},"thumbnailUrl":"http:\/\/www.sanjuandeportes.com\/wp\/wp-content\/uploads\/2021\/10\/Sin-titulo-3.jpg","articleSection":["Automovilismo"],"inLanguage":"es","potentialAction":[{"@type":"CommentAction","name":"Comment","target":["http:\/\/www.sanjuandeportes.com\/wp\/2021\/10\/04\/facundo-della-motta-no-tuvo-suerte-en-san-luis\/#respond"]}]},{"@type":"WebPage","@id":"http:\/\/www.sanjuandeportes.com\/wp\/2021\/10\/04\/facundo-della-motta-no-tuvo-suerte-en-san-luis\/","url":"http:\/\/www.sanjuandeportes.com\/wp\/2021\/10\/04\/facundo-della-motta-no-tuvo-suerte-en-san-luis\/","name":"Facundo Della Motta no tuvo suerte en San Luis - San Juan Deportes","isPartOf":{"@id":"https:\/\/www.sanjuandeportes.com\/wp\/#website"},"primaryImageOfPage":{"@id":"http:\/\/www.sanjuandeportes.com\/wp\/2021\/10\/04\/facundo-della-motta-no-tuvo-suerte-en-san-luis\/#primaryimage"},"image":{"@id":"http:\/\/www.sanjuandeportes.com\/wp\/2021\/10\/04\/facundo-della-motta-no-tuvo-suerte-en-san-luis\/#primaryimage"},"thumbnailUrl":"http:\/\/www.sanjuandeportes.com\/wp\/wp-content\/uploads\/2021\/10\/Sin-titulo-3.jpg","datePublished":"2021-10-04T01:07:18+00:00","dateModified":"2021-10-06T16:52:27+00:00","breadcrumb":{"@id":"http:\/\/www.sanjuandeportes.com\/wp\/2021\/10\/04\/facundo-della-motta-no-tuvo-suerte-en-san-luis\/#breadcrumb"},"inLanguage":"es","potentialAction":[{"@type":"ReadAction","target":["http:\/\/www.sanjuandeportes.com\/wp\/2021\/10\/04\/facundo-della-motta-no-tuvo-suerte-en-san-luis\/"]}]},{"@type":"ImageObject","inLanguage":"es","@id":"http:\/\/www.sanjuandeportes.com\/wp\/2021\/10\/04\/facundo-della-motta-no-tuvo-suerte-en-san-luis\/#primaryimage","url":"http:\/\/www.sanjuandeportes.com\/wp\/wp-content\/uploads\/2021\/10\/Sin-titulo-3.jpg","contentUrl":"http:\/\/www.sanjuandeportes.com\/wp\/wp-content\/uploads\/2021\/10\/Sin-titulo-3.jpg","width":1737,"height":1181},{"@type":"BreadcrumbList","@id":"http:\/\/www.sanjuandeportes.com\/wp\/2021\/10\/04\/facundo-della-motta-no-tuvo-suerte-en-san-luis\/#breadcrumb","itemListElement":[{"@type":"ListItem","position":1,"name":"Portada","item":"http:\/\/www.sanjuandeportes.com\/wp\/"},{"@type":"ListItem","position":2,"name":"Facundo Della Motta no tuvo suerte en San Luis"}]},{"@type":"WebSite","@id":"https:\/\/www.sanjuandeportes.com\/wp\/#website","url":"https:\/\/www.sanjuandeportes.com\/wp\/","name":"San Juan Deportes","description":"El sitio de deportes de la provincia de San Juan","publisher":{"@id":"https:\/\/www.sanjuandeportes.com\/wp\/#organization"},"potentialAction":[{"@type":"SearchAction","target":{"@type":"EntryPoint","urlTemplate":"https:\/\/www.sanjuandeportes.com\/wp\/?s={search_term_string}"},"query-input":{"@type":"PropertyValueSpecification","valueRequired":true,"valueName":"search_term_string"}}],"inLanguage":"es"},{"@type":"Organization","@id":"https:\/\/www.sanjuandeportes.com\/wp\/#organization","name":"San Juan Deportes","url":"https:\/\/www.sanjuandeportes.com\/wp\/","logo":{"@type":"ImageObject","inLanguage":"es","@id":"https:\/\/www.sanjuandeportes.com\/wp\/#\/schema\/logo\/image\/","url":"https:\/\/www.sanjuandeportes.com\/wp\/wp-content\/uploads\/unnamed.jpg","contentUrl":"https:\/\/www.sanjuandeportes.com\/wp\/wp-content\/uploads\/unnamed.jpg","width":900,"height":900,"caption":"San Juan Deportes"},"image":{"@id":"https:\/\/www.sanjuandeportes.com\/wp\/#\/schema\/logo\/image\/"},"sameAs":["https:\/\/www.facebook.com\/sanjuandeportesok","https:\/\/x.com\/SanJuanDeportes","https:\/\/www.instagram.com\/sanjuandeportes"]},{"@type":"Person","@id":"https:\/\/www.sanjuandeportes.com\/wp\/#\/schema\/person\/eda4d8e62a5d42b111781e3cdfcb9c3a","name":"Pablo Pujado","image":{"@type":"ImageObject","inLanguage":"es","@id":"https:\/\/secure.gravatar.com\/avatar\/310b69d28112912c333408a462a9837208de951b1e7c11514781740412f648b1?s=96&d=mm&r=g","url":"https:\/\/secure.gravatar.com\/avatar\/310b69d28112912c333408a462a9837208de951b1e7c11514781740412f648b1?s=96&d=mm&r=g","contentUrl":"https:\/\/secure.gravatar.com\/avatar\/310b69d28112912c333408a462a9837208de951b1e7c11514781740412f648b1?s=96&d=mm&r=g","caption":"Pablo Pujado"},"url":"http:\/\/www.sanjuandeportes.com\/wp\/author\/pablo-pujado\/"}]}},"_links":{"self":[{"href":"http:\/\/www.sanjuandeportes.com\/wp\/wp-json\/wp\/v2\/posts\/14153","targetHints":{"allow":["GET"]}}],"collection":[{"href":"http:\/\/www.sanjuandeportes.com\/wp\/wp-json\/wp\/v2\/posts"}],"about":[{"href":"http:\/\/www.sanjuandeportes.com\/wp\/wp-json\/wp\/v2\/types\/post"}],"author":[{"embeddable":true,"href":"http:\/\/www.sanjuandeportes.com\/wp\/wp-json\/wp\/v2\/users\/5"}],"replies":[{"embeddable":true,"href":"http:\/\/www.sanjuandeportes.com\/wp\/wp-json\/wp\/v2\/comments?post=14153"}],"version-history":[{"count":1,"href":"http:\/\/www.sanjuandeportes.com\/wp\/wp-json\/wp\/v2\/posts\/14153\/revisions"}],"predecessor-version":[{"id":14155,"href":"http:\/\/www.sanjuandeportes.com\/wp\/wp-json\/wp\/v2\/posts\/14153\/revisions\/14155"}],"wp:featuredmedia":[{"embeddable":true,"href":"http:\/\/www.sanjuandeportes.com\/wp\/wp-json\/wp\/v2\/media\/14154"}],"wp:attachment":[{"href":"http:\/\/www.sanjuandeportes.com\/wp\/wp-json\/wp\/v2\/media?parent=14153"}],"wp:term":[{"taxonomy":"category","embeddable":true,"href":"http:\/\/www.sanjuandeportes.com\/wp\/wp-json\/wp\/v2\/categories?post=14153"},{"taxonomy":"post_tag","embeddable":true,"href":"http:\/\/www.sanjuandeportes.com\/wp\/wp-json\/wp\/v2\/tags?post=14153"}],"curies":[{"name":"wp","href":"https:\/\/api.w.org\/{rel}","templated":true}]}}