{"id":1427,"date":"2018-02-13T23:58:32","date_gmt":"2018-02-13T23:58:32","guid":{"rendered":"http:\/\/www.sanjuandeportes.com\/wp\/?p=1427"},"modified":"2018-02-13T23:58:32","modified_gmt":"2018-02-13T23:58:32","slug":"no-somos-candidatos-a-ganar-el-mundial","status":"publish","type":"post","link":"http:\/\/www.sanjuandeportes.com\/wp\/2018\/02\/13\/no-somos-candidatos-a-ganar-el-mundial\/","title":{"rendered":"\u00abNo somos candidatos a ganar el mundial\u00bb"},"content":{"rendered":"<p><strong>A meses del inicio de la Copa del Mundo, un referente y titular indiscutido de la Selecci\u00f3n Argentina lo dijo en una entrevista exclusiva con FOX Sports.<\/strong><\/p>\n<p><img decoding=\"async\" class=\"alignnone wp-image-1428 size-full lazyload\" data-src=\"http:\/\/www.sanjuandeportes.com\/wp\/wp-content\/uploads\/2018\/02\/Lucas-Biglia.jpg\" alt=\"\" width=\"630\" height=\"361\" data-srcset=\"http:\/\/www.sanjuandeportes.com\/wp\/wp-content\/uploads\/2018\/02\/Lucas-Biglia.jpg 630w, http:\/\/www.sanjuandeportes.com\/wp\/wp-content\/uploads\/2018\/02\/Lucas-Biglia-300x172.jpg 300w\" data-sizes=\"(max-width: 630px) 100vw, 630px\" src=\"data:image\/svg+xml;base64,PHN2ZyB3aWR0aD0iMSIgaGVpZ2h0PSIxIiB4bWxucz0iaHR0cDovL3d3dy53My5vcmcvMjAwMC9zdmciPjwvc3ZnPg==\" style=\"--smush-placeholder-width: 630px; --smush-placeholder-aspect-ratio: 630\/361;\" \/><\/p>\n<p>Lucas Biglia fu\u00e9 el que lo dijo y parece ser una fija en la lista de 23 jugadores de Jorge Sampaoli para el Mundial de Rusia.<\/p>\n<p>\u00abHay ansiedad por el Mundial, hay que hacer lo mejor para estar\u00bb, indic\u00f3 el mediocampista de Milan, quien ser\u00e1 convocado para la gira de marzo, que incluir\u00e1 amistosos con Italia y Espa\u00f1a.<\/p>\n<p>Hablo tambien de la \u00abMessi-dependecia\u00bb e indic\u00f3: \u00abNos acostumbramos a tirarle una mochila gigante a (Lionel) Messi. Si seguimos as\u00ed, con \u00e9l vamos a ser fuertes y sin \u00e9l una selecci\u00f3n normal.<strong> Hoy, Argentina no es candidata a ganar el Mundial<\/strong>. Hay que trabajar mucho. Dependemos mucho de Messi y eso no es bueno, hay que saber usarlo para no desgastarlo\u00bb.<\/p>\n<p>\u00abPor m\u00e1s que aprendamos a jugar sin Messi siempre dependemos de \u00e9l porque cambia el partido en un segundo\u00bb, aport\u00f3 en una entrevista con Fox Sports.<\/p>\n<p>Le preguntaron tambien sobre la cr\u00edtica por parte de la prensa y de los argentinos y dijo: \u00abPesa la cr\u00edtica, duele porque sab\u00e9s el esfuerzo que hac\u00e9s. La realidad es que el objetivo lo logramos y ahora hay que trabajar para estar en esa lista. A (Gonzalo) Higua\u00edn le afect\u00f3 mucho la cr\u00edtica destructiva, no la futbol\u00edstica. Ojal\u00e1 tenga una nueva oportunidad\u00bb.<\/p>\n","protected":false},"excerpt":{"rendered":"<p>A meses del inicio de la Copa del Mundo, un referente y titular indiscutido de la Selecci\u00f3n Argentina lo dijo en una entrevista exclusiva con FOX Sports. Lucas Biglia fu\u00e9 el que lo dijo y parece ser una fija en la lista de 23 jugadores de Jorge Sampaoli para el Mundial de Rusia. \u00abHay ansiedad [&hellip;]<\/p>\n","protected":false},"author":1,"featured_media":1429,"comment_status":"open","ping_status":"open","sticky":false,"template":"","format":"standard","meta":{"footnotes":""},"categories":[2,53],"tags":[],"class_list":["post-1427","post","type-post","status-publish","format-standard","has-post-thumbnail","hentry","category-featured","category-seleccion-argentina-futbol"],"yoast_head":"<!-- This site is optimized with the Yoast SEO plugin v28.2 - https:\/\/yoast.com\/product\/yoast-seo-wordpress\/ -->\n<title>&quot;No somos candidatos a ganar el mundial&quot; - San Juan Deportes<\/title>\n<meta name=\"robots\" content=\"index, follow, max-snippet:-1, max-image-preview:large, max-video-preview:-1\" \/>\n<link rel=\"canonical\" href=\"http:\/\/www.sanjuandeportes.com\/wp\/2018\/02\/13\/no-somos-candidatos-a-ganar-el-mundial\/\" \/>\n<meta property=\"og:locale\" content=\"es_ES\" \/>\n<meta property=\"og:type\" content=\"article\" \/>\n<meta property=\"og:title\" content=\"&quot;No somos candidatos a ganar el mundial&quot; - San Juan Deportes\" \/>\n<meta property=\"og:description\" content=\"A meses del inicio de la Copa del Mundo, un referente y titular indiscutido de la Selecci\u00f3n Argentina lo dijo en una entrevista exclusiva con FOX Sports. Lucas Biglia fu\u00e9 el que lo dijo y parece ser una fija en la lista de 23 jugadores de Jorge Sampaoli para el Mundial de Rusia. \u00abHay ansiedad [&hellip;]\" \/>\n<meta property=\"og:url\" content=\"http:\/\/www.sanjuandeportes.com\/wp\/2018\/02\/13\/no-somos-candidatos-a-ganar-el-mundial\/\" \/>\n<meta property=\"og:site_name\" content=\"San Juan Deportes\" \/>\n<meta property=\"article:publisher\" content=\"https:\/\/www.facebook.com\/sanjuandeportesok\" \/>\n<meta property=\"article:published_time\" content=\"2018-02-13T23:58:32+00:00\" \/>\n<meta property=\"og:image\" content=\"http:\/\/www.sanjuandeportes.com\/wp\/wp-content\/uploads\/2018\/02\/Equipo.jpg\" \/>\n\t<meta property=\"og:image:width\" content=\"640\" \/>\n\t<meta property=\"og:image:height\" content=\"360\" \/>\n\t<meta property=\"og:image:type\" content=\"image\/jpeg\" \/>\n<meta name=\"author\" content=\"admin\" \/>\n<meta name=\"twitter:card\" content=\"summary_large_image\" \/>\n<meta name=\"twitter:creator\" content=\"@SanJuanDeportes\" \/>\n<meta name=\"twitter:site\" content=\"@SanJuanDeportes\" \/>\n<meta name=\"twitter:label1\" content=\"Escrito por\" \/>\n\t<meta name=\"twitter:data1\" content=\"admin\" \/>\n\t<meta name=\"twitter:label2\" content=\"Tiempo de lectura\" \/>\n\t<meta name=\"twitter:data2\" content=\"1 minuto\" \/>\n<script type=\"application\/ld+json\" class=\"yoast-schema-graph\">{\"@context\":\"https:\\\/\\\/schema.org\",\"@graph\":[{\"@type\":\"Article\",\"@id\":\"http:\\\/\\\/www.sanjuandeportes.com\\\/wp\\\/2018\\\/02\\\/13\\\/no-somos-candidatos-a-ganar-el-mundial\\\/#article\",\"isPartOf\":{\"@id\":\"http:\\\/\\\/www.sanjuandeportes.com\\\/wp\\\/2018\\\/02\\\/13\\\/no-somos-candidatos-a-ganar-el-mundial\\\/\"},\"author\":{\"name\":\"admin\",\"@id\":\"http:\\\/\\\/www.sanjuandeportes.com\\\/wp\\\/#\\\/schema\\\/person\\\/d8e3463931719391897f9c7a6d1bb7b3\"},\"headline\":\"\u00abNo somos candidatos a ganar el mundial\u00bb\",\"datePublished\":\"2018-02-13T23:58:32+00:00\",\"mainEntityOfPage\":{\"@id\":\"http:\\\/\\\/www.sanjuandeportes.com\\\/wp\\\/2018\\\/02\\\/13\\\/no-somos-candidatos-a-ganar-el-mundial\\\/\"},\"wordCount\":251,\"commentCount\":0,\"publisher\":{\"@id\":\"http:\\\/\\\/www.sanjuandeportes.com\\\/wp\\\/#organization\"},\"image\":{\"@id\":\"http:\\\/\\\/www.sanjuandeportes.com\\\/wp\\\/2018\\\/02\\\/13\\\/no-somos-candidatos-a-ganar-el-mundial\\\/#primaryimage\"},\"thumbnailUrl\":\"http:\\\/\\\/www.sanjuandeportes.com\\\/wp\\\/wp-content\\\/uploads\\\/2018\\\/02\\\/Equipo.jpg\",\"articleSection\":[\"Featured\",\"Selecci\u00f3n Argentina\"],\"inLanguage\":\"es\",\"potentialAction\":[{\"@type\":\"CommentAction\",\"name\":\"Comment\",\"target\":[\"http:\\\/\\\/www.sanjuandeportes.com\\\/wp\\\/2018\\\/02\\\/13\\\/no-somos-candidatos-a-ganar-el-mundial\\\/#respond\"]}]},{\"@type\":\"WebPage\",\"@id\":\"http:\\\/\\\/www.sanjuandeportes.com\\\/wp\\\/2018\\\/02\\\/13\\\/no-somos-candidatos-a-ganar-el-mundial\\\/\",\"url\":\"http:\\\/\\\/www.sanjuandeportes.com\\\/wp\\\/2018\\\/02\\\/13\\\/no-somos-candidatos-a-ganar-el-mundial\\\/\",\"name\":\"\\\"No somos candidatos a ganar el mundial\\\" - San Juan Deportes\",\"isPartOf\":{\"@id\":\"http:\\\/\\\/www.sanjuandeportes.com\\\/wp\\\/#website\"},\"primaryImageOfPage\":{\"@id\":\"http:\\\/\\\/www.sanjuandeportes.com\\\/wp\\\/2018\\\/02\\\/13\\\/no-somos-candidatos-a-ganar-el-mundial\\\/#primaryimage\"},\"image\":{\"@id\":\"http:\\\/\\\/www.sanjuandeportes.com\\\/wp\\\/2018\\\/02\\\/13\\\/no-somos-candidatos-a-ganar-el-mundial\\\/#primaryimage\"},\"thumbnailUrl\":\"http:\\\/\\\/www.sanjuandeportes.com\\\/wp\\\/wp-content\\\/uploads\\\/2018\\\/02\\\/Equipo.jpg\",\"datePublished\":\"2018-02-13T23:58:32+00:00\",\"breadcrumb\":{\"@id\":\"http:\\\/\\\/www.sanjuandeportes.com\\\/wp\\\/2018\\\/02\\\/13\\\/no-somos-candidatos-a-ganar-el-mundial\\\/#breadcrumb\"},\"inLanguage\":\"es\",\"potentialAction\":[{\"@type\":\"ReadAction\",\"target\":[\"http:\\\/\\\/www.sanjuandeportes.com\\\/wp\\\/2018\\\/02\\\/13\\\/no-somos-candidatos-a-ganar-el-mundial\\\/\"]}]},{\"@type\":\"ImageObject\",\"inLanguage\":\"es\",\"@id\":\"http:\\\/\\\/www.sanjuandeportes.com\\\/wp\\\/2018\\\/02\\\/13\\\/no-somos-candidatos-a-ganar-el-mundial\\\/#primaryimage\",\"url\":\"http:\\\/\\\/www.sanjuandeportes.com\\\/wp\\\/wp-content\\\/uploads\\\/2018\\\/02\\\/Equipo.jpg\",\"contentUrl\":\"http:\\\/\\\/www.sanjuandeportes.com\\\/wp\\\/wp-content\\\/uploads\\\/2018\\\/02\\\/Equipo.jpg\",\"width\":640,\"height\":360},{\"@type\":\"BreadcrumbList\",\"@id\":\"http:\\\/\\\/www.sanjuandeportes.com\\\/wp\\\/2018\\\/02\\\/13\\\/no-somos-candidatos-a-ganar-el-mundial\\\/#breadcrumb\",\"itemListElement\":[{\"@type\":\"ListItem\",\"position\":1,\"name\":\"Portada\",\"item\":\"http:\\\/\\\/www.sanjuandeportes.com\\\/wp\\\/\"},{\"@type\":\"ListItem\",\"position\":2,\"name\":\"\u00abNo somos candidatos a ganar el mundial\u00bb\"}]},{\"@type\":\"WebSite\",\"@id\":\"http:\\\/\\\/www.sanjuandeportes.com\\\/wp\\\/#website\",\"url\":\"http:\\\/\\\/www.sanjuandeportes.com\\\/wp\\\/\",\"name\":\"San Juan Deportes\",\"description\":\"El sitio de deportes de la provincia de San Juan\",\"publisher\":{\"@id\":\"http:\\\/\\\/www.sanjuandeportes.com\\\/wp\\\/#organization\"},\"potentialAction\":[{\"@type\":\"SearchAction\",\"target\":{\"@type\":\"EntryPoint\",\"urlTemplate\":\"http:\\\/\\\/www.sanjuandeportes.com\\\/wp\\\/?s={search_term_string}\"},\"query-input\":{\"@type\":\"PropertyValueSpecification\",\"valueRequired\":true,\"valueName\":\"search_term_string\"}}],\"inLanguage\":\"es\"},{\"@type\":\"Organization\",\"@id\":\"http:\\\/\\\/www.sanjuandeportes.com\\\/wp\\\/#organization\",\"name\":\"San Juan Deportes\",\"url\":\"http:\\\/\\\/www.sanjuandeportes.com\\\/wp\\\/\",\"logo\":{\"@type\":\"ImageObject\",\"inLanguage\":\"es\",\"@id\":\"http:\\\/\\\/www.sanjuandeportes.com\\\/wp\\\/#\\\/schema\\\/logo\\\/image\\\/\",\"url\":\"https:\\\/\\\/www.sanjuandeportes.com\\\/wp\\\/wp-content\\\/uploads\\\/unnamed.jpg\",\"contentUrl\":\"https:\\\/\\\/www.sanjuandeportes.com\\\/wp\\\/wp-content\\\/uploads\\\/unnamed.jpg\",\"width\":900,\"height\":900,\"caption\":\"San Juan Deportes\"},\"image\":{\"@id\":\"http:\\\/\\\/www.sanjuandeportes.com\\\/wp\\\/#\\\/schema\\\/logo\\\/image\\\/\"},\"sameAs\":[\"https:\\\/\\\/www.facebook.com\\\/sanjuandeportesok\",\"https:\\\/\\\/x.com\\\/SanJuanDeportes\",\"https:\\\/\\\/www.instagram.com\\\/sanjuandeportes\"]},{\"@type\":\"Person\",\"@id\":\"http:\\\/\\\/www.sanjuandeportes.com\\\/wp\\\/#\\\/schema\\\/person\\\/d8e3463931719391897f9c7a6d1bb7b3\",\"name\":\"admin\",\"image\":{\"@type\":\"ImageObject\",\"inLanguage\":\"es\",\"@id\":\"https:\\\/\\\/secure.gravatar.com\\\/avatar\\\/c4deacdacf798758c71e8e4f4ca4bcf755ae082e386babce41b35a278703bed5?s=96&d=mm&r=g\",\"url\":\"https:\\\/\\\/secure.gravatar.com\\\/avatar\\\/c4deacdacf798758c71e8e4f4ca4bcf755ae082e386babce41b35a278703bed5?s=96&d=mm&r=g\",\"contentUrl\":\"https:\\\/\\\/secure.gravatar.com\\\/avatar\\\/c4deacdacf798758c71e8e4f4ca4bcf755ae082e386babce41b35a278703bed5?s=96&d=mm&r=g\",\"caption\":\"admin\"},\"url\":\"http:\\\/\\\/www.sanjuandeportes.com\\\/wp\\\/author\\\/admin\\\/\"}]}<\/script>\n<!-- \/ Yoast SEO plugin. -->","yoast_head_json":{"title":"\"No somos candidatos a ganar el mundial\" - San Juan Deportes","robots":{"index":"index","follow":"follow","max-snippet":"max-snippet:-1","max-image-preview":"max-image-preview:large","max-video-preview":"max-video-preview:-1"},"canonical":"http:\/\/www.sanjuandeportes.com\/wp\/2018\/02\/13\/no-somos-candidatos-a-ganar-el-mundial\/","og_locale":"es_ES","og_type":"article","og_title":"\"No somos candidatos a ganar el mundial\" - San Juan Deportes","og_description":"A meses del inicio de la Copa del Mundo, un referente y titular indiscutido de la Selecci\u00f3n Argentina lo dijo en una entrevista exclusiva con FOX Sports. Lucas Biglia fu\u00e9 el que lo dijo y parece ser una fija en la lista de 23 jugadores de Jorge Sampaoli para el Mundial de Rusia. \u00abHay ansiedad [&hellip;]","og_url":"http:\/\/www.sanjuandeportes.com\/wp\/2018\/02\/13\/no-somos-candidatos-a-ganar-el-mundial\/","og_site_name":"San Juan Deportes","article_publisher":"https:\/\/www.facebook.com\/sanjuandeportesok","article_published_time":"2018-02-13T23:58:32+00:00","og_image":[{"width":640,"height":360,"url":"http:\/\/www.sanjuandeportes.com\/wp\/wp-content\/uploads\/2018\/02\/Equipo.jpg","type":"image\/jpeg"}],"author":"admin","twitter_card":"summary_large_image","twitter_creator":"@SanJuanDeportes","twitter_site":"@SanJuanDeportes","twitter_misc":{"Escrito por":"admin","Tiempo de lectura":"1 minuto"},"schema":{"@context":"https:\/\/schema.org","@graph":[{"@type":"Article","@id":"http:\/\/www.sanjuandeportes.com\/wp\/2018\/02\/13\/no-somos-candidatos-a-ganar-el-mundial\/#article","isPartOf":{"@id":"http:\/\/www.sanjuandeportes.com\/wp\/2018\/02\/13\/no-somos-candidatos-a-ganar-el-mundial\/"},"author":{"name":"admin","@id":"http:\/\/www.sanjuandeportes.com\/wp\/#\/schema\/person\/d8e3463931719391897f9c7a6d1bb7b3"},"headline":"\u00abNo somos candidatos a ganar el mundial\u00bb","datePublished":"2018-02-13T23:58:32+00:00","mainEntityOfPage":{"@id":"http:\/\/www.sanjuandeportes.com\/wp\/2018\/02\/13\/no-somos-candidatos-a-ganar-el-mundial\/"},"wordCount":251,"commentCount":0,"publisher":{"@id":"http:\/\/www.sanjuandeportes.com\/wp\/#organization"},"image":{"@id":"http:\/\/www.sanjuandeportes.com\/wp\/2018\/02\/13\/no-somos-candidatos-a-ganar-el-mundial\/#primaryimage"},"thumbnailUrl":"http:\/\/www.sanjuandeportes.com\/wp\/wp-content\/uploads\/2018\/02\/Equipo.jpg","articleSection":["Featured","Selecci\u00f3n Argentina"],"inLanguage":"es","potentialAction":[{"@type":"CommentAction","name":"Comment","target":["http:\/\/www.sanjuandeportes.com\/wp\/2018\/02\/13\/no-somos-candidatos-a-ganar-el-mundial\/#respond"]}]},{"@type":"WebPage","@id":"http:\/\/www.sanjuandeportes.com\/wp\/2018\/02\/13\/no-somos-candidatos-a-ganar-el-mundial\/","url":"http:\/\/www.sanjuandeportes.com\/wp\/2018\/02\/13\/no-somos-candidatos-a-ganar-el-mundial\/","name":"\"No somos candidatos a ganar el mundial\" - San Juan Deportes","isPartOf":{"@id":"http:\/\/www.sanjuandeportes.com\/wp\/#website"},"primaryImageOfPage":{"@id":"http:\/\/www.sanjuandeportes.com\/wp\/2018\/02\/13\/no-somos-candidatos-a-ganar-el-mundial\/#primaryimage"},"image":{"@id":"http:\/\/www.sanjuandeportes.com\/wp\/2018\/02\/13\/no-somos-candidatos-a-ganar-el-mundial\/#primaryimage"},"thumbnailUrl":"http:\/\/www.sanjuandeportes.com\/wp\/wp-content\/uploads\/2018\/02\/Equipo.jpg","datePublished":"2018-02-13T23:58:32+00:00","breadcrumb":{"@id":"http:\/\/www.sanjuandeportes.com\/wp\/2018\/02\/13\/no-somos-candidatos-a-ganar-el-mundial\/#breadcrumb"},"inLanguage":"es","potentialAction":[{"@type":"ReadAction","target":["http:\/\/www.sanjuandeportes.com\/wp\/2018\/02\/13\/no-somos-candidatos-a-ganar-el-mundial\/"]}]},{"@type":"ImageObject","inLanguage":"es","@id":"http:\/\/www.sanjuandeportes.com\/wp\/2018\/02\/13\/no-somos-candidatos-a-ganar-el-mundial\/#primaryimage","url":"http:\/\/www.sanjuandeportes.com\/wp\/wp-content\/uploads\/2018\/02\/Equipo.jpg","contentUrl":"http:\/\/www.sanjuandeportes.com\/wp\/wp-content\/uploads\/2018\/02\/Equipo.jpg","width":640,"height":360},{"@type":"BreadcrumbList","@id":"http:\/\/www.sanjuandeportes.com\/wp\/2018\/02\/13\/no-somos-candidatos-a-ganar-el-mundial\/#breadcrumb","itemListElement":[{"@type":"ListItem","position":1,"name":"Portada","item":"http:\/\/www.sanjuandeportes.com\/wp\/"},{"@type":"ListItem","position":2,"name":"\u00abNo somos candidatos a ganar el mundial\u00bb"}]},{"@type":"WebSite","@id":"http:\/\/www.sanjuandeportes.com\/wp\/#website","url":"http:\/\/www.sanjuandeportes.com\/wp\/","name":"San Juan Deportes","description":"El sitio de deportes de la provincia de San Juan","publisher":{"@id":"http:\/\/www.sanjuandeportes.com\/wp\/#organization"},"potentialAction":[{"@type":"SearchAction","target":{"@type":"EntryPoint","urlTemplate":"http:\/\/www.sanjuandeportes.com\/wp\/?s={search_term_string}"},"query-input":{"@type":"PropertyValueSpecification","valueRequired":true,"valueName":"search_term_string"}}],"inLanguage":"es"},{"@type":"Organization","@id":"http:\/\/www.sanjuandeportes.com\/wp\/#organization","name":"San Juan Deportes","url":"http:\/\/www.sanjuandeportes.com\/wp\/","logo":{"@type":"ImageObject","inLanguage":"es","@id":"http:\/\/www.sanjuandeportes.com\/wp\/#\/schema\/logo\/image\/","url":"https:\/\/www.sanjuandeportes.com\/wp\/wp-content\/uploads\/unnamed.jpg","contentUrl":"https:\/\/www.sanjuandeportes.com\/wp\/wp-content\/uploads\/unnamed.jpg","width":900,"height":900,"caption":"San Juan Deportes"},"image":{"@id":"http:\/\/www.sanjuandeportes.com\/wp\/#\/schema\/logo\/image\/"},"sameAs":["https:\/\/www.facebook.com\/sanjuandeportesok","https:\/\/x.com\/SanJuanDeportes","https:\/\/www.instagram.com\/sanjuandeportes"]},{"@type":"Person","@id":"http:\/\/www.sanjuandeportes.com\/wp\/#\/schema\/person\/d8e3463931719391897f9c7a6d1bb7b3","name":"admin","image":{"@type":"ImageObject","inLanguage":"es","@id":"https:\/\/secure.gravatar.com\/avatar\/c4deacdacf798758c71e8e4f4ca4bcf755ae082e386babce41b35a278703bed5?s=96&d=mm&r=g","url":"https:\/\/secure.gravatar.com\/avatar\/c4deacdacf798758c71e8e4f4ca4bcf755ae082e386babce41b35a278703bed5?s=96&d=mm&r=g","contentUrl":"https:\/\/secure.gravatar.com\/avatar\/c4deacdacf798758c71e8e4f4ca4bcf755ae082e386babce41b35a278703bed5?s=96&d=mm&r=g","caption":"admin"},"url":"http:\/\/www.sanjuandeportes.com\/wp\/author\/admin\/"}]}},"_links":{"self":[{"href":"http:\/\/www.sanjuandeportes.com\/wp\/wp-json\/wp\/v2\/posts\/1427","targetHints":{"allow":["GET"]}}],"collection":[{"href":"http:\/\/www.sanjuandeportes.com\/wp\/wp-json\/wp\/v2\/posts"}],"about":[{"href":"http:\/\/www.sanjuandeportes.com\/wp\/wp-json\/wp\/v2\/types\/post"}],"author":[{"embeddable":true,"href":"http:\/\/www.sanjuandeportes.com\/wp\/wp-json\/wp\/v2\/users\/1"}],"replies":[{"embeddable":true,"href":"http:\/\/www.sanjuandeportes.com\/wp\/wp-json\/wp\/v2\/comments?post=1427"}],"version-history":[{"count":1,"href":"http:\/\/www.sanjuandeportes.com\/wp\/wp-json\/wp\/v2\/posts\/1427\/revisions"}],"predecessor-version":[{"id":1430,"href":"http:\/\/www.sanjuandeportes.com\/wp\/wp-json\/wp\/v2\/posts\/1427\/revisions\/1430"}],"wp:featuredmedia":[{"embeddable":true,"href":"http:\/\/www.sanjuandeportes.com\/wp\/wp-json\/wp\/v2\/media\/1429"}],"wp:attachment":[{"href":"http:\/\/www.sanjuandeportes.com\/wp\/wp-json\/wp\/v2\/media?parent=1427"}],"wp:term":[{"taxonomy":"category","embeddable":true,"href":"http:\/\/www.sanjuandeportes.com\/wp\/wp-json\/wp\/v2\/categories?post=1427"},{"taxonomy":"post_tag","embeddable":true,"href":"http:\/\/www.sanjuandeportes.com\/wp\/wp-json\/wp\/v2\/tags?post=1427"}],"curies":[{"name":"wp","href":"https:\/\/api.w.org\/{rel}","templated":true}]}}