{"id":14289,"date":"2021-10-21T16:23:25","date_gmt":"2021-10-21T16:23:25","guid":{"rendered":"http:\/\/www.sanjuandeportes.com\/wp\/?p=14289"},"modified":"2021-10-25T01:45:39","modified_gmt":"2021-10-25T01:45:39","slug":"torres-moviles-policiales-reforzaran-la-seguridad-en-el-partido-argentina-brasil","status":"publish","type":"post","link":"http:\/\/www.sanjuandeportes.com\/wp\/2021\/10\/21\/torres-moviles-policiales-reforzaran-la-seguridad-en-el-partido-argentina-brasil\/","title":{"rendered":"Torres m\u00f3viles policiales: reforzar\u00e1n la seguridad en el partido Argentina &#8211; Brasil"},"content":{"rendered":"\n<p class=\"wp-block-paragraph\"><strong><em>Carlos Munisaga, Secretario de Seguridad, adelant\u00f3 que ser\u00e1n empleadas para evitar incidentes y control con precisi\u00f3n ya que proporciona una perspectiva estrat\u00e9gica, ya que se elevan a 7 metros de altura.<\/em><\/strong><\/p>\n\n\n\n<p class=\"wp-block-paragraph\">Las torres m\u00f3viles de control urbano adquiridas recientemente por la Polic\u00eda tendr\u00e1n su debut en el partido que se disputar\u00e1 en el Estadio del Bicentenario el pr\u00f3ximo martes 16 noviembre entre los seleccionados de Argentina- Brasil.<\/p>\n\n\n\n<p class=\"wp-block-paragraph\">Carlos Munisaga, Secretario de Seguridad, explic\u00f3 que las unidades son estrat\u00e9gicas para control donde hay gran concentraci\u00f3n de personas. Las torres cuentan con sistema de blindaje antidisturbios y v\u00eddeo vigilancia de alta definici\u00f3n, visi\u00f3n nocturna y alcance de 360 grados, con un \u00e1rea de m\u00e1s de 600 metros de distancia. Son r\u00e1pidamente desplegables y proporciona una perspectiva estrat\u00e9gica, ya que se elevan a 7 metros de altura.<\/p>\n\n\n\n<figure class=\"wp-block-image size-large\"><img decoding=\"async\" width=\"1024\" height=\"575\" data-src=\"http:\/\/www.sanjuandeportes.com\/wp\/wp-content\/uploads\/2021\/10\/policia-1-1024x575.jpg\" alt=\"\" class=\"wp-image-14291 lazyload\" data-srcset=\"http:\/\/www.sanjuandeportes.com\/wp\/wp-content\/uploads\/2021\/10\/policia-1-1024x575.jpg 1024w, http:\/\/www.sanjuandeportes.com\/wp\/wp-content\/uploads\/2021\/10\/policia-1-300x169.jpg 300w, http:\/\/www.sanjuandeportes.com\/wp\/wp-content\/uploads\/2021\/10\/policia-1-768x431.jpg 768w, http:\/\/www.sanjuandeportes.com\/wp\/wp-content\/uploads\/2021\/10\/policia-1-696x391.jpg 696w, http:\/\/www.sanjuandeportes.com\/wp\/wp-content\/uploads\/2021\/10\/policia-1-1068x600.jpg 1068w, http:\/\/www.sanjuandeportes.com\/wp\/wp-content\/uploads\/2021\/10\/policia-1-748x420.jpg 748w, http:\/\/www.sanjuandeportes.com\/wp\/wp-content\/uploads\/2021\/10\/policia-1.jpg 1200w\" data-sizes=\"(max-width: 1024px) 100vw, 1024px\" src=\"data:image\/svg+xml;base64,PHN2ZyB3aWR0aD0iMSIgaGVpZ2h0PSIxIiB4bWxucz0iaHR0cDovL3d3dy53My5vcmcvMjAwMC9zdmciPjwvc3ZnPg==\" style=\"--smush-placeholder-width: 1024px; --smush-placeholder-aspect-ratio: 1024\/575;\" \/><\/figure>\n\n\n\n<p class=\"wp-block-paragraph\">Al ser de f\u00e1cil traslado pueden ubicarse estrat\u00e9gicamente en distintos lugares como eventos, rutas, autopistas o lugares de m\u00e1xima seguridad.<\/p>\n\n\n\n<p class=\"wp-block-paragraph\">Con informaci\u00f3n del Diario La Ventana<\/p>\n","protected":false},"excerpt":{"rendered":"<p>Carlos Munisaga, Secretario de Seguridad, adelant\u00f3 que ser\u00e1n empleadas para evitar incidentes y control con precisi\u00f3n ya que proporciona una perspectiva estrat\u00e9gica, ya que se elevan a 7 metros de altura. Las torres m\u00f3viles de control urbano adquiridas recientemente por la Polic\u00eda tendr\u00e1n su debut en el partido que se disputar\u00e1 en el Estadio del [&hellip;]<\/p>\n","protected":false},"author":5,"featured_media":14290,"comment_status":"open","ping_status":"open","sticky":false,"template":"","format":"standard","meta":{"footnotes":""},"categories":[180,178],"tags":[],"class_list":["post-14289","post","type-post","status-publish","format-standard","has-post-thumbnail","hentry","category-fuera-de-juego","category-san-juan"],"yoast_head":"<!-- This site is optimized with the Yoast SEO plugin v28.2 - https:\/\/yoast.com\/product\/yoast-seo-wordpress\/ -->\n<title>Torres m\u00f3viles policiales: reforzar\u00e1n la seguridad en el partido Argentina - Brasil - San Juan Deportes<\/title>\n<meta name=\"robots\" content=\"index, follow, max-snippet:-1, max-image-preview:large, max-video-preview:-1\" \/>\n<link rel=\"canonical\" href=\"http:\/\/www.sanjuandeportes.com\/wp\/2021\/10\/21\/torres-moviles-policiales-reforzaran-la-seguridad-en-el-partido-argentina-brasil\/\" \/>\n<meta property=\"og:locale\" content=\"es_ES\" \/>\n<meta property=\"og:type\" content=\"article\" \/>\n<meta property=\"og:title\" content=\"Torres m\u00f3viles policiales: reforzar\u00e1n la seguridad en el partido Argentina - Brasil - San Juan Deportes\" \/>\n<meta property=\"og:description\" content=\"Carlos Munisaga, Secretario de Seguridad, adelant\u00f3 que ser\u00e1n empleadas para evitar incidentes y control con precisi\u00f3n ya que proporciona una perspectiva estrat\u00e9gica, ya que se elevan a 7 metros de altura. Las torres m\u00f3viles de control urbano adquiridas recientemente por la Polic\u00eda tendr\u00e1n su debut en el partido que se disputar\u00e1 en el Estadio del [&hellip;]\" \/>\n<meta property=\"og:url\" content=\"http:\/\/www.sanjuandeportes.com\/wp\/2021\/10\/21\/torres-moviles-policiales-reforzaran-la-seguridad-en-el-partido-argentina-brasil\/\" \/>\n<meta property=\"og:site_name\" content=\"San Juan Deportes\" \/>\n<meta property=\"article:publisher\" content=\"https:\/\/www.facebook.com\/sanjuandeportesok\" \/>\n<meta property=\"article:published_time\" content=\"2021-10-21T16:23:25+00:00\" \/>\n<meta property=\"article:modified_time\" content=\"2021-10-25T01:45:39+00:00\" \/>\n<meta property=\"og:image\" content=\"http:\/\/www.sanjuandeportes.com\/wp\/wp-content\/uploads\/2021\/10\/00352638.jpg\" \/>\n\t<meta property=\"og:image:width\" content=\"792\" \/>\n\t<meta property=\"og:image:height\" content=\"455\" \/>\n\t<meta property=\"og:image:type\" content=\"image\/jpeg\" \/>\n<meta name=\"author\" content=\"Pablo Pujado\" \/>\n<meta name=\"twitter:card\" content=\"summary_large_image\" \/>\n<meta name=\"twitter:creator\" content=\"@SanJuanDeportes\" \/>\n<meta name=\"twitter:site\" content=\"@SanJuanDeportes\" \/>\n<meta name=\"twitter:label1\" content=\"Escrito por\" \/>\n\t<meta name=\"twitter:data1\" content=\"Pablo Pujado\" \/>\n\t<meta name=\"twitter:label2\" content=\"Tiempo de lectura\" \/>\n\t<meta name=\"twitter:data2\" content=\"1 minuto\" \/>\n<script type=\"application\/ld+json\" class=\"yoast-schema-graph\">{\"@context\":\"https:\\\/\\\/schema.org\",\"@graph\":[{\"@type\":\"Article\",\"@id\":\"http:\\\/\\\/www.sanjuandeportes.com\\\/wp\\\/2021\\\/10\\\/21\\\/torres-moviles-policiales-reforzaran-la-seguridad-en-el-partido-argentina-brasil\\\/#article\",\"isPartOf\":{\"@id\":\"http:\\\/\\\/www.sanjuandeportes.com\\\/wp\\\/2021\\\/10\\\/21\\\/torres-moviles-policiales-reforzaran-la-seguridad-en-el-partido-argentina-brasil\\\/\"},\"author\":{\"name\":\"Pablo Pujado\",\"@id\":\"http:\\\/\\\/www.sanjuandeportes.com\\\/wp\\\/#\\\/schema\\\/person\\\/eda4d8e62a5d42b111781e3cdfcb9c3a\"},\"headline\":\"Torres m\u00f3viles policiales: reforzar\u00e1n la seguridad en el partido Argentina &#8211; Brasil\",\"datePublished\":\"2021-10-21T16:23:25+00:00\",\"dateModified\":\"2021-10-25T01:45:39+00:00\",\"mainEntityOfPage\":{\"@id\":\"http:\\\/\\\/www.sanjuandeportes.com\\\/wp\\\/2021\\\/10\\\/21\\\/torres-moviles-policiales-reforzaran-la-seguridad-en-el-partido-argentina-brasil\\\/\"},\"wordCount\":188,\"commentCount\":0,\"publisher\":{\"@id\":\"http:\\\/\\\/www.sanjuandeportes.com\\\/wp\\\/#organization\"},\"image\":{\"@id\":\"http:\\\/\\\/www.sanjuandeportes.com\\\/wp\\\/2021\\\/10\\\/21\\\/torres-moviles-policiales-reforzaran-la-seguridad-en-el-partido-argentina-brasil\\\/#primaryimage\"},\"thumbnailUrl\":\"http:\\\/\\\/www.sanjuandeportes.com\\\/wp\\\/wp-content\\\/uploads\\\/2021\\\/10\\\/00352638.jpg\",\"articleSection\":[\"Fuera de Juego\",\"San Juan\"],\"inLanguage\":\"es\",\"potentialAction\":[{\"@type\":\"CommentAction\",\"name\":\"Comment\",\"target\":[\"http:\\\/\\\/www.sanjuandeportes.com\\\/wp\\\/2021\\\/10\\\/21\\\/torres-moviles-policiales-reforzaran-la-seguridad-en-el-partido-argentina-brasil\\\/#respond\"]}]},{\"@type\":\"WebPage\",\"@id\":\"http:\\\/\\\/www.sanjuandeportes.com\\\/wp\\\/2021\\\/10\\\/21\\\/torres-moviles-policiales-reforzaran-la-seguridad-en-el-partido-argentina-brasil\\\/\",\"url\":\"http:\\\/\\\/www.sanjuandeportes.com\\\/wp\\\/2021\\\/10\\\/21\\\/torres-moviles-policiales-reforzaran-la-seguridad-en-el-partido-argentina-brasil\\\/\",\"name\":\"Torres m\u00f3viles policiales: reforzar\u00e1n la seguridad en el partido Argentina - Brasil - San Juan Deportes\",\"isPartOf\":{\"@id\":\"http:\\\/\\\/www.sanjuandeportes.com\\\/wp\\\/#website\"},\"primaryImageOfPage\":{\"@id\":\"http:\\\/\\\/www.sanjuandeportes.com\\\/wp\\\/2021\\\/10\\\/21\\\/torres-moviles-policiales-reforzaran-la-seguridad-en-el-partido-argentina-brasil\\\/#primaryimage\"},\"image\":{\"@id\":\"http:\\\/\\\/www.sanjuandeportes.com\\\/wp\\\/2021\\\/10\\\/21\\\/torres-moviles-policiales-reforzaran-la-seguridad-en-el-partido-argentina-brasil\\\/#primaryimage\"},\"thumbnailUrl\":\"http:\\\/\\\/www.sanjuandeportes.com\\\/wp\\\/wp-content\\\/uploads\\\/2021\\\/10\\\/00352638.jpg\",\"datePublished\":\"2021-10-21T16:23:25+00:00\",\"dateModified\":\"2021-10-25T01:45:39+00:00\",\"breadcrumb\":{\"@id\":\"http:\\\/\\\/www.sanjuandeportes.com\\\/wp\\\/2021\\\/10\\\/21\\\/torres-moviles-policiales-reforzaran-la-seguridad-en-el-partido-argentina-brasil\\\/#breadcrumb\"},\"inLanguage\":\"es\",\"potentialAction\":[{\"@type\":\"ReadAction\",\"target\":[\"http:\\\/\\\/www.sanjuandeportes.com\\\/wp\\\/2021\\\/10\\\/21\\\/torres-moviles-policiales-reforzaran-la-seguridad-en-el-partido-argentina-brasil\\\/\"]}]},{\"@type\":\"ImageObject\",\"inLanguage\":\"es\",\"@id\":\"http:\\\/\\\/www.sanjuandeportes.com\\\/wp\\\/2021\\\/10\\\/21\\\/torres-moviles-policiales-reforzaran-la-seguridad-en-el-partido-argentina-brasil\\\/#primaryimage\",\"url\":\"http:\\\/\\\/www.sanjuandeportes.com\\\/wp\\\/wp-content\\\/uploads\\\/2021\\\/10\\\/00352638.jpg\",\"contentUrl\":\"http:\\\/\\\/www.sanjuandeportes.com\\\/wp\\\/wp-content\\\/uploads\\\/2021\\\/10\\\/00352638.jpg\",\"width\":792,\"height\":455},{\"@type\":\"BreadcrumbList\",\"@id\":\"http:\\\/\\\/www.sanjuandeportes.com\\\/wp\\\/2021\\\/10\\\/21\\\/torres-moviles-policiales-reforzaran-la-seguridad-en-el-partido-argentina-brasil\\\/#breadcrumb\",\"itemListElement\":[{\"@type\":\"ListItem\",\"position\":1,\"name\":\"Portada\",\"item\":\"http:\\\/\\\/www.sanjuandeportes.com\\\/wp\\\/\"},{\"@type\":\"ListItem\",\"position\":2,\"name\":\"Torres m\u00f3viles policiales: reforzar\u00e1n la seguridad en el partido Argentina &#8211; Brasil\"}]},{\"@type\":\"WebSite\",\"@id\":\"http:\\\/\\\/www.sanjuandeportes.com\\\/wp\\\/#website\",\"url\":\"http:\\\/\\\/www.sanjuandeportes.com\\\/wp\\\/\",\"name\":\"San Juan Deportes\",\"description\":\"El sitio de deportes de la provincia de San Juan\",\"publisher\":{\"@id\":\"http:\\\/\\\/www.sanjuandeportes.com\\\/wp\\\/#organization\"},\"potentialAction\":[{\"@type\":\"SearchAction\",\"target\":{\"@type\":\"EntryPoint\",\"urlTemplate\":\"http:\\\/\\\/www.sanjuandeportes.com\\\/wp\\\/?s={search_term_string}\"},\"query-input\":{\"@type\":\"PropertyValueSpecification\",\"valueRequired\":true,\"valueName\":\"search_term_string\"}}],\"inLanguage\":\"es\"},{\"@type\":\"Organization\",\"@id\":\"http:\\\/\\\/www.sanjuandeportes.com\\\/wp\\\/#organization\",\"name\":\"San Juan Deportes\",\"url\":\"http:\\\/\\\/www.sanjuandeportes.com\\\/wp\\\/\",\"logo\":{\"@type\":\"ImageObject\",\"inLanguage\":\"es\",\"@id\":\"http:\\\/\\\/www.sanjuandeportes.com\\\/wp\\\/#\\\/schema\\\/logo\\\/image\\\/\",\"url\":\"https:\\\/\\\/www.sanjuandeportes.com\\\/wp\\\/wp-content\\\/uploads\\\/unnamed.jpg\",\"contentUrl\":\"https:\\\/\\\/www.sanjuandeportes.com\\\/wp\\\/wp-content\\\/uploads\\\/unnamed.jpg\",\"width\":900,\"height\":900,\"caption\":\"San Juan Deportes\"},\"image\":{\"@id\":\"http:\\\/\\\/www.sanjuandeportes.com\\\/wp\\\/#\\\/schema\\\/logo\\\/image\\\/\"},\"sameAs\":[\"https:\\\/\\\/www.facebook.com\\\/sanjuandeportesok\",\"https:\\\/\\\/x.com\\\/SanJuanDeportes\",\"https:\\\/\\\/www.instagram.com\\\/sanjuandeportes\"]},{\"@type\":\"Person\",\"@id\":\"http:\\\/\\\/www.sanjuandeportes.com\\\/wp\\\/#\\\/schema\\\/person\\\/eda4d8e62a5d42b111781e3cdfcb9c3a\",\"name\":\"Pablo Pujado\",\"image\":{\"@type\":\"ImageObject\",\"inLanguage\":\"es\",\"@id\":\"https:\\\/\\\/secure.gravatar.com\\\/avatar\\\/310b69d28112912c333408a462a9837208de951b1e7c11514781740412f648b1?s=96&d=mm&r=g\",\"url\":\"https:\\\/\\\/secure.gravatar.com\\\/avatar\\\/310b69d28112912c333408a462a9837208de951b1e7c11514781740412f648b1?s=96&d=mm&r=g\",\"contentUrl\":\"https:\\\/\\\/secure.gravatar.com\\\/avatar\\\/310b69d28112912c333408a462a9837208de951b1e7c11514781740412f648b1?s=96&d=mm&r=g\",\"caption\":\"Pablo Pujado\"},\"url\":\"http:\\\/\\\/www.sanjuandeportes.com\\\/wp\\\/author\\\/pablo-pujado\\\/\"}]}<\/script>\n<!-- \/ Yoast SEO plugin. -->","yoast_head_json":{"title":"Torres m\u00f3viles policiales: reforzar\u00e1n la seguridad en el partido Argentina - Brasil - San Juan Deportes","robots":{"index":"index","follow":"follow","max-snippet":"max-snippet:-1","max-image-preview":"max-image-preview:large","max-video-preview":"max-video-preview:-1"},"canonical":"http:\/\/www.sanjuandeportes.com\/wp\/2021\/10\/21\/torres-moviles-policiales-reforzaran-la-seguridad-en-el-partido-argentina-brasil\/","og_locale":"es_ES","og_type":"article","og_title":"Torres m\u00f3viles policiales: reforzar\u00e1n la seguridad en el partido Argentina - Brasil - San Juan Deportes","og_description":"Carlos Munisaga, Secretario de Seguridad, adelant\u00f3 que ser\u00e1n empleadas para evitar incidentes y control con precisi\u00f3n ya que proporciona una perspectiva estrat\u00e9gica, ya que se elevan a 7 metros de altura. Las torres m\u00f3viles de control urbano adquiridas recientemente por la Polic\u00eda tendr\u00e1n su debut en el partido que se disputar\u00e1 en el Estadio del [&hellip;]","og_url":"http:\/\/www.sanjuandeportes.com\/wp\/2021\/10\/21\/torres-moviles-policiales-reforzaran-la-seguridad-en-el-partido-argentina-brasil\/","og_site_name":"San Juan Deportes","article_publisher":"https:\/\/www.facebook.com\/sanjuandeportesok","article_published_time":"2021-10-21T16:23:25+00:00","article_modified_time":"2021-10-25T01:45:39+00:00","og_image":[{"width":792,"height":455,"url":"http:\/\/www.sanjuandeportes.com\/wp\/wp-content\/uploads\/2021\/10\/00352638.jpg","type":"image\/jpeg"}],"author":"Pablo Pujado","twitter_card":"summary_large_image","twitter_creator":"@SanJuanDeportes","twitter_site":"@SanJuanDeportes","twitter_misc":{"Escrito por":"Pablo Pujado","Tiempo de lectura":"1 minuto"},"schema":{"@context":"https:\/\/schema.org","@graph":[{"@type":"Article","@id":"http:\/\/www.sanjuandeportes.com\/wp\/2021\/10\/21\/torres-moviles-policiales-reforzaran-la-seguridad-en-el-partido-argentina-brasil\/#article","isPartOf":{"@id":"http:\/\/www.sanjuandeportes.com\/wp\/2021\/10\/21\/torres-moviles-policiales-reforzaran-la-seguridad-en-el-partido-argentina-brasil\/"},"author":{"name":"Pablo Pujado","@id":"http:\/\/www.sanjuandeportes.com\/wp\/#\/schema\/person\/eda4d8e62a5d42b111781e3cdfcb9c3a"},"headline":"Torres m\u00f3viles policiales: reforzar\u00e1n la seguridad en el partido Argentina &#8211; Brasil","datePublished":"2021-10-21T16:23:25+00:00","dateModified":"2021-10-25T01:45:39+00:00","mainEntityOfPage":{"@id":"http:\/\/www.sanjuandeportes.com\/wp\/2021\/10\/21\/torres-moviles-policiales-reforzaran-la-seguridad-en-el-partido-argentina-brasil\/"},"wordCount":188,"commentCount":0,"publisher":{"@id":"http:\/\/www.sanjuandeportes.com\/wp\/#organization"},"image":{"@id":"http:\/\/www.sanjuandeportes.com\/wp\/2021\/10\/21\/torres-moviles-policiales-reforzaran-la-seguridad-en-el-partido-argentina-brasil\/#primaryimage"},"thumbnailUrl":"http:\/\/www.sanjuandeportes.com\/wp\/wp-content\/uploads\/2021\/10\/00352638.jpg","articleSection":["Fuera de Juego","San Juan"],"inLanguage":"es","potentialAction":[{"@type":"CommentAction","name":"Comment","target":["http:\/\/www.sanjuandeportes.com\/wp\/2021\/10\/21\/torres-moviles-policiales-reforzaran-la-seguridad-en-el-partido-argentina-brasil\/#respond"]}]},{"@type":"WebPage","@id":"http:\/\/www.sanjuandeportes.com\/wp\/2021\/10\/21\/torres-moviles-policiales-reforzaran-la-seguridad-en-el-partido-argentina-brasil\/","url":"http:\/\/www.sanjuandeportes.com\/wp\/2021\/10\/21\/torres-moviles-policiales-reforzaran-la-seguridad-en-el-partido-argentina-brasil\/","name":"Torres m\u00f3viles policiales: reforzar\u00e1n la seguridad en el partido Argentina - Brasil - San Juan Deportes","isPartOf":{"@id":"http:\/\/www.sanjuandeportes.com\/wp\/#website"},"primaryImageOfPage":{"@id":"http:\/\/www.sanjuandeportes.com\/wp\/2021\/10\/21\/torres-moviles-policiales-reforzaran-la-seguridad-en-el-partido-argentina-brasil\/#primaryimage"},"image":{"@id":"http:\/\/www.sanjuandeportes.com\/wp\/2021\/10\/21\/torres-moviles-policiales-reforzaran-la-seguridad-en-el-partido-argentina-brasil\/#primaryimage"},"thumbnailUrl":"http:\/\/www.sanjuandeportes.com\/wp\/wp-content\/uploads\/2021\/10\/00352638.jpg","datePublished":"2021-10-21T16:23:25+00:00","dateModified":"2021-10-25T01:45:39+00:00","breadcrumb":{"@id":"http:\/\/www.sanjuandeportes.com\/wp\/2021\/10\/21\/torres-moviles-policiales-reforzaran-la-seguridad-en-el-partido-argentina-brasil\/#breadcrumb"},"inLanguage":"es","potentialAction":[{"@type":"ReadAction","target":["http:\/\/www.sanjuandeportes.com\/wp\/2021\/10\/21\/torres-moviles-policiales-reforzaran-la-seguridad-en-el-partido-argentina-brasil\/"]}]},{"@type":"ImageObject","inLanguage":"es","@id":"http:\/\/www.sanjuandeportes.com\/wp\/2021\/10\/21\/torres-moviles-policiales-reforzaran-la-seguridad-en-el-partido-argentina-brasil\/#primaryimage","url":"http:\/\/www.sanjuandeportes.com\/wp\/wp-content\/uploads\/2021\/10\/00352638.jpg","contentUrl":"http:\/\/www.sanjuandeportes.com\/wp\/wp-content\/uploads\/2021\/10\/00352638.jpg","width":792,"height":455},{"@type":"BreadcrumbList","@id":"http:\/\/www.sanjuandeportes.com\/wp\/2021\/10\/21\/torres-moviles-policiales-reforzaran-la-seguridad-en-el-partido-argentina-brasil\/#breadcrumb","itemListElement":[{"@type":"ListItem","position":1,"name":"Portada","item":"http:\/\/www.sanjuandeportes.com\/wp\/"},{"@type":"ListItem","position":2,"name":"Torres m\u00f3viles policiales: reforzar\u00e1n la seguridad en el partido Argentina &#8211; Brasil"}]},{"@type":"WebSite","@id":"http:\/\/www.sanjuandeportes.com\/wp\/#website","url":"http:\/\/www.sanjuandeportes.com\/wp\/","name":"San Juan Deportes","description":"El sitio de deportes de la provincia de San Juan","publisher":{"@id":"http:\/\/www.sanjuandeportes.com\/wp\/#organization"},"potentialAction":[{"@type":"SearchAction","target":{"@type":"EntryPoint","urlTemplate":"http:\/\/www.sanjuandeportes.com\/wp\/?s={search_term_string}"},"query-input":{"@type":"PropertyValueSpecification","valueRequired":true,"valueName":"search_term_string"}}],"inLanguage":"es"},{"@type":"Organization","@id":"http:\/\/www.sanjuandeportes.com\/wp\/#organization","name":"San Juan Deportes","url":"http:\/\/www.sanjuandeportes.com\/wp\/","logo":{"@type":"ImageObject","inLanguage":"es","@id":"http:\/\/www.sanjuandeportes.com\/wp\/#\/schema\/logo\/image\/","url":"https:\/\/www.sanjuandeportes.com\/wp\/wp-content\/uploads\/unnamed.jpg","contentUrl":"https:\/\/www.sanjuandeportes.com\/wp\/wp-content\/uploads\/unnamed.jpg","width":900,"height":900,"caption":"San Juan Deportes"},"image":{"@id":"http:\/\/www.sanjuandeportes.com\/wp\/#\/schema\/logo\/image\/"},"sameAs":["https:\/\/www.facebook.com\/sanjuandeportesok","https:\/\/x.com\/SanJuanDeportes","https:\/\/www.instagram.com\/sanjuandeportes"]},{"@type":"Person","@id":"http:\/\/www.sanjuandeportes.com\/wp\/#\/schema\/person\/eda4d8e62a5d42b111781e3cdfcb9c3a","name":"Pablo Pujado","image":{"@type":"ImageObject","inLanguage":"es","@id":"https:\/\/secure.gravatar.com\/avatar\/310b69d28112912c333408a462a9837208de951b1e7c11514781740412f648b1?s=96&d=mm&r=g","url":"https:\/\/secure.gravatar.com\/avatar\/310b69d28112912c333408a462a9837208de951b1e7c11514781740412f648b1?s=96&d=mm&r=g","contentUrl":"https:\/\/secure.gravatar.com\/avatar\/310b69d28112912c333408a462a9837208de951b1e7c11514781740412f648b1?s=96&d=mm&r=g","caption":"Pablo Pujado"},"url":"http:\/\/www.sanjuandeportes.com\/wp\/author\/pablo-pujado\/"}]}},"_links":{"self":[{"href":"http:\/\/www.sanjuandeportes.com\/wp\/wp-json\/wp\/v2\/posts\/14289","targetHints":{"allow":["GET"]}}],"collection":[{"href":"http:\/\/www.sanjuandeportes.com\/wp\/wp-json\/wp\/v2\/posts"}],"about":[{"href":"http:\/\/www.sanjuandeportes.com\/wp\/wp-json\/wp\/v2\/types\/post"}],"author":[{"embeddable":true,"href":"http:\/\/www.sanjuandeportes.com\/wp\/wp-json\/wp\/v2\/users\/5"}],"replies":[{"embeddable":true,"href":"http:\/\/www.sanjuandeportes.com\/wp\/wp-json\/wp\/v2\/comments?post=14289"}],"version-history":[{"count":2,"href":"http:\/\/www.sanjuandeportes.com\/wp\/wp-json\/wp\/v2\/posts\/14289\/revisions"}],"predecessor-version":[{"id":14293,"href":"http:\/\/www.sanjuandeportes.com\/wp\/wp-json\/wp\/v2\/posts\/14289\/revisions\/14293"}],"wp:featuredmedia":[{"embeddable":true,"href":"http:\/\/www.sanjuandeportes.com\/wp\/wp-json\/wp\/v2\/media\/14290"}],"wp:attachment":[{"href":"http:\/\/www.sanjuandeportes.com\/wp\/wp-json\/wp\/v2\/media?parent=14289"}],"wp:term":[{"taxonomy":"category","embeddable":true,"href":"http:\/\/www.sanjuandeportes.com\/wp\/wp-json\/wp\/v2\/categories?post=14289"},{"taxonomy":"post_tag","embeddable":true,"href":"http:\/\/www.sanjuandeportes.com\/wp\/wp-json\/wp\/v2\/tags?post=14289"}],"curies":[{"name":"wp","href":"https:\/\/api.w.org\/{rel}","templated":true}]}}