{"id":14333,"date":"2021-10-26T16:56:34","date_gmt":"2021-10-26T16:56:34","guid":{"rendered":"http:\/\/www.sanjuandeportes.com\/wp\/?p=14333"},"modified":"2021-10-27T16:57:31","modified_gmt":"2021-10-27T16:57:31","slug":"siguen-las-malas-para-scaloni-suma-bajas-para-los-clasicos-ante-uruguay-y-brasil","status":"publish","type":"post","link":"http:\/\/www.sanjuandeportes.com\/wp\/2021\/10\/26\/siguen-las-malas-para-scaloni-suma-bajas-para-los-clasicos-ante-uruguay-y-brasil\/","title":{"rendered":"Siguen las malas para Scaloni: suma bajas para los cl\u00e1sicos ante Uruguay y Brasil"},"content":{"rendered":"\n<p class=\"wp-block-paragraph\"><strong><em>Tras confirmarse las lesiones de Leandro Paredes y Juan Foyth, este martes una de las figuras de la Selecci\u00f3n argentina dio positivo de coronavirus y est\u00e1 en duda para los cl\u00e1sicos de noviembre.<\/em><\/strong><\/p>\n\n\n\n<p class=\"wp-block-paragraph\">Un d\u00eda despu\u00e9s de confirmarse la lesi\u00f3n de Juan Foyth, quien sufri\u00f3 un desgarro jugando para el Villarreal y se sum\u00f3 a Leandro Paredes como baja en la&nbsp;<strong>Selecci\u00f3n argentina&nbsp;<\/strong>para visitar a Uruguay el 12 de noviembre y recibir a Brasil el 16,&nbsp;<strong>Lionel Scaloni&nbsp;<\/strong>recibi\u00f3 otra mala noticia de cara a esos cl\u00e1sicos.<\/p>\n\n\n\n<p class=\"wp-block-paragraph\"><strong>Nicol\u00e1s Gonz\u00e1lez<\/strong>, delantero argentino de la Fiorentina de Italia, dio positivo en coronavirus y se perder\u00e1 el partido de ma\u00f1ana ante la Lazio, por la d\u00e9cima jornada de la Serie A, seg\u00fan inform\u00f3 esta ma\u00f1ana la instituci\u00f3n Viola, a la vez que est\u00e1 en duda para los compromisos de la Albiceleste.<\/p>\n\n\n\n<p class=\"wp-block-paragraph\">\u00abACF Fiorentina anuncia que se encontr\u00f3 un caso positivo como parte de las pruebas preventivas para la detecci\u00f3n de covid-19. El titular de la tarjeta en cuesti\u00f3n es&nbsp;<strong>Nico Gonz\u00e1lez&nbsp;<\/strong>quien, asintom\u00e1tico, ya se encuentra en aislamiento\u00bb, expres\u00f3 el club de la regi\u00f3n de la Toscana en sus redes sociales.<\/p>\n\n\n\n<p class=\"wp-block-paragraph\">\u00abEl grupo de equipos de la\u00a0<strong>Fiorentina\u00a0<\/strong>entrar\u00e1 ahora en la burbuja y seguir\u00e1 todo el procedimiento previsto por los protocolos sanitarios de acuerdo con la ASL competente\u00bb, complet\u00f3 el club tras el positivo del futbolista oriundo de la localidad bonaerense de Escobar.<\/p>\n\n\n\n<p class=\"wp-block-paragraph\">El jugador campe\u00f3n de la Copa Am\u00e9rica 2021 con el seleccionado argentino ven\u00eda de anotar un tanto en la goleada por 3-0 ante Cagliari por la novena jornada de la Liga de Italia.<\/p>\n\n\n\n<p class=\"wp-block-paragraph\">Con miras a los enfrentamientos ante&nbsp;<strong>Uruguay&nbsp;<\/strong>y&nbsp;<strong>Brasil<\/strong>, por las fechas 13 y 14 de las Eliminatorias Sudamericanas, respectivamente, el DT Scaloni esperar\u00e1 hasta \u00faltimo momento la evoluci\u00f3n del atacante para determinar su inclusi\u00f3n en la lista de buena fe para ambos encuentros.<\/p>\n","protected":false},"excerpt":{"rendered":"<p>Tras confirmarse las lesiones de Leandro Paredes y Juan Foyth, este martes una de las figuras de la Selecci\u00f3n argentina dio positivo de coronavirus y est\u00e1 en duda para los cl\u00e1sicos de noviembre. Un d\u00eda despu\u00e9s de confirmarse la lesi\u00f3n de Juan Foyth, quien sufri\u00f3 un desgarro jugando para el Villarreal y se sum\u00f3 a [&hellip;]<\/p>\n","protected":false},"author":5,"featured_media":13218,"comment_status":"open","ping_status":"open","sticky":false,"template":"","format":"standard","meta":{"footnotes":""},"categories":[24,53,132],"tags":[],"class_list":["post-14333","post","type-post","status-publish","format-standard","has-post-thumbnail","hentry","category-futbol","category-seleccion-argentina-futbol","category-seleccion-argentina-seleccion-argentina-futbol"],"yoast_head":"<!-- This site is optimized with the Yoast SEO plugin v28.2 - https:\/\/yoast.com\/product\/yoast-seo-wordpress\/ -->\n<title>Siguen las malas para Scaloni: suma bajas para los cl\u00e1sicos ante Uruguay y Brasil - San Juan Deportes<\/title>\n<meta name=\"robots\" content=\"index, follow, max-snippet:-1, max-image-preview:large, max-video-preview:-1\" \/>\n<link rel=\"canonical\" href=\"http:\/\/www.sanjuandeportes.com\/wp\/2021\/10\/26\/siguen-las-malas-para-scaloni-suma-bajas-para-los-clasicos-ante-uruguay-y-brasil\/\" \/>\n<meta property=\"og:locale\" content=\"es_ES\" \/>\n<meta property=\"og:type\" content=\"article\" \/>\n<meta property=\"og:title\" content=\"Siguen las malas para Scaloni: suma bajas para los cl\u00e1sicos ante Uruguay y Brasil - San Juan Deportes\" \/>\n<meta property=\"og:description\" content=\"Tras confirmarse las lesiones de Leandro Paredes y Juan Foyth, este martes una de las figuras de la Selecci\u00f3n argentina dio positivo de coronavirus y est\u00e1 en duda para los cl\u00e1sicos de noviembre. Un d\u00eda despu\u00e9s de confirmarse la lesi\u00f3n de Juan Foyth, quien sufri\u00f3 un desgarro jugando para el Villarreal y se sum\u00f3 a [&hellip;]\" \/>\n<meta property=\"og:url\" content=\"http:\/\/www.sanjuandeportes.com\/wp\/2021\/10\/26\/siguen-las-malas-para-scaloni-suma-bajas-para-los-clasicos-ante-uruguay-y-brasil\/\" \/>\n<meta property=\"og:site_name\" content=\"San Juan Deportes\" \/>\n<meta property=\"article:publisher\" content=\"https:\/\/www.facebook.com\/sanjuandeportesok\" \/>\n<meta property=\"article:published_time\" content=\"2021-10-26T16:56:34+00:00\" \/>\n<meta property=\"article:modified_time\" content=\"2021-10-27T16:57:31+00:00\" \/>\n<meta property=\"og:image\" content=\"http:\/\/www.sanjuandeportes.com\/wp\/wp-content\/uploads\/2021\/06\/Sin-t\u00edtulo-6.jpg\" \/>\n\t<meta property=\"og:image:width\" content=\"768\" \/>\n\t<meta property=\"og:image:height\" content=\"432\" \/>\n\t<meta property=\"og:image:type\" content=\"image\/jpeg\" \/>\n<meta name=\"author\" content=\"Pablo Pujado\" \/>\n<meta name=\"twitter:card\" content=\"summary_large_image\" \/>\n<meta name=\"twitter:creator\" content=\"@SanJuanDeportes\" \/>\n<meta name=\"twitter:site\" content=\"@SanJuanDeportes\" \/>\n<meta name=\"twitter:label1\" content=\"Escrito por\" \/>\n\t<meta name=\"twitter:data1\" content=\"Pablo Pujado\" \/>\n\t<meta name=\"twitter:label2\" content=\"Tiempo de lectura\" \/>\n\t<meta name=\"twitter:data2\" content=\"2 minutos\" \/>\n<script type=\"application\/ld+json\" class=\"yoast-schema-graph\">{\"@context\":\"https:\\\/\\\/schema.org\",\"@graph\":[{\"@type\":\"Article\",\"@id\":\"http:\\\/\\\/www.sanjuandeportes.com\\\/wp\\\/2021\\\/10\\\/26\\\/siguen-las-malas-para-scaloni-suma-bajas-para-los-clasicos-ante-uruguay-y-brasil\\\/#article\",\"isPartOf\":{\"@id\":\"http:\\\/\\\/www.sanjuandeportes.com\\\/wp\\\/2021\\\/10\\\/26\\\/siguen-las-malas-para-scaloni-suma-bajas-para-los-clasicos-ante-uruguay-y-brasil\\\/\"},\"author\":{\"name\":\"Pablo Pujado\",\"@id\":\"http:\\\/\\\/www.sanjuandeportes.com\\\/wp\\\/#\\\/schema\\\/person\\\/eda4d8e62a5d42b111781e3cdfcb9c3a\"},\"headline\":\"Siguen las malas para Scaloni: suma bajas para los cl\u00e1sicos ante Uruguay y Brasil\",\"datePublished\":\"2021-10-26T16:56:34+00:00\",\"dateModified\":\"2021-10-27T16:57:31+00:00\",\"mainEntityOfPage\":{\"@id\":\"http:\\\/\\\/www.sanjuandeportes.com\\\/wp\\\/2021\\\/10\\\/26\\\/siguen-las-malas-para-scaloni-suma-bajas-para-los-clasicos-ante-uruguay-y-brasil\\\/\"},\"wordCount\":352,\"commentCount\":0,\"publisher\":{\"@id\":\"http:\\\/\\\/www.sanjuandeportes.com\\\/wp\\\/#organization\"},\"image\":{\"@id\":\"http:\\\/\\\/www.sanjuandeportes.com\\\/wp\\\/2021\\\/10\\\/26\\\/siguen-las-malas-para-scaloni-suma-bajas-para-los-clasicos-ante-uruguay-y-brasil\\\/#primaryimage\"},\"thumbnailUrl\":\"http:\\\/\\\/www.sanjuandeportes.com\\\/wp\\\/wp-content\\\/uploads\\\/2021\\\/06\\\/Sin-t\u00edtulo-6.jpg\",\"articleSection\":[\"Futbol\",\"Selecci\u00f3n Argentina\",\"Selecci\u00f3n Argentina\"],\"inLanguage\":\"es\",\"potentialAction\":[{\"@type\":\"CommentAction\",\"name\":\"Comment\",\"target\":[\"http:\\\/\\\/www.sanjuandeportes.com\\\/wp\\\/2021\\\/10\\\/26\\\/siguen-las-malas-para-scaloni-suma-bajas-para-los-clasicos-ante-uruguay-y-brasil\\\/#respond\"]}]},{\"@type\":\"WebPage\",\"@id\":\"http:\\\/\\\/www.sanjuandeportes.com\\\/wp\\\/2021\\\/10\\\/26\\\/siguen-las-malas-para-scaloni-suma-bajas-para-los-clasicos-ante-uruguay-y-brasil\\\/\",\"url\":\"http:\\\/\\\/www.sanjuandeportes.com\\\/wp\\\/2021\\\/10\\\/26\\\/siguen-las-malas-para-scaloni-suma-bajas-para-los-clasicos-ante-uruguay-y-brasil\\\/\",\"name\":\"Siguen las malas para Scaloni: suma bajas para los cl\u00e1sicos ante Uruguay y Brasil - San Juan Deportes\",\"isPartOf\":{\"@id\":\"http:\\\/\\\/www.sanjuandeportes.com\\\/wp\\\/#website\"},\"primaryImageOfPage\":{\"@id\":\"http:\\\/\\\/www.sanjuandeportes.com\\\/wp\\\/2021\\\/10\\\/26\\\/siguen-las-malas-para-scaloni-suma-bajas-para-los-clasicos-ante-uruguay-y-brasil\\\/#primaryimage\"},\"image\":{\"@id\":\"http:\\\/\\\/www.sanjuandeportes.com\\\/wp\\\/2021\\\/10\\\/26\\\/siguen-las-malas-para-scaloni-suma-bajas-para-los-clasicos-ante-uruguay-y-brasil\\\/#primaryimage\"},\"thumbnailUrl\":\"http:\\\/\\\/www.sanjuandeportes.com\\\/wp\\\/wp-content\\\/uploads\\\/2021\\\/06\\\/Sin-t\u00edtulo-6.jpg\",\"datePublished\":\"2021-10-26T16:56:34+00:00\",\"dateModified\":\"2021-10-27T16:57:31+00:00\",\"breadcrumb\":{\"@id\":\"http:\\\/\\\/www.sanjuandeportes.com\\\/wp\\\/2021\\\/10\\\/26\\\/siguen-las-malas-para-scaloni-suma-bajas-para-los-clasicos-ante-uruguay-y-brasil\\\/#breadcrumb\"},\"inLanguage\":\"es\",\"potentialAction\":[{\"@type\":\"ReadAction\",\"target\":[\"http:\\\/\\\/www.sanjuandeportes.com\\\/wp\\\/2021\\\/10\\\/26\\\/siguen-las-malas-para-scaloni-suma-bajas-para-los-clasicos-ante-uruguay-y-brasil\\\/\"]}]},{\"@type\":\"ImageObject\",\"inLanguage\":\"es\",\"@id\":\"http:\\\/\\\/www.sanjuandeportes.com\\\/wp\\\/2021\\\/10\\\/26\\\/siguen-las-malas-para-scaloni-suma-bajas-para-los-clasicos-ante-uruguay-y-brasil\\\/#primaryimage\",\"url\":\"http:\\\/\\\/www.sanjuandeportes.com\\\/wp\\\/wp-content\\\/uploads\\\/2021\\\/06\\\/Sin-t\u00edtulo-6.jpg\",\"contentUrl\":\"http:\\\/\\\/www.sanjuandeportes.com\\\/wp\\\/wp-content\\\/uploads\\\/2021\\\/06\\\/Sin-t\u00edtulo-6.jpg\",\"width\":768,\"height\":432},{\"@type\":\"BreadcrumbList\",\"@id\":\"http:\\\/\\\/www.sanjuandeportes.com\\\/wp\\\/2021\\\/10\\\/26\\\/siguen-las-malas-para-scaloni-suma-bajas-para-los-clasicos-ante-uruguay-y-brasil\\\/#breadcrumb\",\"itemListElement\":[{\"@type\":\"ListItem\",\"position\":1,\"name\":\"Portada\",\"item\":\"http:\\\/\\\/www.sanjuandeportes.com\\\/wp\\\/\"},{\"@type\":\"ListItem\",\"position\":2,\"name\":\"Siguen las malas para Scaloni: suma bajas para los cl\u00e1sicos ante Uruguay y Brasil\"}]},{\"@type\":\"WebSite\",\"@id\":\"http:\\\/\\\/www.sanjuandeportes.com\\\/wp\\\/#website\",\"url\":\"http:\\\/\\\/www.sanjuandeportes.com\\\/wp\\\/\",\"name\":\"San Juan Deportes\",\"description\":\"El sitio de deportes de la provincia de San Juan\",\"publisher\":{\"@id\":\"http:\\\/\\\/www.sanjuandeportes.com\\\/wp\\\/#organization\"},\"potentialAction\":[{\"@type\":\"SearchAction\",\"target\":{\"@type\":\"EntryPoint\",\"urlTemplate\":\"http:\\\/\\\/www.sanjuandeportes.com\\\/wp\\\/?s={search_term_string}\"},\"query-input\":{\"@type\":\"PropertyValueSpecification\",\"valueRequired\":true,\"valueName\":\"search_term_string\"}}],\"inLanguage\":\"es\"},{\"@type\":\"Organization\",\"@id\":\"http:\\\/\\\/www.sanjuandeportes.com\\\/wp\\\/#organization\",\"name\":\"San Juan Deportes\",\"url\":\"http:\\\/\\\/www.sanjuandeportes.com\\\/wp\\\/\",\"logo\":{\"@type\":\"ImageObject\",\"inLanguage\":\"es\",\"@id\":\"http:\\\/\\\/www.sanjuandeportes.com\\\/wp\\\/#\\\/schema\\\/logo\\\/image\\\/\",\"url\":\"https:\\\/\\\/www.sanjuandeportes.com\\\/wp\\\/wp-content\\\/uploads\\\/unnamed.jpg\",\"contentUrl\":\"https:\\\/\\\/www.sanjuandeportes.com\\\/wp\\\/wp-content\\\/uploads\\\/unnamed.jpg\",\"width\":900,\"height\":900,\"caption\":\"San Juan Deportes\"},\"image\":{\"@id\":\"http:\\\/\\\/www.sanjuandeportes.com\\\/wp\\\/#\\\/schema\\\/logo\\\/image\\\/\"},\"sameAs\":[\"https:\\\/\\\/www.facebook.com\\\/sanjuandeportesok\",\"https:\\\/\\\/x.com\\\/SanJuanDeportes\",\"https:\\\/\\\/www.instagram.com\\\/sanjuandeportes\"]},{\"@type\":\"Person\",\"@id\":\"http:\\\/\\\/www.sanjuandeportes.com\\\/wp\\\/#\\\/schema\\\/person\\\/eda4d8e62a5d42b111781e3cdfcb9c3a\",\"name\":\"Pablo Pujado\",\"image\":{\"@type\":\"ImageObject\",\"inLanguage\":\"es\",\"@id\":\"https:\\\/\\\/secure.gravatar.com\\\/avatar\\\/310b69d28112912c333408a462a9837208de951b1e7c11514781740412f648b1?s=96&d=mm&r=g\",\"url\":\"https:\\\/\\\/secure.gravatar.com\\\/avatar\\\/310b69d28112912c333408a462a9837208de951b1e7c11514781740412f648b1?s=96&d=mm&r=g\",\"contentUrl\":\"https:\\\/\\\/secure.gravatar.com\\\/avatar\\\/310b69d28112912c333408a462a9837208de951b1e7c11514781740412f648b1?s=96&d=mm&r=g\",\"caption\":\"Pablo Pujado\"},\"url\":\"http:\\\/\\\/www.sanjuandeportes.com\\\/wp\\\/author\\\/pablo-pujado\\\/\"}]}<\/script>\n<!-- \/ Yoast SEO plugin. -->","yoast_head_json":{"title":"Siguen las malas para Scaloni: suma bajas para los cl\u00e1sicos ante Uruguay y Brasil - San Juan Deportes","robots":{"index":"index","follow":"follow","max-snippet":"max-snippet:-1","max-image-preview":"max-image-preview:large","max-video-preview":"max-video-preview:-1"},"canonical":"http:\/\/www.sanjuandeportes.com\/wp\/2021\/10\/26\/siguen-las-malas-para-scaloni-suma-bajas-para-los-clasicos-ante-uruguay-y-brasil\/","og_locale":"es_ES","og_type":"article","og_title":"Siguen las malas para Scaloni: suma bajas para los cl\u00e1sicos ante Uruguay y Brasil - San Juan Deportes","og_description":"Tras confirmarse las lesiones de Leandro Paredes y Juan Foyth, este martes una de las figuras de la Selecci\u00f3n argentina dio positivo de coronavirus y est\u00e1 en duda para los cl\u00e1sicos de noviembre. Un d\u00eda despu\u00e9s de confirmarse la lesi\u00f3n de Juan Foyth, quien sufri\u00f3 un desgarro jugando para el Villarreal y se sum\u00f3 a [&hellip;]","og_url":"http:\/\/www.sanjuandeportes.com\/wp\/2021\/10\/26\/siguen-las-malas-para-scaloni-suma-bajas-para-los-clasicos-ante-uruguay-y-brasil\/","og_site_name":"San Juan Deportes","article_publisher":"https:\/\/www.facebook.com\/sanjuandeportesok","article_published_time":"2021-10-26T16:56:34+00:00","article_modified_time":"2021-10-27T16:57:31+00:00","og_image":[{"width":768,"height":432,"url":"http:\/\/www.sanjuandeportes.com\/wp\/wp-content\/uploads\/2021\/06\/Sin-t\u00edtulo-6.jpg","type":"image\/jpeg"}],"author":"Pablo Pujado","twitter_card":"summary_large_image","twitter_creator":"@SanJuanDeportes","twitter_site":"@SanJuanDeportes","twitter_misc":{"Escrito por":"Pablo Pujado","Tiempo de lectura":"2 minutos"},"schema":{"@context":"https:\/\/schema.org","@graph":[{"@type":"Article","@id":"http:\/\/www.sanjuandeportes.com\/wp\/2021\/10\/26\/siguen-las-malas-para-scaloni-suma-bajas-para-los-clasicos-ante-uruguay-y-brasil\/#article","isPartOf":{"@id":"http:\/\/www.sanjuandeportes.com\/wp\/2021\/10\/26\/siguen-las-malas-para-scaloni-suma-bajas-para-los-clasicos-ante-uruguay-y-brasil\/"},"author":{"name":"Pablo Pujado","@id":"http:\/\/www.sanjuandeportes.com\/wp\/#\/schema\/person\/eda4d8e62a5d42b111781e3cdfcb9c3a"},"headline":"Siguen las malas para Scaloni: suma bajas para los cl\u00e1sicos ante Uruguay y Brasil","datePublished":"2021-10-26T16:56:34+00:00","dateModified":"2021-10-27T16:57:31+00:00","mainEntityOfPage":{"@id":"http:\/\/www.sanjuandeportes.com\/wp\/2021\/10\/26\/siguen-las-malas-para-scaloni-suma-bajas-para-los-clasicos-ante-uruguay-y-brasil\/"},"wordCount":352,"commentCount":0,"publisher":{"@id":"http:\/\/www.sanjuandeportes.com\/wp\/#organization"},"image":{"@id":"http:\/\/www.sanjuandeportes.com\/wp\/2021\/10\/26\/siguen-las-malas-para-scaloni-suma-bajas-para-los-clasicos-ante-uruguay-y-brasil\/#primaryimage"},"thumbnailUrl":"http:\/\/www.sanjuandeportes.com\/wp\/wp-content\/uploads\/2021\/06\/Sin-t\u00edtulo-6.jpg","articleSection":["Futbol","Selecci\u00f3n Argentina","Selecci\u00f3n Argentina"],"inLanguage":"es","potentialAction":[{"@type":"CommentAction","name":"Comment","target":["http:\/\/www.sanjuandeportes.com\/wp\/2021\/10\/26\/siguen-las-malas-para-scaloni-suma-bajas-para-los-clasicos-ante-uruguay-y-brasil\/#respond"]}]},{"@type":"WebPage","@id":"http:\/\/www.sanjuandeportes.com\/wp\/2021\/10\/26\/siguen-las-malas-para-scaloni-suma-bajas-para-los-clasicos-ante-uruguay-y-brasil\/","url":"http:\/\/www.sanjuandeportes.com\/wp\/2021\/10\/26\/siguen-las-malas-para-scaloni-suma-bajas-para-los-clasicos-ante-uruguay-y-brasil\/","name":"Siguen las malas para Scaloni: suma bajas para los cl\u00e1sicos ante Uruguay y Brasil - San Juan Deportes","isPartOf":{"@id":"http:\/\/www.sanjuandeportes.com\/wp\/#website"},"primaryImageOfPage":{"@id":"http:\/\/www.sanjuandeportes.com\/wp\/2021\/10\/26\/siguen-las-malas-para-scaloni-suma-bajas-para-los-clasicos-ante-uruguay-y-brasil\/#primaryimage"},"image":{"@id":"http:\/\/www.sanjuandeportes.com\/wp\/2021\/10\/26\/siguen-las-malas-para-scaloni-suma-bajas-para-los-clasicos-ante-uruguay-y-brasil\/#primaryimage"},"thumbnailUrl":"http:\/\/www.sanjuandeportes.com\/wp\/wp-content\/uploads\/2021\/06\/Sin-t\u00edtulo-6.jpg","datePublished":"2021-10-26T16:56:34+00:00","dateModified":"2021-10-27T16:57:31+00:00","breadcrumb":{"@id":"http:\/\/www.sanjuandeportes.com\/wp\/2021\/10\/26\/siguen-las-malas-para-scaloni-suma-bajas-para-los-clasicos-ante-uruguay-y-brasil\/#breadcrumb"},"inLanguage":"es","potentialAction":[{"@type":"ReadAction","target":["http:\/\/www.sanjuandeportes.com\/wp\/2021\/10\/26\/siguen-las-malas-para-scaloni-suma-bajas-para-los-clasicos-ante-uruguay-y-brasil\/"]}]},{"@type":"ImageObject","inLanguage":"es","@id":"http:\/\/www.sanjuandeportes.com\/wp\/2021\/10\/26\/siguen-las-malas-para-scaloni-suma-bajas-para-los-clasicos-ante-uruguay-y-brasil\/#primaryimage","url":"http:\/\/www.sanjuandeportes.com\/wp\/wp-content\/uploads\/2021\/06\/Sin-t\u00edtulo-6.jpg","contentUrl":"http:\/\/www.sanjuandeportes.com\/wp\/wp-content\/uploads\/2021\/06\/Sin-t\u00edtulo-6.jpg","width":768,"height":432},{"@type":"BreadcrumbList","@id":"http:\/\/www.sanjuandeportes.com\/wp\/2021\/10\/26\/siguen-las-malas-para-scaloni-suma-bajas-para-los-clasicos-ante-uruguay-y-brasil\/#breadcrumb","itemListElement":[{"@type":"ListItem","position":1,"name":"Portada","item":"http:\/\/www.sanjuandeportes.com\/wp\/"},{"@type":"ListItem","position":2,"name":"Siguen las malas para Scaloni: suma bajas para los cl\u00e1sicos ante Uruguay y Brasil"}]},{"@type":"WebSite","@id":"http:\/\/www.sanjuandeportes.com\/wp\/#website","url":"http:\/\/www.sanjuandeportes.com\/wp\/","name":"San Juan Deportes","description":"El sitio de deportes de la provincia de San Juan","publisher":{"@id":"http:\/\/www.sanjuandeportes.com\/wp\/#organization"},"potentialAction":[{"@type":"SearchAction","target":{"@type":"EntryPoint","urlTemplate":"http:\/\/www.sanjuandeportes.com\/wp\/?s={search_term_string}"},"query-input":{"@type":"PropertyValueSpecification","valueRequired":true,"valueName":"search_term_string"}}],"inLanguage":"es"},{"@type":"Organization","@id":"http:\/\/www.sanjuandeportes.com\/wp\/#organization","name":"San Juan Deportes","url":"http:\/\/www.sanjuandeportes.com\/wp\/","logo":{"@type":"ImageObject","inLanguage":"es","@id":"http:\/\/www.sanjuandeportes.com\/wp\/#\/schema\/logo\/image\/","url":"https:\/\/www.sanjuandeportes.com\/wp\/wp-content\/uploads\/unnamed.jpg","contentUrl":"https:\/\/www.sanjuandeportes.com\/wp\/wp-content\/uploads\/unnamed.jpg","width":900,"height":900,"caption":"San Juan Deportes"},"image":{"@id":"http:\/\/www.sanjuandeportes.com\/wp\/#\/schema\/logo\/image\/"},"sameAs":["https:\/\/www.facebook.com\/sanjuandeportesok","https:\/\/x.com\/SanJuanDeportes","https:\/\/www.instagram.com\/sanjuandeportes"]},{"@type":"Person","@id":"http:\/\/www.sanjuandeportes.com\/wp\/#\/schema\/person\/eda4d8e62a5d42b111781e3cdfcb9c3a","name":"Pablo Pujado","image":{"@type":"ImageObject","inLanguage":"es","@id":"https:\/\/secure.gravatar.com\/avatar\/310b69d28112912c333408a462a9837208de951b1e7c11514781740412f648b1?s=96&d=mm&r=g","url":"https:\/\/secure.gravatar.com\/avatar\/310b69d28112912c333408a462a9837208de951b1e7c11514781740412f648b1?s=96&d=mm&r=g","contentUrl":"https:\/\/secure.gravatar.com\/avatar\/310b69d28112912c333408a462a9837208de951b1e7c11514781740412f648b1?s=96&d=mm&r=g","caption":"Pablo Pujado"},"url":"http:\/\/www.sanjuandeportes.com\/wp\/author\/pablo-pujado\/"}]}},"_links":{"self":[{"href":"http:\/\/www.sanjuandeportes.com\/wp\/wp-json\/wp\/v2\/posts\/14333","targetHints":{"allow":["GET"]}}],"collection":[{"href":"http:\/\/www.sanjuandeportes.com\/wp\/wp-json\/wp\/v2\/posts"}],"about":[{"href":"http:\/\/www.sanjuandeportes.com\/wp\/wp-json\/wp\/v2\/types\/post"}],"author":[{"embeddable":true,"href":"http:\/\/www.sanjuandeportes.com\/wp\/wp-json\/wp\/v2\/users\/5"}],"replies":[{"embeddable":true,"href":"http:\/\/www.sanjuandeportes.com\/wp\/wp-json\/wp\/v2\/comments?post=14333"}],"version-history":[{"count":1,"href":"http:\/\/www.sanjuandeportes.com\/wp\/wp-json\/wp\/v2\/posts\/14333\/revisions"}],"predecessor-version":[{"id":14334,"href":"http:\/\/www.sanjuandeportes.com\/wp\/wp-json\/wp\/v2\/posts\/14333\/revisions\/14334"}],"wp:featuredmedia":[{"embeddable":true,"href":"http:\/\/www.sanjuandeportes.com\/wp\/wp-json\/wp\/v2\/media\/13218"}],"wp:attachment":[{"href":"http:\/\/www.sanjuandeportes.com\/wp\/wp-json\/wp\/v2\/media?parent=14333"}],"wp:term":[{"taxonomy":"category","embeddable":true,"href":"http:\/\/www.sanjuandeportes.com\/wp\/wp-json\/wp\/v2\/categories?post=14333"},{"taxonomy":"post_tag","embeddable":true,"href":"http:\/\/www.sanjuandeportes.com\/wp\/wp-json\/wp\/v2\/tags?post=14333"}],"curies":[{"name":"wp","href":"https:\/\/api.w.org\/{rel}","templated":true}]}}