{"id":16097,"date":"2022-06-08T13:48:02","date_gmt":"2022-06-08T16:48:02","guid":{"rendered":"http:\/\/www.sanjuandeportes.com\/wp\/?p=16097"},"modified":"2022-06-09T14:39:32","modified_gmt":"2022-06-09T17:39:32","slug":"desamparados-suma-un-volante-mendocino","status":"publish","type":"post","link":"http:\/\/www.sanjuandeportes.com\/wp\/2022\/06\/08\/desamparados-suma-un-volante-mendocino\/","title":{"rendered":"Desamparados suma un volante mendocino"},"content":{"rendered":"\n<p class=\"wp-block-paragraph\"><strong>Se trata de Lautaro Disanto y acaba de rescindir contrato con Douglas Haig. Juega de extremo por la izquierda y es de buen pie. Las inferiores las hizo en Independiente Rivadavia.<\/strong><\/p>\n\n\n\n<p class=\"wp-block-paragraph\">El Puyutano necesita refuerzos de jerarqu\u00eda para poder cambiar el presente. A eso apunta con la incorporaci\u00f3n de Lautaro Disanto, que en las pr\u00f3ximas horas viaja a San Juan para sellar su llegada a Desamparados.<\/p>\n\n\n\n<p class=\"wp-block-paragraph\">El mendocino tiene 24 a\u00f1os y conoce la categor\u00eda. Este semestre estuvo en Douglas Haig de Pergamino y el a\u00f1o pasado en Villa Mitre. Hizo las inferiores en Independiente Rivadavia, donde tuvo un buen paso en la B Nacional.<\/p>\n\n\n\n<p class=\"wp-block-paragraph\">Los que lo conocen dicen que tiene mucho para aportar, que es extremo izquierdo, de buen pie y muy pensante a la hora de jugar. A San Juan llega entusiasmado luego del llamado del entrenador Luis Islas. Tambi\u00e9n por las referencias del mundo Desamparados, donde busca la continuidad que no ha tenido hasta el momento.<\/p>\n\n\n\n<p class=\"wp-block-paragraph\">Lautaro proviene de Douglas Haig de Pergamino, donde este martes firm\u00f3 la rescisi\u00f3n de contrato. Por estas horas se encuentra armando los bolsos para emprender el viaje a nuestra provincia.<\/p>\n\n\n\n<p class=\"wp-block-paragraph\">Lo antes posible quiere sumarse a Desamparados, seducido por el llamado del DT y por las ganas de cambiar de aire para encontrar la continuidad que necesita para afianzarse y dar el salto en el f\u00fatbol.<\/p>\n\n\n\n<p class=\"wp-block-paragraph\">Con informaci\u00f3n de Diario El Zonda<\/p>\n","protected":false},"excerpt":{"rendered":"<p>Se trata de Lautaro Disanto y acaba de rescindir contrato con Douglas Haig. Juega de extremo por la izquierda y es de buen pie. Las inferiores las hizo en Independiente Rivadavia. El Puyutano necesita refuerzos de jerarqu\u00eda para poder cambiar el presente. A eso apunta con la incorporaci\u00f3n de Lautaro Disanto, que en las pr\u00f3ximas [&hellip;]<\/p>\n","protected":false},"author":5,"featured_media":16098,"comment_status":"open","ping_status":"open","sticky":false,"template":"","format":"standard","meta":{"footnotes":""},"categories":[36,24],"tags":[],"class_list":["post-16097","post","type-post","status-publish","format-standard","has-post-thumbnail","hentry","category-federal-a","category-futbol"],"yoast_head":"<!-- This site is optimized with the Yoast SEO plugin v28.2 - https:\/\/yoast.com\/product\/yoast-seo-wordpress\/ -->\n<title>Desamparados suma un volante mendocino - San Juan Deportes<\/title>\n<meta name=\"robots\" content=\"index, follow, max-snippet:-1, max-image-preview:large, max-video-preview:-1\" \/>\n<link rel=\"canonical\" href=\"http:\/\/www.sanjuandeportes.com\/wp\/2022\/06\/08\/desamparados-suma-un-volante-mendocino\/\" \/>\n<meta property=\"og:locale\" content=\"es_ES\" \/>\n<meta property=\"og:type\" content=\"article\" \/>\n<meta property=\"og:title\" content=\"Desamparados suma un volante mendocino - San Juan Deportes\" \/>\n<meta property=\"og:description\" content=\"Se trata de Lautaro Disanto y acaba de rescindir contrato con Douglas Haig. Juega de extremo por la izquierda y es de buen pie. Las inferiores las hizo en Independiente Rivadavia. El Puyutano necesita refuerzos de jerarqu\u00eda para poder cambiar el presente. A eso apunta con la incorporaci\u00f3n de Lautaro Disanto, que en las pr\u00f3ximas [&hellip;]\" \/>\n<meta property=\"og:url\" content=\"http:\/\/www.sanjuandeportes.com\/wp\/2022\/06\/08\/desamparados-suma-un-volante-mendocino\/\" \/>\n<meta property=\"og:site_name\" content=\"San Juan Deportes\" \/>\n<meta property=\"article:publisher\" content=\"https:\/\/www.facebook.com\/sanjuandeportesok\" \/>\n<meta property=\"article:published_time\" content=\"2022-06-08T16:48:02+00:00\" \/>\n<meta property=\"article:modified_time\" content=\"2022-06-09T17:39:32+00:00\" \/>\n<meta property=\"og:image\" content=\"http:\/\/www.sanjuandeportes.com\/wp\/wp-content\/uploads\/2022\/06\/disanto.jpg\" \/>\n\t<meta property=\"og:image:width\" content=\"696\" \/>\n\t<meta property=\"og:image:height\" content=\"522\" \/>\n\t<meta property=\"og:image:type\" content=\"image\/jpeg\" \/>\n<meta name=\"author\" content=\"Pablo Pujado\" \/>\n<meta name=\"twitter:card\" content=\"summary_large_image\" \/>\n<meta name=\"twitter:creator\" content=\"@SanJuanDeportes\" \/>\n<meta name=\"twitter:site\" content=\"@SanJuanDeportes\" \/>\n<meta name=\"twitter:label1\" content=\"Escrito por\" \/>\n\t<meta name=\"twitter:data1\" content=\"Pablo Pujado\" \/>\n\t<meta name=\"twitter:label2\" content=\"Tiempo de lectura\" \/>\n\t<meta name=\"twitter:data2\" content=\"1 minuto\" \/>\n<script type=\"application\/ld+json\" class=\"yoast-schema-graph\">{\"@context\":\"https:\\\/\\\/schema.org\",\"@graph\":[{\"@type\":\"Article\",\"@id\":\"http:\\\/\\\/www.sanjuandeportes.com\\\/wp\\\/2022\\\/06\\\/08\\\/desamparados-suma-un-volante-mendocino\\\/#article\",\"isPartOf\":{\"@id\":\"http:\\\/\\\/www.sanjuandeportes.com\\\/wp\\\/2022\\\/06\\\/08\\\/desamparados-suma-un-volante-mendocino\\\/\"},\"author\":{\"name\":\"Pablo Pujado\",\"@id\":\"https:\\\/\\\/www.sanjuandeportes.com\\\/wp\\\/#\\\/schema\\\/person\\\/eda4d8e62a5d42b111781e3cdfcb9c3a\"},\"headline\":\"Desamparados suma un volante mendocino\",\"datePublished\":\"2022-06-08T16:48:02+00:00\",\"dateModified\":\"2022-06-09T17:39:32+00:00\",\"mainEntityOfPage\":{\"@id\":\"http:\\\/\\\/www.sanjuandeportes.com\\\/wp\\\/2022\\\/06\\\/08\\\/desamparados-suma-un-volante-mendocino\\\/\"},\"wordCount\":246,\"commentCount\":0,\"publisher\":{\"@id\":\"https:\\\/\\\/www.sanjuandeportes.com\\\/wp\\\/#organization\"},\"image\":{\"@id\":\"http:\\\/\\\/www.sanjuandeportes.com\\\/wp\\\/2022\\\/06\\\/08\\\/desamparados-suma-un-volante-mendocino\\\/#primaryimage\"},\"thumbnailUrl\":\"http:\\\/\\\/www.sanjuandeportes.com\\\/wp\\\/wp-content\\\/uploads\\\/2022\\\/06\\\/disanto.jpg\",\"articleSection\":[\"Federal A\",\"Futbol\"],\"inLanguage\":\"es\",\"potentialAction\":[{\"@type\":\"CommentAction\",\"name\":\"Comment\",\"target\":[\"http:\\\/\\\/www.sanjuandeportes.com\\\/wp\\\/2022\\\/06\\\/08\\\/desamparados-suma-un-volante-mendocino\\\/#respond\"]}]},{\"@type\":\"WebPage\",\"@id\":\"http:\\\/\\\/www.sanjuandeportes.com\\\/wp\\\/2022\\\/06\\\/08\\\/desamparados-suma-un-volante-mendocino\\\/\",\"url\":\"http:\\\/\\\/www.sanjuandeportes.com\\\/wp\\\/2022\\\/06\\\/08\\\/desamparados-suma-un-volante-mendocino\\\/\",\"name\":\"Desamparados suma un volante mendocino - San Juan Deportes\",\"isPartOf\":{\"@id\":\"https:\\\/\\\/www.sanjuandeportes.com\\\/wp\\\/#website\"},\"primaryImageOfPage\":{\"@id\":\"http:\\\/\\\/www.sanjuandeportes.com\\\/wp\\\/2022\\\/06\\\/08\\\/desamparados-suma-un-volante-mendocino\\\/#primaryimage\"},\"image\":{\"@id\":\"http:\\\/\\\/www.sanjuandeportes.com\\\/wp\\\/2022\\\/06\\\/08\\\/desamparados-suma-un-volante-mendocino\\\/#primaryimage\"},\"thumbnailUrl\":\"http:\\\/\\\/www.sanjuandeportes.com\\\/wp\\\/wp-content\\\/uploads\\\/2022\\\/06\\\/disanto.jpg\",\"datePublished\":\"2022-06-08T16:48:02+00:00\",\"dateModified\":\"2022-06-09T17:39:32+00:00\",\"breadcrumb\":{\"@id\":\"http:\\\/\\\/www.sanjuandeportes.com\\\/wp\\\/2022\\\/06\\\/08\\\/desamparados-suma-un-volante-mendocino\\\/#breadcrumb\"},\"inLanguage\":\"es\",\"potentialAction\":[{\"@type\":\"ReadAction\",\"target\":[\"http:\\\/\\\/www.sanjuandeportes.com\\\/wp\\\/2022\\\/06\\\/08\\\/desamparados-suma-un-volante-mendocino\\\/\"]}]},{\"@type\":\"ImageObject\",\"inLanguage\":\"es\",\"@id\":\"http:\\\/\\\/www.sanjuandeportes.com\\\/wp\\\/2022\\\/06\\\/08\\\/desamparados-suma-un-volante-mendocino\\\/#primaryimage\",\"url\":\"http:\\\/\\\/www.sanjuandeportes.com\\\/wp\\\/wp-content\\\/uploads\\\/2022\\\/06\\\/disanto.jpg\",\"contentUrl\":\"http:\\\/\\\/www.sanjuandeportes.com\\\/wp\\\/wp-content\\\/uploads\\\/2022\\\/06\\\/disanto.jpg\",\"width\":696,\"height\":522},{\"@type\":\"BreadcrumbList\",\"@id\":\"http:\\\/\\\/www.sanjuandeportes.com\\\/wp\\\/2022\\\/06\\\/08\\\/desamparados-suma-un-volante-mendocino\\\/#breadcrumb\",\"itemListElement\":[{\"@type\":\"ListItem\",\"position\":1,\"name\":\"Portada\",\"item\":\"http:\\\/\\\/www.sanjuandeportes.com\\\/wp\\\/\"},{\"@type\":\"ListItem\",\"position\":2,\"name\":\"Desamparados suma un volante mendocino\"}]},{\"@type\":\"WebSite\",\"@id\":\"https:\\\/\\\/www.sanjuandeportes.com\\\/wp\\\/#website\",\"url\":\"https:\\\/\\\/www.sanjuandeportes.com\\\/wp\\\/\",\"name\":\"San Juan Deportes\",\"description\":\"El sitio de deportes de la provincia de San Juan\",\"publisher\":{\"@id\":\"https:\\\/\\\/www.sanjuandeportes.com\\\/wp\\\/#organization\"},\"potentialAction\":[{\"@type\":\"SearchAction\",\"target\":{\"@type\":\"EntryPoint\",\"urlTemplate\":\"https:\\\/\\\/www.sanjuandeportes.com\\\/wp\\\/?s={search_term_string}\"},\"query-input\":{\"@type\":\"PropertyValueSpecification\",\"valueRequired\":true,\"valueName\":\"search_term_string\"}}],\"inLanguage\":\"es\"},{\"@type\":\"Organization\",\"@id\":\"https:\\\/\\\/www.sanjuandeportes.com\\\/wp\\\/#organization\",\"name\":\"San Juan Deportes\",\"url\":\"https:\\\/\\\/www.sanjuandeportes.com\\\/wp\\\/\",\"logo\":{\"@type\":\"ImageObject\",\"inLanguage\":\"es\",\"@id\":\"https:\\\/\\\/www.sanjuandeportes.com\\\/wp\\\/#\\\/schema\\\/logo\\\/image\\\/\",\"url\":\"https:\\\/\\\/www.sanjuandeportes.com\\\/wp\\\/wp-content\\\/uploads\\\/unnamed.jpg\",\"contentUrl\":\"https:\\\/\\\/www.sanjuandeportes.com\\\/wp\\\/wp-content\\\/uploads\\\/unnamed.jpg\",\"width\":900,\"height\":900,\"caption\":\"San Juan Deportes\"},\"image\":{\"@id\":\"https:\\\/\\\/www.sanjuandeportes.com\\\/wp\\\/#\\\/schema\\\/logo\\\/image\\\/\"},\"sameAs\":[\"https:\\\/\\\/www.facebook.com\\\/sanjuandeportesok\",\"https:\\\/\\\/x.com\\\/SanJuanDeportes\",\"https:\\\/\\\/www.instagram.com\\\/sanjuandeportes\"]},{\"@type\":\"Person\",\"@id\":\"https:\\\/\\\/www.sanjuandeportes.com\\\/wp\\\/#\\\/schema\\\/person\\\/eda4d8e62a5d42b111781e3cdfcb9c3a\",\"name\":\"Pablo Pujado\",\"image\":{\"@type\":\"ImageObject\",\"inLanguage\":\"es\",\"@id\":\"https:\\\/\\\/secure.gravatar.com\\\/avatar\\\/310b69d28112912c333408a462a9837208de951b1e7c11514781740412f648b1?s=96&d=mm&r=g\",\"url\":\"https:\\\/\\\/secure.gravatar.com\\\/avatar\\\/310b69d28112912c333408a462a9837208de951b1e7c11514781740412f648b1?s=96&d=mm&r=g\",\"contentUrl\":\"https:\\\/\\\/secure.gravatar.com\\\/avatar\\\/310b69d28112912c333408a462a9837208de951b1e7c11514781740412f648b1?s=96&d=mm&r=g\",\"caption\":\"Pablo Pujado\"},\"url\":\"http:\\\/\\\/www.sanjuandeportes.com\\\/wp\\\/author\\\/pablo-pujado\\\/\"}]}<\/script>\n<!-- \/ Yoast SEO plugin. -->","yoast_head_json":{"title":"Desamparados suma un volante mendocino - San Juan Deportes","robots":{"index":"index","follow":"follow","max-snippet":"max-snippet:-1","max-image-preview":"max-image-preview:large","max-video-preview":"max-video-preview:-1"},"canonical":"http:\/\/www.sanjuandeportes.com\/wp\/2022\/06\/08\/desamparados-suma-un-volante-mendocino\/","og_locale":"es_ES","og_type":"article","og_title":"Desamparados suma un volante mendocino - San Juan Deportes","og_description":"Se trata de Lautaro Disanto y acaba de rescindir contrato con Douglas Haig. Juega de extremo por la izquierda y es de buen pie. Las inferiores las hizo en Independiente Rivadavia. El Puyutano necesita refuerzos de jerarqu\u00eda para poder cambiar el presente. A eso apunta con la incorporaci\u00f3n de Lautaro Disanto, que en las pr\u00f3ximas [&hellip;]","og_url":"http:\/\/www.sanjuandeportes.com\/wp\/2022\/06\/08\/desamparados-suma-un-volante-mendocino\/","og_site_name":"San Juan Deportes","article_publisher":"https:\/\/www.facebook.com\/sanjuandeportesok","article_published_time":"2022-06-08T16:48:02+00:00","article_modified_time":"2022-06-09T17:39:32+00:00","og_image":[{"width":696,"height":522,"url":"http:\/\/www.sanjuandeportes.com\/wp\/wp-content\/uploads\/2022\/06\/disanto.jpg","type":"image\/jpeg"}],"author":"Pablo Pujado","twitter_card":"summary_large_image","twitter_creator":"@SanJuanDeportes","twitter_site":"@SanJuanDeportes","twitter_misc":{"Escrito por":"Pablo Pujado","Tiempo de lectura":"1 minuto"},"schema":{"@context":"https:\/\/schema.org","@graph":[{"@type":"Article","@id":"http:\/\/www.sanjuandeportes.com\/wp\/2022\/06\/08\/desamparados-suma-un-volante-mendocino\/#article","isPartOf":{"@id":"http:\/\/www.sanjuandeportes.com\/wp\/2022\/06\/08\/desamparados-suma-un-volante-mendocino\/"},"author":{"name":"Pablo Pujado","@id":"https:\/\/www.sanjuandeportes.com\/wp\/#\/schema\/person\/eda4d8e62a5d42b111781e3cdfcb9c3a"},"headline":"Desamparados suma un volante mendocino","datePublished":"2022-06-08T16:48:02+00:00","dateModified":"2022-06-09T17:39:32+00:00","mainEntityOfPage":{"@id":"http:\/\/www.sanjuandeportes.com\/wp\/2022\/06\/08\/desamparados-suma-un-volante-mendocino\/"},"wordCount":246,"commentCount":0,"publisher":{"@id":"https:\/\/www.sanjuandeportes.com\/wp\/#organization"},"image":{"@id":"http:\/\/www.sanjuandeportes.com\/wp\/2022\/06\/08\/desamparados-suma-un-volante-mendocino\/#primaryimage"},"thumbnailUrl":"http:\/\/www.sanjuandeportes.com\/wp\/wp-content\/uploads\/2022\/06\/disanto.jpg","articleSection":["Federal A","Futbol"],"inLanguage":"es","potentialAction":[{"@type":"CommentAction","name":"Comment","target":["http:\/\/www.sanjuandeportes.com\/wp\/2022\/06\/08\/desamparados-suma-un-volante-mendocino\/#respond"]}]},{"@type":"WebPage","@id":"http:\/\/www.sanjuandeportes.com\/wp\/2022\/06\/08\/desamparados-suma-un-volante-mendocino\/","url":"http:\/\/www.sanjuandeportes.com\/wp\/2022\/06\/08\/desamparados-suma-un-volante-mendocino\/","name":"Desamparados suma un volante mendocino - San Juan Deportes","isPartOf":{"@id":"https:\/\/www.sanjuandeportes.com\/wp\/#website"},"primaryImageOfPage":{"@id":"http:\/\/www.sanjuandeportes.com\/wp\/2022\/06\/08\/desamparados-suma-un-volante-mendocino\/#primaryimage"},"image":{"@id":"http:\/\/www.sanjuandeportes.com\/wp\/2022\/06\/08\/desamparados-suma-un-volante-mendocino\/#primaryimage"},"thumbnailUrl":"http:\/\/www.sanjuandeportes.com\/wp\/wp-content\/uploads\/2022\/06\/disanto.jpg","datePublished":"2022-06-08T16:48:02+00:00","dateModified":"2022-06-09T17:39:32+00:00","breadcrumb":{"@id":"http:\/\/www.sanjuandeportes.com\/wp\/2022\/06\/08\/desamparados-suma-un-volante-mendocino\/#breadcrumb"},"inLanguage":"es","potentialAction":[{"@type":"ReadAction","target":["http:\/\/www.sanjuandeportes.com\/wp\/2022\/06\/08\/desamparados-suma-un-volante-mendocino\/"]}]},{"@type":"ImageObject","inLanguage":"es","@id":"http:\/\/www.sanjuandeportes.com\/wp\/2022\/06\/08\/desamparados-suma-un-volante-mendocino\/#primaryimage","url":"http:\/\/www.sanjuandeportes.com\/wp\/wp-content\/uploads\/2022\/06\/disanto.jpg","contentUrl":"http:\/\/www.sanjuandeportes.com\/wp\/wp-content\/uploads\/2022\/06\/disanto.jpg","width":696,"height":522},{"@type":"BreadcrumbList","@id":"http:\/\/www.sanjuandeportes.com\/wp\/2022\/06\/08\/desamparados-suma-un-volante-mendocino\/#breadcrumb","itemListElement":[{"@type":"ListItem","position":1,"name":"Portada","item":"http:\/\/www.sanjuandeportes.com\/wp\/"},{"@type":"ListItem","position":2,"name":"Desamparados suma un volante mendocino"}]},{"@type":"WebSite","@id":"https:\/\/www.sanjuandeportes.com\/wp\/#website","url":"https:\/\/www.sanjuandeportes.com\/wp\/","name":"San Juan Deportes","description":"El sitio de deportes de la provincia de San Juan","publisher":{"@id":"https:\/\/www.sanjuandeportes.com\/wp\/#organization"},"potentialAction":[{"@type":"SearchAction","target":{"@type":"EntryPoint","urlTemplate":"https:\/\/www.sanjuandeportes.com\/wp\/?s={search_term_string}"},"query-input":{"@type":"PropertyValueSpecification","valueRequired":true,"valueName":"search_term_string"}}],"inLanguage":"es"},{"@type":"Organization","@id":"https:\/\/www.sanjuandeportes.com\/wp\/#organization","name":"San Juan Deportes","url":"https:\/\/www.sanjuandeportes.com\/wp\/","logo":{"@type":"ImageObject","inLanguage":"es","@id":"https:\/\/www.sanjuandeportes.com\/wp\/#\/schema\/logo\/image\/","url":"https:\/\/www.sanjuandeportes.com\/wp\/wp-content\/uploads\/unnamed.jpg","contentUrl":"https:\/\/www.sanjuandeportes.com\/wp\/wp-content\/uploads\/unnamed.jpg","width":900,"height":900,"caption":"San Juan Deportes"},"image":{"@id":"https:\/\/www.sanjuandeportes.com\/wp\/#\/schema\/logo\/image\/"},"sameAs":["https:\/\/www.facebook.com\/sanjuandeportesok","https:\/\/x.com\/SanJuanDeportes","https:\/\/www.instagram.com\/sanjuandeportes"]},{"@type":"Person","@id":"https:\/\/www.sanjuandeportes.com\/wp\/#\/schema\/person\/eda4d8e62a5d42b111781e3cdfcb9c3a","name":"Pablo Pujado","image":{"@type":"ImageObject","inLanguage":"es","@id":"https:\/\/secure.gravatar.com\/avatar\/310b69d28112912c333408a462a9837208de951b1e7c11514781740412f648b1?s=96&d=mm&r=g","url":"https:\/\/secure.gravatar.com\/avatar\/310b69d28112912c333408a462a9837208de951b1e7c11514781740412f648b1?s=96&d=mm&r=g","contentUrl":"https:\/\/secure.gravatar.com\/avatar\/310b69d28112912c333408a462a9837208de951b1e7c11514781740412f648b1?s=96&d=mm&r=g","caption":"Pablo Pujado"},"url":"http:\/\/www.sanjuandeportes.com\/wp\/author\/pablo-pujado\/"}]}},"_links":{"self":[{"href":"http:\/\/www.sanjuandeportes.com\/wp\/wp-json\/wp\/v2\/posts\/16097","targetHints":{"allow":["GET"]}}],"collection":[{"href":"http:\/\/www.sanjuandeportes.com\/wp\/wp-json\/wp\/v2\/posts"}],"about":[{"href":"http:\/\/www.sanjuandeportes.com\/wp\/wp-json\/wp\/v2\/types\/post"}],"author":[{"embeddable":true,"href":"http:\/\/www.sanjuandeportes.com\/wp\/wp-json\/wp\/v2\/users\/5"}],"replies":[{"embeddable":true,"href":"http:\/\/www.sanjuandeportes.com\/wp\/wp-json\/wp\/v2\/comments?post=16097"}],"version-history":[{"count":1,"href":"http:\/\/www.sanjuandeportes.com\/wp\/wp-json\/wp\/v2\/posts\/16097\/revisions"}],"predecessor-version":[{"id":16099,"href":"http:\/\/www.sanjuandeportes.com\/wp\/wp-json\/wp\/v2\/posts\/16097\/revisions\/16099"}],"wp:featuredmedia":[{"embeddable":true,"href":"http:\/\/www.sanjuandeportes.com\/wp\/wp-json\/wp\/v2\/media\/16098"}],"wp:attachment":[{"href":"http:\/\/www.sanjuandeportes.com\/wp\/wp-json\/wp\/v2\/media?parent=16097"}],"wp:term":[{"taxonomy":"category","embeddable":true,"href":"http:\/\/www.sanjuandeportes.com\/wp\/wp-json\/wp\/v2\/categories?post=16097"},{"taxonomy":"post_tag","embeddable":true,"href":"http:\/\/www.sanjuandeportes.com\/wp\/wp-json\/wp\/v2\/tags?post=16097"}],"curies":[{"name":"wp","href":"https:\/\/api.w.org\/{rel}","templated":true}]}}