{"id":16457,"date":"2022-07-20T19:27:56","date_gmt":"2022-07-20T22:27:56","guid":{"rendered":"http:\/\/www.sanjuandeportes.com\/wp\/?p=16457"},"modified":"2022-07-21T14:21:59","modified_gmt":"2022-07-21T17:21:59","slug":"desamparados-empato-en-mendoza-ante-huracan-las-heras-y-sigue-ultimo","status":"publish","type":"post","link":"http:\/\/www.sanjuandeportes.com\/wp\/2022\/07\/20\/desamparados-empato-en-mendoza-ante-huracan-las-heras-y-sigue-ultimo\/","title":{"rendered":"Desamparados empat\u00f3 en Mendoza ante Hurac\u00e1n Las Heras y sigue \u00faltimo"},"content":{"rendered":"\n<p class=\"wp-block-paragraph\">Sportivo Desamparados no logr\u00f3 vencer a Hurac\u00e1n Las Heras y empat\u00f3 0 a 0, en un partido que se jug\u00f3 este mi\u00e9rcoles en la cancha de San Mart\u00edn y correspondi\u00f3 a la 20ma. fecha de la Zona Sur del Torneo Federal A.<\/p>\n\n\n\n<p class=\"wp-block-paragraph\">En el encuentro deportivo, el dominio fue para Sportivo; destac\u00e1ndose&nbsp;<strong>&nbsp;en el equipo, Santiago Ceballos<\/strong>&nbsp; ante el local,&nbsp;que sali\u00f3 a la defensa.&nbsp;No hizo goles, pero tampoco recibi\u00f3 goles.<\/p>\n\n\n\n<p class=\"wp-block-paragraph\">El equipo de Ricardo Dillon,\u00a0 sin triunfos,\u00a0sigue en\u00a0zona de descenso\u00a0con 17 unidades y en la pr\u00f3xima fecha ser\u00e1 local de Sansinena.<\/p>\n\n\n\n<figure class=\"wp-block-image\"><img decoding=\"async\" data-src=\"https:\/\/media.tiempodesanjuan.com\/p\/60b0bb9387aad04579020be15d399e6d\/adjuntos\/331\/imagenes\/000\/652\/0000652452\/790x0\/smart\/sjpg.jpg\" alt=\"\" src=\"data:image\/svg+xml;base64,PHN2ZyB3aWR0aD0iMSIgaGVpZ2h0PSIxIiB4bWxucz0iaHR0cDovL3d3dy53My5vcmcvMjAwMC9zdmciPjwvc3ZnPg==\" class=\"lazyload\" \/><\/figure>\n\n\n\n<p class=\"wp-block-paragraph\"><strong>S\u00edntesis:<\/strong><\/p>\n\n\n\n<p class=\"wp-block-paragraph\"><strong>Hurac\u00e1n Las Heras 0:<\/strong>&nbsp;Juan Ignacio Acordino; Gabriel Vall\u00e9s, Luciano Salom\u00f3n, Carlos Moyano y Mauro Visaguirre; Oscar Chiquichano, Rodrigo Ram\u00edrez, Ignacio Sabatini y Enzo Tejada; Javier Pe\u00f1aloza y Francisco Biasutti. DT: Alejandro Abaurre.<\/p>\n\n\n\n<p class=\"wp-block-paragraph\"><strong>Desamparados 0:&nbsp;<\/strong>Jairo D\u00edaz; Lucas Ceballos, Agust\u00edn Callejas, Marcos Cabrera y Ezequiel Neira; Pablo Jofr\u00e9, Emanuel D\u00e9cimo, Mat\u00edas Garrido y Nicol\u00e1s Quiroga; Bruno Rodr\u00edguez y Santiago Ceballos. DT: Ricardo Dillon.<\/p>\n\n\n\n<p class=\"wp-block-paragraph\"><strong>Cambios:&nbsp;<\/strong>ST: 40&#8242; Enzo Ponce por Sabatini y Mauro Lucero por Ram\u00edrez (H).<\/p>\n\n\n\n<p class=\"wp-block-paragraph\"><strong>Estadio:<\/strong>&nbsp;Atl\u00e9tico San Mart\u00edn.<\/p>\n\n\n\n<p class=\"wp-block-paragraph\"><strong>\u00c1rbitro:<\/strong>&nbsp;Jos\u00e9 Sandoval (Concordia).<\/p>\n","protected":false},"excerpt":{"rendered":"<p>Sportivo Desamparados no logr\u00f3 vencer a Hurac\u00e1n Las Heras y empat\u00f3 0 a 0, en un partido que se jug\u00f3 este mi\u00e9rcoles en la cancha de San Mart\u00edn y correspondi\u00f3 a la 20ma. fecha de la Zona Sur del Torneo Federal A. En el encuentro deportivo, el dominio fue para Sportivo; destac\u00e1ndose&nbsp;&nbsp;en el equipo, Santiago [&hellip;]<\/p>\n","protected":false},"author":5,"featured_media":16458,"comment_status":"open","ping_status":"open","sticky":false,"template":"","format":"standard","meta":{"footnotes":""},"categories":[36,24],"tags":[],"class_list":["post-16457","post","type-post","status-publish","format-standard","has-post-thumbnail","hentry","category-federal-a","category-futbol"],"yoast_head":"<!-- This site is optimized with the Yoast SEO plugin v28.2 - https:\/\/yoast.com\/product\/yoast-seo-wordpress\/ -->\n<title>Desamparados empat\u00f3 en Mendoza ante Hurac\u00e1n Las Heras y sigue \u00faltimo - San Juan Deportes<\/title>\n<meta name=\"robots\" content=\"index, follow, max-snippet:-1, max-image-preview:large, max-video-preview:-1\" \/>\n<link rel=\"canonical\" href=\"http:\/\/www.sanjuandeportes.com\/wp\/2022\/07\/20\/desamparados-empato-en-mendoza-ante-huracan-las-heras-y-sigue-ultimo\/\" \/>\n<meta property=\"og:locale\" content=\"es_ES\" \/>\n<meta property=\"og:type\" content=\"article\" \/>\n<meta property=\"og:title\" content=\"Desamparados empat\u00f3 en Mendoza ante Hurac\u00e1n Las Heras y sigue \u00faltimo - San Juan Deportes\" \/>\n<meta property=\"og:description\" content=\"Sportivo Desamparados no logr\u00f3 vencer a Hurac\u00e1n Las Heras y empat\u00f3 0 a 0, en un partido que se jug\u00f3 este mi\u00e9rcoles en la cancha de San Mart\u00edn y correspondi\u00f3 a la 20ma. fecha de la Zona Sur del Torneo Federal A. En el encuentro deportivo, el dominio fue para Sportivo; destac\u00e1ndose&nbsp;&nbsp;en el equipo, Santiago [&hellip;]\" \/>\n<meta property=\"og:url\" content=\"http:\/\/www.sanjuandeportes.com\/wp\/2022\/07\/20\/desamparados-empato-en-mendoza-ante-huracan-las-heras-y-sigue-ultimo\/\" \/>\n<meta property=\"og:site_name\" content=\"San Juan Deportes\" \/>\n<meta property=\"article:publisher\" content=\"https:\/\/www.facebook.com\/sanjuandeportesok\" \/>\n<meta property=\"article:published_time\" content=\"2022-07-20T22:27:56+00:00\" \/>\n<meta property=\"article:modified_time\" content=\"2022-07-21T17:21:59+00:00\" \/>\n<meta property=\"og:image\" content=\"http:\/\/www.sanjuandeportes.com\/wp\/wp-content\/uploads\/2022\/07\/nasd.jpg\" \/>\n\t<meta property=\"og:image:width\" content=\"1013\" \/>\n\t<meta property=\"og:image:height\" content=\"675\" \/>\n\t<meta property=\"og:image:type\" content=\"image\/jpeg\" \/>\n<meta name=\"author\" content=\"Pablo Pujado\" \/>\n<meta name=\"twitter:card\" content=\"summary_large_image\" \/>\n<meta name=\"twitter:creator\" content=\"@SanJuanDeportes\" \/>\n<meta name=\"twitter:site\" content=\"@SanJuanDeportes\" \/>\n<meta name=\"twitter:label1\" content=\"Escrito por\" \/>\n\t<meta name=\"twitter:data1\" content=\"Pablo Pujado\" \/>\n\t<meta name=\"twitter:label2\" content=\"Tiempo de lectura\" \/>\n\t<meta name=\"twitter:data2\" content=\"1 minuto\" \/>\n<script type=\"application\/ld+json\" class=\"yoast-schema-graph\">{\"@context\":\"https:\\\/\\\/schema.org\",\"@graph\":[{\"@type\":\"Article\",\"@id\":\"http:\\\/\\\/www.sanjuandeportes.com\\\/wp\\\/2022\\\/07\\\/20\\\/desamparados-empato-en-mendoza-ante-huracan-las-heras-y-sigue-ultimo\\\/#article\",\"isPartOf\":{\"@id\":\"http:\\\/\\\/www.sanjuandeportes.com\\\/wp\\\/2022\\\/07\\\/20\\\/desamparados-empato-en-mendoza-ante-huracan-las-heras-y-sigue-ultimo\\\/\"},\"author\":{\"name\":\"Pablo Pujado\",\"@id\":\"http:\\\/\\\/www.sanjuandeportes.com\\\/wp\\\/#\\\/schema\\\/person\\\/eda4d8e62a5d42b111781e3cdfcb9c3a\"},\"headline\":\"Desamparados empat\u00f3 en Mendoza ante Hurac\u00e1n Las Heras y sigue \u00faltimo\",\"datePublished\":\"2022-07-20T22:27:56+00:00\",\"dateModified\":\"2022-07-21T17:21:59+00:00\",\"mainEntityOfPage\":{\"@id\":\"http:\\\/\\\/www.sanjuandeportes.com\\\/wp\\\/2022\\\/07\\\/20\\\/desamparados-empato-en-mendoza-ante-huracan-las-heras-y-sigue-ultimo\\\/\"},\"wordCount\":218,\"commentCount\":0,\"publisher\":{\"@id\":\"http:\\\/\\\/www.sanjuandeportes.com\\\/wp\\\/#organization\"},\"image\":{\"@id\":\"http:\\\/\\\/www.sanjuandeportes.com\\\/wp\\\/2022\\\/07\\\/20\\\/desamparados-empato-en-mendoza-ante-huracan-las-heras-y-sigue-ultimo\\\/#primaryimage\"},\"thumbnailUrl\":\"http:\\\/\\\/www.sanjuandeportes.com\\\/wp\\\/wp-content\\\/uploads\\\/2022\\\/07\\\/nasd.jpg\",\"articleSection\":[\"Federal A\",\"Futbol\"],\"inLanguage\":\"es\",\"potentialAction\":[{\"@type\":\"CommentAction\",\"name\":\"Comment\",\"target\":[\"http:\\\/\\\/www.sanjuandeportes.com\\\/wp\\\/2022\\\/07\\\/20\\\/desamparados-empato-en-mendoza-ante-huracan-las-heras-y-sigue-ultimo\\\/#respond\"]}]},{\"@type\":\"WebPage\",\"@id\":\"http:\\\/\\\/www.sanjuandeportes.com\\\/wp\\\/2022\\\/07\\\/20\\\/desamparados-empato-en-mendoza-ante-huracan-las-heras-y-sigue-ultimo\\\/\",\"url\":\"http:\\\/\\\/www.sanjuandeportes.com\\\/wp\\\/2022\\\/07\\\/20\\\/desamparados-empato-en-mendoza-ante-huracan-las-heras-y-sigue-ultimo\\\/\",\"name\":\"Desamparados empat\u00f3 en Mendoza ante Hurac\u00e1n Las Heras y sigue \u00faltimo - San Juan Deportes\",\"isPartOf\":{\"@id\":\"http:\\\/\\\/www.sanjuandeportes.com\\\/wp\\\/#website\"},\"primaryImageOfPage\":{\"@id\":\"http:\\\/\\\/www.sanjuandeportes.com\\\/wp\\\/2022\\\/07\\\/20\\\/desamparados-empato-en-mendoza-ante-huracan-las-heras-y-sigue-ultimo\\\/#primaryimage\"},\"image\":{\"@id\":\"http:\\\/\\\/www.sanjuandeportes.com\\\/wp\\\/2022\\\/07\\\/20\\\/desamparados-empato-en-mendoza-ante-huracan-las-heras-y-sigue-ultimo\\\/#primaryimage\"},\"thumbnailUrl\":\"http:\\\/\\\/www.sanjuandeportes.com\\\/wp\\\/wp-content\\\/uploads\\\/2022\\\/07\\\/nasd.jpg\",\"datePublished\":\"2022-07-20T22:27:56+00:00\",\"dateModified\":\"2022-07-21T17:21:59+00:00\",\"breadcrumb\":{\"@id\":\"http:\\\/\\\/www.sanjuandeportes.com\\\/wp\\\/2022\\\/07\\\/20\\\/desamparados-empato-en-mendoza-ante-huracan-las-heras-y-sigue-ultimo\\\/#breadcrumb\"},\"inLanguage\":\"es\",\"potentialAction\":[{\"@type\":\"ReadAction\",\"target\":[\"http:\\\/\\\/www.sanjuandeportes.com\\\/wp\\\/2022\\\/07\\\/20\\\/desamparados-empato-en-mendoza-ante-huracan-las-heras-y-sigue-ultimo\\\/\"]}]},{\"@type\":\"ImageObject\",\"inLanguage\":\"es\",\"@id\":\"http:\\\/\\\/www.sanjuandeportes.com\\\/wp\\\/2022\\\/07\\\/20\\\/desamparados-empato-en-mendoza-ante-huracan-las-heras-y-sigue-ultimo\\\/#primaryimage\",\"url\":\"http:\\\/\\\/www.sanjuandeportes.com\\\/wp\\\/wp-content\\\/uploads\\\/2022\\\/07\\\/nasd.jpg\",\"contentUrl\":\"http:\\\/\\\/www.sanjuandeportes.com\\\/wp\\\/wp-content\\\/uploads\\\/2022\\\/07\\\/nasd.jpg\",\"width\":1013,\"height\":675},{\"@type\":\"BreadcrumbList\",\"@id\":\"http:\\\/\\\/www.sanjuandeportes.com\\\/wp\\\/2022\\\/07\\\/20\\\/desamparados-empato-en-mendoza-ante-huracan-las-heras-y-sigue-ultimo\\\/#breadcrumb\",\"itemListElement\":[{\"@type\":\"ListItem\",\"position\":1,\"name\":\"Portada\",\"item\":\"http:\\\/\\\/www.sanjuandeportes.com\\\/wp\\\/\"},{\"@type\":\"ListItem\",\"position\":2,\"name\":\"Desamparados empat\u00f3 en Mendoza ante Hurac\u00e1n Las Heras y sigue \u00faltimo\"}]},{\"@type\":\"WebSite\",\"@id\":\"http:\\\/\\\/www.sanjuandeportes.com\\\/wp\\\/#website\",\"url\":\"http:\\\/\\\/www.sanjuandeportes.com\\\/wp\\\/\",\"name\":\"San Juan Deportes\",\"description\":\"El sitio de deportes de la provincia de San Juan\",\"publisher\":{\"@id\":\"http:\\\/\\\/www.sanjuandeportes.com\\\/wp\\\/#organization\"},\"potentialAction\":[{\"@type\":\"SearchAction\",\"target\":{\"@type\":\"EntryPoint\",\"urlTemplate\":\"http:\\\/\\\/www.sanjuandeportes.com\\\/wp\\\/?s={search_term_string}\"},\"query-input\":{\"@type\":\"PropertyValueSpecification\",\"valueRequired\":true,\"valueName\":\"search_term_string\"}}],\"inLanguage\":\"es\"},{\"@type\":\"Organization\",\"@id\":\"http:\\\/\\\/www.sanjuandeportes.com\\\/wp\\\/#organization\",\"name\":\"San Juan Deportes\",\"url\":\"http:\\\/\\\/www.sanjuandeportes.com\\\/wp\\\/\",\"logo\":{\"@type\":\"ImageObject\",\"inLanguage\":\"es\",\"@id\":\"http:\\\/\\\/www.sanjuandeportes.com\\\/wp\\\/#\\\/schema\\\/logo\\\/image\\\/\",\"url\":\"https:\\\/\\\/www.sanjuandeportes.com\\\/wp\\\/wp-content\\\/uploads\\\/unnamed.jpg\",\"contentUrl\":\"https:\\\/\\\/www.sanjuandeportes.com\\\/wp\\\/wp-content\\\/uploads\\\/unnamed.jpg\",\"width\":900,\"height\":900,\"caption\":\"San Juan Deportes\"},\"image\":{\"@id\":\"http:\\\/\\\/www.sanjuandeportes.com\\\/wp\\\/#\\\/schema\\\/logo\\\/image\\\/\"},\"sameAs\":[\"https:\\\/\\\/www.facebook.com\\\/sanjuandeportesok\",\"https:\\\/\\\/x.com\\\/SanJuanDeportes\",\"https:\\\/\\\/www.instagram.com\\\/sanjuandeportes\"]},{\"@type\":\"Person\",\"@id\":\"http:\\\/\\\/www.sanjuandeportes.com\\\/wp\\\/#\\\/schema\\\/person\\\/eda4d8e62a5d42b111781e3cdfcb9c3a\",\"name\":\"Pablo Pujado\",\"image\":{\"@type\":\"ImageObject\",\"inLanguage\":\"es\",\"@id\":\"https:\\\/\\\/secure.gravatar.com\\\/avatar\\\/310b69d28112912c333408a462a9837208de951b1e7c11514781740412f648b1?s=96&d=mm&r=g\",\"url\":\"https:\\\/\\\/secure.gravatar.com\\\/avatar\\\/310b69d28112912c333408a462a9837208de951b1e7c11514781740412f648b1?s=96&d=mm&r=g\",\"contentUrl\":\"https:\\\/\\\/secure.gravatar.com\\\/avatar\\\/310b69d28112912c333408a462a9837208de951b1e7c11514781740412f648b1?s=96&d=mm&r=g\",\"caption\":\"Pablo Pujado\"},\"url\":\"http:\\\/\\\/www.sanjuandeportes.com\\\/wp\\\/author\\\/pablo-pujado\\\/\"}]}<\/script>\n<!-- \/ Yoast SEO plugin. -->","yoast_head_json":{"title":"Desamparados empat\u00f3 en Mendoza ante Hurac\u00e1n Las Heras y sigue \u00faltimo - San Juan Deportes","robots":{"index":"index","follow":"follow","max-snippet":"max-snippet:-1","max-image-preview":"max-image-preview:large","max-video-preview":"max-video-preview:-1"},"canonical":"http:\/\/www.sanjuandeportes.com\/wp\/2022\/07\/20\/desamparados-empato-en-mendoza-ante-huracan-las-heras-y-sigue-ultimo\/","og_locale":"es_ES","og_type":"article","og_title":"Desamparados empat\u00f3 en Mendoza ante Hurac\u00e1n Las Heras y sigue \u00faltimo - San Juan Deportes","og_description":"Sportivo Desamparados no logr\u00f3 vencer a Hurac\u00e1n Las Heras y empat\u00f3 0 a 0, en un partido que se jug\u00f3 este mi\u00e9rcoles en la cancha de San Mart\u00edn y correspondi\u00f3 a la 20ma. fecha de la Zona Sur del Torneo Federal A. En el encuentro deportivo, el dominio fue para Sportivo; destac\u00e1ndose&nbsp;&nbsp;en el equipo, Santiago [&hellip;]","og_url":"http:\/\/www.sanjuandeportes.com\/wp\/2022\/07\/20\/desamparados-empato-en-mendoza-ante-huracan-las-heras-y-sigue-ultimo\/","og_site_name":"San Juan Deportes","article_publisher":"https:\/\/www.facebook.com\/sanjuandeportesok","article_published_time":"2022-07-20T22:27:56+00:00","article_modified_time":"2022-07-21T17:21:59+00:00","og_image":[{"width":1013,"height":675,"url":"http:\/\/www.sanjuandeportes.com\/wp\/wp-content\/uploads\/2022\/07\/nasd.jpg","type":"image\/jpeg"}],"author":"Pablo Pujado","twitter_card":"summary_large_image","twitter_creator":"@SanJuanDeportes","twitter_site":"@SanJuanDeportes","twitter_misc":{"Escrito por":"Pablo Pujado","Tiempo de lectura":"1 minuto"},"schema":{"@context":"https:\/\/schema.org","@graph":[{"@type":"Article","@id":"http:\/\/www.sanjuandeportes.com\/wp\/2022\/07\/20\/desamparados-empato-en-mendoza-ante-huracan-las-heras-y-sigue-ultimo\/#article","isPartOf":{"@id":"http:\/\/www.sanjuandeportes.com\/wp\/2022\/07\/20\/desamparados-empato-en-mendoza-ante-huracan-las-heras-y-sigue-ultimo\/"},"author":{"name":"Pablo Pujado","@id":"http:\/\/www.sanjuandeportes.com\/wp\/#\/schema\/person\/eda4d8e62a5d42b111781e3cdfcb9c3a"},"headline":"Desamparados empat\u00f3 en Mendoza ante Hurac\u00e1n Las Heras y sigue \u00faltimo","datePublished":"2022-07-20T22:27:56+00:00","dateModified":"2022-07-21T17:21:59+00:00","mainEntityOfPage":{"@id":"http:\/\/www.sanjuandeportes.com\/wp\/2022\/07\/20\/desamparados-empato-en-mendoza-ante-huracan-las-heras-y-sigue-ultimo\/"},"wordCount":218,"commentCount":0,"publisher":{"@id":"http:\/\/www.sanjuandeportes.com\/wp\/#organization"},"image":{"@id":"http:\/\/www.sanjuandeportes.com\/wp\/2022\/07\/20\/desamparados-empato-en-mendoza-ante-huracan-las-heras-y-sigue-ultimo\/#primaryimage"},"thumbnailUrl":"http:\/\/www.sanjuandeportes.com\/wp\/wp-content\/uploads\/2022\/07\/nasd.jpg","articleSection":["Federal A","Futbol"],"inLanguage":"es","potentialAction":[{"@type":"CommentAction","name":"Comment","target":["http:\/\/www.sanjuandeportes.com\/wp\/2022\/07\/20\/desamparados-empato-en-mendoza-ante-huracan-las-heras-y-sigue-ultimo\/#respond"]}]},{"@type":"WebPage","@id":"http:\/\/www.sanjuandeportes.com\/wp\/2022\/07\/20\/desamparados-empato-en-mendoza-ante-huracan-las-heras-y-sigue-ultimo\/","url":"http:\/\/www.sanjuandeportes.com\/wp\/2022\/07\/20\/desamparados-empato-en-mendoza-ante-huracan-las-heras-y-sigue-ultimo\/","name":"Desamparados empat\u00f3 en Mendoza ante Hurac\u00e1n Las Heras y sigue \u00faltimo - San Juan Deportes","isPartOf":{"@id":"http:\/\/www.sanjuandeportes.com\/wp\/#website"},"primaryImageOfPage":{"@id":"http:\/\/www.sanjuandeportes.com\/wp\/2022\/07\/20\/desamparados-empato-en-mendoza-ante-huracan-las-heras-y-sigue-ultimo\/#primaryimage"},"image":{"@id":"http:\/\/www.sanjuandeportes.com\/wp\/2022\/07\/20\/desamparados-empato-en-mendoza-ante-huracan-las-heras-y-sigue-ultimo\/#primaryimage"},"thumbnailUrl":"http:\/\/www.sanjuandeportes.com\/wp\/wp-content\/uploads\/2022\/07\/nasd.jpg","datePublished":"2022-07-20T22:27:56+00:00","dateModified":"2022-07-21T17:21:59+00:00","breadcrumb":{"@id":"http:\/\/www.sanjuandeportes.com\/wp\/2022\/07\/20\/desamparados-empato-en-mendoza-ante-huracan-las-heras-y-sigue-ultimo\/#breadcrumb"},"inLanguage":"es","potentialAction":[{"@type":"ReadAction","target":["http:\/\/www.sanjuandeportes.com\/wp\/2022\/07\/20\/desamparados-empato-en-mendoza-ante-huracan-las-heras-y-sigue-ultimo\/"]}]},{"@type":"ImageObject","inLanguage":"es","@id":"http:\/\/www.sanjuandeportes.com\/wp\/2022\/07\/20\/desamparados-empato-en-mendoza-ante-huracan-las-heras-y-sigue-ultimo\/#primaryimage","url":"http:\/\/www.sanjuandeportes.com\/wp\/wp-content\/uploads\/2022\/07\/nasd.jpg","contentUrl":"http:\/\/www.sanjuandeportes.com\/wp\/wp-content\/uploads\/2022\/07\/nasd.jpg","width":1013,"height":675},{"@type":"BreadcrumbList","@id":"http:\/\/www.sanjuandeportes.com\/wp\/2022\/07\/20\/desamparados-empato-en-mendoza-ante-huracan-las-heras-y-sigue-ultimo\/#breadcrumb","itemListElement":[{"@type":"ListItem","position":1,"name":"Portada","item":"http:\/\/www.sanjuandeportes.com\/wp\/"},{"@type":"ListItem","position":2,"name":"Desamparados empat\u00f3 en Mendoza ante Hurac\u00e1n Las Heras y sigue \u00faltimo"}]},{"@type":"WebSite","@id":"http:\/\/www.sanjuandeportes.com\/wp\/#website","url":"http:\/\/www.sanjuandeportes.com\/wp\/","name":"San Juan Deportes","description":"El sitio de deportes de la provincia de San Juan","publisher":{"@id":"http:\/\/www.sanjuandeportes.com\/wp\/#organization"},"potentialAction":[{"@type":"SearchAction","target":{"@type":"EntryPoint","urlTemplate":"http:\/\/www.sanjuandeportes.com\/wp\/?s={search_term_string}"},"query-input":{"@type":"PropertyValueSpecification","valueRequired":true,"valueName":"search_term_string"}}],"inLanguage":"es"},{"@type":"Organization","@id":"http:\/\/www.sanjuandeportes.com\/wp\/#organization","name":"San Juan Deportes","url":"http:\/\/www.sanjuandeportes.com\/wp\/","logo":{"@type":"ImageObject","inLanguage":"es","@id":"http:\/\/www.sanjuandeportes.com\/wp\/#\/schema\/logo\/image\/","url":"https:\/\/www.sanjuandeportes.com\/wp\/wp-content\/uploads\/unnamed.jpg","contentUrl":"https:\/\/www.sanjuandeportes.com\/wp\/wp-content\/uploads\/unnamed.jpg","width":900,"height":900,"caption":"San Juan Deportes"},"image":{"@id":"http:\/\/www.sanjuandeportes.com\/wp\/#\/schema\/logo\/image\/"},"sameAs":["https:\/\/www.facebook.com\/sanjuandeportesok","https:\/\/x.com\/SanJuanDeportes","https:\/\/www.instagram.com\/sanjuandeportes"]},{"@type":"Person","@id":"http:\/\/www.sanjuandeportes.com\/wp\/#\/schema\/person\/eda4d8e62a5d42b111781e3cdfcb9c3a","name":"Pablo Pujado","image":{"@type":"ImageObject","inLanguage":"es","@id":"https:\/\/secure.gravatar.com\/avatar\/310b69d28112912c333408a462a9837208de951b1e7c11514781740412f648b1?s=96&d=mm&r=g","url":"https:\/\/secure.gravatar.com\/avatar\/310b69d28112912c333408a462a9837208de951b1e7c11514781740412f648b1?s=96&d=mm&r=g","contentUrl":"https:\/\/secure.gravatar.com\/avatar\/310b69d28112912c333408a462a9837208de951b1e7c11514781740412f648b1?s=96&d=mm&r=g","caption":"Pablo Pujado"},"url":"http:\/\/www.sanjuandeportes.com\/wp\/author\/pablo-pujado\/"}]}},"_links":{"self":[{"href":"http:\/\/www.sanjuandeportes.com\/wp\/wp-json\/wp\/v2\/posts\/16457","targetHints":{"allow":["GET"]}}],"collection":[{"href":"http:\/\/www.sanjuandeportes.com\/wp\/wp-json\/wp\/v2\/posts"}],"about":[{"href":"http:\/\/www.sanjuandeportes.com\/wp\/wp-json\/wp\/v2\/types\/post"}],"author":[{"embeddable":true,"href":"http:\/\/www.sanjuandeportes.com\/wp\/wp-json\/wp\/v2\/users\/5"}],"replies":[{"embeddable":true,"href":"http:\/\/www.sanjuandeportes.com\/wp\/wp-json\/wp\/v2\/comments?post=16457"}],"version-history":[{"count":2,"href":"http:\/\/www.sanjuandeportes.com\/wp\/wp-json\/wp\/v2\/posts\/16457\/revisions"}],"predecessor-version":[{"id":16460,"href":"http:\/\/www.sanjuandeportes.com\/wp\/wp-json\/wp\/v2\/posts\/16457\/revisions\/16460"}],"wp:featuredmedia":[{"embeddable":true,"href":"http:\/\/www.sanjuandeportes.com\/wp\/wp-json\/wp\/v2\/media\/16458"}],"wp:attachment":[{"href":"http:\/\/www.sanjuandeportes.com\/wp\/wp-json\/wp\/v2\/media?parent=16457"}],"wp:term":[{"taxonomy":"category","embeddable":true,"href":"http:\/\/www.sanjuandeportes.com\/wp\/wp-json\/wp\/v2\/categories?post=16457"},{"taxonomy":"post_tag","embeddable":true,"href":"http:\/\/www.sanjuandeportes.com\/wp\/wp-json\/wp\/v2\/tags?post=16457"}],"curies":[{"name":"wp","href":"https:\/\/api.w.org\/{rel}","templated":true}]}}