{"id":19394,"date":"2023-09-13T18:35:24","date_gmt":"2023-09-13T21:35:24","guid":{"rendered":"http:\/\/www.sanjuandeportes.com\/wp\/?p=19394"},"modified":"2023-09-14T15:28:15","modified_gmt":"2023-09-14T18:28:15","slug":"cinco-pilotos-representaran-a-san-juan-en-el-rally-argentino","status":"publish","type":"post","link":"http:\/\/www.sanjuandeportes.com\/wp\/2023\/09\/13\/cinco-pilotos-representaran-a-san-juan-en-el-rally-argentino\/","title":{"rendered":"Cinco pilotos representar\u00e1n a San Juan en el Rally Argentino"},"content":{"rendered":"\n<p class=\"wp-block-paragraph\"><span style=\"color: rgb(51, 51, 51); font-family: Merriweather, Georgia, &quot;Times New Roman&quot;, serif; font-size: 18.56px; white-space-collapse: collapse;\">Se correr\u00e1 este pr\u00f3ximo fin de semana, la 7\u00aa fecha del campeonato Argentino de Rally denominada Rally del Jaaukanig\u00e1s, en la localidad de Reconquista, en la provincia de Santa Fe y para esta fecha ya registraron inscripci\u00f3n cinco pilotos y un navegante sanjuaninos.<\/span><p style=\"box-sizing: inherit; margin: 1.5rem 0px; color: rgb(51, 51, 51); font-family: Merriweather, Georgia, &quot;Times New Roman&quot;, serif; font-size: 18.56px; white-space-collapse: collapse;\">Un total de 52 binomios dir\u00e1n presente en esta fecha y entre ellos, en la clase mayor, la RC2 el piloto pocitano\u00a0<strong style=\"box-sizing: inherit; color: rgb(77, 77, 77);\"><em style=\"box-sizing: inherit;\">Gast\u00f3n Past\u00e9n<\/em><\/strong>\u00a0a bordo de su Skoda Fabia, categor\u00eda que tendr\u00e1 14 autos en carrera. El sanjuanino es navegado por el puntano Mat\u00edas Ramos y en la jornada de hoy mi\u00e9rcoles, estar\u00e1 entrenando por caminos cordobeses junto a su equipo, el KS Competici\u00f3n, verificando el correcto funcionamiento del auto. Gast\u00f3n marcha en el 4\u00ba lugar del campeonato con 184 puntos, a 137 unidades del l\u00edder, Mart\u00edn Scuncio.<\/p><p style=\"box-sizing: inherit; margin: 1.5rem 0px; color: rgb(51, 51, 51); font-family: Merriweather, Georgia, &quot;Times New Roman&quot;, serif; font-size: 18.56px; white-space-collapse: collapse;\">La Clase RC5 tendr\u00e1 a 10 binomios en carrera y entre ellos, 4 son sanjuaninos, o sea un elevado 40 % del parque de esta categor\u00eda es de nuestras tierras. El mejor ubicado en el campeonato es\u00a0<strong style=\"box-sizing: inherit; color: rgb(77, 77, 77);\"><em style=\"box-sizing: inherit;\">Sebasti\u00e1n Landa<\/em><\/strong>\u00a0(Ford Fiesta Kinetic) que marcha en el 3\u00ba puesto con 156,5 puntos y en esta fecha no ser\u00e1 navegado por Juan Cruz Varela e ir\u00e1 con el tucumano Pablo Chavarr\u00eda. El auto fue probado la semana pasada, a pesar del viento, controlando frenos y mec\u00e1nica, con resultados satisfactorios y con la preparaci\u00f3n de Carlos Flores.<\/p><p style=\"box-sizing: inherit; margin: 1.5rem 0px; color: rgb(51, 51, 51); font-family: Merriweather, Georgia, &quot;Times New Roman&quot;, serif; font-size: 18.56px; white-space-collapse: collapse;\"><\/p><div class=\"embera-embed-responsive embera-embed-responsive-photo embera-embed-responsive-provider-flickr\" style=\"box-sizing: inherit; color: rgb(51, 51, 51); font-family: Merriweather, Georgia, &quot;Times New Roman&quot;, serif; font-size: 18.56px; white-space-collapse: collapse;\"><span style=\"font-size: 18.56px;\">En el 4\u00ba lugar del campeonato otro sanjuanino.\u00a0<\/span><strong style=\"font-size: 18.56px; box-sizing: inherit; color: rgb(77, 77, 77);\"><em style=\"box-sizing: inherit;\">V\u00edctor Muratore<\/em><\/strong><span style=\"font-size: 18.56px;\">\u00a0(Ford Fiesta Kinetic) con 141 unidades se mantiene con chances en el campeonato que lidera el cordob\u00e9s Fernando Daparte con 211,5 puntos. El \u201cPiol\u00edn\u201d Muratore es navegado por el sanjuanino\u00a0<\/span><strong style=\"font-size: 18.56px; box-sizing: inherit; color: rgb(77, 77, 77);\"><em style=\"box-sizing: inherit;\">Nicol\u00e1s Cordeje<\/em><\/strong><span style=\"font-size: 18.56px;\">.<\/span><\/div><p style=\"box-sizing: inherit; margin: 1.5rem 0px; color: rgb(51, 51, 51); font-family: Merriweather, Georgia, &quot;Times New Roman&quot;, serif; font-size: 18.56px; white-space-collapse: collapse;\"><\/p><div class=\"embera-embed-responsive embera-embed-responsive-photo embera-embed-responsive-provider-flickr\" style=\"box-sizing: inherit; color: rgb(51, 51, 51); font-family: Merriweather, Georgia, &quot;Times New Roman&quot;, serif; font-size: 18.56px; white-space-collapse: collapse;\"><span style=\"font-size: 18.56px;\">Los otros dos pilotos sanjuaninos, han vuelto en esta fecha luego de un par de carreras de ausencia. Ellos son\u00a0<\/span><strong style=\"font-size: 18.56px; box-sizing: inherit; color: rgb(77, 77, 77);\"><em style=\"box-sizing: inherit;\">Juli\u00e1n Castro<\/em><\/strong><span style=\"font-size: 18.56px;\">\u00a0(Ford Fiesta Kinetic) que ser\u00e1 navegado por Diego Ch\u00e1vez y<\/span><strong style=\"font-size: 18.56px; box-sizing: inherit; color: rgb(77, 77, 77);\">\u00a0Jorge \u201cTito\u201d Gonz\u00e1lez\u00a0<\/strong><span style=\"font-size: 18.56px;\">(Ford Fiesta Kinetic) navegado por el catamarque\u00f1o Mart\u00edn Ag\u00fcero.<\/span><\/div><p style=\"box-sizing: inherit; margin: 1.5rem 0px; color: rgb(51, 51, 51); font-family: Merriweather, Georgia, &quot;Times New Roman&quot;, serif; font-size: 18.56px; white-space-collapse: collapse;\"><\/p><div class=\"embera-embed-responsive embera-embed-responsive-photo embera-embed-responsive-provider-flickr\" style=\"box-sizing: inherit; color: rgb(51, 51, 51); font-family: Merriweather, Georgia, &quot;Times New Roman&quot;, serif; font-size: 18.56px; white-space-collapse: collapse;\"><span style=\"font-size: 18.56px;\">Los pilotos est\u00e1n llegando a Santa Fe, ya que con sus navegantes comenzar\u00e1n ma\u00f1ana jueves a confeccionar la hoja de ruta de las dos etapas de competencia a disputarse entre s\u00e1bado 16 y domingo 17. El viernes 15 los autos completar\u00e1n el shakedown y en horas de la noche participaran de la presentaci\u00f3n en rampa simb\u00f3lica.<\/span><\/div>\n","protected":false},"excerpt":{"rendered":"<p>Se correr\u00e1 este pr\u00f3ximo fin de semana, la 7\u00aa fecha del campeonato Argentino de Rally denominada Rally del Jaaukanig\u00e1s, en la localidad de Reconquista, en la provincia de Santa Fe y para esta fecha ya registraron inscripci\u00f3n cinco pilotos y un navegante sanjuaninos. Un total de 52 binomios dir\u00e1n presente en esta fecha y entre [&hellip;]<\/p>\n","protected":false},"author":1,"featured_media":19395,"comment_status":"open","ping_status":"open","sticky":false,"template":"","format":"standard","meta":{"footnotes":""},"categories":[39],"tags":[],"class_list":["post-19394","post","type-post","status-publish","format-standard","has-post-thumbnail","hentry","category-automovilismo"],"yoast_head":"<!-- This site is optimized with the Yoast SEO plugin v28.2 - https:\/\/yoast.com\/product\/yoast-seo-wordpress\/ -->\n<title>Cinco pilotos representar\u00e1n a San Juan en el Rally Argentino - San Juan Deportes<\/title>\n<meta name=\"robots\" content=\"index, follow, max-snippet:-1, max-image-preview:large, max-video-preview:-1\" \/>\n<link rel=\"canonical\" href=\"http:\/\/www.sanjuandeportes.com\/wp\/2023\/09\/13\/cinco-pilotos-representaran-a-san-juan-en-el-rally-argentino\/\" \/>\n<meta property=\"og:locale\" content=\"es_ES\" \/>\n<meta property=\"og:type\" content=\"article\" \/>\n<meta property=\"og:title\" content=\"Cinco pilotos representar\u00e1n a San Juan en el Rally Argentino - San Juan Deportes\" \/>\n<meta property=\"og:description\" content=\"Se correr\u00e1 este pr\u00f3ximo fin de semana, la 7\u00aa fecha del campeonato Argentino de Rally denominada Rally del Jaaukanig\u00e1s, en la localidad de Reconquista, en la provincia de Santa Fe y para esta fecha ya registraron inscripci\u00f3n cinco pilotos y un navegante sanjuaninos. Un total de 52 binomios dir\u00e1n presente en esta fecha y entre [&hellip;]\" \/>\n<meta property=\"og:url\" content=\"http:\/\/www.sanjuandeportes.com\/wp\/2023\/09\/13\/cinco-pilotos-representaran-a-san-juan-en-el-rally-argentino\/\" \/>\n<meta property=\"og:site_name\" content=\"San Juan Deportes\" \/>\n<meta property=\"article:publisher\" content=\"https:\/\/www.facebook.com\/sanjuandeportesok\" \/>\n<meta property=\"article:published_time\" content=\"2023-09-13T21:35:24+00:00\" \/>\n<meta property=\"article:modified_time\" content=\"2023-09-14T18:28:15+00:00\" \/>\n<meta property=\"og:image\" content=\"http:\/\/www.sanjuandeportes.com\/wp\/wp-content\/uploads\/2023\/09\/0b271b19ea0e4f7cacfa7e081c46460b_L.jpg\" \/>\n\t<meta property=\"og:image:width\" content=\"782\" \/>\n\t<meta property=\"og:image:height\" content=\"440\" \/>\n\t<meta property=\"og:image:type\" content=\"image\/jpeg\" \/>\n<meta name=\"author\" content=\"admin\" \/>\n<meta name=\"twitter:card\" content=\"summary_large_image\" \/>\n<meta name=\"twitter:creator\" content=\"@SanJuanDeportes\" \/>\n<meta name=\"twitter:site\" content=\"@SanJuanDeportes\" \/>\n<meta name=\"twitter:label1\" content=\"Escrito por\" \/>\n\t<meta name=\"twitter:data1\" content=\"admin\" \/>\n\t<meta name=\"twitter:label2\" content=\"Tiempo de lectura\" \/>\n\t<meta name=\"twitter:data2\" content=\"2 minutos\" \/>\n<script type=\"application\/ld+json\" class=\"yoast-schema-graph\">{\"@context\":\"https:\\\/\\\/schema.org\",\"@graph\":[{\"@type\":\"Article\",\"@id\":\"http:\\\/\\\/www.sanjuandeportes.com\\\/wp\\\/2023\\\/09\\\/13\\\/cinco-pilotos-representaran-a-san-juan-en-el-rally-argentino\\\/#article\",\"isPartOf\":{\"@id\":\"http:\\\/\\\/www.sanjuandeportes.com\\\/wp\\\/2023\\\/09\\\/13\\\/cinco-pilotos-representaran-a-san-juan-en-el-rally-argentino\\\/\"},\"author\":{\"name\":\"admin\",\"@id\":\"https:\\\/\\\/www.sanjuandeportes.com\\\/wp\\\/#\\\/schema\\\/person\\\/d8e3463931719391897f9c7a6d1bb7b3\"},\"headline\":\"Cinco pilotos representar\u00e1n a San Juan en el Rally Argentino\",\"datePublished\":\"2023-09-13T21:35:24+00:00\",\"dateModified\":\"2023-09-14T18:28:15+00:00\",\"mainEntityOfPage\":{\"@id\":\"http:\\\/\\\/www.sanjuandeportes.com\\\/wp\\\/2023\\\/09\\\/13\\\/cinco-pilotos-representaran-a-san-juan-en-el-rally-argentino\\\/\"},\"wordCount\":396,\"commentCount\":0,\"publisher\":{\"@id\":\"https:\\\/\\\/www.sanjuandeportes.com\\\/wp\\\/#organization\"},\"image\":{\"@id\":\"http:\\\/\\\/www.sanjuandeportes.com\\\/wp\\\/2023\\\/09\\\/13\\\/cinco-pilotos-representaran-a-san-juan-en-el-rally-argentino\\\/#primaryimage\"},\"thumbnailUrl\":\"http:\\\/\\\/www.sanjuandeportes.com\\\/wp\\\/wp-content\\\/uploads\\\/2023\\\/09\\\/0b271b19ea0e4f7cacfa7e081c46460b_L.jpg\",\"articleSection\":[\"Automovilismo\"],\"inLanguage\":\"es\",\"potentialAction\":[{\"@type\":\"CommentAction\",\"name\":\"Comment\",\"target\":[\"http:\\\/\\\/www.sanjuandeportes.com\\\/wp\\\/2023\\\/09\\\/13\\\/cinco-pilotos-representaran-a-san-juan-en-el-rally-argentino\\\/#respond\"]}]},{\"@type\":\"WebPage\",\"@id\":\"http:\\\/\\\/www.sanjuandeportes.com\\\/wp\\\/2023\\\/09\\\/13\\\/cinco-pilotos-representaran-a-san-juan-en-el-rally-argentino\\\/\",\"url\":\"http:\\\/\\\/www.sanjuandeportes.com\\\/wp\\\/2023\\\/09\\\/13\\\/cinco-pilotos-representaran-a-san-juan-en-el-rally-argentino\\\/\",\"name\":\"Cinco pilotos representar\u00e1n a San Juan en el Rally Argentino - San Juan Deportes\",\"isPartOf\":{\"@id\":\"https:\\\/\\\/www.sanjuandeportes.com\\\/wp\\\/#website\"},\"primaryImageOfPage\":{\"@id\":\"http:\\\/\\\/www.sanjuandeportes.com\\\/wp\\\/2023\\\/09\\\/13\\\/cinco-pilotos-representaran-a-san-juan-en-el-rally-argentino\\\/#primaryimage\"},\"image\":{\"@id\":\"http:\\\/\\\/www.sanjuandeportes.com\\\/wp\\\/2023\\\/09\\\/13\\\/cinco-pilotos-representaran-a-san-juan-en-el-rally-argentino\\\/#primaryimage\"},\"thumbnailUrl\":\"http:\\\/\\\/www.sanjuandeportes.com\\\/wp\\\/wp-content\\\/uploads\\\/2023\\\/09\\\/0b271b19ea0e4f7cacfa7e081c46460b_L.jpg\",\"datePublished\":\"2023-09-13T21:35:24+00:00\",\"dateModified\":\"2023-09-14T18:28:15+00:00\",\"breadcrumb\":{\"@id\":\"http:\\\/\\\/www.sanjuandeportes.com\\\/wp\\\/2023\\\/09\\\/13\\\/cinco-pilotos-representaran-a-san-juan-en-el-rally-argentino\\\/#breadcrumb\"},\"inLanguage\":\"es\",\"potentialAction\":[{\"@type\":\"ReadAction\",\"target\":[\"http:\\\/\\\/www.sanjuandeportes.com\\\/wp\\\/2023\\\/09\\\/13\\\/cinco-pilotos-representaran-a-san-juan-en-el-rally-argentino\\\/\"]}]},{\"@type\":\"ImageObject\",\"inLanguage\":\"es\",\"@id\":\"http:\\\/\\\/www.sanjuandeportes.com\\\/wp\\\/2023\\\/09\\\/13\\\/cinco-pilotos-representaran-a-san-juan-en-el-rally-argentino\\\/#primaryimage\",\"url\":\"http:\\\/\\\/www.sanjuandeportes.com\\\/wp\\\/wp-content\\\/uploads\\\/2023\\\/09\\\/0b271b19ea0e4f7cacfa7e081c46460b_L.jpg\",\"contentUrl\":\"http:\\\/\\\/www.sanjuandeportes.com\\\/wp\\\/wp-content\\\/uploads\\\/2023\\\/09\\\/0b271b19ea0e4f7cacfa7e081c46460b_L.jpg\",\"width\":782,\"height\":440},{\"@type\":\"BreadcrumbList\",\"@id\":\"http:\\\/\\\/www.sanjuandeportes.com\\\/wp\\\/2023\\\/09\\\/13\\\/cinco-pilotos-representaran-a-san-juan-en-el-rally-argentino\\\/#breadcrumb\",\"itemListElement\":[{\"@type\":\"ListItem\",\"position\":1,\"name\":\"Portada\",\"item\":\"http:\\\/\\\/www.sanjuandeportes.com\\\/wp\\\/\"},{\"@type\":\"ListItem\",\"position\":2,\"name\":\"Cinco pilotos representar\u00e1n a San Juan en el Rally Argentino\"}]},{\"@type\":\"WebSite\",\"@id\":\"https:\\\/\\\/www.sanjuandeportes.com\\\/wp\\\/#website\",\"url\":\"https:\\\/\\\/www.sanjuandeportes.com\\\/wp\\\/\",\"name\":\"San Juan Deportes\",\"description\":\"El sitio de deportes de la provincia de San Juan\",\"publisher\":{\"@id\":\"https:\\\/\\\/www.sanjuandeportes.com\\\/wp\\\/#organization\"},\"potentialAction\":[{\"@type\":\"SearchAction\",\"target\":{\"@type\":\"EntryPoint\",\"urlTemplate\":\"https:\\\/\\\/www.sanjuandeportes.com\\\/wp\\\/?s={search_term_string}\"},\"query-input\":{\"@type\":\"PropertyValueSpecification\",\"valueRequired\":true,\"valueName\":\"search_term_string\"}}],\"inLanguage\":\"es\"},{\"@type\":\"Organization\",\"@id\":\"https:\\\/\\\/www.sanjuandeportes.com\\\/wp\\\/#organization\",\"name\":\"San Juan Deportes\",\"url\":\"https:\\\/\\\/www.sanjuandeportes.com\\\/wp\\\/\",\"logo\":{\"@type\":\"ImageObject\",\"inLanguage\":\"es\",\"@id\":\"https:\\\/\\\/www.sanjuandeportes.com\\\/wp\\\/#\\\/schema\\\/logo\\\/image\\\/\",\"url\":\"https:\\\/\\\/www.sanjuandeportes.com\\\/wp\\\/wp-content\\\/uploads\\\/unnamed.jpg\",\"contentUrl\":\"https:\\\/\\\/www.sanjuandeportes.com\\\/wp\\\/wp-content\\\/uploads\\\/unnamed.jpg\",\"width\":900,\"height\":900,\"caption\":\"San Juan Deportes\"},\"image\":{\"@id\":\"https:\\\/\\\/www.sanjuandeportes.com\\\/wp\\\/#\\\/schema\\\/logo\\\/image\\\/\"},\"sameAs\":[\"https:\\\/\\\/www.facebook.com\\\/sanjuandeportesok\",\"https:\\\/\\\/x.com\\\/SanJuanDeportes\",\"https:\\\/\\\/www.instagram.com\\\/sanjuandeportes\"]},{\"@type\":\"Person\",\"@id\":\"https:\\\/\\\/www.sanjuandeportes.com\\\/wp\\\/#\\\/schema\\\/person\\\/d8e3463931719391897f9c7a6d1bb7b3\",\"name\":\"admin\",\"image\":{\"@type\":\"ImageObject\",\"inLanguage\":\"es\",\"@id\":\"https:\\\/\\\/secure.gravatar.com\\\/avatar\\\/c4deacdacf798758c71e8e4f4ca4bcf755ae082e386babce41b35a278703bed5?s=96&d=mm&r=g\",\"url\":\"https:\\\/\\\/secure.gravatar.com\\\/avatar\\\/c4deacdacf798758c71e8e4f4ca4bcf755ae082e386babce41b35a278703bed5?s=96&d=mm&r=g\",\"contentUrl\":\"https:\\\/\\\/secure.gravatar.com\\\/avatar\\\/c4deacdacf798758c71e8e4f4ca4bcf755ae082e386babce41b35a278703bed5?s=96&d=mm&r=g\",\"caption\":\"admin\"},\"url\":\"http:\\\/\\\/www.sanjuandeportes.com\\\/wp\\\/author\\\/admin\\\/\"}]}<\/script>\n<!-- \/ Yoast SEO plugin. -->","yoast_head_json":{"title":"Cinco pilotos representar\u00e1n a San Juan en el Rally Argentino - San Juan Deportes","robots":{"index":"index","follow":"follow","max-snippet":"max-snippet:-1","max-image-preview":"max-image-preview:large","max-video-preview":"max-video-preview:-1"},"canonical":"http:\/\/www.sanjuandeportes.com\/wp\/2023\/09\/13\/cinco-pilotos-representaran-a-san-juan-en-el-rally-argentino\/","og_locale":"es_ES","og_type":"article","og_title":"Cinco pilotos representar\u00e1n a San Juan en el Rally Argentino - San Juan Deportes","og_description":"Se correr\u00e1 este pr\u00f3ximo fin de semana, la 7\u00aa fecha del campeonato Argentino de Rally denominada Rally del Jaaukanig\u00e1s, en la localidad de Reconquista, en la provincia de Santa Fe y para esta fecha ya registraron inscripci\u00f3n cinco pilotos y un navegante sanjuaninos. Un total de 52 binomios dir\u00e1n presente en esta fecha y entre [&hellip;]","og_url":"http:\/\/www.sanjuandeportes.com\/wp\/2023\/09\/13\/cinco-pilotos-representaran-a-san-juan-en-el-rally-argentino\/","og_site_name":"San Juan Deportes","article_publisher":"https:\/\/www.facebook.com\/sanjuandeportesok","article_published_time":"2023-09-13T21:35:24+00:00","article_modified_time":"2023-09-14T18:28:15+00:00","og_image":[{"width":782,"height":440,"url":"http:\/\/www.sanjuandeportes.com\/wp\/wp-content\/uploads\/2023\/09\/0b271b19ea0e4f7cacfa7e081c46460b_L.jpg","type":"image\/jpeg"}],"author":"admin","twitter_card":"summary_large_image","twitter_creator":"@SanJuanDeportes","twitter_site":"@SanJuanDeportes","twitter_misc":{"Escrito por":"admin","Tiempo de lectura":"2 minutos"},"schema":{"@context":"https:\/\/schema.org","@graph":[{"@type":"Article","@id":"http:\/\/www.sanjuandeportes.com\/wp\/2023\/09\/13\/cinco-pilotos-representaran-a-san-juan-en-el-rally-argentino\/#article","isPartOf":{"@id":"http:\/\/www.sanjuandeportes.com\/wp\/2023\/09\/13\/cinco-pilotos-representaran-a-san-juan-en-el-rally-argentino\/"},"author":{"name":"admin","@id":"https:\/\/www.sanjuandeportes.com\/wp\/#\/schema\/person\/d8e3463931719391897f9c7a6d1bb7b3"},"headline":"Cinco pilotos representar\u00e1n a San Juan en el Rally Argentino","datePublished":"2023-09-13T21:35:24+00:00","dateModified":"2023-09-14T18:28:15+00:00","mainEntityOfPage":{"@id":"http:\/\/www.sanjuandeportes.com\/wp\/2023\/09\/13\/cinco-pilotos-representaran-a-san-juan-en-el-rally-argentino\/"},"wordCount":396,"commentCount":0,"publisher":{"@id":"https:\/\/www.sanjuandeportes.com\/wp\/#organization"},"image":{"@id":"http:\/\/www.sanjuandeportes.com\/wp\/2023\/09\/13\/cinco-pilotos-representaran-a-san-juan-en-el-rally-argentino\/#primaryimage"},"thumbnailUrl":"http:\/\/www.sanjuandeportes.com\/wp\/wp-content\/uploads\/2023\/09\/0b271b19ea0e4f7cacfa7e081c46460b_L.jpg","articleSection":["Automovilismo"],"inLanguage":"es","potentialAction":[{"@type":"CommentAction","name":"Comment","target":["http:\/\/www.sanjuandeportes.com\/wp\/2023\/09\/13\/cinco-pilotos-representaran-a-san-juan-en-el-rally-argentino\/#respond"]}]},{"@type":"WebPage","@id":"http:\/\/www.sanjuandeportes.com\/wp\/2023\/09\/13\/cinco-pilotos-representaran-a-san-juan-en-el-rally-argentino\/","url":"http:\/\/www.sanjuandeportes.com\/wp\/2023\/09\/13\/cinco-pilotos-representaran-a-san-juan-en-el-rally-argentino\/","name":"Cinco pilotos representar\u00e1n a San Juan en el Rally Argentino - San Juan Deportes","isPartOf":{"@id":"https:\/\/www.sanjuandeportes.com\/wp\/#website"},"primaryImageOfPage":{"@id":"http:\/\/www.sanjuandeportes.com\/wp\/2023\/09\/13\/cinco-pilotos-representaran-a-san-juan-en-el-rally-argentino\/#primaryimage"},"image":{"@id":"http:\/\/www.sanjuandeportes.com\/wp\/2023\/09\/13\/cinco-pilotos-representaran-a-san-juan-en-el-rally-argentino\/#primaryimage"},"thumbnailUrl":"http:\/\/www.sanjuandeportes.com\/wp\/wp-content\/uploads\/2023\/09\/0b271b19ea0e4f7cacfa7e081c46460b_L.jpg","datePublished":"2023-09-13T21:35:24+00:00","dateModified":"2023-09-14T18:28:15+00:00","breadcrumb":{"@id":"http:\/\/www.sanjuandeportes.com\/wp\/2023\/09\/13\/cinco-pilotos-representaran-a-san-juan-en-el-rally-argentino\/#breadcrumb"},"inLanguage":"es","potentialAction":[{"@type":"ReadAction","target":["http:\/\/www.sanjuandeportes.com\/wp\/2023\/09\/13\/cinco-pilotos-representaran-a-san-juan-en-el-rally-argentino\/"]}]},{"@type":"ImageObject","inLanguage":"es","@id":"http:\/\/www.sanjuandeportes.com\/wp\/2023\/09\/13\/cinco-pilotos-representaran-a-san-juan-en-el-rally-argentino\/#primaryimage","url":"http:\/\/www.sanjuandeportes.com\/wp\/wp-content\/uploads\/2023\/09\/0b271b19ea0e4f7cacfa7e081c46460b_L.jpg","contentUrl":"http:\/\/www.sanjuandeportes.com\/wp\/wp-content\/uploads\/2023\/09\/0b271b19ea0e4f7cacfa7e081c46460b_L.jpg","width":782,"height":440},{"@type":"BreadcrumbList","@id":"http:\/\/www.sanjuandeportes.com\/wp\/2023\/09\/13\/cinco-pilotos-representaran-a-san-juan-en-el-rally-argentino\/#breadcrumb","itemListElement":[{"@type":"ListItem","position":1,"name":"Portada","item":"http:\/\/www.sanjuandeportes.com\/wp\/"},{"@type":"ListItem","position":2,"name":"Cinco pilotos representar\u00e1n a San Juan en el Rally Argentino"}]},{"@type":"WebSite","@id":"https:\/\/www.sanjuandeportes.com\/wp\/#website","url":"https:\/\/www.sanjuandeportes.com\/wp\/","name":"San Juan Deportes","description":"El sitio de deportes de la provincia de San Juan","publisher":{"@id":"https:\/\/www.sanjuandeportes.com\/wp\/#organization"},"potentialAction":[{"@type":"SearchAction","target":{"@type":"EntryPoint","urlTemplate":"https:\/\/www.sanjuandeportes.com\/wp\/?s={search_term_string}"},"query-input":{"@type":"PropertyValueSpecification","valueRequired":true,"valueName":"search_term_string"}}],"inLanguage":"es"},{"@type":"Organization","@id":"https:\/\/www.sanjuandeportes.com\/wp\/#organization","name":"San Juan Deportes","url":"https:\/\/www.sanjuandeportes.com\/wp\/","logo":{"@type":"ImageObject","inLanguage":"es","@id":"https:\/\/www.sanjuandeportes.com\/wp\/#\/schema\/logo\/image\/","url":"https:\/\/www.sanjuandeportes.com\/wp\/wp-content\/uploads\/unnamed.jpg","contentUrl":"https:\/\/www.sanjuandeportes.com\/wp\/wp-content\/uploads\/unnamed.jpg","width":900,"height":900,"caption":"San Juan Deportes"},"image":{"@id":"https:\/\/www.sanjuandeportes.com\/wp\/#\/schema\/logo\/image\/"},"sameAs":["https:\/\/www.facebook.com\/sanjuandeportesok","https:\/\/x.com\/SanJuanDeportes","https:\/\/www.instagram.com\/sanjuandeportes"]},{"@type":"Person","@id":"https:\/\/www.sanjuandeportes.com\/wp\/#\/schema\/person\/d8e3463931719391897f9c7a6d1bb7b3","name":"admin","image":{"@type":"ImageObject","inLanguage":"es","@id":"https:\/\/secure.gravatar.com\/avatar\/c4deacdacf798758c71e8e4f4ca4bcf755ae082e386babce41b35a278703bed5?s=96&d=mm&r=g","url":"https:\/\/secure.gravatar.com\/avatar\/c4deacdacf798758c71e8e4f4ca4bcf755ae082e386babce41b35a278703bed5?s=96&d=mm&r=g","contentUrl":"https:\/\/secure.gravatar.com\/avatar\/c4deacdacf798758c71e8e4f4ca4bcf755ae082e386babce41b35a278703bed5?s=96&d=mm&r=g","caption":"admin"},"url":"http:\/\/www.sanjuandeportes.com\/wp\/author\/admin\/"}]}},"_links":{"self":[{"href":"http:\/\/www.sanjuandeportes.com\/wp\/wp-json\/wp\/v2\/posts\/19394","targetHints":{"allow":["GET"]}}],"collection":[{"href":"http:\/\/www.sanjuandeportes.com\/wp\/wp-json\/wp\/v2\/posts"}],"about":[{"href":"http:\/\/www.sanjuandeportes.com\/wp\/wp-json\/wp\/v2\/types\/post"}],"author":[{"embeddable":true,"href":"http:\/\/www.sanjuandeportes.com\/wp\/wp-json\/wp\/v2\/users\/1"}],"replies":[{"embeddable":true,"href":"http:\/\/www.sanjuandeportes.com\/wp\/wp-json\/wp\/v2\/comments?post=19394"}],"version-history":[{"count":1,"href":"http:\/\/www.sanjuandeportes.com\/wp\/wp-json\/wp\/v2\/posts\/19394\/revisions"}],"predecessor-version":[{"id":19396,"href":"http:\/\/www.sanjuandeportes.com\/wp\/wp-json\/wp\/v2\/posts\/19394\/revisions\/19396"}],"wp:featuredmedia":[{"embeddable":true,"href":"http:\/\/www.sanjuandeportes.com\/wp\/wp-json\/wp\/v2\/media\/19395"}],"wp:attachment":[{"href":"http:\/\/www.sanjuandeportes.com\/wp\/wp-json\/wp\/v2\/media?parent=19394"}],"wp:term":[{"taxonomy":"category","embeddable":true,"href":"http:\/\/www.sanjuandeportes.com\/wp\/wp-json\/wp\/v2\/categories?post=19394"},{"taxonomy":"post_tag","embeddable":true,"href":"http:\/\/www.sanjuandeportes.com\/wp\/wp-json\/wp\/v2\/tags?post=19394"}],"curies":[{"name":"wp","href":"https:\/\/api.w.org\/{rel}","templated":true}]}}