{"id":19827,"date":"2023-11-07T19:21:35","date_gmt":"2023-11-07T22:21:35","guid":{"rendered":"http:\/\/www.sanjuandeportes.com\/wp\/?p=19827"},"modified":"2023-11-08T17:23:58","modified_gmt":"2023-11-08T20:23:58","slug":"six-days-en-san-juan-murio-un-piloto-tras-caer-de-su-moto","status":"publish","type":"post","link":"http:\/\/www.sanjuandeportes.com\/wp\/2023\/11\/07\/six-days-en-san-juan-murio-un-piloto-tras-caer-de-su-moto\/","title":{"rendered":"Six Days en San Juan: muri\u00f3 un piloto, tras caer de su moto"},"content":{"rendered":"\n<p>Este martes en la tarde, un piloto que compet\u00eda en el mundial de enduro en San Juan, sufri\u00f3 una ca\u00edda de su moto y aunque fue atendido de inmediato, muri\u00f3 momentos despu\u00e9s en urgencias del Hospital Rawson.&nbsp;<\/p>\n\n\n\n<p>Luego de la tragedia, desde la organizaci\u00f3n del evento emitieron un comunicado en el que confirmaron su identidad. En el lugar trabaja personal policial de Comisar\u00eda 18va, la UFI Delitos Especiales y Criminal\u00edstica.<\/p>\n\n\n\n<p>A continuaci\u00f3n, el comunicado:&nbsp;<\/p>\n\n\n\n<p><em>Con gran pesar, la FIM puede confirmar la tr\u00e1gica muerte de Albert Pos &#8211; piloto #807 &#8211; de los Pa\u00edses Bajos que participaba en el segundo d\u00eda del FIM International Six Day&#8217;s Enduro (ISDE) 2023 en San Juan, Argentina.&nbsp;<\/em><\/p>\n\n\n\n<p><em>Albert era miembro del Club Team Selling\/Bl\u00f6mer\/Pos, compitiendo en la categor\u00eda Club Team Award. Fue atendido por miembros del equipo m\u00e9dico del evento, pero a pesar de su intervenci\u00f3n no pudieron evitar su posterior fallecimiento. &nbsp;<\/em><\/p>\n\n\n\n<p><em>La FIM, CAMOD (Confederaci\u00f3n Argentina de Motociclismo Deportivo) y el organizador local +Eventos, se unen a toda la comunidad del motociclismo para transmitir sus condolencias a su familia, amigos y KNMV (Federaci\u00f3n Neerlandesa de Motociclismo) en este momento extremadamente dif\u00edcil y triste.<\/em><\/p>\n\n\n\n<p><em>Ma\u00f1ana se realizar\u00e1 un minuto de silencio al inicio del d\u00eda del ISDE en homenaje y recuerdo de Albert.<\/em><\/p>\n","protected":false},"excerpt":{"rendered":"<p>Este martes en la tarde, un piloto que compet\u00eda en el mundial de enduro en San Juan, sufri\u00f3 una ca\u00edda de su moto y aunque fue atendido de inmediato, muri\u00f3 momentos despu\u00e9s en urgencias del Hospital Rawson.&nbsp; Luego de la tragedia, desde la organizaci\u00f3n del evento emitieron un comunicado en el que confirmaron su identidad. [&hellip;]<\/p>\n","protected":false},"author":1,"featured_media":19828,"comment_status":"open","ping_status":"open","sticky":false,"template":"","format":"standard","meta":{"footnotes":""},"categories":[180,178],"tags":[],"class_list":["post-19827","post","type-post","status-publish","format-standard","has-post-thumbnail","hentry","category-fuera-de-juego","category-san-juan"],"_links":{"self":[{"href":"http:\/\/www.sanjuandeportes.com\/wp\/wp-json\/wp\/v2\/posts\/19827","targetHints":{"allow":["GET"]}}],"collection":[{"href":"http:\/\/www.sanjuandeportes.com\/wp\/wp-json\/wp\/v2\/posts"}],"about":[{"href":"http:\/\/www.sanjuandeportes.com\/wp\/wp-json\/wp\/v2\/types\/post"}],"author":[{"embeddable":true,"href":"http:\/\/www.sanjuandeportes.com\/wp\/wp-json\/wp\/v2\/users\/1"}],"replies":[{"embeddable":true,"href":"http:\/\/www.sanjuandeportes.com\/wp\/wp-json\/wp\/v2\/comments?post=19827"}],"version-history":[{"count":1,"href":"http:\/\/www.sanjuandeportes.com\/wp\/wp-json\/wp\/v2\/posts\/19827\/revisions"}],"predecessor-version":[{"id":19829,"href":"http:\/\/www.sanjuandeportes.com\/wp\/wp-json\/wp\/v2\/posts\/19827\/revisions\/19829"}],"wp:featuredmedia":[{"embeddable":true,"href":"http:\/\/www.sanjuandeportes.com\/wp\/wp-json\/wp\/v2\/media\/19828"}],"wp:attachment":[{"href":"http:\/\/www.sanjuandeportes.com\/wp\/wp-json\/wp\/v2\/media?parent=19827"}],"wp:term":[{"taxonomy":"category","embeddable":true,"href":"http:\/\/www.sanjuandeportes.com\/wp\/wp-json\/wp\/v2\/categories?post=19827"},{"taxonomy":"post_tag","embeddable":true,"href":"http:\/\/www.sanjuandeportes.com\/wp\/wp-json\/wp\/v2\/tags?post=19827"}],"curies":[{"name":"wp","href":"https:\/\/api.w.org\/{rel}","templated":true}]}}