{"id":19898,"date":"2023-11-21T17:56:37","date_gmt":"2023-11-21T20:56:37","guid":{"rendered":"https:\/\/www.sanjuandeportes.com\/wp\/?p=19898"},"modified":"2023-11-21T17:56:38","modified_gmt":"2023-11-21T20:56:38","slug":"leonela-yudica-cierra-el-ano-peleando-en-buenos-aires","status":"publish","type":"post","link":"http:\/\/www.sanjuandeportes.com\/wp\/2023\/11\/21\/leonela-yudica-cierra-el-ano-peleando-en-buenos-aires\/","title":{"rendered":"Leonela Y\u00fadica cierra el a\u00f1o peleando en Buenos Aires"},"content":{"rendered":"\n<p class=\"wp-block-paragraph\">A la espera de una nueva pelea a nivel internacional, la campeona mini mosca Silver del Consejo Mundial de Box, Leonela Y\u00fadica volver\u00e1 al ring para enfrentarse a la porte\u00f1a Carolina Ferrari.<\/p>\n\n\n\n<p class=\"wp-block-paragraph\">El combate ser\u00e1 el s\u00e1bado 25 de noviembre, a las 22 horas, en el Polideportivo Diego Armando Maradona, del Partido de Malvinas Argentinas, provincia de Buenos Aires.<\/p>\n\n\n\n<p class=\"wp-block-paragraph\">La p\u00fagil sanjuanina no ha detenido sus entrenamientos y llega a este compromiso con un impecable estado f\u00edsico y ya en peso. En relaci\u00f3n al mismo, coment\u00f3: \u201cHace pocos d\u00edas me confirmaron esta pelea; va a ser en categor\u00eda Mosca, que tiene un l\u00edmite 50,800 kg, porque es lo que se consigui\u00f3, ya que mi rival tiene esa categor\u00eda. La idea era pelear en Mosca o M\u00ednimo, pero no pudimos conseguirlo.<\/p>\n\n\n\n<p class=\"wp-block-paragraph\">Decidimos hacerlo porque no sali\u00f3 ninguna pelea por t\u00edtulo, de todos modos, lo importante es poder hacer una pelea antes de que termine el a\u00f1o, para no estar tanto tiempo sin actividad.<\/p>\n\n\n\n<p class=\"wp-block-paragraph\">Estoy entrenando en los \u00faltimos d\u00edas previos, por suerte ya en categor\u00eda, as\u00ed que tranquila por esa parte y realizando los \u00faltimos trabajos para llegar de la mejor manera.<\/p>\n\n\n\n<p class=\"wp-block-paragraph\">En la parte f\u00edsica, trabajando, como siempre, con el profesor Gustavo Milla y en la parte t\u00e9cnica, ahora, con Rub\u00e9n Ojeda, que es quien me va a asistir desde lo t\u00e9cnico en el rinc\u00f3n. \u00c9l es mi t\u00e9cnico ahora y ya estuvo d\u00e1ndome una mano en la pelea de Las Vegas.<\/p>\n\n\n\n<p class=\"wp-block-paragraph\">Debo destacar la gran ayuda que he tenido en el trabajo de manopleo, por parte de Leonardo Mercado y en cuanto a guanteo, de F\u00e1tima Villafa\u00f1e, quien me ha ayudado much\u00edsimo. Justamente, el lunes hicimos el \u00faltimo guanteo, que fue muy lindo. Ahora a esperar que llegue el s\u00e1bado y tratar de hacer una buena pelea y cerrar el a\u00f1o de la mejor manera\u201d, dijo la campeona.<\/p>\n\n\n\n<p class=\"wp-block-paragraph\">Leonela Y\u00fadica llega a este combate con un r\u00e9cord de 19 peleas ganadas (1 por KO), 3 empates y dos perdidas, mientras que Carolina Ornella Ferrari suma 3 victoria, 2 empates y 4 derrotas.<\/p>\n","protected":false},"excerpt":{"rendered":"<p>A la espera de una nueva pelea a nivel internacional, la campeona mini mosca Silver del Consejo Mundial de Box, Leonela Y\u00fadica volver\u00e1 al ring para enfrentarse a la porte\u00f1a Carolina Ferrari. El combate ser\u00e1 el s\u00e1bado 25 de noviembre, a las 22 horas, en el Polideportivo Diego Armando Maradona, del Partido de Malvinas Argentinas, [&hellip;]<\/p>\n","protected":false},"author":1,"featured_media":11964,"comment_status":"open","ping_status":"open","sticky":false,"template":"","format":"standard","meta":{"footnotes":""},"categories":[179,2,178],"tags":[],"class_list":["post-19898","post","type-post","status-publish","format-standard","has-post-thumbnail","hentry","category-boxeo","category-featured","category-san-juan"],"yoast_head":"<!-- This site is optimized with the Yoast SEO plugin v28.2 - https:\/\/yoast.com\/product\/yoast-seo-wordpress\/ -->\n<title>Leonela Y\u00fadica cierra el a\u00f1o peleando en Buenos Aires - San Juan Deportes<\/title>\n<meta name=\"robots\" content=\"index, follow, max-snippet:-1, max-image-preview:large, max-video-preview:-1\" \/>\n<link rel=\"canonical\" href=\"http:\/\/www.sanjuandeportes.com\/wp\/2023\/11\/21\/leonela-yudica-cierra-el-ano-peleando-en-buenos-aires\/\" \/>\n<meta property=\"og:locale\" content=\"es_ES\" \/>\n<meta property=\"og:type\" content=\"article\" \/>\n<meta property=\"og:title\" content=\"Leonela Y\u00fadica cierra el a\u00f1o peleando en Buenos Aires - San Juan Deportes\" \/>\n<meta property=\"og:description\" content=\"A la espera de una nueva pelea a nivel internacional, la campeona mini mosca Silver del Consejo Mundial de Box, Leonela Y\u00fadica volver\u00e1 al ring para enfrentarse a la porte\u00f1a Carolina Ferrari. El combate ser\u00e1 el s\u00e1bado 25 de noviembre, a las 22 horas, en el Polideportivo Diego Armando Maradona, del Partido de Malvinas Argentinas, [&hellip;]\" \/>\n<meta property=\"og:url\" content=\"http:\/\/www.sanjuandeportes.com\/wp\/2023\/11\/21\/leonela-yudica-cierra-el-ano-peleando-en-buenos-aires\/\" \/>\n<meta property=\"og:site_name\" content=\"San Juan Deportes\" \/>\n<meta property=\"article:publisher\" content=\"https:\/\/www.facebook.com\/sanjuandeportesok\" \/>\n<meta property=\"article:published_time\" content=\"2023-11-21T20:56:37+00:00\" \/>\n<meta property=\"article:modified_time\" content=\"2023-11-21T20:56:38+00:00\" \/>\n<meta property=\"og:image\" content=\"http:\/\/www.sanjuandeportes.com\/wp\/wp-content\/uploads\/2021\/01\/9099feb1ab20c7cd2bf674076639e456_L.jpg\" \/>\n\t<meta property=\"og:image:width\" content=\"782\" \/>\n\t<meta property=\"og:image:height\" content=\"440\" \/>\n\t<meta property=\"og:image:type\" content=\"image\/jpeg\" \/>\n<meta name=\"author\" content=\"admin\" \/>\n<meta name=\"twitter:card\" content=\"summary_large_image\" \/>\n<meta name=\"twitter:creator\" content=\"@SanJuanDeportes\" \/>\n<meta name=\"twitter:site\" content=\"@SanJuanDeportes\" \/>\n<meta name=\"twitter:label1\" content=\"Escrito por\" \/>\n\t<meta name=\"twitter:data1\" content=\"admin\" \/>\n\t<meta name=\"twitter:label2\" content=\"Tiempo de lectura\" \/>\n\t<meta name=\"twitter:data2\" content=\"2 minutos\" \/>\n<script type=\"application\/ld+json\" class=\"yoast-schema-graph\">{\"@context\":\"https:\\\/\\\/schema.org\",\"@graph\":[{\"@type\":\"Article\",\"@id\":\"http:\\\/\\\/www.sanjuandeportes.com\\\/wp\\\/2023\\\/11\\\/21\\\/leonela-yudica-cierra-el-ano-peleando-en-buenos-aires\\\/#article\",\"isPartOf\":{\"@id\":\"http:\\\/\\\/www.sanjuandeportes.com\\\/wp\\\/2023\\\/11\\\/21\\\/leonela-yudica-cierra-el-ano-peleando-en-buenos-aires\\\/\"},\"author\":{\"name\":\"admin\",\"@id\":\"http:\\\/\\\/www.sanjuandeportes.com\\\/wp\\\/#\\\/schema\\\/person\\\/d8e3463931719391897f9c7a6d1bb7b3\"},\"headline\":\"Leonela Y\u00fadica cierra el a\u00f1o peleando en Buenos Aires\",\"datePublished\":\"2023-11-21T20:56:37+00:00\",\"dateModified\":\"2023-11-21T20:56:38+00:00\",\"mainEntityOfPage\":{\"@id\":\"http:\\\/\\\/www.sanjuandeportes.com\\\/wp\\\/2023\\\/11\\\/21\\\/leonela-yudica-cierra-el-ano-peleando-en-buenos-aires\\\/\"},\"wordCount\":374,\"commentCount\":0,\"publisher\":{\"@id\":\"http:\\\/\\\/www.sanjuandeportes.com\\\/wp\\\/#organization\"},\"image\":{\"@id\":\"http:\\\/\\\/www.sanjuandeportes.com\\\/wp\\\/2023\\\/11\\\/21\\\/leonela-yudica-cierra-el-ano-peleando-en-buenos-aires\\\/#primaryimage\"},\"thumbnailUrl\":\"http:\\\/\\\/www.sanjuandeportes.com\\\/wp\\\/wp-content\\\/uploads\\\/2021\\\/01\\\/9099feb1ab20c7cd2bf674076639e456_L.jpg\",\"articleSection\":[\"Boxeo\",\"Featured\",\"San Juan\"],\"inLanguage\":\"es\",\"potentialAction\":[{\"@type\":\"CommentAction\",\"name\":\"Comment\",\"target\":[\"http:\\\/\\\/www.sanjuandeportes.com\\\/wp\\\/2023\\\/11\\\/21\\\/leonela-yudica-cierra-el-ano-peleando-en-buenos-aires\\\/#respond\"]}]},{\"@type\":\"WebPage\",\"@id\":\"http:\\\/\\\/www.sanjuandeportes.com\\\/wp\\\/2023\\\/11\\\/21\\\/leonela-yudica-cierra-el-ano-peleando-en-buenos-aires\\\/\",\"url\":\"http:\\\/\\\/www.sanjuandeportes.com\\\/wp\\\/2023\\\/11\\\/21\\\/leonela-yudica-cierra-el-ano-peleando-en-buenos-aires\\\/\",\"name\":\"Leonela Y\u00fadica cierra el a\u00f1o peleando en Buenos Aires - San Juan Deportes\",\"isPartOf\":{\"@id\":\"http:\\\/\\\/www.sanjuandeportes.com\\\/wp\\\/#website\"},\"primaryImageOfPage\":{\"@id\":\"http:\\\/\\\/www.sanjuandeportes.com\\\/wp\\\/2023\\\/11\\\/21\\\/leonela-yudica-cierra-el-ano-peleando-en-buenos-aires\\\/#primaryimage\"},\"image\":{\"@id\":\"http:\\\/\\\/www.sanjuandeportes.com\\\/wp\\\/2023\\\/11\\\/21\\\/leonela-yudica-cierra-el-ano-peleando-en-buenos-aires\\\/#primaryimage\"},\"thumbnailUrl\":\"http:\\\/\\\/www.sanjuandeportes.com\\\/wp\\\/wp-content\\\/uploads\\\/2021\\\/01\\\/9099feb1ab20c7cd2bf674076639e456_L.jpg\",\"datePublished\":\"2023-11-21T20:56:37+00:00\",\"dateModified\":\"2023-11-21T20:56:38+00:00\",\"breadcrumb\":{\"@id\":\"http:\\\/\\\/www.sanjuandeportes.com\\\/wp\\\/2023\\\/11\\\/21\\\/leonela-yudica-cierra-el-ano-peleando-en-buenos-aires\\\/#breadcrumb\"},\"inLanguage\":\"es\",\"potentialAction\":[{\"@type\":\"ReadAction\",\"target\":[\"http:\\\/\\\/www.sanjuandeportes.com\\\/wp\\\/2023\\\/11\\\/21\\\/leonela-yudica-cierra-el-ano-peleando-en-buenos-aires\\\/\"]}]},{\"@type\":\"ImageObject\",\"inLanguage\":\"es\",\"@id\":\"http:\\\/\\\/www.sanjuandeportes.com\\\/wp\\\/2023\\\/11\\\/21\\\/leonela-yudica-cierra-el-ano-peleando-en-buenos-aires\\\/#primaryimage\",\"url\":\"http:\\\/\\\/www.sanjuandeportes.com\\\/wp\\\/wp-content\\\/uploads\\\/2021\\\/01\\\/9099feb1ab20c7cd2bf674076639e456_L.jpg\",\"contentUrl\":\"http:\\\/\\\/www.sanjuandeportes.com\\\/wp\\\/wp-content\\\/uploads\\\/2021\\\/01\\\/9099feb1ab20c7cd2bf674076639e456_L.jpg\",\"width\":782,\"height\":440},{\"@type\":\"BreadcrumbList\",\"@id\":\"http:\\\/\\\/www.sanjuandeportes.com\\\/wp\\\/2023\\\/11\\\/21\\\/leonela-yudica-cierra-el-ano-peleando-en-buenos-aires\\\/#breadcrumb\",\"itemListElement\":[{\"@type\":\"ListItem\",\"position\":1,\"name\":\"Portada\",\"item\":\"http:\\\/\\\/www.sanjuandeportes.com\\\/wp\\\/\"},{\"@type\":\"ListItem\",\"position\":2,\"name\":\"Leonela Y\u00fadica cierra el a\u00f1o peleando en Buenos Aires\"}]},{\"@type\":\"WebSite\",\"@id\":\"http:\\\/\\\/www.sanjuandeportes.com\\\/wp\\\/#website\",\"url\":\"http:\\\/\\\/www.sanjuandeportes.com\\\/wp\\\/\",\"name\":\"San Juan Deportes\",\"description\":\"El sitio de deportes de la provincia de San Juan\",\"publisher\":{\"@id\":\"http:\\\/\\\/www.sanjuandeportes.com\\\/wp\\\/#organization\"},\"potentialAction\":[{\"@type\":\"SearchAction\",\"target\":{\"@type\":\"EntryPoint\",\"urlTemplate\":\"http:\\\/\\\/www.sanjuandeportes.com\\\/wp\\\/?s={search_term_string}\"},\"query-input\":{\"@type\":\"PropertyValueSpecification\",\"valueRequired\":true,\"valueName\":\"search_term_string\"}}],\"inLanguage\":\"es\"},{\"@type\":\"Organization\",\"@id\":\"http:\\\/\\\/www.sanjuandeportes.com\\\/wp\\\/#organization\",\"name\":\"San Juan Deportes\",\"url\":\"http:\\\/\\\/www.sanjuandeportes.com\\\/wp\\\/\",\"logo\":{\"@type\":\"ImageObject\",\"inLanguage\":\"es\",\"@id\":\"http:\\\/\\\/www.sanjuandeportes.com\\\/wp\\\/#\\\/schema\\\/logo\\\/image\\\/\",\"url\":\"https:\\\/\\\/www.sanjuandeportes.com\\\/wp\\\/wp-content\\\/uploads\\\/unnamed.jpg\",\"contentUrl\":\"https:\\\/\\\/www.sanjuandeportes.com\\\/wp\\\/wp-content\\\/uploads\\\/unnamed.jpg\",\"width\":900,\"height\":900,\"caption\":\"San Juan Deportes\"},\"image\":{\"@id\":\"http:\\\/\\\/www.sanjuandeportes.com\\\/wp\\\/#\\\/schema\\\/logo\\\/image\\\/\"},\"sameAs\":[\"https:\\\/\\\/www.facebook.com\\\/sanjuandeportesok\",\"https:\\\/\\\/x.com\\\/SanJuanDeportes\",\"https:\\\/\\\/www.instagram.com\\\/sanjuandeportes\"]},{\"@type\":\"Person\",\"@id\":\"http:\\\/\\\/www.sanjuandeportes.com\\\/wp\\\/#\\\/schema\\\/person\\\/d8e3463931719391897f9c7a6d1bb7b3\",\"name\":\"admin\",\"image\":{\"@type\":\"ImageObject\",\"inLanguage\":\"es\",\"@id\":\"https:\\\/\\\/secure.gravatar.com\\\/avatar\\\/c4deacdacf798758c71e8e4f4ca4bcf755ae082e386babce41b35a278703bed5?s=96&d=mm&r=g\",\"url\":\"https:\\\/\\\/secure.gravatar.com\\\/avatar\\\/c4deacdacf798758c71e8e4f4ca4bcf755ae082e386babce41b35a278703bed5?s=96&d=mm&r=g\",\"contentUrl\":\"https:\\\/\\\/secure.gravatar.com\\\/avatar\\\/c4deacdacf798758c71e8e4f4ca4bcf755ae082e386babce41b35a278703bed5?s=96&d=mm&r=g\",\"caption\":\"admin\"},\"url\":\"http:\\\/\\\/www.sanjuandeportes.com\\\/wp\\\/author\\\/admin\\\/\"}]}<\/script>\n<!-- \/ Yoast SEO plugin. -->","yoast_head_json":{"title":"Leonela Y\u00fadica cierra el a\u00f1o peleando en Buenos Aires - San Juan Deportes","robots":{"index":"index","follow":"follow","max-snippet":"max-snippet:-1","max-image-preview":"max-image-preview:large","max-video-preview":"max-video-preview:-1"},"canonical":"http:\/\/www.sanjuandeportes.com\/wp\/2023\/11\/21\/leonela-yudica-cierra-el-ano-peleando-en-buenos-aires\/","og_locale":"es_ES","og_type":"article","og_title":"Leonela Y\u00fadica cierra el a\u00f1o peleando en Buenos Aires - San Juan Deportes","og_description":"A la espera de una nueva pelea a nivel internacional, la campeona mini mosca Silver del Consejo Mundial de Box, Leonela Y\u00fadica volver\u00e1 al ring para enfrentarse a la porte\u00f1a Carolina Ferrari. El combate ser\u00e1 el s\u00e1bado 25 de noviembre, a las 22 horas, en el Polideportivo Diego Armando Maradona, del Partido de Malvinas Argentinas, [&hellip;]","og_url":"http:\/\/www.sanjuandeportes.com\/wp\/2023\/11\/21\/leonela-yudica-cierra-el-ano-peleando-en-buenos-aires\/","og_site_name":"San Juan Deportes","article_publisher":"https:\/\/www.facebook.com\/sanjuandeportesok","article_published_time":"2023-11-21T20:56:37+00:00","article_modified_time":"2023-11-21T20:56:38+00:00","og_image":[{"width":782,"height":440,"url":"http:\/\/www.sanjuandeportes.com\/wp\/wp-content\/uploads\/2021\/01\/9099feb1ab20c7cd2bf674076639e456_L.jpg","type":"image\/jpeg"}],"author":"admin","twitter_card":"summary_large_image","twitter_creator":"@SanJuanDeportes","twitter_site":"@SanJuanDeportes","twitter_misc":{"Escrito por":"admin","Tiempo de lectura":"2 minutos"},"schema":{"@context":"https:\/\/schema.org","@graph":[{"@type":"Article","@id":"http:\/\/www.sanjuandeportes.com\/wp\/2023\/11\/21\/leonela-yudica-cierra-el-ano-peleando-en-buenos-aires\/#article","isPartOf":{"@id":"http:\/\/www.sanjuandeportes.com\/wp\/2023\/11\/21\/leonela-yudica-cierra-el-ano-peleando-en-buenos-aires\/"},"author":{"name":"admin","@id":"http:\/\/www.sanjuandeportes.com\/wp\/#\/schema\/person\/d8e3463931719391897f9c7a6d1bb7b3"},"headline":"Leonela Y\u00fadica cierra el a\u00f1o peleando en Buenos Aires","datePublished":"2023-11-21T20:56:37+00:00","dateModified":"2023-11-21T20:56:38+00:00","mainEntityOfPage":{"@id":"http:\/\/www.sanjuandeportes.com\/wp\/2023\/11\/21\/leonela-yudica-cierra-el-ano-peleando-en-buenos-aires\/"},"wordCount":374,"commentCount":0,"publisher":{"@id":"http:\/\/www.sanjuandeportes.com\/wp\/#organization"},"image":{"@id":"http:\/\/www.sanjuandeportes.com\/wp\/2023\/11\/21\/leonela-yudica-cierra-el-ano-peleando-en-buenos-aires\/#primaryimage"},"thumbnailUrl":"http:\/\/www.sanjuandeportes.com\/wp\/wp-content\/uploads\/2021\/01\/9099feb1ab20c7cd2bf674076639e456_L.jpg","articleSection":["Boxeo","Featured","San Juan"],"inLanguage":"es","potentialAction":[{"@type":"CommentAction","name":"Comment","target":["http:\/\/www.sanjuandeportes.com\/wp\/2023\/11\/21\/leonela-yudica-cierra-el-ano-peleando-en-buenos-aires\/#respond"]}]},{"@type":"WebPage","@id":"http:\/\/www.sanjuandeportes.com\/wp\/2023\/11\/21\/leonela-yudica-cierra-el-ano-peleando-en-buenos-aires\/","url":"http:\/\/www.sanjuandeportes.com\/wp\/2023\/11\/21\/leonela-yudica-cierra-el-ano-peleando-en-buenos-aires\/","name":"Leonela Y\u00fadica cierra el a\u00f1o peleando en Buenos Aires - San Juan Deportes","isPartOf":{"@id":"http:\/\/www.sanjuandeportes.com\/wp\/#website"},"primaryImageOfPage":{"@id":"http:\/\/www.sanjuandeportes.com\/wp\/2023\/11\/21\/leonela-yudica-cierra-el-ano-peleando-en-buenos-aires\/#primaryimage"},"image":{"@id":"http:\/\/www.sanjuandeportes.com\/wp\/2023\/11\/21\/leonela-yudica-cierra-el-ano-peleando-en-buenos-aires\/#primaryimage"},"thumbnailUrl":"http:\/\/www.sanjuandeportes.com\/wp\/wp-content\/uploads\/2021\/01\/9099feb1ab20c7cd2bf674076639e456_L.jpg","datePublished":"2023-11-21T20:56:37+00:00","dateModified":"2023-11-21T20:56:38+00:00","breadcrumb":{"@id":"http:\/\/www.sanjuandeportes.com\/wp\/2023\/11\/21\/leonela-yudica-cierra-el-ano-peleando-en-buenos-aires\/#breadcrumb"},"inLanguage":"es","potentialAction":[{"@type":"ReadAction","target":["http:\/\/www.sanjuandeportes.com\/wp\/2023\/11\/21\/leonela-yudica-cierra-el-ano-peleando-en-buenos-aires\/"]}]},{"@type":"ImageObject","inLanguage":"es","@id":"http:\/\/www.sanjuandeportes.com\/wp\/2023\/11\/21\/leonela-yudica-cierra-el-ano-peleando-en-buenos-aires\/#primaryimage","url":"http:\/\/www.sanjuandeportes.com\/wp\/wp-content\/uploads\/2021\/01\/9099feb1ab20c7cd2bf674076639e456_L.jpg","contentUrl":"http:\/\/www.sanjuandeportes.com\/wp\/wp-content\/uploads\/2021\/01\/9099feb1ab20c7cd2bf674076639e456_L.jpg","width":782,"height":440},{"@type":"BreadcrumbList","@id":"http:\/\/www.sanjuandeportes.com\/wp\/2023\/11\/21\/leonela-yudica-cierra-el-ano-peleando-en-buenos-aires\/#breadcrumb","itemListElement":[{"@type":"ListItem","position":1,"name":"Portada","item":"http:\/\/www.sanjuandeportes.com\/wp\/"},{"@type":"ListItem","position":2,"name":"Leonela Y\u00fadica cierra el a\u00f1o peleando en Buenos Aires"}]},{"@type":"WebSite","@id":"http:\/\/www.sanjuandeportes.com\/wp\/#website","url":"http:\/\/www.sanjuandeportes.com\/wp\/","name":"San Juan Deportes","description":"El sitio de deportes de la provincia de San Juan","publisher":{"@id":"http:\/\/www.sanjuandeportes.com\/wp\/#organization"},"potentialAction":[{"@type":"SearchAction","target":{"@type":"EntryPoint","urlTemplate":"http:\/\/www.sanjuandeportes.com\/wp\/?s={search_term_string}"},"query-input":{"@type":"PropertyValueSpecification","valueRequired":true,"valueName":"search_term_string"}}],"inLanguage":"es"},{"@type":"Organization","@id":"http:\/\/www.sanjuandeportes.com\/wp\/#organization","name":"San Juan Deportes","url":"http:\/\/www.sanjuandeportes.com\/wp\/","logo":{"@type":"ImageObject","inLanguage":"es","@id":"http:\/\/www.sanjuandeportes.com\/wp\/#\/schema\/logo\/image\/","url":"https:\/\/www.sanjuandeportes.com\/wp\/wp-content\/uploads\/unnamed.jpg","contentUrl":"https:\/\/www.sanjuandeportes.com\/wp\/wp-content\/uploads\/unnamed.jpg","width":900,"height":900,"caption":"San Juan Deportes"},"image":{"@id":"http:\/\/www.sanjuandeportes.com\/wp\/#\/schema\/logo\/image\/"},"sameAs":["https:\/\/www.facebook.com\/sanjuandeportesok","https:\/\/x.com\/SanJuanDeportes","https:\/\/www.instagram.com\/sanjuandeportes"]},{"@type":"Person","@id":"http:\/\/www.sanjuandeportes.com\/wp\/#\/schema\/person\/d8e3463931719391897f9c7a6d1bb7b3","name":"admin","image":{"@type":"ImageObject","inLanguage":"es","@id":"https:\/\/secure.gravatar.com\/avatar\/c4deacdacf798758c71e8e4f4ca4bcf755ae082e386babce41b35a278703bed5?s=96&d=mm&r=g","url":"https:\/\/secure.gravatar.com\/avatar\/c4deacdacf798758c71e8e4f4ca4bcf755ae082e386babce41b35a278703bed5?s=96&d=mm&r=g","contentUrl":"https:\/\/secure.gravatar.com\/avatar\/c4deacdacf798758c71e8e4f4ca4bcf755ae082e386babce41b35a278703bed5?s=96&d=mm&r=g","caption":"admin"},"url":"http:\/\/www.sanjuandeportes.com\/wp\/author\/admin\/"}]}},"_links":{"self":[{"href":"http:\/\/www.sanjuandeportes.com\/wp\/wp-json\/wp\/v2\/posts\/19898","targetHints":{"allow":["GET"]}}],"collection":[{"href":"http:\/\/www.sanjuandeportes.com\/wp\/wp-json\/wp\/v2\/posts"}],"about":[{"href":"http:\/\/www.sanjuandeportes.com\/wp\/wp-json\/wp\/v2\/types\/post"}],"author":[{"embeddable":true,"href":"http:\/\/www.sanjuandeportes.com\/wp\/wp-json\/wp\/v2\/users\/1"}],"replies":[{"embeddable":true,"href":"http:\/\/www.sanjuandeportes.com\/wp\/wp-json\/wp\/v2\/comments?post=19898"}],"version-history":[{"count":1,"href":"http:\/\/www.sanjuandeportes.com\/wp\/wp-json\/wp\/v2\/posts\/19898\/revisions"}],"predecessor-version":[{"id":19899,"href":"http:\/\/www.sanjuandeportes.com\/wp\/wp-json\/wp\/v2\/posts\/19898\/revisions\/19899"}],"wp:featuredmedia":[{"embeddable":true,"href":"http:\/\/www.sanjuandeportes.com\/wp\/wp-json\/wp\/v2\/media\/11964"}],"wp:attachment":[{"href":"http:\/\/www.sanjuandeportes.com\/wp\/wp-json\/wp\/v2\/media?parent=19898"}],"wp:term":[{"taxonomy":"category","embeddable":true,"href":"http:\/\/www.sanjuandeportes.com\/wp\/wp-json\/wp\/v2\/categories?post=19898"},{"taxonomy":"post_tag","embeddable":true,"href":"http:\/\/www.sanjuandeportes.com\/wp\/wp-json\/wp\/v2\/tags?post=19898"}],"curies":[{"name":"wp","href":"https:\/\/api.w.org\/{rel}","templated":true}]}}