{"id":19926,"date":"2023-11-29T21:13:19","date_gmt":"2023-11-30T00:13:19","guid":{"rendered":"https:\/\/www.sanjuandeportes.com\/wp\/?p=19926"},"modified":"2023-12-01T15:33:44","modified_gmt":"2023-12-01T18:33:44","slug":"mariano-monllor-deja-san-martin-y-jugara-en-un-equipo-mendocino-de-primera-division","status":"publish","type":"post","link":"http:\/\/www.sanjuandeportes.com\/wp\/2023\/11\/29\/mariano-monllor-deja-san-martin-y-jugara-en-un-equipo-mendocino-de-primera-division\/","title":{"rendered":"Mariano Monllor deja San Mart\u00edn y jugar\u00e1 en un equipo mendocino de Primera Divisi\u00f3n"},"content":{"rendered":"\n<p class=\"wp-block-paragraph\">Se sigue desarmando el plantel verdinegro de cara a la pr\u00f3xima temporada 2024 de la Primera Nacional. En esta ocasi\u00f3n el arquero titular y figura&nbsp;<strong>Mariano Monllor decidi\u00f3 no renovar su v\u00ednculo con San Mart\u00edn y emigrar a Independiente Rivadavia de Mendoza<\/strong>, equipo que ascendi\u00f3 a la Liga Profesional.<\/p>\n\n\n\n<p class=\"wp-block-paragraph\">De esta manera Monllor se convirti\u00f3 en el s\u00e9ptimo futbolista que deja la instituci\u00f3n, luego de la eliminaci\u00f3n en el Reducido a manos de Maip\u00fa. &nbsp;Los que se fueron hasta ahora: Donatto, Gordillo, Borgogno, Llano, Borassi, Grahl y a Monllor.<\/p>\n\n\n\n<p class=\"wp-block-paragraph\">Mientras tanto la dirigencia busca al reemplazante de C\u00e9sar Monasterio, por ahora no indicios de qui\u00e9n puede ser el nuevo t\u00e9cnico de San Mart\u00edn. Claro, la decisi\u00f3n debe ser r\u00e1pido para fijar una fecha de inicio de la pretemporada. Seguramente los dirigentes est\u00e1n esperando que asume el nuevo presidente Milei para ver qu\u00e9 medidas toma con los clubes, pues dijo que los quer\u00eda privatizar.<\/p>\n","protected":false},"excerpt":{"rendered":"<p>Se sigue desarmando el plantel verdinegro de cara a la pr\u00f3xima temporada 2024 de la Primera Nacional. En esta ocasi\u00f3n el arquero titular y figura&nbsp;Mariano Monllor decidi\u00f3 no renovar su v\u00ednculo con San Mart\u00edn y emigrar a Independiente Rivadavia de Mendoza, equipo que ascendi\u00f3 a la Liga Profesional. De esta manera Monllor se convirti\u00f3 en [&hellip;]<\/p>\n","protected":false},"author":1,"featured_media":19927,"comment_status":"open","ping_status":"open","sticky":false,"template":"","format":"standard","meta":{"footnotes":""},"categories":[24,31,720,178],"tags":[],"class_list":["post-19926","post","type-post","status-publish","format-standard","has-post-thumbnail","hentry","category-futbol","category-primeradivision","category-primera-nacional","category-san-juan"],"yoast_head":"<!-- This site is optimized with the Yoast SEO plugin v28.2 - https:\/\/yoast.com\/product\/yoast-seo-wordpress\/ -->\n<title>Mariano Monllor deja San Mart\u00edn y jugar\u00e1 en un equipo mendocino de Primera Divisi\u00f3n - San Juan Deportes<\/title>\n<meta name=\"robots\" content=\"index, follow, max-snippet:-1, max-image-preview:large, max-video-preview:-1\" \/>\n<link rel=\"canonical\" href=\"https:\/\/www.sanjuandeportes.com\/wp\/2023\/11\/29\/mariano-monllor-deja-san-martin-y-jugara-en-un-equipo-mendocino-de-primera-division\/\" \/>\n<meta property=\"og:locale\" content=\"es_ES\" \/>\n<meta property=\"og:type\" content=\"article\" \/>\n<meta property=\"og:title\" content=\"Mariano Monllor deja San Mart\u00edn y jugar\u00e1 en un equipo mendocino de Primera Divisi\u00f3n - San Juan Deportes\" \/>\n<meta property=\"og:description\" content=\"Se sigue desarmando el plantel verdinegro de cara a la pr\u00f3xima temporada 2024 de la Primera Nacional. En esta ocasi\u00f3n el arquero titular y figura&nbsp;Mariano Monllor decidi\u00f3 no renovar su v\u00ednculo con San Mart\u00edn y emigrar a Independiente Rivadavia de Mendoza, equipo que ascendi\u00f3 a la Liga Profesional. De esta manera Monllor se convirti\u00f3 en [&hellip;]\" \/>\n<meta property=\"og:url\" content=\"https:\/\/www.sanjuandeportes.com\/wp\/2023\/11\/29\/mariano-monllor-deja-san-martin-y-jugara-en-un-equipo-mendocino-de-primera-division\/\" \/>\n<meta property=\"og:site_name\" content=\"San Juan Deportes\" \/>\n<meta property=\"article:publisher\" content=\"https:\/\/www.facebook.com\/sanjuandeportesok\" \/>\n<meta property=\"article:published_time\" content=\"2023-11-30T00:13:19+00:00\" \/>\n<meta property=\"article:modified_time\" content=\"2023-12-01T18:33:44+00:00\" \/>\n<meta property=\"og:image\" content=\"https:\/\/www.sanjuandeportes.com\/wp\/wp-content\/uploads\/2023\/11\/432838w850h638c.jpg.webp\" \/>\n\t<meta property=\"og:image:width\" content=\"850\" \/>\n\t<meta property=\"og:image:height\" content=\"638\" \/>\n\t<meta property=\"og:image:type\" content=\"image\/webp\" \/>\n<meta name=\"author\" content=\"admin\" \/>\n<meta name=\"twitter:card\" content=\"summary_large_image\" \/>\n<meta name=\"twitter:creator\" content=\"@SanJuanDeportes\" \/>\n<meta name=\"twitter:site\" content=\"@SanJuanDeportes\" \/>\n<meta name=\"twitter:label1\" content=\"Escrito por\" \/>\n\t<meta name=\"twitter:data1\" content=\"admin\" \/>\n\t<meta name=\"twitter:label2\" content=\"Tiempo de lectura\" \/>\n\t<meta name=\"twitter:data2\" content=\"1 minuto\" \/>\n<script type=\"application\/ld+json\" class=\"yoast-schema-graph\">{\"@context\":\"https:\\\/\\\/schema.org\",\"@graph\":[{\"@type\":\"Article\",\"@id\":\"https:\\\/\\\/www.sanjuandeportes.com\\\/wp\\\/2023\\\/11\\\/29\\\/mariano-monllor-deja-san-martin-y-jugara-en-un-equipo-mendocino-de-primera-division\\\/#article\",\"isPartOf\":{\"@id\":\"https:\\\/\\\/www.sanjuandeportes.com\\\/wp\\\/2023\\\/11\\\/29\\\/mariano-monllor-deja-san-martin-y-jugara-en-un-equipo-mendocino-de-primera-division\\\/\"},\"author\":{\"name\":\"admin\",\"@id\":\"http:\\\/\\\/www.sanjuandeportes.com\\\/wp\\\/#\\\/schema\\\/person\\\/d8e3463931719391897f9c7a6d1bb7b3\"},\"headline\":\"Mariano Monllor deja San Mart\u00edn y jugar\u00e1 en un equipo mendocino de Primera Divisi\u00f3n\",\"datePublished\":\"2023-11-30T00:13:19+00:00\",\"dateModified\":\"2023-12-01T18:33:44+00:00\",\"mainEntityOfPage\":{\"@id\":\"https:\\\/\\\/www.sanjuandeportes.com\\\/wp\\\/2023\\\/11\\\/29\\\/mariano-monllor-deja-san-martin-y-jugara-en-un-equipo-mendocino-de-primera-division\\\/\"},\"wordCount\":185,\"commentCount\":0,\"publisher\":{\"@id\":\"http:\\\/\\\/www.sanjuandeportes.com\\\/wp\\\/#organization\"},\"image\":{\"@id\":\"https:\\\/\\\/www.sanjuandeportes.com\\\/wp\\\/2023\\\/11\\\/29\\\/mariano-monllor-deja-san-martin-y-jugara-en-un-equipo-mendocino-de-primera-division\\\/#primaryimage\"},\"thumbnailUrl\":\"http:\\\/\\\/www.sanjuandeportes.com\\\/wp\\\/wp-content\\\/uploads\\\/2023\\\/11\\\/432838w850h638c.jpg.webp\",\"articleSection\":[\"Futbol\",\"Primera Division\",\"Primera Nacional\",\"San Juan\"],\"inLanguage\":\"es\",\"potentialAction\":[{\"@type\":\"CommentAction\",\"name\":\"Comment\",\"target\":[\"https:\\\/\\\/www.sanjuandeportes.com\\\/wp\\\/2023\\\/11\\\/29\\\/mariano-monllor-deja-san-martin-y-jugara-en-un-equipo-mendocino-de-primera-division\\\/#respond\"]}]},{\"@type\":\"WebPage\",\"@id\":\"https:\\\/\\\/www.sanjuandeportes.com\\\/wp\\\/2023\\\/11\\\/29\\\/mariano-monllor-deja-san-martin-y-jugara-en-un-equipo-mendocino-de-primera-division\\\/\",\"url\":\"https:\\\/\\\/www.sanjuandeportes.com\\\/wp\\\/2023\\\/11\\\/29\\\/mariano-monllor-deja-san-martin-y-jugara-en-un-equipo-mendocino-de-primera-division\\\/\",\"name\":\"Mariano Monllor deja San Mart\u00edn y jugar\u00e1 en un equipo mendocino de Primera Divisi\u00f3n - San Juan Deportes\",\"isPartOf\":{\"@id\":\"http:\\\/\\\/www.sanjuandeportes.com\\\/wp\\\/#website\"},\"primaryImageOfPage\":{\"@id\":\"https:\\\/\\\/www.sanjuandeportes.com\\\/wp\\\/2023\\\/11\\\/29\\\/mariano-monllor-deja-san-martin-y-jugara-en-un-equipo-mendocino-de-primera-division\\\/#primaryimage\"},\"image\":{\"@id\":\"https:\\\/\\\/www.sanjuandeportes.com\\\/wp\\\/2023\\\/11\\\/29\\\/mariano-monllor-deja-san-martin-y-jugara-en-un-equipo-mendocino-de-primera-division\\\/#primaryimage\"},\"thumbnailUrl\":\"http:\\\/\\\/www.sanjuandeportes.com\\\/wp\\\/wp-content\\\/uploads\\\/2023\\\/11\\\/432838w850h638c.jpg.webp\",\"datePublished\":\"2023-11-30T00:13:19+00:00\",\"dateModified\":\"2023-12-01T18:33:44+00:00\",\"breadcrumb\":{\"@id\":\"https:\\\/\\\/www.sanjuandeportes.com\\\/wp\\\/2023\\\/11\\\/29\\\/mariano-monllor-deja-san-martin-y-jugara-en-un-equipo-mendocino-de-primera-division\\\/#breadcrumb\"},\"inLanguage\":\"es\",\"potentialAction\":[{\"@type\":\"ReadAction\",\"target\":[\"https:\\\/\\\/www.sanjuandeportes.com\\\/wp\\\/2023\\\/11\\\/29\\\/mariano-monllor-deja-san-martin-y-jugara-en-un-equipo-mendocino-de-primera-division\\\/\"]}]},{\"@type\":\"ImageObject\",\"inLanguage\":\"es\",\"@id\":\"https:\\\/\\\/www.sanjuandeportes.com\\\/wp\\\/2023\\\/11\\\/29\\\/mariano-monllor-deja-san-martin-y-jugara-en-un-equipo-mendocino-de-primera-division\\\/#primaryimage\",\"url\":\"http:\\\/\\\/www.sanjuandeportes.com\\\/wp\\\/wp-content\\\/uploads\\\/2023\\\/11\\\/432838w850h638c.jpg.webp\",\"contentUrl\":\"http:\\\/\\\/www.sanjuandeportes.com\\\/wp\\\/wp-content\\\/uploads\\\/2023\\\/11\\\/432838w850h638c.jpg.webp\",\"width\":850,\"height\":638},{\"@type\":\"BreadcrumbList\",\"@id\":\"https:\\\/\\\/www.sanjuandeportes.com\\\/wp\\\/2023\\\/11\\\/29\\\/mariano-monllor-deja-san-martin-y-jugara-en-un-equipo-mendocino-de-primera-division\\\/#breadcrumb\",\"itemListElement\":[{\"@type\":\"ListItem\",\"position\":1,\"name\":\"Portada\",\"item\":\"http:\\\/\\\/www.sanjuandeportes.com\\\/wp\\\/\"},{\"@type\":\"ListItem\",\"position\":2,\"name\":\"Mariano Monllor deja San Mart\u00edn y jugar\u00e1 en un equipo mendocino de Primera Divisi\u00f3n\"}]},{\"@type\":\"WebSite\",\"@id\":\"http:\\\/\\\/www.sanjuandeportes.com\\\/wp\\\/#website\",\"url\":\"http:\\\/\\\/www.sanjuandeportes.com\\\/wp\\\/\",\"name\":\"San Juan Deportes\",\"description\":\"El sitio de deportes de la provincia de San Juan\",\"publisher\":{\"@id\":\"http:\\\/\\\/www.sanjuandeportes.com\\\/wp\\\/#organization\"},\"potentialAction\":[{\"@type\":\"SearchAction\",\"target\":{\"@type\":\"EntryPoint\",\"urlTemplate\":\"http:\\\/\\\/www.sanjuandeportes.com\\\/wp\\\/?s={search_term_string}\"},\"query-input\":{\"@type\":\"PropertyValueSpecification\",\"valueRequired\":true,\"valueName\":\"search_term_string\"}}],\"inLanguage\":\"es\"},{\"@type\":\"Organization\",\"@id\":\"http:\\\/\\\/www.sanjuandeportes.com\\\/wp\\\/#organization\",\"name\":\"San Juan Deportes\",\"url\":\"http:\\\/\\\/www.sanjuandeportes.com\\\/wp\\\/\",\"logo\":{\"@type\":\"ImageObject\",\"inLanguage\":\"es\",\"@id\":\"http:\\\/\\\/www.sanjuandeportes.com\\\/wp\\\/#\\\/schema\\\/logo\\\/image\\\/\",\"url\":\"https:\\\/\\\/www.sanjuandeportes.com\\\/wp\\\/wp-content\\\/uploads\\\/unnamed.jpg\",\"contentUrl\":\"https:\\\/\\\/www.sanjuandeportes.com\\\/wp\\\/wp-content\\\/uploads\\\/unnamed.jpg\",\"width\":900,\"height\":900,\"caption\":\"San Juan Deportes\"},\"image\":{\"@id\":\"http:\\\/\\\/www.sanjuandeportes.com\\\/wp\\\/#\\\/schema\\\/logo\\\/image\\\/\"},\"sameAs\":[\"https:\\\/\\\/www.facebook.com\\\/sanjuandeportesok\",\"https:\\\/\\\/x.com\\\/SanJuanDeportes\",\"https:\\\/\\\/www.instagram.com\\\/sanjuandeportes\"]},{\"@type\":\"Person\",\"@id\":\"http:\\\/\\\/www.sanjuandeportes.com\\\/wp\\\/#\\\/schema\\\/person\\\/d8e3463931719391897f9c7a6d1bb7b3\",\"name\":\"admin\",\"image\":{\"@type\":\"ImageObject\",\"inLanguage\":\"es\",\"@id\":\"https:\\\/\\\/secure.gravatar.com\\\/avatar\\\/c4deacdacf798758c71e8e4f4ca4bcf755ae082e386babce41b35a278703bed5?s=96&d=mm&r=g\",\"url\":\"https:\\\/\\\/secure.gravatar.com\\\/avatar\\\/c4deacdacf798758c71e8e4f4ca4bcf755ae082e386babce41b35a278703bed5?s=96&d=mm&r=g\",\"contentUrl\":\"https:\\\/\\\/secure.gravatar.com\\\/avatar\\\/c4deacdacf798758c71e8e4f4ca4bcf755ae082e386babce41b35a278703bed5?s=96&d=mm&r=g\",\"caption\":\"admin\"},\"url\":\"http:\\\/\\\/www.sanjuandeportes.com\\\/wp\\\/author\\\/admin\\\/\"}]}<\/script>\n<!-- \/ Yoast SEO plugin. -->","yoast_head_json":{"title":"Mariano Monllor deja San Mart\u00edn y jugar\u00e1 en un equipo mendocino de Primera Divisi\u00f3n - San Juan Deportes","robots":{"index":"index","follow":"follow","max-snippet":"max-snippet:-1","max-image-preview":"max-image-preview:large","max-video-preview":"max-video-preview:-1"},"canonical":"https:\/\/www.sanjuandeportes.com\/wp\/2023\/11\/29\/mariano-monllor-deja-san-martin-y-jugara-en-un-equipo-mendocino-de-primera-division\/","og_locale":"es_ES","og_type":"article","og_title":"Mariano Monllor deja San Mart\u00edn y jugar\u00e1 en un equipo mendocino de Primera Divisi\u00f3n - San Juan Deportes","og_description":"Se sigue desarmando el plantel verdinegro de cara a la pr\u00f3xima temporada 2024 de la Primera Nacional. En esta ocasi\u00f3n el arquero titular y figura&nbsp;Mariano Monllor decidi\u00f3 no renovar su v\u00ednculo con San Mart\u00edn y emigrar a Independiente Rivadavia de Mendoza, equipo que ascendi\u00f3 a la Liga Profesional. De esta manera Monllor se convirti\u00f3 en [&hellip;]","og_url":"https:\/\/www.sanjuandeportes.com\/wp\/2023\/11\/29\/mariano-monllor-deja-san-martin-y-jugara-en-un-equipo-mendocino-de-primera-division\/","og_site_name":"San Juan Deportes","article_publisher":"https:\/\/www.facebook.com\/sanjuandeportesok","article_published_time":"2023-11-30T00:13:19+00:00","article_modified_time":"2023-12-01T18:33:44+00:00","og_image":[{"width":850,"height":638,"url":"https:\/\/www.sanjuandeportes.com\/wp\/wp-content\/uploads\/2023\/11\/432838w850h638c.jpg.webp","type":"image\/webp"}],"author":"admin","twitter_card":"summary_large_image","twitter_creator":"@SanJuanDeportes","twitter_site":"@SanJuanDeportes","twitter_misc":{"Escrito por":"admin","Tiempo de lectura":"1 minuto"},"schema":{"@context":"https:\/\/schema.org","@graph":[{"@type":"Article","@id":"https:\/\/www.sanjuandeportes.com\/wp\/2023\/11\/29\/mariano-monllor-deja-san-martin-y-jugara-en-un-equipo-mendocino-de-primera-division\/#article","isPartOf":{"@id":"https:\/\/www.sanjuandeportes.com\/wp\/2023\/11\/29\/mariano-monllor-deja-san-martin-y-jugara-en-un-equipo-mendocino-de-primera-division\/"},"author":{"name":"admin","@id":"http:\/\/www.sanjuandeportes.com\/wp\/#\/schema\/person\/d8e3463931719391897f9c7a6d1bb7b3"},"headline":"Mariano Monllor deja San Mart\u00edn y jugar\u00e1 en un equipo mendocino de Primera Divisi\u00f3n","datePublished":"2023-11-30T00:13:19+00:00","dateModified":"2023-12-01T18:33:44+00:00","mainEntityOfPage":{"@id":"https:\/\/www.sanjuandeportes.com\/wp\/2023\/11\/29\/mariano-monllor-deja-san-martin-y-jugara-en-un-equipo-mendocino-de-primera-division\/"},"wordCount":185,"commentCount":0,"publisher":{"@id":"http:\/\/www.sanjuandeportes.com\/wp\/#organization"},"image":{"@id":"https:\/\/www.sanjuandeportes.com\/wp\/2023\/11\/29\/mariano-monllor-deja-san-martin-y-jugara-en-un-equipo-mendocino-de-primera-division\/#primaryimage"},"thumbnailUrl":"http:\/\/www.sanjuandeportes.com\/wp\/wp-content\/uploads\/2023\/11\/432838w850h638c.jpg.webp","articleSection":["Futbol","Primera Division","Primera Nacional","San Juan"],"inLanguage":"es","potentialAction":[{"@type":"CommentAction","name":"Comment","target":["https:\/\/www.sanjuandeportes.com\/wp\/2023\/11\/29\/mariano-monllor-deja-san-martin-y-jugara-en-un-equipo-mendocino-de-primera-division\/#respond"]}]},{"@type":"WebPage","@id":"https:\/\/www.sanjuandeportes.com\/wp\/2023\/11\/29\/mariano-monllor-deja-san-martin-y-jugara-en-un-equipo-mendocino-de-primera-division\/","url":"https:\/\/www.sanjuandeportes.com\/wp\/2023\/11\/29\/mariano-monllor-deja-san-martin-y-jugara-en-un-equipo-mendocino-de-primera-division\/","name":"Mariano Monllor deja San Mart\u00edn y jugar\u00e1 en un equipo mendocino de Primera Divisi\u00f3n - San Juan Deportes","isPartOf":{"@id":"http:\/\/www.sanjuandeportes.com\/wp\/#website"},"primaryImageOfPage":{"@id":"https:\/\/www.sanjuandeportes.com\/wp\/2023\/11\/29\/mariano-monllor-deja-san-martin-y-jugara-en-un-equipo-mendocino-de-primera-division\/#primaryimage"},"image":{"@id":"https:\/\/www.sanjuandeportes.com\/wp\/2023\/11\/29\/mariano-monllor-deja-san-martin-y-jugara-en-un-equipo-mendocino-de-primera-division\/#primaryimage"},"thumbnailUrl":"http:\/\/www.sanjuandeportes.com\/wp\/wp-content\/uploads\/2023\/11\/432838w850h638c.jpg.webp","datePublished":"2023-11-30T00:13:19+00:00","dateModified":"2023-12-01T18:33:44+00:00","breadcrumb":{"@id":"https:\/\/www.sanjuandeportes.com\/wp\/2023\/11\/29\/mariano-monllor-deja-san-martin-y-jugara-en-un-equipo-mendocino-de-primera-division\/#breadcrumb"},"inLanguage":"es","potentialAction":[{"@type":"ReadAction","target":["https:\/\/www.sanjuandeportes.com\/wp\/2023\/11\/29\/mariano-monllor-deja-san-martin-y-jugara-en-un-equipo-mendocino-de-primera-division\/"]}]},{"@type":"ImageObject","inLanguage":"es","@id":"https:\/\/www.sanjuandeportes.com\/wp\/2023\/11\/29\/mariano-monllor-deja-san-martin-y-jugara-en-un-equipo-mendocino-de-primera-division\/#primaryimage","url":"http:\/\/www.sanjuandeportes.com\/wp\/wp-content\/uploads\/2023\/11\/432838w850h638c.jpg.webp","contentUrl":"http:\/\/www.sanjuandeportes.com\/wp\/wp-content\/uploads\/2023\/11\/432838w850h638c.jpg.webp","width":850,"height":638},{"@type":"BreadcrumbList","@id":"https:\/\/www.sanjuandeportes.com\/wp\/2023\/11\/29\/mariano-monllor-deja-san-martin-y-jugara-en-un-equipo-mendocino-de-primera-division\/#breadcrumb","itemListElement":[{"@type":"ListItem","position":1,"name":"Portada","item":"http:\/\/www.sanjuandeportes.com\/wp\/"},{"@type":"ListItem","position":2,"name":"Mariano Monllor deja San Mart\u00edn y jugar\u00e1 en un equipo mendocino de Primera Divisi\u00f3n"}]},{"@type":"WebSite","@id":"http:\/\/www.sanjuandeportes.com\/wp\/#website","url":"http:\/\/www.sanjuandeportes.com\/wp\/","name":"San Juan Deportes","description":"El sitio de deportes de la provincia de San Juan","publisher":{"@id":"http:\/\/www.sanjuandeportes.com\/wp\/#organization"},"potentialAction":[{"@type":"SearchAction","target":{"@type":"EntryPoint","urlTemplate":"http:\/\/www.sanjuandeportes.com\/wp\/?s={search_term_string}"},"query-input":{"@type":"PropertyValueSpecification","valueRequired":true,"valueName":"search_term_string"}}],"inLanguage":"es"},{"@type":"Organization","@id":"http:\/\/www.sanjuandeportes.com\/wp\/#organization","name":"San Juan Deportes","url":"http:\/\/www.sanjuandeportes.com\/wp\/","logo":{"@type":"ImageObject","inLanguage":"es","@id":"http:\/\/www.sanjuandeportes.com\/wp\/#\/schema\/logo\/image\/","url":"https:\/\/www.sanjuandeportes.com\/wp\/wp-content\/uploads\/unnamed.jpg","contentUrl":"https:\/\/www.sanjuandeportes.com\/wp\/wp-content\/uploads\/unnamed.jpg","width":900,"height":900,"caption":"San Juan Deportes"},"image":{"@id":"http:\/\/www.sanjuandeportes.com\/wp\/#\/schema\/logo\/image\/"},"sameAs":["https:\/\/www.facebook.com\/sanjuandeportesok","https:\/\/x.com\/SanJuanDeportes","https:\/\/www.instagram.com\/sanjuandeportes"]},{"@type":"Person","@id":"http:\/\/www.sanjuandeportes.com\/wp\/#\/schema\/person\/d8e3463931719391897f9c7a6d1bb7b3","name":"admin","image":{"@type":"ImageObject","inLanguage":"es","@id":"https:\/\/secure.gravatar.com\/avatar\/c4deacdacf798758c71e8e4f4ca4bcf755ae082e386babce41b35a278703bed5?s=96&d=mm&r=g","url":"https:\/\/secure.gravatar.com\/avatar\/c4deacdacf798758c71e8e4f4ca4bcf755ae082e386babce41b35a278703bed5?s=96&d=mm&r=g","contentUrl":"https:\/\/secure.gravatar.com\/avatar\/c4deacdacf798758c71e8e4f4ca4bcf755ae082e386babce41b35a278703bed5?s=96&d=mm&r=g","caption":"admin"},"url":"http:\/\/www.sanjuandeportes.com\/wp\/author\/admin\/"}]}},"_links":{"self":[{"href":"http:\/\/www.sanjuandeportes.com\/wp\/wp-json\/wp\/v2\/posts\/19926","targetHints":{"allow":["GET"]}}],"collection":[{"href":"http:\/\/www.sanjuandeportes.com\/wp\/wp-json\/wp\/v2\/posts"}],"about":[{"href":"http:\/\/www.sanjuandeportes.com\/wp\/wp-json\/wp\/v2\/types\/post"}],"author":[{"embeddable":true,"href":"http:\/\/www.sanjuandeportes.com\/wp\/wp-json\/wp\/v2\/users\/1"}],"replies":[{"embeddable":true,"href":"http:\/\/www.sanjuandeportes.com\/wp\/wp-json\/wp\/v2\/comments?post=19926"}],"version-history":[{"count":1,"href":"http:\/\/www.sanjuandeportes.com\/wp\/wp-json\/wp\/v2\/posts\/19926\/revisions"}],"predecessor-version":[{"id":19928,"href":"http:\/\/www.sanjuandeportes.com\/wp\/wp-json\/wp\/v2\/posts\/19926\/revisions\/19928"}],"wp:featuredmedia":[{"embeddable":true,"href":"http:\/\/www.sanjuandeportes.com\/wp\/wp-json\/wp\/v2\/media\/19927"}],"wp:attachment":[{"href":"http:\/\/www.sanjuandeportes.com\/wp\/wp-json\/wp\/v2\/media?parent=19926"}],"wp:term":[{"taxonomy":"category","embeddable":true,"href":"http:\/\/www.sanjuandeportes.com\/wp\/wp-json\/wp\/v2\/categories?post=19926"},{"taxonomy":"post_tag","embeddable":true,"href":"http:\/\/www.sanjuandeportes.com\/wp\/wp-json\/wp\/v2\/tags?post=19926"}],"curies":[{"name":"wp","href":"https:\/\/api.w.org\/{rel}","templated":true}]}}