{"id":21127,"date":"2024-07-26T20:14:49","date_gmt":"2024-07-26T23:14:49","guid":{"rendered":"https:\/\/www.sanjuandeportes.com\/wp\/?p=21127"},"modified":"2024-07-29T14:06:47","modified_gmt":"2024-07-29T17:06:47","slug":"nicolas-tivani-gana-la-segunda-etapa-de-la-volta-a-portugal","status":"publish","type":"post","link":"http:\/\/www.sanjuandeportes.com\/wp\/2024\/07\/26\/nicolas-tivani-gana-la-segunda-etapa-de-la-volta-a-portugal\/","title":{"rendered":"Nicol\u00e1s Tivani gana la segunda etapa de la &#8216;Volta a Portugal&#8217;"},"content":{"rendered":"\n<p>Un enorme triunfo obtuvo este viernes el ciclista sanjuanino, Nicol\u00e1s Tivani, quien se adjudic\u00f3 la segunda etapa de la &#8216;Volta a Portugal&#8217;, una prueba que forma parte del calendario de la Uni\u00f3n Ciclista Internacional, en su rango de 2.1.<\/p>\n\n\n\n<p>El pocitano, quien compite para el equipo&nbsp;Louletano, se qued\u00f3 con el parcial luego de tener una gran definici\u00f3n en el sprint, por delante de su compa\u00f1ero de equipo y quien lo lanz\u00f3, el tambi\u00e9n argentino Tom\u00e1s Contte.<\/p>\n\n\n\n<p>La etapa tuvo 164 kil\u00f3metros de distancia y Tivani los recorri\u00f3 en 3h49m. Segundo se ubic\u00f3 Contte y tercero lo hizo el estadounidense,&nbsp;Scott McGill (Project Echelon Racing).<\/p>\n\n\n\n<p>Con estos resultados, sigue de l\u00edder de la clasificaci\u00f3n general, el suizo Colin St\u00fcssi (Team Vorarlberg), defensor del t\u00edtulo y que culmin\u00f3 14\u00ba el viernes.<\/p>\n\n\n\n<p>En tanto, el s\u00e1bado se correr\u00e1 la tercera etapa con 161 kil\u00f3metros de distancia entre Crato y Covilha, teniendo el cierre en altura.<\/p>\n","protected":false},"excerpt":{"rendered":"<p>Un enorme triunfo obtuvo este viernes el ciclista sanjuanino, Nicol\u00e1s Tivani, quien se adjudic\u00f3 la segunda etapa de la &#8216;Volta a Portugal&#8217;, una prueba que forma parte del calendario de la Uni\u00f3n Ciclista Internacional, en su rango de 2.1. El pocitano, quien compite para el equipo&nbsp;Louletano, se qued\u00f3 con el parcial luego de tener una [&hellip;]<\/p>\n","protected":false},"author":1,"featured_media":21128,"comment_status":"open","ping_status":"open","sticky":false,"template":"","format":"standard","meta":{"footnotes":""},"categories":[23],"tags":[],"class_list":["post-21127","post","type-post","status-publish","format-standard","has-post-thumbnail","hentry","category-ciclismo"],"_links":{"self":[{"href":"http:\/\/www.sanjuandeportes.com\/wp\/wp-json\/wp\/v2\/posts\/21127","targetHints":{"allow":["GET"]}}],"collection":[{"href":"http:\/\/www.sanjuandeportes.com\/wp\/wp-json\/wp\/v2\/posts"}],"about":[{"href":"http:\/\/www.sanjuandeportes.com\/wp\/wp-json\/wp\/v2\/types\/post"}],"author":[{"embeddable":true,"href":"http:\/\/www.sanjuandeportes.com\/wp\/wp-json\/wp\/v2\/users\/1"}],"replies":[{"embeddable":true,"href":"http:\/\/www.sanjuandeportes.com\/wp\/wp-json\/wp\/v2\/comments?post=21127"}],"version-history":[{"count":1,"href":"http:\/\/www.sanjuandeportes.com\/wp\/wp-json\/wp\/v2\/posts\/21127\/revisions"}],"predecessor-version":[{"id":21129,"href":"http:\/\/www.sanjuandeportes.com\/wp\/wp-json\/wp\/v2\/posts\/21127\/revisions\/21129"}],"wp:featuredmedia":[{"embeddable":true,"href":"http:\/\/www.sanjuandeportes.com\/wp\/wp-json\/wp\/v2\/media\/21128"}],"wp:attachment":[{"href":"http:\/\/www.sanjuandeportes.com\/wp\/wp-json\/wp\/v2\/media?parent=21127"}],"wp:term":[{"taxonomy":"category","embeddable":true,"href":"http:\/\/www.sanjuandeportes.com\/wp\/wp-json\/wp\/v2\/categories?post=21127"},{"taxonomy":"post_tag","embeddable":true,"href":"http:\/\/www.sanjuandeportes.com\/wp\/wp-json\/wp\/v2\/tags?post=21127"}],"curies":[{"name":"wp","href":"https:\/\/api.w.org\/{rel}","templated":true}]}}