{"id":21138,"date":"2024-07-29T14:02:21","date_gmt":"2024-07-29T17:02:21","guid":{"rendered":"https:\/\/www.sanjuandeportes.com\/wp\/?p=21138"},"modified":"2024-07-30T14:52:50","modified_gmt":"2024-07-30T17:52:50","slug":"san-martin-le-gano-a-san-miguel-en-concepcion","status":"publish","type":"post","link":"http:\/\/www.sanjuandeportes.com\/wp\/2024\/07\/29\/san-martin-le-gano-a-san-miguel-en-concepcion\/","title":{"rendered":"San Mart\u00edn le gan\u00f3 a San Miguel en Concepci\u00f3n"},"content":{"rendered":"\n<p>El Verdinegro volvi\u00f3 a la cancha para jugar contra San Miguel en el Hilario S\u00e1nchez. Fue una final anticipada en la que ambos disputar\u00e1n la segunda y tercera posici\u00f3n de la tabla de la Zona A de la Primera Nacional.<\/p>\n\n\n\n<p>El encuentro correspondiente a la fecha 25 y fue arbitrado por Lucas Comesa\u00f1a. San Mart\u00edn sali\u00f3 a la cancha con: Borgogno, Molina, C\u00e1seres, \u00c1lvarez, L\u00f3pez Garc\u00eda, Pelaitay, Gonz\u00e1lez, Casa, F\u00fanez y Avaro.&nbsp;<\/p>\n\n\n\n<p>Para este duelo con San Miguel, el director t\u00e9cnico sanjuanino, Ra\u00fal Antu\u00f1a, realizar\u00eda un solo cambio respecto al equipo de par\u00f3 ante Ferro en la fecha pasada; Nicol\u00e1s Pelaitay regresar\u00eda el equipo en lugar de Gino Olgu\u00edn. De este modo, San Mart\u00edn saldr\u00eda a la cancha con: Borgogno, Molina, C\u00e1seres, \u00c1lvarez, L\u00f3pez Garc\u00eda, Pelaitay, Gonz\u00e1lez, Casa, F\u00fanez y Avaro.<\/p>\n\n\n\n<p>San Miguel termin\u00f3 el encuentro con 8 jugadores. El \u00e1rbitro expuls\u00f3 a Jorge Ferrero, a los 7 minutos, Lautaro Villegas, a los 76 y a Ian Escobar a los 86 minutos.<\/p>\n\n\n\n<p>Hasta los 40 minutos del segundo tiempo, el partido se mantuvo 0 a 0. Momento en el que \u00e1rbitro cobr\u00f3 penal para el conjunto sanjuanino, que fue convertido por Federico Gonz\u00e1lez. Y, a los 96 minutos, lleg\u00f3 el segundo gol de San Mart\u00edn mediante Lucas Acosta.<\/p>\n","protected":false},"excerpt":{"rendered":"<p>El Verdinegro volvi\u00f3 a la cancha para jugar contra San Miguel en el Hilario S\u00e1nchez. Fue una final anticipada en la que ambos disputar\u00e1n la segunda y tercera posici\u00f3n de la tabla de la Zona A de la Primera Nacional. El encuentro correspondiente a la fecha 25 y fue arbitrado por Lucas Comesa\u00f1a. San Mart\u00edn [&hellip;]<\/p>\n","protected":false},"author":1,"featured_media":21139,"comment_status":"open","ping_status":"open","sticky":false,"template":"","format":"standard","meta":{"footnotes":""},"categories":[178],"tags":[],"class_list":["post-21138","post","type-post","status-publish","format-standard","has-post-thumbnail","hentry","category-san-juan"],"_links":{"self":[{"href":"http:\/\/www.sanjuandeportes.com\/wp\/wp-json\/wp\/v2\/posts\/21138","targetHints":{"allow":["GET"]}}],"collection":[{"href":"http:\/\/www.sanjuandeportes.com\/wp\/wp-json\/wp\/v2\/posts"}],"about":[{"href":"http:\/\/www.sanjuandeportes.com\/wp\/wp-json\/wp\/v2\/types\/post"}],"author":[{"embeddable":true,"href":"http:\/\/www.sanjuandeportes.com\/wp\/wp-json\/wp\/v2\/users\/1"}],"replies":[{"embeddable":true,"href":"http:\/\/www.sanjuandeportes.com\/wp\/wp-json\/wp\/v2\/comments?post=21138"}],"version-history":[{"count":1,"href":"http:\/\/www.sanjuandeportes.com\/wp\/wp-json\/wp\/v2\/posts\/21138\/revisions"}],"predecessor-version":[{"id":21140,"href":"http:\/\/www.sanjuandeportes.com\/wp\/wp-json\/wp\/v2\/posts\/21138\/revisions\/21140"}],"wp:featuredmedia":[{"embeddable":true,"href":"http:\/\/www.sanjuandeportes.com\/wp\/wp-json\/wp\/v2\/media\/21139"}],"wp:attachment":[{"href":"http:\/\/www.sanjuandeportes.com\/wp\/wp-json\/wp\/v2\/media?parent=21138"}],"wp:term":[{"taxonomy":"category","embeddable":true,"href":"http:\/\/www.sanjuandeportes.com\/wp\/wp-json\/wp\/v2\/categories?post=21138"},{"taxonomy":"post_tag","embeddable":true,"href":"http:\/\/www.sanjuandeportes.com\/wp\/wp-json\/wp\/v2\/tags?post=21138"}],"curies":[{"name":"wp","href":"https:\/\/api.w.org\/{rel}","templated":true}]}}