{"id":2253,"date":"2018-03-20T14:25:50","date_gmt":"2018-03-20T14:25:50","guid":{"rendered":"http:\/\/www.sanjuandeportes.com\/wp\/?p=2253"},"modified":"2018-03-20T14:25:50","modified_gmt":"2018-03-20T14:25:50","slug":"el-ciclo-coyette-comenzo-en-san-martin","status":"publish","type":"post","link":"http:\/\/www.sanjuandeportes.com\/wp\/2018\/03\/20\/el-ciclo-coyette-comenzo-en-san-martin\/","title":{"rendered":"El ciclo Coyette comenz\u00f3 en San Mart\u00edn"},"content":{"rendered":"<p><strong>El flamante DT del verdinegro, el lunes por la tarde dio su primera pr\u00e1ctica en el Hilario Sanchez Rodriguez.<\/strong><\/p>\n<figure id=\"attachment_2254\" aria-describedby=\"caption-attachment-2254\" style=\"width: 1779px\" class=\"wp-caption alignnone\"><img decoding=\"async\" class=\"wp-image-2254 size-full lazyload\" data-src=\"http:\/\/www.sanjuandeportes.com\/wp\/wp-content\/uploads\/2018\/03\/Gaston-Coyette-y-cuerpo-tecnico.jpg\" alt=\"\" width=\"1779\" height=\"1414\" data-srcset=\"http:\/\/www.sanjuandeportes.com\/wp\/wp-content\/uploads\/2018\/03\/Gaston-Coyette-y-cuerpo-tecnico.jpg 1779w, http:\/\/www.sanjuandeportes.com\/wp\/wp-content\/uploads\/2018\/03\/Gaston-Coyette-y-cuerpo-tecnico-300x238.jpg 300w, http:\/\/www.sanjuandeportes.com\/wp\/wp-content\/uploads\/2018\/03\/Gaston-Coyette-y-cuerpo-tecnico-768x610.jpg 768w, http:\/\/www.sanjuandeportes.com\/wp\/wp-content\/uploads\/2018\/03\/Gaston-Coyette-y-cuerpo-tecnico-1024x814.jpg 1024w, http:\/\/www.sanjuandeportes.com\/wp\/wp-content\/uploads\/2018\/03\/Gaston-Coyette-y-cuerpo-tecnico-696x553.jpg 696w, http:\/\/www.sanjuandeportes.com\/wp\/wp-content\/uploads\/2018\/03\/Gaston-Coyette-y-cuerpo-tecnico-1068x849.jpg 1068w, http:\/\/www.sanjuandeportes.com\/wp\/wp-content\/uploads\/2018\/03\/Gaston-Coyette-y-cuerpo-tecnico-528x420.jpg 528w\" data-sizes=\"(max-width: 1779px) 100vw, 1779px\" src=\"data:image\/svg+xml;base64,PHN2ZyB3aWR0aD0iMSIgaGVpZ2h0PSIxIiB4bWxucz0iaHR0cDovL3d3dy53My5vcmcvMjAwMC9zdmciPjwvc3ZnPg==\" style=\"--smush-placeholder-width: 1779px; --smush-placeholder-aspect-ratio: 1779\/1414;\" \/><figcaption id=\"caption-attachment-2254\" class=\"wp-caption-text\">De izquierda a derecha Patricio Pisano (AC), Gast\u00f3n Coyette, Emanuel S\u00e1nchez (PF) y Diego Carranza (EA).<\/figcaption><\/figure>\n<p>Gaston Coyette tuvo su primera pr\u00e1ctica ayer en el verdinegro de cara a la ultima parte del campeonato. El entrenador firm\u00f3 contrato hasta junio de 2019.<\/p>\n<p><strong>Su palmar\u00e9s como entrenador:<\/strong><\/p>\n<ul>\n<li>En 2016 fue su debut como DT y fue en Chacarita Juniors, donde lo llev\u00f3 nuevamente a primera divisi\u00f3n. En primera estuvo a cargo del tricolor por 9 fechas, y tuvo un record de 1 Victoria, 1 Empate y 7 derrotas.<\/li>\n<\/ul>\n<p>&nbsp;<\/p>\n","protected":false},"excerpt":{"rendered":"<p>El flamante DT del verdinegro, el lunes por la tarde dio su primera pr\u00e1ctica en el Hilario Sanchez Rodriguez. Gaston Coyette tuvo su primera pr\u00e1ctica ayer en el verdinegro de cara a la ultima parte del campeonato. El entrenador firm\u00f3 contrato hasta junio de 2019. Su palmar\u00e9s como entrenador: En 2016 fue su debut como [&hellip;]<\/p>\n","protected":false},"author":1,"featured_media":2254,"comment_status":"open","ping_status":"open","sticky":false,"template":"","format":"standard","meta":{"footnotes":""},"categories":[2,32],"tags":[],"class_list":["post-2253","post","type-post","status-publish","format-standard","has-post-thumbnail","hentry","category-featured","category-sanmartin"],"yoast_head":"<!-- This site is optimized with the Yoast SEO plugin v28.2 - https:\/\/yoast.com\/product\/yoast-seo-wordpress\/ -->\n<title>El ciclo Coyette comenz\u00f3 en San Mart\u00edn - San Juan Deportes<\/title>\n<meta name=\"robots\" content=\"index, follow, max-snippet:-1, max-image-preview:large, max-video-preview:-1\" \/>\n<link rel=\"canonical\" href=\"https:\/\/www.sanjuandeportes.com\/wp\/2018\/03\/20\/el-ciclo-coyette-comenzo-en-san-martin\/\" \/>\n<meta property=\"og:locale\" content=\"es_ES\" \/>\n<meta property=\"og:type\" content=\"article\" \/>\n<meta property=\"og:title\" content=\"El ciclo Coyette comenz\u00f3 en San Mart\u00edn - San Juan Deportes\" \/>\n<meta property=\"og:description\" content=\"El flamante DT del verdinegro, el lunes por la tarde dio su primera pr\u00e1ctica en el Hilario Sanchez Rodriguez. Gaston Coyette tuvo su primera pr\u00e1ctica ayer en el verdinegro de cara a la ultima parte del campeonato. El entrenador firm\u00f3 contrato hasta junio de 2019. Su palmar\u00e9s como entrenador: En 2016 fue su debut como [&hellip;]\" \/>\n<meta property=\"og:url\" content=\"https:\/\/www.sanjuandeportes.com\/wp\/2018\/03\/20\/el-ciclo-coyette-comenzo-en-san-martin\/\" \/>\n<meta property=\"og:site_name\" content=\"San Juan Deportes\" \/>\n<meta property=\"article:publisher\" content=\"https:\/\/www.facebook.com\/sanjuandeportesok\" \/>\n<meta property=\"article:published_time\" content=\"2018-03-20T14:25:50+00:00\" \/>\n<meta property=\"og:image\" content=\"https:\/\/www.sanjuandeportes.com\/wp\/wp-content\/uploads\/2018\/03\/Gaston-Coyette-y-cuerpo-tecnico.jpg\" \/>\n\t<meta property=\"og:image:width\" content=\"1779\" \/>\n\t<meta property=\"og:image:height\" content=\"1414\" \/>\n\t<meta property=\"og:image:type\" content=\"image\/jpeg\" \/>\n<meta name=\"author\" content=\"admin\" \/>\n<meta name=\"twitter:card\" content=\"summary_large_image\" \/>\n<meta name=\"twitter:creator\" content=\"@SanJuanDeportes\" \/>\n<meta name=\"twitter:site\" content=\"@SanJuanDeportes\" \/>\n<meta name=\"twitter:label1\" content=\"Escrito por\" \/>\n\t<meta name=\"twitter:data1\" content=\"admin\" \/>\n\t<meta name=\"twitter:label2\" content=\"Tiempo de lectura\" \/>\n\t<meta name=\"twitter:data2\" content=\"1 minuto\" \/>\n<script type=\"application\/ld+json\" class=\"yoast-schema-graph\">{\"@context\":\"https:\\\/\\\/schema.org\",\"@graph\":[{\"@type\":\"Article\",\"@id\":\"https:\\\/\\\/www.sanjuandeportes.com\\\/wp\\\/2018\\\/03\\\/20\\\/el-ciclo-coyette-comenzo-en-san-martin\\\/#article\",\"isPartOf\":{\"@id\":\"https:\\\/\\\/www.sanjuandeportes.com\\\/wp\\\/2018\\\/03\\\/20\\\/el-ciclo-coyette-comenzo-en-san-martin\\\/\"},\"author\":{\"name\":\"admin\",\"@id\":\"http:\\\/\\\/www.sanjuandeportes.com\\\/wp\\\/#\\\/schema\\\/person\\\/d8e3463931719391897f9c7a6d1bb7b3\"},\"headline\":\"El ciclo Coyette comenz\u00f3 en San Mart\u00edn\",\"datePublished\":\"2018-03-20T14:25:50+00:00\",\"mainEntityOfPage\":{\"@id\":\"https:\\\/\\\/www.sanjuandeportes.com\\\/wp\\\/2018\\\/03\\\/20\\\/el-ciclo-coyette-comenzo-en-san-martin\\\/\"},\"wordCount\":122,\"commentCount\":0,\"publisher\":{\"@id\":\"http:\\\/\\\/www.sanjuandeportes.com\\\/wp\\\/#organization\"},\"image\":{\"@id\":\"https:\\\/\\\/www.sanjuandeportes.com\\\/wp\\\/2018\\\/03\\\/20\\\/el-ciclo-coyette-comenzo-en-san-martin\\\/#primaryimage\"},\"thumbnailUrl\":\"http:\\\/\\\/www.sanjuandeportes.com\\\/wp\\\/wp-content\\\/uploads\\\/2018\\\/03\\\/Gaston-Coyette-y-cuerpo-tecnico.jpg\",\"articleSection\":[\"Featured\",\"San Martin de San Juan\"],\"inLanguage\":\"es\",\"potentialAction\":[{\"@type\":\"CommentAction\",\"name\":\"Comment\",\"target\":[\"https:\\\/\\\/www.sanjuandeportes.com\\\/wp\\\/2018\\\/03\\\/20\\\/el-ciclo-coyette-comenzo-en-san-martin\\\/#respond\"]}]},{\"@type\":\"WebPage\",\"@id\":\"https:\\\/\\\/www.sanjuandeportes.com\\\/wp\\\/2018\\\/03\\\/20\\\/el-ciclo-coyette-comenzo-en-san-martin\\\/\",\"url\":\"https:\\\/\\\/www.sanjuandeportes.com\\\/wp\\\/2018\\\/03\\\/20\\\/el-ciclo-coyette-comenzo-en-san-martin\\\/\",\"name\":\"El ciclo Coyette comenz\u00f3 en San Mart\u00edn - San Juan Deportes\",\"isPartOf\":{\"@id\":\"http:\\\/\\\/www.sanjuandeportes.com\\\/wp\\\/#website\"},\"primaryImageOfPage\":{\"@id\":\"https:\\\/\\\/www.sanjuandeportes.com\\\/wp\\\/2018\\\/03\\\/20\\\/el-ciclo-coyette-comenzo-en-san-martin\\\/#primaryimage\"},\"image\":{\"@id\":\"https:\\\/\\\/www.sanjuandeportes.com\\\/wp\\\/2018\\\/03\\\/20\\\/el-ciclo-coyette-comenzo-en-san-martin\\\/#primaryimage\"},\"thumbnailUrl\":\"http:\\\/\\\/www.sanjuandeportes.com\\\/wp\\\/wp-content\\\/uploads\\\/2018\\\/03\\\/Gaston-Coyette-y-cuerpo-tecnico.jpg\",\"datePublished\":\"2018-03-20T14:25:50+00:00\",\"breadcrumb\":{\"@id\":\"https:\\\/\\\/www.sanjuandeportes.com\\\/wp\\\/2018\\\/03\\\/20\\\/el-ciclo-coyette-comenzo-en-san-martin\\\/#breadcrumb\"},\"inLanguage\":\"es\",\"potentialAction\":[{\"@type\":\"ReadAction\",\"target\":[\"https:\\\/\\\/www.sanjuandeportes.com\\\/wp\\\/2018\\\/03\\\/20\\\/el-ciclo-coyette-comenzo-en-san-martin\\\/\"]}]},{\"@type\":\"ImageObject\",\"inLanguage\":\"es\",\"@id\":\"https:\\\/\\\/www.sanjuandeportes.com\\\/wp\\\/2018\\\/03\\\/20\\\/el-ciclo-coyette-comenzo-en-san-martin\\\/#primaryimage\",\"url\":\"http:\\\/\\\/www.sanjuandeportes.com\\\/wp\\\/wp-content\\\/uploads\\\/2018\\\/03\\\/Gaston-Coyette-y-cuerpo-tecnico.jpg\",\"contentUrl\":\"http:\\\/\\\/www.sanjuandeportes.com\\\/wp\\\/wp-content\\\/uploads\\\/2018\\\/03\\\/Gaston-Coyette-y-cuerpo-tecnico.jpg\",\"width\":1779,\"height\":1414},{\"@type\":\"BreadcrumbList\",\"@id\":\"https:\\\/\\\/www.sanjuandeportes.com\\\/wp\\\/2018\\\/03\\\/20\\\/el-ciclo-coyette-comenzo-en-san-martin\\\/#breadcrumb\",\"itemListElement\":[{\"@type\":\"ListItem\",\"position\":1,\"name\":\"Portada\",\"item\":\"http:\\\/\\\/www.sanjuandeportes.com\\\/wp\\\/\"},{\"@type\":\"ListItem\",\"position\":2,\"name\":\"El ciclo Coyette comenz\u00f3 en San Mart\u00edn\"}]},{\"@type\":\"WebSite\",\"@id\":\"http:\\\/\\\/www.sanjuandeportes.com\\\/wp\\\/#website\",\"url\":\"http:\\\/\\\/www.sanjuandeportes.com\\\/wp\\\/\",\"name\":\"San Juan Deportes\",\"description\":\"El sitio de deportes de la provincia de San Juan\",\"publisher\":{\"@id\":\"http:\\\/\\\/www.sanjuandeportes.com\\\/wp\\\/#organization\"},\"potentialAction\":[{\"@type\":\"SearchAction\",\"target\":{\"@type\":\"EntryPoint\",\"urlTemplate\":\"http:\\\/\\\/www.sanjuandeportes.com\\\/wp\\\/?s={search_term_string}\"},\"query-input\":{\"@type\":\"PropertyValueSpecification\",\"valueRequired\":true,\"valueName\":\"search_term_string\"}}],\"inLanguage\":\"es\"},{\"@type\":\"Organization\",\"@id\":\"http:\\\/\\\/www.sanjuandeportes.com\\\/wp\\\/#organization\",\"name\":\"San Juan Deportes\",\"url\":\"http:\\\/\\\/www.sanjuandeportes.com\\\/wp\\\/\",\"logo\":{\"@type\":\"ImageObject\",\"inLanguage\":\"es\",\"@id\":\"http:\\\/\\\/www.sanjuandeportes.com\\\/wp\\\/#\\\/schema\\\/logo\\\/image\\\/\",\"url\":\"https:\\\/\\\/www.sanjuandeportes.com\\\/wp\\\/wp-content\\\/uploads\\\/unnamed.jpg\",\"contentUrl\":\"https:\\\/\\\/www.sanjuandeportes.com\\\/wp\\\/wp-content\\\/uploads\\\/unnamed.jpg\",\"width\":900,\"height\":900,\"caption\":\"San Juan Deportes\"},\"image\":{\"@id\":\"http:\\\/\\\/www.sanjuandeportes.com\\\/wp\\\/#\\\/schema\\\/logo\\\/image\\\/\"},\"sameAs\":[\"https:\\\/\\\/www.facebook.com\\\/sanjuandeportesok\",\"https:\\\/\\\/x.com\\\/SanJuanDeportes\",\"https:\\\/\\\/www.instagram.com\\\/sanjuandeportes\"]},{\"@type\":\"Person\",\"@id\":\"http:\\\/\\\/www.sanjuandeportes.com\\\/wp\\\/#\\\/schema\\\/person\\\/d8e3463931719391897f9c7a6d1bb7b3\",\"name\":\"admin\",\"image\":{\"@type\":\"ImageObject\",\"inLanguage\":\"es\",\"@id\":\"https:\\\/\\\/secure.gravatar.com\\\/avatar\\\/c4deacdacf798758c71e8e4f4ca4bcf755ae082e386babce41b35a278703bed5?s=96&d=mm&r=g\",\"url\":\"https:\\\/\\\/secure.gravatar.com\\\/avatar\\\/c4deacdacf798758c71e8e4f4ca4bcf755ae082e386babce41b35a278703bed5?s=96&d=mm&r=g\",\"contentUrl\":\"https:\\\/\\\/secure.gravatar.com\\\/avatar\\\/c4deacdacf798758c71e8e4f4ca4bcf755ae082e386babce41b35a278703bed5?s=96&d=mm&r=g\",\"caption\":\"admin\"},\"url\":\"http:\\\/\\\/www.sanjuandeportes.com\\\/wp\\\/author\\\/admin\\\/\"}]}<\/script>\n<!-- \/ Yoast SEO plugin. -->","yoast_head_json":{"title":"El ciclo Coyette comenz\u00f3 en San Mart\u00edn - San Juan Deportes","robots":{"index":"index","follow":"follow","max-snippet":"max-snippet:-1","max-image-preview":"max-image-preview:large","max-video-preview":"max-video-preview:-1"},"canonical":"https:\/\/www.sanjuandeportes.com\/wp\/2018\/03\/20\/el-ciclo-coyette-comenzo-en-san-martin\/","og_locale":"es_ES","og_type":"article","og_title":"El ciclo Coyette comenz\u00f3 en San Mart\u00edn - San Juan Deportes","og_description":"El flamante DT del verdinegro, el lunes por la tarde dio su primera pr\u00e1ctica en el Hilario Sanchez Rodriguez. Gaston Coyette tuvo su primera pr\u00e1ctica ayer en el verdinegro de cara a la ultima parte del campeonato. El entrenador firm\u00f3 contrato hasta junio de 2019. Su palmar\u00e9s como entrenador: En 2016 fue su debut como [&hellip;]","og_url":"https:\/\/www.sanjuandeportes.com\/wp\/2018\/03\/20\/el-ciclo-coyette-comenzo-en-san-martin\/","og_site_name":"San Juan Deportes","article_publisher":"https:\/\/www.facebook.com\/sanjuandeportesok","article_published_time":"2018-03-20T14:25:50+00:00","og_image":[{"width":1779,"height":1414,"url":"https:\/\/www.sanjuandeportes.com\/wp\/wp-content\/uploads\/2018\/03\/Gaston-Coyette-y-cuerpo-tecnico.jpg","type":"image\/jpeg"}],"author":"admin","twitter_card":"summary_large_image","twitter_creator":"@SanJuanDeportes","twitter_site":"@SanJuanDeportes","twitter_misc":{"Escrito por":"admin","Tiempo de lectura":"1 minuto"},"schema":{"@context":"https:\/\/schema.org","@graph":[{"@type":"Article","@id":"https:\/\/www.sanjuandeportes.com\/wp\/2018\/03\/20\/el-ciclo-coyette-comenzo-en-san-martin\/#article","isPartOf":{"@id":"https:\/\/www.sanjuandeportes.com\/wp\/2018\/03\/20\/el-ciclo-coyette-comenzo-en-san-martin\/"},"author":{"name":"admin","@id":"http:\/\/www.sanjuandeportes.com\/wp\/#\/schema\/person\/d8e3463931719391897f9c7a6d1bb7b3"},"headline":"El ciclo Coyette comenz\u00f3 en San Mart\u00edn","datePublished":"2018-03-20T14:25:50+00:00","mainEntityOfPage":{"@id":"https:\/\/www.sanjuandeportes.com\/wp\/2018\/03\/20\/el-ciclo-coyette-comenzo-en-san-martin\/"},"wordCount":122,"commentCount":0,"publisher":{"@id":"http:\/\/www.sanjuandeportes.com\/wp\/#organization"},"image":{"@id":"https:\/\/www.sanjuandeportes.com\/wp\/2018\/03\/20\/el-ciclo-coyette-comenzo-en-san-martin\/#primaryimage"},"thumbnailUrl":"http:\/\/www.sanjuandeportes.com\/wp\/wp-content\/uploads\/2018\/03\/Gaston-Coyette-y-cuerpo-tecnico.jpg","articleSection":["Featured","San Martin de San Juan"],"inLanguage":"es","potentialAction":[{"@type":"CommentAction","name":"Comment","target":["https:\/\/www.sanjuandeportes.com\/wp\/2018\/03\/20\/el-ciclo-coyette-comenzo-en-san-martin\/#respond"]}]},{"@type":"WebPage","@id":"https:\/\/www.sanjuandeportes.com\/wp\/2018\/03\/20\/el-ciclo-coyette-comenzo-en-san-martin\/","url":"https:\/\/www.sanjuandeportes.com\/wp\/2018\/03\/20\/el-ciclo-coyette-comenzo-en-san-martin\/","name":"El ciclo Coyette comenz\u00f3 en San Mart\u00edn - San Juan Deportes","isPartOf":{"@id":"http:\/\/www.sanjuandeportes.com\/wp\/#website"},"primaryImageOfPage":{"@id":"https:\/\/www.sanjuandeportes.com\/wp\/2018\/03\/20\/el-ciclo-coyette-comenzo-en-san-martin\/#primaryimage"},"image":{"@id":"https:\/\/www.sanjuandeportes.com\/wp\/2018\/03\/20\/el-ciclo-coyette-comenzo-en-san-martin\/#primaryimage"},"thumbnailUrl":"http:\/\/www.sanjuandeportes.com\/wp\/wp-content\/uploads\/2018\/03\/Gaston-Coyette-y-cuerpo-tecnico.jpg","datePublished":"2018-03-20T14:25:50+00:00","breadcrumb":{"@id":"https:\/\/www.sanjuandeportes.com\/wp\/2018\/03\/20\/el-ciclo-coyette-comenzo-en-san-martin\/#breadcrumb"},"inLanguage":"es","potentialAction":[{"@type":"ReadAction","target":["https:\/\/www.sanjuandeportes.com\/wp\/2018\/03\/20\/el-ciclo-coyette-comenzo-en-san-martin\/"]}]},{"@type":"ImageObject","inLanguage":"es","@id":"https:\/\/www.sanjuandeportes.com\/wp\/2018\/03\/20\/el-ciclo-coyette-comenzo-en-san-martin\/#primaryimage","url":"http:\/\/www.sanjuandeportes.com\/wp\/wp-content\/uploads\/2018\/03\/Gaston-Coyette-y-cuerpo-tecnico.jpg","contentUrl":"http:\/\/www.sanjuandeportes.com\/wp\/wp-content\/uploads\/2018\/03\/Gaston-Coyette-y-cuerpo-tecnico.jpg","width":1779,"height":1414},{"@type":"BreadcrumbList","@id":"https:\/\/www.sanjuandeportes.com\/wp\/2018\/03\/20\/el-ciclo-coyette-comenzo-en-san-martin\/#breadcrumb","itemListElement":[{"@type":"ListItem","position":1,"name":"Portada","item":"http:\/\/www.sanjuandeportes.com\/wp\/"},{"@type":"ListItem","position":2,"name":"El ciclo Coyette comenz\u00f3 en San Mart\u00edn"}]},{"@type":"WebSite","@id":"http:\/\/www.sanjuandeportes.com\/wp\/#website","url":"http:\/\/www.sanjuandeportes.com\/wp\/","name":"San Juan Deportes","description":"El sitio de deportes de la provincia de San Juan","publisher":{"@id":"http:\/\/www.sanjuandeportes.com\/wp\/#organization"},"potentialAction":[{"@type":"SearchAction","target":{"@type":"EntryPoint","urlTemplate":"http:\/\/www.sanjuandeportes.com\/wp\/?s={search_term_string}"},"query-input":{"@type":"PropertyValueSpecification","valueRequired":true,"valueName":"search_term_string"}}],"inLanguage":"es"},{"@type":"Organization","@id":"http:\/\/www.sanjuandeportes.com\/wp\/#organization","name":"San Juan Deportes","url":"http:\/\/www.sanjuandeportes.com\/wp\/","logo":{"@type":"ImageObject","inLanguage":"es","@id":"http:\/\/www.sanjuandeportes.com\/wp\/#\/schema\/logo\/image\/","url":"https:\/\/www.sanjuandeportes.com\/wp\/wp-content\/uploads\/unnamed.jpg","contentUrl":"https:\/\/www.sanjuandeportes.com\/wp\/wp-content\/uploads\/unnamed.jpg","width":900,"height":900,"caption":"San Juan Deportes"},"image":{"@id":"http:\/\/www.sanjuandeportes.com\/wp\/#\/schema\/logo\/image\/"},"sameAs":["https:\/\/www.facebook.com\/sanjuandeportesok","https:\/\/x.com\/SanJuanDeportes","https:\/\/www.instagram.com\/sanjuandeportes"]},{"@type":"Person","@id":"http:\/\/www.sanjuandeportes.com\/wp\/#\/schema\/person\/d8e3463931719391897f9c7a6d1bb7b3","name":"admin","image":{"@type":"ImageObject","inLanguage":"es","@id":"https:\/\/secure.gravatar.com\/avatar\/c4deacdacf798758c71e8e4f4ca4bcf755ae082e386babce41b35a278703bed5?s=96&d=mm&r=g","url":"https:\/\/secure.gravatar.com\/avatar\/c4deacdacf798758c71e8e4f4ca4bcf755ae082e386babce41b35a278703bed5?s=96&d=mm&r=g","contentUrl":"https:\/\/secure.gravatar.com\/avatar\/c4deacdacf798758c71e8e4f4ca4bcf755ae082e386babce41b35a278703bed5?s=96&d=mm&r=g","caption":"admin"},"url":"http:\/\/www.sanjuandeportes.com\/wp\/author\/admin\/"}]}},"_links":{"self":[{"href":"http:\/\/www.sanjuandeportes.com\/wp\/wp-json\/wp\/v2\/posts\/2253","targetHints":{"allow":["GET"]}}],"collection":[{"href":"http:\/\/www.sanjuandeportes.com\/wp\/wp-json\/wp\/v2\/posts"}],"about":[{"href":"http:\/\/www.sanjuandeportes.com\/wp\/wp-json\/wp\/v2\/types\/post"}],"author":[{"embeddable":true,"href":"http:\/\/www.sanjuandeportes.com\/wp\/wp-json\/wp\/v2\/users\/1"}],"replies":[{"embeddable":true,"href":"http:\/\/www.sanjuandeportes.com\/wp\/wp-json\/wp\/v2\/comments?post=2253"}],"version-history":[{"count":1,"href":"http:\/\/www.sanjuandeportes.com\/wp\/wp-json\/wp\/v2\/posts\/2253\/revisions"}],"predecessor-version":[{"id":2255,"href":"http:\/\/www.sanjuandeportes.com\/wp\/wp-json\/wp\/v2\/posts\/2253\/revisions\/2255"}],"wp:featuredmedia":[{"embeddable":true,"href":"http:\/\/www.sanjuandeportes.com\/wp\/wp-json\/wp\/v2\/media\/2254"}],"wp:attachment":[{"href":"http:\/\/www.sanjuandeportes.com\/wp\/wp-json\/wp\/v2\/media?parent=2253"}],"wp:term":[{"taxonomy":"category","embeddable":true,"href":"http:\/\/www.sanjuandeportes.com\/wp\/wp-json\/wp\/v2\/categories?post=2253"},{"taxonomy":"post_tag","embeddable":true,"href":"http:\/\/www.sanjuandeportes.com\/wp\/wp-json\/wp\/v2\/tags?post=2253"}],"curies":[{"name":"wp","href":"https:\/\/api.w.org\/{rel}","templated":true}]}}