{"id":29376,"date":"2026-02-12T21:07:00","date_gmt":"2026-02-13T00:07:00","guid":{"rendered":"https:\/\/www.sanjuandeportes.com\/wp\/?p=29376"},"modified":"2026-02-12T21:07:01","modified_gmt":"2026-02-13T00:07:01","slug":"confirmaron-cuando-sera-la-vuelta-a-san-juan-damas-2026","status":"publish","type":"post","link":"http:\/\/www.sanjuandeportes.com\/wp\/2026\/02\/12\/confirmaron-cuando-sera-la-vuelta-a-san-juan-damas-2026\/","title":{"rendered":"Confirmaron cu\u00e1ndo ser\u00e1 la Vuelta a San Juan Damas 2026"},"content":{"rendered":"\n<p>La segunda edici\u00f3n de la competencia de ciclismo en ruta ser\u00e1 para categor\u00edas Junior, Sub 23, Elite y M\u00e1ster. Habr\u00e1 m\u00e1s etapas y se aguarda por el arribo de equipos nacionales e internacionales.<\/p>\n\n\n\n<p>Pr\u00f3ximamente en la provincia se celebrar\u00e1 la segunda edici\u00f3n de Vuelta a San Juan Damas 2026. La nueva fecha asignada es desde el martes 03 al domingo 08 de marzo. La competencia de ciclismo en ruta ser\u00e1 exclusivamente femenina y recorrer\u00e1 varios departamentos.<\/p>\n\n\n\n<p>Las categor\u00edas participantes ser\u00e1n cuatro en total: Junior, para nacidas en 2008 y 2009, Sub 23, Elite y M\u00e1ster (m\u00e1s de 50 a\u00f1os). A diferencia del a\u00f1o anterior, la carrera ser\u00e1 m\u00e1s extensa. Habr\u00e1 un pr\u00f3logo y cinco etapas en l\u00ednea. Es informaci\u00f3n a confirmar cu\u00e1ntas etapas har\u00e1 la divisional Junior.<\/p>\n\n\n\n<p>Esta carrera de tipo amateur contar\u00e1 con la presencia de equipos locales. Y se aguarda por el arribo de escuadras nacionales e internacionales, para engrandecer a la cita. Cada equipo podr\u00e1 contar con un m\u00ednimo de cinco integrantes y un m\u00e1ximo de ocho. Las inscripciones contin\u00faan vigentes. Las atletas interesadas en participar, por favor comunicarse a los siguientes tel\u00e9fonos: 264-527-7395 (Gino) o 264-413-10-12 (Karina).<\/p>\n\n\n\n<p>Vuelta a San Juan Damas 2026 contar\u00e1 con la organizaci\u00f3n de Fundaci\u00f3n Planeta Ram\u00edrez, apoyo de Federaci\u00f3n Ciclista Sanjuanina, fiscalizaci\u00f3n de Federaci\u00f3n Argentina de Ciclismo de Pista y Ruta, y auspicio principal de Gobierno de San Juan. Adem\u00e1s, el evento tambi\u00e9n tendr\u00e1 el respaldo de Ministerio de Turismo, Cultura y Deporte y Agencia Deportes San Juan.<\/p>\n\n\n\n<p>A continuaci\u00f3n, la informaci\u00f3n correspondiente a etapas, recorridos y horarios de la carrera.<\/p>\n\n\n\n<p>Martes 03 de marzo \u2013 Pr\u00f3logo<br>Departamento: Santa Luc\u00eda.<br>Concentraci\u00f3n: 15 horas, en intersecci\u00f3n de calles Tom\u00e1s Edison y Col\u00f3n.<br>Largada: 16 horas, desde el lugar.<\/p>\n\n\n\n<p>Recorrido: por Calle Col\u00f3n hasta Cordillera de los Andes, al este hasta calle San Juan, al sur hasta calle San Lorenzo, al oeste hasta calle Col\u00f3n, al norte hasta el paso por l\u00ednea de largada y completar el circuito.<\/p>\n\n\n\n<p>Llegada: Tom\u00e1s Edison y Col\u00f3n.<br>Cantidad de giros: a confirmar.<br>Total: 7,6 KM por cada giro.<\/p>\n\n\n\n<p>Mi\u00e9rcoles 04 de marzo \u2013 Etapa 1<br>Departamento: Santa Luc\u00eda.<br>Concentraci\u00f3n: 15 horas, en intersecci\u00f3n de calles Tom\u00e1s Edison y Col\u00f3n.<br>Largada: 16 horas, desde el lugar.<\/p>\n\n\n\n<p>Recorrido: por calle Col\u00f3n hasta calle Cordillera de los Andes, al este hasta San Juan, al sur hasta San Lorenzo, al este hasta Balcarce, Roque S\u00e1enz Pe\u00f1a hasta Urquiza, al sur hasta Avenida Libertador General San Mart\u00edn, al oeste hasta 12 de Octubre, al sur hasta Avenida Hip\u00f3lito Yrigoyen, al oeste hasta Col\u00f3n y por esta hasta completar el circuito que se correr\u00e1 en tres oportunidades.<\/p>\n\n\n\n<p>Llegada: Tom\u00e1s Edison y Col\u00f3n.<br>Total: 61,8 KM.<\/p>\n\n\n\n<p>Jueves 05 de marzo \u2013 Etapa 2<br>Departamento: Rivadavia.<br>Concentraci\u00f3n: 15 horas, en Parador del Ciclista.<br>Largada: 16 horas, desde el lugar.<\/p>\n\n\n\n<p>Recorrido: por Avenida Libertador Gral. San Mart\u00edn hasta calle Galindez, al norte hasta rotonda de Gendarmer\u00eda e ingresar a Ruta Provincial 60, por la misma hasta girar en rotonda frente a ex Cer\u00e1mica San Juan y regreso por carril opuesto por Ruta Provincial 60, Galindez, Avenida Libertador Gral. San Mart\u00edn y finalizar en Parador del Ciclista.<\/p>\n\n\n\n<p>Llegada: Parador del Ciclista.<br>Total: 12,6 KM por cada giro. Total de vueltas a confirmar.<\/p>\n\n\n\n<p>Viernes 06 de marzo \u2013 Etapa 3<br>Departamento: Chimbas.<br>Concentraci\u00f3n: 15 horas, desde Plaza de Chimbas.<br>Largada: 16 horas, desde el lugar.<\/p>\n\n\n\n<p>Recorrido: por calle Mendoza al norte hasta calle Centenario, al oeste hasta calle Salta, al sur hasta Avenida Benavidez, al este hasta calle Mendoza y continuar por la misma hasta completar el circuito en 9 oportunidades.<\/p>\n\n\n\n<p>Llegada: Plaza de Chimbas.<br>Total: 74,160 KM.<\/p>\n\n\n\n<p>S\u00e1bado 07 de marzo \u2013 Etapa 4<br>Departamento: Sarmiento.<br>Concentraci\u00f3n: 15 horas, desde Municipalidad de Sarmiento.<br>Largada: 16 horas, desde el lugar.<\/p>\n\n\n\n<p>Recorrido: tren controlado por Belgrano hasta Jos\u00e9 Ares, a la derecha hasta calle Barboza, Ruta Nacional 40 hasta Avenida Uruguay donde se dar\u00e1 el v\u00eda oficial. Continuar por la misma hasta calle Aranda, Bufano, Doncel, 25 de Mayo, Barboza y empalmar con Ruta Nacional 153 hasta Alto del Pedernal.<\/p>\n\n\n\n<p>Llegada: Alto del Pedernal, altura de Dique las Crucecitas.<br>Total: 60,300 KM.<\/p>\n\n\n\n<p>Domingo 08 de marzo \u2013 Etapa 5<br>Departamento: Avenida Circunvalaci\u00f3n, Capital.<br>Concentraci\u00f3n: 15 horas, desde Av. Circunvalaci\u00f3n y Mendoza sur.<br>Largada: 16 horas, desde el lugar.<br>Recorrido: seis giros completos por anillo interno a Avenida Circunvalaci\u00f3n.<br>Total: 96 KM.<\/p>\n","protected":false},"excerpt":{"rendered":"<p>La segunda edici\u00f3n de la competencia de ciclismo en ruta ser\u00e1 para categor\u00edas Junior, Sub 23, Elite y M\u00e1ster. Habr\u00e1 m\u00e1s etapas y se aguarda por el arribo de equipos nacionales e internacionales. Pr\u00f3ximamente en la provincia se celebrar\u00e1 la segunda edici\u00f3n de Vuelta a San Juan Damas 2026. La nueva fecha asignada es desde [&hellip;]<\/p>\n","protected":false},"author":1,"featured_media":29377,"comment_status":"open","ping_status":"open","sticky":false,"template":"","format":"standard","meta":{"footnotes":""},"categories":[23,48,2,178],"tags":[],"class_list":["post-29376","post","type-post","status-publish","format-standard","has-post-thumbnail","hentry","category-ciclismo","category-destacada","category-featured","category-san-juan"],"_links":{"self":[{"href":"http:\/\/www.sanjuandeportes.com\/wp\/wp-json\/wp\/v2\/posts\/29376","targetHints":{"allow":["GET"]}}],"collection":[{"href":"http:\/\/www.sanjuandeportes.com\/wp\/wp-json\/wp\/v2\/posts"}],"about":[{"href":"http:\/\/www.sanjuandeportes.com\/wp\/wp-json\/wp\/v2\/types\/post"}],"author":[{"embeddable":true,"href":"http:\/\/www.sanjuandeportes.com\/wp\/wp-json\/wp\/v2\/users\/1"}],"replies":[{"embeddable":true,"href":"http:\/\/www.sanjuandeportes.com\/wp\/wp-json\/wp\/v2\/comments?post=29376"}],"version-history":[{"count":1,"href":"http:\/\/www.sanjuandeportes.com\/wp\/wp-json\/wp\/v2\/posts\/29376\/revisions"}],"predecessor-version":[{"id":29378,"href":"http:\/\/www.sanjuandeportes.com\/wp\/wp-json\/wp\/v2\/posts\/29376\/revisions\/29378"}],"wp:featuredmedia":[{"embeddable":true,"href":"http:\/\/www.sanjuandeportes.com\/wp\/wp-json\/wp\/v2\/media\/29377"}],"wp:attachment":[{"href":"http:\/\/www.sanjuandeportes.com\/wp\/wp-json\/wp\/v2\/media?parent=29376"}],"wp:term":[{"taxonomy":"category","embeddable":true,"href":"http:\/\/www.sanjuandeportes.com\/wp\/wp-json\/wp\/v2\/categories?post=29376"},{"taxonomy":"post_tag","embeddable":true,"href":"http:\/\/www.sanjuandeportes.com\/wp\/wp-json\/wp\/v2\/tags?post=29376"}],"curies":[{"name":"wp","href":"https:\/\/api.w.org\/{rel}","templated":true}]}}