{"id":3652,"date":"2019-02-26T13:49:17","date_gmt":"2019-02-26T13:49:17","guid":{"rendered":"http:\/\/www.sanjuandeportes.com\/wp\/?p=3652"},"modified":"2019-02-26T13:58:42","modified_gmt":"2019-02-26T13:58:42","slug":"3652","status":"publish","type":"post","link":"http:\/\/www.sanjuandeportes.com\/wp\/2019\/02\/26\/3652\/","title":{"rendered":"Tellechea se qued\u00f3 con el Triatl\u00f3n del Sol"},"content":{"rendered":"<p>En la jornada del domingo se llev\u00f3 a cabo el Triatl\u00f3n del Sol que cont\u00f3 con los mejores exponentes del Pa\u00eds. Gonzalo Tellechea pudo subirse a lo m\u00e1s alto del podio en casa y recuper\u00f3 el cetro que en el 2018 hab\u00eda conseguido Facundo Medard, tercero en esta oportunidad. Adem\u00e1s, Inti Guzm\u00e1n fue segunda por detr\u00e1s de la campeona argentina Delfina \u00c1lvarez.<\/p>\n<p>Gonzalo complet\u00f3 el recorrido en 1h02m23s. Por detr\u00e1s del deportista de Alto Rendimiento de la Secretaria de Deportes culminaron el mendocino N\u00e9stor Amuch y el campe\u00f3n argentino y de los Juegos Nacionales de Playa, Facundo Medard.<\/p>\n<p>Por el lado de las damas hubo una gran competencia en la cual se impuso la actual n\u00famero 1 del ranking y campeona argentina, Delfina \u00c1lvarez. La salte\u00f1a venci\u00f3 a su compa\u00f1era de selecci\u00f3n y campeona sudamericana, Inti Guzm\u00e1n que complet\u00f3 una gran performance en casa.<\/p>\n","protected":false},"excerpt":{"rendered":"<p>En la jornada del domingo se llev\u00f3 a cabo el Triatl\u00f3n del Sol que cont\u00f3 con los mejores exponentes del Pa\u00eds. Gonzalo Tellechea pudo subirse a lo m\u00e1s alto del podio en casa y recuper\u00f3 el cetro que en el 2018 hab\u00eda conseguido Facundo Medard, tercero en esta oportunidad. Adem\u00e1s, Inti Guzm\u00e1n fue segunda por [&hellip;]<\/p>\n","protected":false},"author":5,"featured_media":3653,"comment_status":"open","ping_status":"open","sticky":false,"template":"","format":"standard","meta":{"footnotes":""},"categories":[2,41],"tags":[],"class_list":["post-3652","post","type-post","status-publish","format-standard","has-post-thumbnail","hentry","category-featured","category-polideportivo"],"yoast_head":"<!-- This site is optimized with the Yoast SEO plugin v28.2 - https:\/\/yoast.com\/product\/yoast-seo-wordpress\/ -->\n<title>Tellechea se qued\u00f3 con el Triatl\u00f3n del Sol - San Juan Deportes<\/title>\n<meta name=\"robots\" content=\"index, follow, max-snippet:-1, max-image-preview:large, max-video-preview:-1\" \/>\n<link rel=\"canonical\" href=\"http:\/\/www.sanjuandeportes.com\/wp\/2019\/02\/26\/3652\/\" \/>\n<meta property=\"og:locale\" content=\"es_ES\" \/>\n<meta property=\"og:type\" content=\"article\" \/>\n<meta property=\"og:title\" content=\"Tellechea se qued\u00f3 con el Triatl\u00f3n del Sol - San Juan Deportes\" \/>\n<meta property=\"og:description\" content=\"En la jornada del domingo se llev\u00f3 a cabo el Triatl\u00f3n del Sol que cont\u00f3 con los mejores exponentes del Pa\u00eds. Gonzalo Tellechea pudo subirse a lo m\u00e1s alto del podio en casa y recuper\u00f3 el cetro que en el 2018 hab\u00eda conseguido Facundo Medard, tercero en esta oportunidad. Adem\u00e1s, Inti Guzm\u00e1n fue segunda por [&hellip;]\" \/>\n<meta property=\"og:url\" content=\"http:\/\/www.sanjuandeportes.com\/wp\/2019\/02\/26\/3652\/\" \/>\n<meta property=\"og:site_name\" content=\"San Juan Deportes\" \/>\n<meta property=\"article:publisher\" content=\"https:\/\/www.facebook.com\/sanjuandeportesok\" \/>\n<meta property=\"article:published_time\" content=\"2019-02-26T13:49:17+00:00\" \/>\n<meta property=\"article:modified_time\" content=\"2019-02-26T13:58:42+00:00\" \/>\n<meta property=\"og:image\" content=\"http:\/\/www.sanjuandeportes.com\/wp\/wp-content\/uploads\/2019\/02\/dd-1.jpg\" \/>\n\t<meta property=\"og:image:width\" content=\"581\" \/>\n\t<meta property=\"og:image:height\" content=\"714\" \/>\n\t<meta property=\"og:image:type\" content=\"image\/jpeg\" \/>\n<meta name=\"author\" content=\"Pablo Pujado\" \/>\n<meta name=\"twitter:card\" content=\"summary_large_image\" \/>\n<meta name=\"twitter:creator\" content=\"@SanJuanDeportes\" \/>\n<meta name=\"twitter:site\" content=\"@SanJuanDeportes\" \/>\n<meta name=\"twitter:label1\" content=\"Escrito por\" \/>\n\t<meta name=\"twitter:data1\" content=\"Pablo Pujado\" \/>\n\t<meta name=\"twitter:label2\" content=\"Tiempo de lectura\" \/>\n\t<meta name=\"twitter:data2\" content=\"1 minuto\" \/>\n<script type=\"application\/ld+json\" class=\"yoast-schema-graph\">{\"@context\":\"https:\\\/\\\/schema.org\",\"@graph\":[{\"@type\":\"Article\",\"@id\":\"http:\\\/\\\/www.sanjuandeportes.com\\\/wp\\\/2019\\\/02\\\/26\\\/3652\\\/#article\",\"isPartOf\":{\"@id\":\"http:\\\/\\\/www.sanjuandeportes.com\\\/wp\\\/2019\\\/02\\\/26\\\/3652\\\/\"},\"author\":{\"name\":\"Pablo Pujado\",\"@id\":\"https:\\\/\\\/www.sanjuandeportes.com\\\/wp\\\/#\\\/schema\\\/person\\\/eda4d8e62a5d42b111781e3cdfcb9c3a\"},\"headline\":\"Tellechea se qued\u00f3 con el Triatl\u00f3n del Sol\",\"datePublished\":\"2019-02-26T13:49:17+00:00\",\"dateModified\":\"2019-02-26T13:58:42+00:00\",\"mainEntityOfPage\":{\"@id\":\"http:\\\/\\\/www.sanjuandeportes.com\\\/wp\\\/2019\\\/02\\\/26\\\/3652\\\/\"},\"wordCount\":168,\"commentCount\":0,\"publisher\":{\"@id\":\"https:\\\/\\\/www.sanjuandeportes.com\\\/wp\\\/#organization\"},\"image\":{\"@id\":\"http:\\\/\\\/www.sanjuandeportes.com\\\/wp\\\/2019\\\/02\\\/26\\\/3652\\\/#primaryimage\"},\"thumbnailUrl\":\"http:\\\/\\\/www.sanjuandeportes.com\\\/wp\\\/wp-content\\\/uploads\\\/2019\\\/02\\\/dd-1.jpg\",\"articleSection\":[\"Featured\",\"Polideportivo\"],\"inLanguage\":\"es\",\"potentialAction\":[{\"@type\":\"CommentAction\",\"name\":\"Comment\",\"target\":[\"http:\\\/\\\/www.sanjuandeportes.com\\\/wp\\\/2019\\\/02\\\/26\\\/3652\\\/#respond\"]}]},{\"@type\":\"WebPage\",\"@id\":\"http:\\\/\\\/www.sanjuandeportes.com\\\/wp\\\/2019\\\/02\\\/26\\\/3652\\\/\",\"url\":\"http:\\\/\\\/www.sanjuandeportes.com\\\/wp\\\/2019\\\/02\\\/26\\\/3652\\\/\",\"name\":\"Tellechea se qued\u00f3 con el Triatl\u00f3n del Sol - San Juan Deportes\",\"isPartOf\":{\"@id\":\"https:\\\/\\\/www.sanjuandeportes.com\\\/wp\\\/#website\"},\"primaryImageOfPage\":{\"@id\":\"http:\\\/\\\/www.sanjuandeportes.com\\\/wp\\\/2019\\\/02\\\/26\\\/3652\\\/#primaryimage\"},\"image\":{\"@id\":\"http:\\\/\\\/www.sanjuandeportes.com\\\/wp\\\/2019\\\/02\\\/26\\\/3652\\\/#primaryimage\"},\"thumbnailUrl\":\"http:\\\/\\\/www.sanjuandeportes.com\\\/wp\\\/wp-content\\\/uploads\\\/2019\\\/02\\\/dd-1.jpg\",\"datePublished\":\"2019-02-26T13:49:17+00:00\",\"dateModified\":\"2019-02-26T13:58:42+00:00\",\"breadcrumb\":{\"@id\":\"http:\\\/\\\/www.sanjuandeportes.com\\\/wp\\\/2019\\\/02\\\/26\\\/3652\\\/#breadcrumb\"},\"inLanguage\":\"es\",\"potentialAction\":[{\"@type\":\"ReadAction\",\"target\":[\"http:\\\/\\\/www.sanjuandeportes.com\\\/wp\\\/2019\\\/02\\\/26\\\/3652\\\/\"]}]},{\"@type\":\"ImageObject\",\"inLanguage\":\"es\",\"@id\":\"http:\\\/\\\/www.sanjuandeportes.com\\\/wp\\\/2019\\\/02\\\/26\\\/3652\\\/#primaryimage\",\"url\":\"http:\\\/\\\/www.sanjuandeportes.com\\\/wp\\\/wp-content\\\/uploads\\\/2019\\\/02\\\/dd-1.jpg\",\"contentUrl\":\"http:\\\/\\\/www.sanjuandeportes.com\\\/wp\\\/wp-content\\\/uploads\\\/2019\\\/02\\\/dd-1.jpg\",\"width\":581,\"height\":714},{\"@type\":\"BreadcrumbList\",\"@id\":\"http:\\\/\\\/www.sanjuandeportes.com\\\/wp\\\/2019\\\/02\\\/26\\\/3652\\\/#breadcrumb\",\"itemListElement\":[{\"@type\":\"ListItem\",\"position\":1,\"name\":\"Portada\",\"item\":\"http:\\\/\\\/www.sanjuandeportes.com\\\/wp\\\/\"},{\"@type\":\"ListItem\",\"position\":2,\"name\":\"Tellechea se qued\u00f3 con el Triatl\u00f3n del Sol\"}]},{\"@type\":\"WebSite\",\"@id\":\"https:\\\/\\\/www.sanjuandeportes.com\\\/wp\\\/#website\",\"url\":\"https:\\\/\\\/www.sanjuandeportes.com\\\/wp\\\/\",\"name\":\"San Juan Deportes\",\"description\":\"El sitio de deportes de la provincia de San Juan\",\"publisher\":{\"@id\":\"https:\\\/\\\/www.sanjuandeportes.com\\\/wp\\\/#organization\"},\"potentialAction\":[{\"@type\":\"SearchAction\",\"target\":{\"@type\":\"EntryPoint\",\"urlTemplate\":\"https:\\\/\\\/www.sanjuandeportes.com\\\/wp\\\/?s={search_term_string}\"},\"query-input\":{\"@type\":\"PropertyValueSpecification\",\"valueRequired\":true,\"valueName\":\"search_term_string\"}}],\"inLanguage\":\"es\"},{\"@type\":\"Organization\",\"@id\":\"https:\\\/\\\/www.sanjuandeportes.com\\\/wp\\\/#organization\",\"name\":\"San Juan Deportes\",\"url\":\"https:\\\/\\\/www.sanjuandeportes.com\\\/wp\\\/\",\"logo\":{\"@type\":\"ImageObject\",\"inLanguage\":\"es\",\"@id\":\"https:\\\/\\\/www.sanjuandeportes.com\\\/wp\\\/#\\\/schema\\\/logo\\\/image\\\/\",\"url\":\"https:\\\/\\\/www.sanjuandeportes.com\\\/wp\\\/wp-content\\\/uploads\\\/unnamed.jpg\",\"contentUrl\":\"https:\\\/\\\/www.sanjuandeportes.com\\\/wp\\\/wp-content\\\/uploads\\\/unnamed.jpg\",\"width\":900,\"height\":900,\"caption\":\"San Juan Deportes\"},\"image\":{\"@id\":\"https:\\\/\\\/www.sanjuandeportes.com\\\/wp\\\/#\\\/schema\\\/logo\\\/image\\\/\"},\"sameAs\":[\"https:\\\/\\\/www.facebook.com\\\/sanjuandeportesok\",\"https:\\\/\\\/x.com\\\/SanJuanDeportes\",\"https:\\\/\\\/www.instagram.com\\\/sanjuandeportes\"]},{\"@type\":\"Person\",\"@id\":\"https:\\\/\\\/www.sanjuandeportes.com\\\/wp\\\/#\\\/schema\\\/person\\\/eda4d8e62a5d42b111781e3cdfcb9c3a\",\"name\":\"Pablo Pujado\",\"image\":{\"@type\":\"ImageObject\",\"inLanguage\":\"es\",\"@id\":\"https:\\\/\\\/secure.gravatar.com\\\/avatar\\\/310b69d28112912c333408a462a9837208de951b1e7c11514781740412f648b1?s=96&d=mm&r=g\",\"url\":\"https:\\\/\\\/secure.gravatar.com\\\/avatar\\\/310b69d28112912c333408a462a9837208de951b1e7c11514781740412f648b1?s=96&d=mm&r=g\",\"contentUrl\":\"https:\\\/\\\/secure.gravatar.com\\\/avatar\\\/310b69d28112912c333408a462a9837208de951b1e7c11514781740412f648b1?s=96&d=mm&r=g\",\"caption\":\"Pablo Pujado\"},\"url\":\"http:\\\/\\\/www.sanjuandeportes.com\\\/wp\\\/author\\\/pablo-pujado\\\/\"}]}<\/script>\n<!-- \/ Yoast SEO plugin. -->","yoast_head_json":{"title":"Tellechea se qued\u00f3 con el Triatl\u00f3n del Sol - San Juan Deportes","robots":{"index":"index","follow":"follow","max-snippet":"max-snippet:-1","max-image-preview":"max-image-preview:large","max-video-preview":"max-video-preview:-1"},"canonical":"http:\/\/www.sanjuandeportes.com\/wp\/2019\/02\/26\/3652\/","og_locale":"es_ES","og_type":"article","og_title":"Tellechea se qued\u00f3 con el Triatl\u00f3n del Sol - San Juan Deportes","og_description":"En la jornada del domingo se llev\u00f3 a cabo el Triatl\u00f3n del Sol que cont\u00f3 con los mejores exponentes del Pa\u00eds. Gonzalo Tellechea pudo subirse a lo m\u00e1s alto del podio en casa y recuper\u00f3 el cetro que en el 2018 hab\u00eda conseguido Facundo Medard, tercero en esta oportunidad. Adem\u00e1s, Inti Guzm\u00e1n fue segunda por [&hellip;]","og_url":"http:\/\/www.sanjuandeportes.com\/wp\/2019\/02\/26\/3652\/","og_site_name":"San Juan Deportes","article_publisher":"https:\/\/www.facebook.com\/sanjuandeportesok","article_published_time":"2019-02-26T13:49:17+00:00","article_modified_time":"2019-02-26T13:58:42+00:00","og_image":[{"width":581,"height":714,"url":"http:\/\/www.sanjuandeportes.com\/wp\/wp-content\/uploads\/2019\/02\/dd-1.jpg","type":"image\/jpeg"}],"author":"Pablo Pujado","twitter_card":"summary_large_image","twitter_creator":"@SanJuanDeportes","twitter_site":"@SanJuanDeportes","twitter_misc":{"Escrito por":"Pablo Pujado","Tiempo de lectura":"1 minuto"},"schema":{"@context":"https:\/\/schema.org","@graph":[{"@type":"Article","@id":"http:\/\/www.sanjuandeportes.com\/wp\/2019\/02\/26\/3652\/#article","isPartOf":{"@id":"http:\/\/www.sanjuandeportes.com\/wp\/2019\/02\/26\/3652\/"},"author":{"name":"Pablo Pujado","@id":"https:\/\/www.sanjuandeportes.com\/wp\/#\/schema\/person\/eda4d8e62a5d42b111781e3cdfcb9c3a"},"headline":"Tellechea se qued\u00f3 con el Triatl\u00f3n del Sol","datePublished":"2019-02-26T13:49:17+00:00","dateModified":"2019-02-26T13:58:42+00:00","mainEntityOfPage":{"@id":"http:\/\/www.sanjuandeportes.com\/wp\/2019\/02\/26\/3652\/"},"wordCount":168,"commentCount":0,"publisher":{"@id":"https:\/\/www.sanjuandeportes.com\/wp\/#organization"},"image":{"@id":"http:\/\/www.sanjuandeportes.com\/wp\/2019\/02\/26\/3652\/#primaryimage"},"thumbnailUrl":"http:\/\/www.sanjuandeportes.com\/wp\/wp-content\/uploads\/2019\/02\/dd-1.jpg","articleSection":["Featured","Polideportivo"],"inLanguage":"es","potentialAction":[{"@type":"CommentAction","name":"Comment","target":["http:\/\/www.sanjuandeportes.com\/wp\/2019\/02\/26\/3652\/#respond"]}]},{"@type":"WebPage","@id":"http:\/\/www.sanjuandeportes.com\/wp\/2019\/02\/26\/3652\/","url":"http:\/\/www.sanjuandeportes.com\/wp\/2019\/02\/26\/3652\/","name":"Tellechea se qued\u00f3 con el Triatl\u00f3n del Sol - San Juan Deportes","isPartOf":{"@id":"https:\/\/www.sanjuandeportes.com\/wp\/#website"},"primaryImageOfPage":{"@id":"http:\/\/www.sanjuandeportes.com\/wp\/2019\/02\/26\/3652\/#primaryimage"},"image":{"@id":"http:\/\/www.sanjuandeportes.com\/wp\/2019\/02\/26\/3652\/#primaryimage"},"thumbnailUrl":"http:\/\/www.sanjuandeportes.com\/wp\/wp-content\/uploads\/2019\/02\/dd-1.jpg","datePublished":"2019-02-26T13:49:17+00:00","dateModified":"2019-02-26T13:58:42+00:00","breadcrumb":{"@id":"http:\/\/www.sanjuandeportes.com\/wp\/2019\/02\/26\/3652\/#breadcrumb"},"inLanguage":"es","potentialAction":[{"@type":"ReadAction","target":["http:\/\/www.sanjuandeportes.com\/wp\/2019\/02\/26\/3652\/"]}]},{"@type":"ImageObject","inLanguage":"es","@id":"http:\/\/www.sanjuandeportes.com\/wp\/2019\/02\/26\/3652\/#primaryimage","url":"http:\/\/www.sanjuandeportes.com\/wp\/wp-content\/uploads\/2019\/02\/dd-1.jpg","contentUrl":"http:\/\/www.sanjuandeportes.com\/wp\/wp-content\/uploads\/2019\/02\/dd-1.jpg","width":581,"height":714},{"@type":"BreadcrumbList","@id":"http:\/\/www.sanjuandeportes.com\/wp\/2019\/02\/26\/3652\/#breadcrumb","itemListElement":[{"@type":"ListItem","position":1,"name":"Portada","item":"http:\/\/www.sanjuandeportes.com\/wp\/"},{"@type":"ListItem","position":2,"name":"Tellechea se qued\u00f3 con el Triatl\u00f3n del Sol"}]},{"@type":"WebSite","@id":"https:\/\/www.sanjuandeportes.com\/wp\/#website","url":"https:\/\/www.sanjuandeportes.com\/wp\/","name":"San Juan Deportes","description":"El sitio de deportes de la provincia de San Juan","publisher":{"@id":"https:\/\/www.sanjuandeportes.com\/wp\/#organization"},"potentialAction":[{"@type":"SearchAction","target":{"@type":"EntryPoint","urlTemplate":"https:\/\/www.sanjuandeportes.com\/wp\/?s={search_term_string}"},"query-input":{"@type":"PropertyValueSpecification","valueRequired":true,"valueName":"search_term_string"}}],"inLanguage":"es"},{"@type":"Organization","@id":"https:\/\/www.sanjuandeportes.com\/wp\/#organization","name":"San Juan Deportes","url":"https:\/\/www.sanjuandeportes.com\/wp\/","logo":{"@type":"ImageObject","inLanguage":"es","@id":"https:\/\/www.sanjuandeportes.com\/wp\/#\/schema\/logo\/image\/","url":"https:\/\/www.sanjuandeportes.com\/wp\/wp-content\/uploads\/unnamed.jpg","contentUrl":"https:\/\/www.sanjuandeportes.com\/wp\/wp-content\/uploads\/unnamed.jpg","width":900,"height":900,"caption":"San Juan Deportes"},"image":{"@id":"https:\/\/www.sanjuandeportes.com\/wp\/#\/schema\/logo\/image\/"},"sameAs":["https:\/\/www.facebook.com\/sanjuandeportesok","https:\/\/x.com\/SanJuanDeportes","https:\/\/www.instagram.com\/sanjuandeportes"]},{"@type":"Person","@id":"https:\/\/www.sanjuandeportes.com\/wp\/#\/schema\/person\/eda4d8e62a5d42b111781e3cdfcb9c3a","name":"Pablo Pujado","image":{"@type":"ImageObject","inLanguage":"es","@id":"https:\/\/secure.gravatar.com\/avatar\/310b69d28112912c333408a462a9837208de951b1e7c11514781740412f648b1?s=96&d=mm&r=g","url":"https:\/\/secure.gravatar.com\/avatar\/310b69d28112912c333408a462a9837208de951b1e7c11514781740412f648b1?s=96&d=mm&r=g","contentUrl":"https:\/\/secure.gravatar.com\/avatar\/310b69d28112912c333408a462a9837208de951b1e7c11514781740412f648b1?s=96&d=mm&r=g","caption":"Pablo Pujado"},"url":"http:\/\/www.sanjuandeportes.com\/wp\/author\/pablo-pujado\/"}]}},"_links":{"self":[{"href":"http:\/\/www.sanjuandeportes.com\/wp\/wp-json\/wp\/v2\/posts\/3652","targetHints":{"allow":["GET"]}}],"collection":[{"href":"http:\/\/www.sanjuandeportes.com\/wp\/wp-json\/wp\/v2\/posts"}],"about":[{"href":"http:\/\/www.sanjuandeportes.com\/wp\/wp-json\/wp\/v2\/types\/post"}],"author":[{"embeddable":true,"href":"http:\/\/www.sanjuandeportes.com\/wp\/wp-json\/wp\/v2\/users\/5"}],"replies":[{"embeddable":true,"href":"http:\/\/www.sanjuandeportes.com\/wp\/wp-json\/wp\/v2\/comments?post=3652"}],"version-history":[{"count":3,"href":"http:\/\/www.sanjuandeportes.com\/wp\/wp-json\/wp\/v2\/posts\/3652\/revisions"}],"predecessor-version":[{"id":3656,"href":"http:\/\/www.sanjuandeportes.com\/wp\/wp-json\/wp\/v2\/posts\/3652\/revisions\/3656"}],"wp:featuredmedia":[{"embeddable":true,"href":"http:\/\/www.sanjuandeportes.com\/wp\/wp-json\/wp\/v2\/media\/3653"}],"wp:attachment":[{"href":"http:\/\/www.sanjuandeportes.com\/wp\/wp-json\/wp\/v2\/media?parent=3652"}],"wp:term":[{"taxonomy":"category","embeddable":true,"href":"http:\/\/www.sanjuandeportes.com\/wp\/wp-json\/wp\/v2\/categories?post=3652"},{"taxonomy":"post_tag","embeddable":true,"href":"http:\/\/www.sanjuandeportes.com\/wp\/wp-json\/wp\/v2\/tags?post=3652"}],"curies":[{"name":"wp","href":"https:\/\/api.w.org\/{rel}","templated":true}]}}