{"id":3890,"date":"2019-03-12T14:26:21","date_gmt":"2019-03-12T14:26:21","guid":{"rendered":"http:\/\/www.sanjuandeportes.com\/wp\/?p=3890"},"modified":"2019-03-12T14:26:21","modified_gmt":"2019-03-12T14:26:21","slug":"velada-mundialista-confirmaron-una-grilla-con-mas-de-diez-peleas-en-el-cantoni","status":"publish","type":"post","link":"http:\/\/www.sanjuandeportes.com\/wp\/2019\/03\/12\/velada-mundialista-confirmaron-una-grilla-con-mas-de-diez-peleas-en-el-cantoni\/","title":{"rendered":"Velada mundialista: confirmaron una grilla con m\u00e1s de diez peleas en el Cantoni"},"content":{"rendered":"<p><strong><em>Cecilia Rom\u00e1n ser\u00e1 la protagonista de la noche en el Estadio Aldo Cantoni que tendr\u00e1 en el ring a cuatro sanjuaninos profesionales. <\/em><\/strong><\/p>\n<p>Mar\u00eda Cecilia Rom\u00e1n expondr\u00e1 su t\u00edtulo de peso Gallo de la FIB ante la mexicana Valeria P\u00e9rez. Para que el programa oficial de peleas est\u00e9 listo restaba la confirmaci\u00f3n del rival de Andr\u00e9s Tejada y las contiendas amateurs. Finalmente, \u201cCanelito\u201d combatir\u00e1 ante el bonaerense Nelson Castel. Ser\u00e1 a 6 rounds en la categor\u00eda welter.<\/p>\n<p>Tejada se mantiene invicto en nueve peleas de las cuales obtuvo siete triunfos, tres durante el 2018. Su rival, Castel es de Tigre, Buenos Aires, tiene 27 a\u00f1os y viene de sufrir una derrota ante El\u00edas Haedo. Cuenta con un record de tres triunfos y tres derrotas, siendo su debut en una contienda en San Juan.<\/p>\n<p>Los restantes dos combates profesionales tambi\u00e9n contar\u00e1n con presencia sanjuanina. El primero de la noche entre profesionales ser\u00e1 entre Leonardo Luna (2-1-0, 1KO) y Andr\u00e9s \u00c1lvarez (1-3-1). Por otra parte, Carlos Sardinez (14-1-0, 2KO) se medir\u00e1 con el \u201cPumita\u201d Leandro Silva (5-3-3, 3KO).<\/p>\n<p><strong><u>A continuaci\u00f3n, programa de combates profesionales y amateurs:<\/u><\/strong><\/p>\n<p><em><strong>Programaci\u00f3n 15-3-19<\/strong><\/em><\/p>\n<p>-T\u00edtulo Mundial Gallo FIB<br \/>\nCecilia Roman (Argentina) Vs Valeria P\u00e9rez (M\u00e9xico)<\/p>\n<p><em><strong>-Profesionales complementarias<\/strong><\/em><\/p>\n<p>Semifondo 8 rounds Cat. Gallo<\/p>\n<p>Carlos \u00abBebe\u00bb Sardinez (San Juan) vs Abel Leandro Silva (Buenos Aires)<\/p>\n<p><em><strong>Combate a 6 rounds Cat. Walter<\/strong><\/em><\/p>\n<p>Andres \u00abEl Canelito\u00bb Tejada San Juan Vs Nelson Maximiliano Castel Buenos Aires<\/p>\n<p><strong><em>Combte a 4 rounds Cat. Super Pluma<\/em><\/strong><\/p>\n<p>Leonardo Ariel Luna San Juan Vs Fabian \u00abVeco\u00bb Alvarez<\/p>\n<p><em><strong>-Combates Amateurs\u00a0<\/strong><\/em><\/p>\n<p><strong>Mayores hasta 91 kg<\/strong><\/p>\n<p>Mariano Castro San Juan vs Walter Pintos La Rioja<\/p>\n<p><strong>Mayores hasta 91 kg<\/strong><\/p>\n<p>Luciano Carabajal San Juan Vs Rodrigo Araya Mendoza<\/p>\n<p><strong>Mayores hasta 69 kg<\/strong><\/p>\n<p>Ezequiel Cortez San Juan Vs Ignacio Maillo Mendoza<\/p>\n<p><strong>Mayores hasta 64 kg<\/strong><\/p>\n<p>Martin Simon Garay San Juan Vs Diego Napolitano Mendoza<\/p>\n<p><strong>Mayores hasta 64 kg<\/strong><\/p>\n<p>Mario Jofre San Juan Vs Braian Rodr\u00edguez San Juan<\/p>\n<p><strong>Mayores hasta 60 kg<\/strong><\/p>\n<p>Agust\u00edn Silva San Juan Vs Ariel Camargo Mendoza<\/p>\n<p><strong>Juveniles hasta 60 kg<\/strong><\/p>\n<p>N\u00e9stor Cortes San Juan Vs Ernesto Ochoa Mendoza<\/p>\n<p><strong>Juveniles hasta 56 kg<\/strong><\/p>\n<p>Esteban Guti\u00e9rrez Vs Francisco Luna La Rioja<\/p>\n<p><strong>Mujeres juveniles hasta 66 kg<\/strong><\/p>\n<p>Nadia Vera San Juan Vs Selena P\u00e9rez Mendoza<\/p>\n","protected":false},"excerpt":{"rendered":"<p>Cecilia Rom\u00e1n ser\u00e1 la protagonista de la noche en el Estadio Aldo Cantoni que tendr\u00e1 en el ring a cuatro sanjuaninos profesionales. Mar\u00eda Cecilia Rom\u00e1n expondr\u00e1 su t\u00edtulo de peso Gallo de la FIB ante la mexicana Valeria P\u00e9rez. Para que el programa oficial de peleas est\u00e9 listo restaba la confirmaci\u00f3n del rival de Andr\u00e9s [&hellip;]<\/p>\n","protected":false},"author":5,"featured_media":3731,"comment_status":"open","ping_status":"open","sticky":false,"template":"","format":"standard","meta":{"footnotes":""},"categories":[179,2],"tags":[],"class_list":["post-3890","post","type-post","status-publish","format-standard","has-post-thumbnail","hentry","category-boxeo","category-featured"],"yoast_head":"<!-- This site is optimized with the Yoast SEO plugin v28.2 - https:\/\/yoast.com\/product\/yoast-seo-wordpress\/ -->\n<title>Velada mundialista: confirmaron una grilla con m\u00e1s de diez peleas en el Cantoni - San Juan Deportes<\/title>\n<meta name=\"robots\" content=\"index, follow, max-snippet:-1, max-image-preview:large, max-video-preview:-1\" \/>\n<link rel=\"canonical\" href=\"https:\/\/www.sanjuandeportes.com\/wp\/2019\/03\/12\/velada-mundialista-confirmaron-una-grilla-con-mas-de-diez-peleas-en-el-cantoni\/\" \/>\n<meta property=\"og:locale\" content=\"es_ES\" \/>\n<meta property=\"og:type\" content=\"article\" \/>\n<meta property=\"og:title\" content=\"Velada mundialista: confirmaron una grilla con m\u00e1s de diez peleas en el Cantoni - San Juan Deportes\" \/>\n<meta property=\"og:description\" content=\"Cecilia Rom\u00e1n ser\u00e1 la protagonista de la noche en el Estadio Aldo Cantoni que tendr\u00e1 en el ring a cuatro sanjuaninos profesionales. Mar\u00eda Cecilia Rom\u00e1n expondr\u00e1 su t\u00edtulo de peso Gallo de la FIB ante la mexicana Valeria P\u00e9rez. Para que el programa oficial de peleas est\u00e9 listo restaba la confirmaci\u00f3n del rival de Andr\u00e9s [&hellip;]\" \/>\n<meta property=\"og:url\" content=\"https:\/\/www.sanjuandeportes.com\/wp\/2019\/03\/12\/velada-mundialista-confirmaron-una-grilla-con-mas-de-diez-peleas-en-el-cantoni\/\" \/>\n<meta property=\"og:site_name\" content=\"San Juan Deportes\" \/>\n<meta property=\"article:publisher\" content=\"https:\/\/www.facebook.com\/sanjuandeportesok\" \/>\n<meta property=\"article:published_time\" content=\"2019-03-12T14:26:21+00:00\" \/>\n<meta property=\"og:image\" content=\"https:\/\/www.sanjuandeportes.com\/wp\/wp-content\/uploads\/2019\/03\/roman.jpg\" \/>\n\t<meta property=\"og:image:width\" content=\"1359\" \/>\n\t<meta property=\"og:image:height\" content=\"863\" \/>\n\t<meta property=\"og:image:type\" content=\"image\/jpeg\" \/>\n<meta name=\"author\" content=\"Pablo Pujado\" \/>\n<meta name=\"twitter:card\" content=\"summary_large_image\" \/>\n<meta name=\"twitter:creator\" content=\"@SanJuanDeportes\" \/>\n<meta name=\"twitter:site\" content=\"@SanJuanDeportes\" \/>\n<meta name=\"twitter:label1\" content=\"Escrito por\" \/>\n\t<meta name=\"twitter:data1\" content=\"Pablo Pujado\" \/>\n\t<meta name=\"twitter:label2\" content=\"Tiempo de lectura\" \/>\n\t<meta name=\"twitter:data2\" content=\"2 minutos\" \/>\n<script type=\"application\/ld+json\" class=\"yoast-schema-graph\">{\"@context\":\"https:\\\/\\\/schema.org\",\"@graph\":[{\"@type\":\"Article\",\"@id\":\"https:\\\/\\\/www.sanjuandeportes.com\\\/wp\\\/2019\\\/03\\\/12\\\/velada-mundialista-confirmaron-una-grilla-con-mas-de-diez-peleas-en-el-cantoni\\\/#article\",\"isPartOf\":{\"@id\":\"https:\\\/\\\/www.sanjuandeportes.com\\\/wp\\\/2019\\\/03\\\/12\\\/velada-mundialista-confirmaron-una-grilla-con-mas-de-diez-peleas-en-el-cantoni\\\/\"},\"author\":{\"name\":\"Pablo Pujado\",\"@id\":\"http:\\\/\\\/www.sanjuandeportes.com\\\/wp\\\/#\\\/schema\\\/person\\\/eda4d8e62a5d42b111781e3cdfcb9c3a\"},\"headline\":\"Velada mundialista: confirmaron una grilla con m\u00e1s de diez peleas en el Cantoni\",\"datePublished\":\"2019-03-12T14:26:21+00:00\",\"mainEntityOfPage\":{\"@id\":\"https:\\\/\\\/www.sanjuandeportes.com\\\/wp\\\/2019\\\/03\\\/12\\\/velada-mundialista-confirmaron-una-grilla-con-mas-de-diez-peleas-en-el-cantoni\\\/\"},\"wordCount\":388,\"commentCount\":0,\"publisher\":{\"@id\":\"http:\\\/\\\/www.sanjuandeportes.com\\\/wp\\\/#organization\"},\"image\":{\"@id\":\"https:\\\/\\\/www.sanjuandeportes.com\\\/wp\\\/2019\\\/03\\\/12\\\/velada-mundialista-confirmaron-una-grilla-con-mas-de-diez-peleas-en-el-cantoni\\\/#primaryimage\"},\"thumbnailUrl\":\"http:\\\/\\\/www.sanjuandeportes.com\\\/wp\\\/wp-content\\\/uploads\\\/2019\\\/03\\\/roman.jpg\",\"articleSection\":[\"Boxeo\",\"Featured\"],\"inLanguage\":\"es\",\"potentialAction\":[{\"@type\":\"CommentAction\",\"name\":\"Comment\",\"target\":[\"https:\\\/\\\/www.sanjuandeportes.com\\\/wp\\\/2019\\\/03\\\/12\\\/velada-mundialista-confirmaron-una-grilla-con-mas-de-diez-peleas-en-el-cantoni\\\/#respond\"]}]},{\"@type\":\"WebPage\",\"@id\":\"https:\\\/\\\/www.sanjuandeportes.com\\\/wp\\\/2019\\\/03\\\/12\\\/velada-mundialista-confirmaron-una-grilla-con-mas-de-diez-peleas-en-el-cantoni\\\/\",\"url\":\"https:\\\/\\\/www.sanjuandeportes.com\\\/wp\\\/2019\\\/03\\\/12\\\/velada-mundialista-confirmaron-una-grilla-con-mas-de-diez-peleas-en-el-cantoni\\\/\",\"name\":\"Velada mundialista: confirmaron una grilla con m\u00e1s de diez peleas en el Cantoni - San Juan Deportes\",\"isPartOf\":{\"@id\":\"http:\\\/\\\/www.sanjuandeportes.com\\\/wp\\\/#website\"},\"primaryImageOfPage\":{\"@id\":\"https:\\\/\\\/www.sanjuandeportes.com\\\/wp\\\/2019\\\/03\\\/12\\\/velada-mundialista-confirmaron-una-grilla-con-mas-de-diez-peleas-en-el-cantoni\\\/#primaryimage\"},\"image\":{\"@id\":\"https:\\\/\\\/www.sanjuandeportes.com\\\/wp\\\/2019\\\/03\\\/12\\\/velada-mundialista-confirmaron-una-grilla-con-mas-de-diez-peleas-en-el-cantoni\\\/#primaryimage\"},\"thumbnailUrl\":\"http:\\\/\\\/www.sanjuandeportes.com\\\/wp\\\/wp-content\\\/uploads\\\/2019\\\/03\\\/roman.jpg\",\"datePublished\":\"2019-03-12T14:26:21+00:00\",\"breadcrumb\":{\"@id\":\"https:\\\/\\\/www.sanjuandeportes.com\\\/wp\\\/2019\\\/03\\\/12\\\/velada-mundialista-confirmaron-una-grilla-con-mas-de-diez-peleas-en-el-cantoni\\\/#breadcrumb\"},\"inLanguage\":\"es\",\"potentialAction\":[{\"@type\":\"ReadAction\",\"target\":[\"https:\\\/\\\/www.sanjuandeportes.com\\\/wp\\\/2019\\\/03\\\/12\\\/velada-mundialista-confirmaron-una-grilla-con-mas-de-diez-peleas-en-el-cantoni\\\/\"]}]},{\"@type\":\"ImageObject\",\"inLanguage\":\"es\",\"@id\":\"https:\\\/\\\/www.sanjuandeportes.com\\\/wp\\\/2019\\\/03\\\/12\\\/velada-mundialista-confirmaron-una-grilla-con-mas-de-diez-peleas-en-el-cantoni\\\/#primaryimage\",\"url\":\"http:\\\/\\\/www.sanjuandeportes.com\\\/wp\\\/wp-content\\\/uploads\\\/2019\\\/03\\\/roman.jpg\",\"contentUrl\":\"http:\\\/\\\/www.sanjuandeportes.com\\\/wp\\\/wp-content\\\/uploads\\\/2019\\\/03\\\/roman.jpg\",\"width\":1359,\"height\":863},{\"@type\":\"BreadcrumbList\",\"@id\":\"https:\\\/\\\/www.sanjuandeportes.com\\\/wp\\\/2019\\\/03\\\/12\\\/velada-mundialista-confirmaron-una-grilla-con-mas-de-diez-peleas-en-el-cantoni\\\/#breadcrumb\",\"itemListElement\":[{\"@type\":\"ListItem\",\"position\":1,\"name\":\"Portada\",\"item\":\"http:\\\/\\\/www.sanjuandeportes.com\\\/wp\\\/\"},{\"@type\":\"ListItem\",\"position\":2,\"name\":\"Velada mundialista: confirmaron una grilla con m\u00e1s de diez peleas en el Cantoni\"}]},{\"@type\":\"WebSite\",\"@id\":\"http:\\\/\\\/www.sanjuandeportes.com\\\/wp\\\/#website\",\"url\":\"http:\\\/\\\/www.sanjuandeportes.com\\\/wp\\\/\",\"name\":\"San Juan Deportes\",\"description\":\"El sitio de deportes de la provincia de San Juan\",\"publisher\":{\"@id\":\"http:\\\/\\\/www.sanjuandeportes.com\\\/wp\\\/#organization\"},\"potentialAction\":[{\"@type\":\"SearchAction\",\"target\":{\"@type\":\"EntryPoint\",\"urlTemplate\":\"http:\\\/\\\/www.sanjuandeportes.com\\\/wp\\\/?s={search_term_string}\"},\"query-input\":{\"@type\":\"PropertyValueSpecification\",\"valueRequired\":true,\"valueName\":\"search_term_string\"}}],\"inLanguage\":\"es\"},{\"@type\":\"Organization\",\"@id\":\"http:\\\/\\\/www.sanjuandeportes.com\\\/wp\\\/#organization\",\"name\":\"San Juan Deportes\",\"url\":\"http:\\\/\\\/www.sanjuandeportes.com\\\/wp\\\/\",\"logo\":{\"@type\":\"ImageObject\",\"inLanguage\":\"es\",\"@id\":\"http:\\\/\\\/www.sanjuandeportes.com\\\/wp\\\/#\\\/schema\\\/logo\\\/image\\\/\",\"url\":\"https:\\\/\\\/www.sanjuandeportes.com\\\/wp\\\/wp-content\\\/uploads\\\/unnamed.jpg\",\"contentUrl\":\"https:\\\/\\\/www.sanjuandeportes.com\\\/wp\\\/wp-content\\\/uploads\\\/unnamed.jpg\",\"width\":900,\"height\":900,\"caption\":\"San Juan Deportes\"},\"image\":{\"@id\":\"http:\\\/\\\/www.sanjuandeportes.com\\\/wp\\\/#\\\/schema\\\/logo\\\/image\\\/\"},\"sameAs\":[\"https:\\\/\\\/www.facebook.com\\\/sanjuandeportesok\",\"https:\\\/\\\/x.com\\\/SanJuanDeportes\",\"https:\\\/\\\/www.instagram.com\\\/sanjuandeportes\"]},{\"@type\":\"Person\",\"@id\":\"http:\\\/\\\/www.sanjuandeportes.com\\\/wp\\\/#\\\/schema\\\/person\\\/eda4d8e62a5d42b111781e3cdfcb9c3a\",\"name\":\"Pablo Pujado\",\"image\":{\"@type\":\"ImageObject\",\"inLanguage\":\"es\",\"@id\":\"https:\\\/\\\/secure.gravatar.com\\\/avatar\\\/310b69d28112912c333408a462a9837208de951b1e7c11514781740412f648b1?s=96&d=mm&r=g\",\"url\":\"https:\\\/\\\/secure.gravatar.com\\\/avatar\\\/310b69d28112912c333408a462a9837208de951b1e7c11514781740412f648b1?s=96&d=mm&r=g\",\"contentUrl\":\"https:\\\/\\\/secure.gravatar.com\\\/avatar\\\/310b69d28112912c333408a462a9837208de951b1e7c11514781740412f648b1?s=96&d=mm&r=g\",\"caption\":\"Pablo Pujado\"},\"url\":\"http:\\\/\\\/www.sanjuandeportes.com\\\/wp\\\/author\\\/pablo-pujado\\\/\"}]}<\/script>\n<!-- \/ Yoast SEO plugin. -->","yoast_head_json":{"title":"Velada mundialista: confirmaron una grilla con m\u00e1s de diez peleas en el Cantoni - San Juan Deportes","robots":{"index":"index","follow":"follow","max-snippet":"max-snippet:-1","max-image-preview":"max-image-preview:large","max-video-preview":"max-video-preview:-1"},"canonical":"https:\/\/www.sanjuandeportes.com\/wp\/2019\/03\/12\/velada-mundialista-confirmaron-una-grilla-con-mas-de-diez-peleas-en-el-cantoni\/","og_locale":"es_ES","og_type":"article","og_title":"Velada mundialista: confirmaron una grilla con m\u00e1s de diez peleas en el Cantoni - San Juan Deportes","og_description":"Cecilia Rom\u00e1n ser\u00e1 la protagonista de la noche en el Estadio Aldo Cantoni que tendr\u00e1 en el ring a cuatro sanjuaninos profesionales. Mar\u00eda Cecilia Rom\u00e1n expondr\u00e1 su t\u00edtulo de peso Gallo de la FIB ante la mexicana Valeria P\u00e9rez. Para que el programa oficial de peleas est\u00e9 listo restaba la confirmaci\u00f3n del rival de Andr\u00e9s [&hellip;]","og_url":"https:\/\/www.sanjuandeportes.com\/wp\/2019\/03\/12\/velada-mundialista-confirmaron-una-grilla-con-mas-de-diez-peleas-en-el-cantoni\/","og_site_name":"San Juan Deportes","article_publisher":"https:\/\/www.facebook.com\/sanjuandeportesok","article_published_time":"2019-03-12T14:26:21+00:00","og_image":[{"width":1359,"height":863,"url":"https:\/\/www.sanjuandeportes.com\/wp\/wp-content\/uploads\/2019\/03\/roman.jpg","type":"image\/jpeg"}],"author":"Pablo Pujado","twitter_card":"summary_large_image","twitter_creator":"@SanJuanDeportes","twitter_site":"@SanJuanDeportes","twitter_misc":{"Escrito por":"Pablo Pujado","Tiempo de lectura":"2 minutos"},"schema":{"@context":"https:\/\/schema.org","@graph":[{"@type":"Article","@id":"https:\/\/www.sanjuandeportes.com\/wp\/2019\/03\/12\/velada-mundialista-confirmaron-una-grilla-con-mas-de-diez-peleas-en-el-cantoni\/#article","isPartOf":{"@id":"https:\/\/www.sanjuandeportes.com\/wp\/2019\/03\/12\/velada-mundialista-confirmaron-una-grilla-con-mas-de-diez-peleas-en-el-cantoni\/"},"author":{"name":"Pablo Pujado","@id":"http:\/\/www.sanjuandeportes.com\/wp\/#\/schema\/person\/eda4d8e62a5d42b111781e3cdfcb9c3a"},"headline":"Velada mundialista: confirmaron una grilla con m\u00e1s de diez peleas en el Cantoni","datePublished":"2019-03-12T14:26:21+00:00","mainEntityOfPage":{"@id":"https:\/\/www.sanjuandeportes.com\/wp\/2019\/03\/12\/velada-mundialista-confirmaron-una-grilla-con-mas-de-diez-peleas-en-el-cantoni\/"},"wordCount":388,"commentCount":0,"publisher":{"@id":"http:\/\/www.sanjuandeportes.com\/wp\/#organization"},"image":{"@id":"https:\/\/www.sanjuandeportes.com\/wp\/2019\/03\/12\/velada-mundialista-confirmaron-una-grilla-con-mas-de-diez-peleas-en-el-cantoni\/#primaryimage"},"thumbnailUrl":"http:\/\/www.sanjuandeportes.com\/wp\/wp-content\/uploads\/2019\/03\/roman.jpg","articleSection":["Boxeo","Featured"],"inLanguage":"es","potentialAction":[{"@type":"CommentAction","name":"Comment","target":["https:\/\/www.sanjuandeportes.com\/wp\/2019\/03\/12\/velada-mundialista-confirmaron-una-grilla-con-mas-de-diez-peleas-en-el-cantoni\/#respond"]}]},{"@type":"WebPage","@id":"https:\/\/www.sanjuandeportes.com\/wp\/2019\/03\/12\/velada-mundialista-confirmaron-una-grilla-con-mas-de-diez-peleas-en-el-cantoni\/","url":"https:\/\/www.sanjuandeportes.com\/wp\/2019\/03\/12\/velada-mundialista-confirmaron-una-grilla-con-mas-de-diez-peleas-en-el-cantoni\/","name":"Velada mundialista: confirmaron una grilla con m\u00e1s de diez peleas en el Cantoni - San Juan Deportes","isPartOf":{"@id":"http:\/\/www.sanjuandeportes.com\/wp\/#website"},"primaryImageOfPage":{"@id":"https:\/\/www.sanjuandeportes.com\/wp\/2019\/03\/12\/velada-mundialista-confirmaron-una-grilla-con-mas-de-diez-peleas-en-el-cantoni\/#primaryimage"},"image":{"@id":"https:\/\/www.sanjuandeportes.com\/wp\/2019\/03\/12\/velada-mundialista-confirmaron-una-grilla-con-mas-de-diez-peleas-en-el-cantoni\/#primaryimage"},"thumbnailUrl":"http:\/\/www.sanjuandeportes.com\/wp\/wp-content\/uploads\/2019\/03\/roman.jpg","datePublished":"2019-03-12T14:26:21+00:00","breadcrumb":{"@id":"https:\/\/www.sanjuandeportes.com\/wp\/2019\/03\/12\/velada-mundialista-confirmaron-una-grilla-con-mas-de-diez-peleas-en-el-cantoni\/#breadcrumb"},"inLanguage":"es","potentialAction":[{"@type":"ReadAction","target":["https:\/\/www.sanjuandeportes.com\/wp\/2019\/03\/12\/velada-mundialista-confirmaron-una-grilla-con-mas-de-diez-peleas-en-el-cantoni\/"]}]},{"@type":"ImageObject","inLanguage":"es","@id":"https:\/\/www.sanjuandeportes.com\/wp\/2019\/03\/12\/velada-mundialista-confirmaron-una-grilla-con-mas-de-diez-peleas-en-el-cantoni\/#primaryimage","url":"http:\/\/www.sanjuandeportes.com\/wp\/wp-content\/uploads\/2019\/03\/roman.jpg","contentUrl":"http:\/\/www.sanjuandeportes.com\/wp\/wp-content\/uploads\/2019\/03\/roman.jpg","width":1359,"height":863},{"@type":"BreadcrumbList","@id":"https:\/\/www.sanjuandeportes.com\/wp\/2019\/03\/12\/velada-mundialista-confirmaron-una-grilla-con-mas-de-diez-peleas-en-el-cantoni\/#breadcrumb","itemListElement":[{"@type":"ListItem","position":1,"name":"Portada","item":"http:\/\/www.sanjuandeportes.com\/wp\/"},{"@type":"ListItem","position":2,"name":"Velada mundialista: confirmaron una grilla con m\u00e1s de diez peleas en el Cantoni"}]},{"@type":"WebSite","@id":"http:\/\/www.sanjuandeportes.com\/wp\/#website","url":"http:\/\/www.sanjuandeportes.com\/wp\/","name":"San Juan Deportes","description":"El sitio de deportes de la provincia de San Juan","publisher":{"@id":"http:\/\/www.sanjuandeportes.com\/wp\/#organization"},"potentialAction":[{"@type":"SearchAction","target":{"@type":"EntryPoint","urlTemplate":"http:\/\/www.sanjuandeportes.com\/wp\/?s={search_term_string}"},"query-input":{"@type":"PropertyValueSpecification","valueRequired":true,"valueName":"search_term_string"}}],"inLanguage":"es"},{"@type":"Organization","@id":"http:\/\/www.sanjuandeportes.com\/wp\/#organization","name":"San Juan Deportes","url":"http:\/\/www.sanjuandeportes.com\/wp\/","logo":{"@type":"ImageObject","inLanguage":"es","@id":"http:\/\/www.sanjuandeportes.com\/wp\/#\/schema\/logo\/image\/","url":"https:\/\/www.sanjuandeportes.com\/wp\/wp-content\/uploads\/unnamed.jpg","contentUrl":"https:\/\/www.sanjuandeportes.com\/wp\/wp-content\/uploads\/unnamed.jpg","width":900,"height":900,"caption":"San Juan Deportes"},"image":{"@id":"http:\/\/www.sanjuandeportes.com\/wp\/#\/schema\/logo\/image\/"},"sameAs":["https:\/\/www.facebook.com\/sanjuandeportesok","https:\/\/x.com\/SanJuanDeportes","https:\/\/www.instagram.com\/sanjuandeportes"]},{"@type":"Person","@id":"http:\/\/www.sanjuandeportes.com\/wp\/#\/schema\/person\/eda4d8e62a5d42b111781e3cdfcb9c3a","name":"Pablo Pujado","image":{"@type":"ImageObject","inLanguage":"es","@id":"https:\/\/secure.gravatar.com\/avatar\/310b69d28112912c333408a462a9837208de951b1e7c11514781740412f648b1?s=96&d=mm&r=g","url":"https:\/\/secure.gravatar.com\/avatar\/310b69d28112912c333408a462a9837208de951b1e7c11514781740412f648b1?s=96&d=mm&r=g","contentUrl":"https:\/\/secure.gravatar.com\/avatar\/310b69d28112912c333408a462a9837208de951b1e7c11514781740412f648b1?s=96&d=mm&r=g","caption":"Pablo Pujado"},"url":"http:\/\/www.sanjuandeportes.com\/wp\/author\/pablo-pujado\/"}]}},"_links":{"self":[{"href":"http:\/\/www.sanjuandeportes.com\/wp\/wp-json\/wp\/v2\/posts\/3890","targetHints":{"allow":["GET"]}}],"collection":[{"href":"http:\/\/www.sanjuandeportes.com\/wp\/wp-json\/wp\/v2\/posts"}],"about":[{"href":"http:\/\/www.sanjuandeportes.com\/wp\/wp-json\/wp\/v2\/types\/post"}],"author":[{"embeddable":true,"href":"http:\/\/www.sanjuandeportes.com\/wp\/wp-json\/wp\/v2\/users\/5"}],"replies":[{"embeddable":true,"href":"http:\/\/www.sanjuandeportes.com\/wp\/wp-json\/wp\/v2\/comments?post=3890"}],"version-history":[{"count":1,"href":"http:\/\/www.sanjuandeportes.com\/wp\/wp-json\/wp\/v2\/posts\/3890\/revisions"}],"predecessor-version":[{"id":3891,"href":"http:\/\/www.sanjuandeportes.com\/wp\/wp-json\/wp\/v2\/posts\/3890\/revisions\/3891"}],"wp:featuredmedia":[{"embeddable":true,"href":"http:\/\/www.sanjuandeportes.com\/wp\/wp-json\/wp\/v2\/media\/3731"}],"wp:attachment":[{"href":"http:\/\/www.sanjuandeportes.com\/wp\/wp-json\/wp\/v2\/media?parent=3890"}],"wp:term":[{"taxonomy":"category","embeddable":true,"href":"http:\/\/www.sanjuandeportes.com\/wp\/wp-json\/wp\/v2\/categories?post=3890"},{"taxonomy":"post_tag","embeddable":true,"href":"http:\/\/www.sanjuandeportes.com\/wp\/wp-json\/wp\/v2\/tags?post=3890"}],"curies":[{"name":"wp","href":"https:\/\/api.w.org\/{rel}","templated":true}]}}