{"id":3964,"date":"2019-03-16T01:48:19","date_gmt":"2019-03-16T01:48:19","guid":{"rendered":"http:\/\/www.sanjuandeportes.com\/wp\/?p=3964"},"modified":"2019-03-16T01:48:19","modified_gmt":"2019-03-16T01:48:19","slug":"las-mejores-fotos-de-la-velada-boxistica-en-el-cantoni-mira-los-resultados","status":"publish","type":"post","link":"http:\/\/www.sanjuandeportes.com\/wp\/2019\/03\/16\/las-mejores-fotos-de-la-velada-boxistica-en-el-cantoni-mira-los-resultados\/","title":{"rendered":"Las mejores fotos de la velada box\u00edstica en el Cantoni: mir\u00e1 los resultados"},"content":{"rendered":"<p>En la primera pelea de la jornada box\u00edstica en el Estadio Aldo Cantoni, en amateurs hasta 64 kg, Braian Rodr\u00edguez le gan\u00f3 por puntos a Alejandro Castro.<\/p>\n<p><img decoding=\"async\" data-src=\"https:\/\/scontent.fnqn2-1.fna.fbcdn.net\/v\/t1.0-9\/54255188_1998389006955284_3787141542720831488_n.jpg?_nc_cat=109&amp;_nc_ht=scontent.fnqn2-1.fna&amp;oh=f580611931f9761e3151306f60b6120e&amp;oe=5D0D3904\" alt=\"La imagen puede contener: 2 personas, personas en el escenario y personas de pie\" src=\"data:image\/svg+xml;base64,PHN2ZyB3aWR0aD0iMSIgaGVpZ2h0PSIxIiB4bWxucz0iaHR0cDovL3d3dy53My5vcmcvMjAwMC9zdmciPjwvc3ZnPg==\" class=\"lazyload\" \/><\/p>\n<div id=\"js_hd\" class=\"_5pbx userContent _3576\" data-ft=\"{&quot;tn&quot;:&quot;K&quot;}\">\n<p>En el segundo combate de la noche, en categor\u00eda amateurs, hasta 56 kg, pactado a 4 rounds, el sanjuanino Est\u00e9ban Guti\u00e9rrez venci\u00f3 por puntos al riojano Francisco Luna.<\/p>\n<\/div>\n<div class=\"_3x-2\" data-ft=\"{&quot;tn&quot;:&quot;H&quot;}\">\n<div data-ft=\"{&quot;tn&quot;:&quot;H&quot;}\">\n<div class=\"mtm\">\n<div>\n<div class=\"_5cq3 _1ktf\" data-ft=\"{&quot;tn&quot;:&quot;E&quot;}\">\n<div id=\"u_o_16\" class=\"uiScaledImageContainer _4-ep\"><img decoding=\"async\" class=\"scaledImageFitWidth img lazyload\" data-src=\"https:\/\/scontent.fnqn2-2.fna.fbcdn.net\/v\/t1.0-9\/s851x315\/53850277_1998406483620203_3335981187058368512_n.jpg?_nc_cat=100&amp;_nc_ht=scontent.fnqn2-2.fna&amp;oh=0f6b2f92d4056afdea00484f03b99592&amp;oe=5D1D94F5\" alt=\"La imagen puede contener: 1 persona, en el escenario\" width=\"500\" height=\"315\" src=\"data:image\/svg+xml;base64,PHN2ZyB3aWR0aD0iMSIgaGVpZ2h0PSIxIiB4bWxucz0iaHR0cDovL3d3dy53My5vcmcvMjAwMC9zdmciPjwvc3ZnPg==\" style=\"--smush-placeholder-width: 500px; --smush-placeholder-aspect-ratio: 500\/315;\" \/><\/div>\n<div>La primera pelea con protagonistas femeninas se dio entre la representante de San Juan y la mendocina Roc\u00edo Gordillo, dentro de la categor\u00eda hasta 57 kg en el campo amateur. La vencedora fue la visitante, que se impuso por puntos.<\/div>\n<div id=\"u_o_16\" class=\"uiScaledImageContainer _4-ep\"><img decoding=\"async\" data-src=\"https:\/\/scontent.fnqn2-2.fna.fbcdn.net\/v\/t1.0-9\/53808704_1998410876953097_5995856318961811456_n.jpg?_nc_cat=103&amp;_nc_ht=scontent.fnqn2-2.fna&amp;oh=83a8fe43f424bcbc6fb04bfb3fa237e8&amp;oe=5D135866\" alt=\"La imagen puede contener: 1 persona\" src=\"data:image\/svg+xml;base64,PHN2ZyB3aWR0aD0iMSIgaGVpZ2h0PSIxIiB4bWxucz0iaHR0cDovL3d3dy53My5vcmcvMjAwMC9zdmciPjwvc3ZnPg==\" class=\"lazyload\" \/><\/div>\n<div>El programa de peleas amateurs, determin\u00f3 que en categor\u00eda hasta 60 kg se enfrentaran N\u00e9stor Cort\u00e9s (San Juan) y Ernesto Ochoa (Mendoza), quedando el triunfo para el p\u00fagil local, por puntos.<\/div>\n<div><img decoding=\"async\" data-src=\"https:\/\/scontent.fnqn2-1.fna.fbcdn.net\/v\/t1.0-9\/53918449_1998429423617909_245158885034295296_n.jpg?_nc_cat=104&amp;_nc_ht=scontent.fnqn2-1.fna&amp;oh=01c634054aa6c20a8812ad01b829455c&amp;oe=5D03E282\" alt=\"La imagen puede contener: 2 personas\" src=\"data:image\/svg+xml;base64,PHN2ZyB3aWR0aD0iMSIgaGVpZ2h0PSIxIiB4bWxucz0iaHR0cDovL3d3dy53My5vcmcvMjAwMC9zdmciPjwvc3ZnPg==\" class=\"lazyload\" \/><\/div>\n<div>El festival box\u00edstico sigue adelante en el Aldo Cantoni. En el 5\u00b0 combate, en categor\u00eda hasta 69 kg, se midieron Ignacio Maillo, de Mendoza y Ezequiel Cortez, de San Juan, en combate pactado a tres rounds y la victoria, por puntos, fue para Maillo.<\/div>\n<div><img decoding=\"async\" data-src=\"https:\/\/scontent.fnqn2-2.fna.fbcdn.net\/v\/t1.0-9\/53882736_1998452860282232_2310498457409814528_n.jpg?_nc_cat=110&amp;_nc_ht=scontent.fnqn2-2.fna&amp;oh=f6174f6f877d1ede5ab5c04ccda3c2c9&amp;oe=5D19E714\" alt=\"La imagen puede contener: una o varias personas\" src=\"data:image\/svg+xml;base64,PHN2ZyB3aWR0aD0iMSIgaGVpZ2h0PSIxIiB4bWxucz0iaHR0cDovL3d3dy53My5vcmcvMjAwMC9zdmciPjwvc3ZnPg==\" class=\"lazyload\" \/><\/div>\n<div>En amateurs, categor\u00eda hasta 66 kg, se midieron Nadia Vera, de San Juan y Selena P\u00e9rez, de Mendoza. La boxeadora mendocina no pudo continuar el combate por recomendaci\u00f3n del m\u00e9dico y el fallo fue RSC: Refer\u00ed suspende combate, correspondiendo la victoria a Nadia Vera.<\/div>\n<div><img decoding=\"async\" data-src=\"https:\/\/scontent.fnqn2-2.fna.fbcdn.net\/v\/t1.0-9\/54524327_1998459206948264_2812142064827891712_n.jpg?_nc_cat=102&amp;_nc_ht=scontent.fnqn2-2.fna&amp;oh=98c975465569997bcfafcd317d427592&amp;oe=5D26CBAD\" alt=\"La imagen puede contener: 2 personas, personas de pie\" src=\"data:image\/svg+xml;base64,PHN2ZyB3aWR0aD0iMSIgaGVpZ2h0PSIxIiB4bWxucz0iaHR0cDovL3d3dy53My5vcmcvMjAwMC9zdmciPjwvc3ZnPg==\" class=\"lazyload\" \/><\/div>\n<div>En la s\u00e9ptima pelea de la noche, en el campo amateur, categor\u00eda hasta 60 kg, se enfrentaron Agust\u00edn Silva, de San Juan y Ariel Camargo, de Mendoza, imponi\u00e9ndose por puntos el mendocino.<\/div>\n<div><img decoding=\"async\" data-src=\"https:\/\/scontent.fnqn2-2.fna.fbcdn.net\/v\/t1.0-9\/53810925_1998464176947767_3457698155045322752_n.jpg?_nc_cat=102&amp;_nc_ht=scontent.fnqn2-2.fna&amp;oh=55be6f484d6ffa4e202ba34af01700a3&amp;oe=5D185EEB\" alt=\"La imagen puede contener: 1 persona\" src=\"data:image\/svg+xml;base64,PHN2ZyB3aWR0aD0iMSIgaGVpZ2h0PSIxIiB4bWxucz0iaHR0cDovL3d3dy53My5vcmcvMjAwMC9zdmciPjwvc3ZnPg==\" class=\"lazyload\" \/><\/div>\n<div>Pelea n\u00famero 8 en la noche del Cantoni. Categor\u00eda hasta 91 kg. En choque entre sanjuaninos, Luciano Carabajal venci\u00f3 por puntos a Mariano Castro.<\/div>\n<div><img decoding=\"async\" data-src=\"https:\/\/scontent.fnqn2-2.fna.fbcdn.net\/v\/t1.0-9\/53736330_1998478266946358_7933022831590244352_n.jpg?_nc_cat=101&amp;_nc_ht=scontent.fnqn2-2.fna&amp;oh=6e0f27ad2256a5633e10153b62f7e816&amp;oe=5D034003\" src=\"data:image\/svg+xml;base64,PHN2ZyB3aWR0aD0iMSIgaGVpZ2h0PSIxIiB4bWxucz0iaHR0cDovL3d3dy53My5vcmcvMjAwMC9zdmciPjwvc3ZnPg==\" class=\"lazyload\" \/><\/div>\n<div>En el primer combate profesional de la jornada, se enfrentaron los sanjuaninos Ariel Luna (58,2 kg) y Fabi\u00e1n \u00c1lvarez (57,8 kg) en Superpluma. Gan\u00f3 por puntos \u00c1lvarez en fallo dividido: 39,5 a 37,5 \/ 40 a 36 a favor de \u00c1lvarez y el restante dio empate en 38,5 puntos.<\/div>\n<div><img decoding=\"async\" data-src=\"https:\/\/scontent.fnqn2-1.fna.fbcdn.net\/v\/t1.0-9\/53391161_1998527326941452_6271199735936188416_n.jpg?_nc_cat=109&amp;_nc_ht=scontent.fnqn2-1.fna&amp;oh=dbf3634967b8594ae5b3e9ef4d9c3a68&amp;oe=5D172119\" alt=\"La imagen puede contener: 2 personas\" src=\"data:image\/svg+xml;base64,PHN2ZyB3aWR0aD0iMSIgaGVpZ2h0PSIxIiB4bWxucz0iaHR0cDovL3d3dy53My5vcmcvMjAwMC9zdmciPjwvc3ZnPg==\" class=\"lazyload\" \/><\/div>\n<div>Fuente: Secretar\u00eda de Deportes<\/div>\n<\/div>\n<\/div>\n<\/div>\n<\/div>\n<\/div>\n","protected":false},"excerpt":{"rendered":"<p>En la primera pelea de la jornada box\u00edstica en el Estadio Aldo Cantoni, en amateurs hasta 64 kg, Braian Rodr\u00edguez le gan\u00f3 por puntos a Alejandro Castro. En el segundo combate de la noche, en categor\u00eda amateurs, hasta 56 kg, pactado a 4 rounds, el sanjuanino Est\u00e9ban Guti\u00e9rrez venci\u00f3 por puntos al riojano Francisco Luna. [&hellip;]<\/p>\n","protected":false},"author":5,"featured_media":3965,"comment_status":"open","ping_status":"open","sticky":false,"template":"","format":"standard","meta":{"footnotes":""},"categories":[179,2],"tags":[],"class_list":["post-3964","post","type-post","status-publish","format-standard","has-post-thumbnail","hentry","category-boxeo","category-featured"],"yoast_head":"<!-- This site is optimized with the Yoast SEO plugin v28.2 - https:\/\/yoast.com\/product\/yoast-seo-wordpress\/ -->\n<title>Las mejores fotos de la velada box\u00edstica en el Cantoni: mir\u00e1 los resultados - San Juan Deportes<\/title>\n<meta name=\"robots\" content=\"index, follow, max-snippet:-1, max-image-preview:large, max-video-preview:-1\" \/>\n<link rel=\"canonical\" href=\"https:\/\/www.sanjuandeportes.com\/wp\/2019\/03\/16\/las-mejores-fotos-de-la-velada-boxistica-en-el-cantoni-mira-los-resultados\/\" \/>\n<meta property=\"og:locale\" content=\"es_ES\" \/>\n<meta property=\"og:type\" content=\"article\" \/>\n<meta property=\"og:title\" content=\"Las mejores fotos de la velada box\u00edstica en el Cantoni: mir\u00e1 los resultados - San Juan Deportes\" \/>\n<meta property=\"og:description\" content=\"En la primera pelea de la jornada box\u00edstica en el Estadio Aldo Cantoni, en amateurs hasta 64 kg, Braian Rodr\u00edguez le gan\u00f3 por puntos a Alejandro Castro. En el segundo combate de la noche, en categor\u00eda amateurs, hasta 56 kg, pactado a 4 rounds, el sanjuanino Est\u00e9ban Guti\u00e9rrez venci\u00f3 por puntos al riojano Francisco Luna. [&hellip;]\" \/>\n<meta property=\"og:url\" content=\"https:\/\/www.sanjuandeportes.com\/wp\/2019\/03\/16\/las-mejores-fotos-de-la-velada-boxistica-en-el-cantoni-mira-los-resultados\/\" \/>\n<meta property=\"og:site_name\" content=\"San Juan Deportes\" \/>\n<meta property=\"article:publisher\" content=\"https:\/\/www.facebook.com\/sanjuandeportesok\" \/>\n<meta property=\"article:published_time\" content=\"2019-03-16T01:48:19+00:00\" \/>\n<meta property=\"og:image\" content=\"https:\/\/www.sanjuandeportes.com\/wp\/wp-content\/uploads\/2019\/03\/bpxeo.jpg\" \/>\n\t<meta property=\"og:image:width\" content=\"960\" \/>\n\t<meta property=\"og:image:height\" content=\"654\" \/>\n\t<meta property=\"og:image:type\" content=\"image\/jpeg\" \/>\n<meta name=\"author\" content=\"Pablo Pujado\" \/>\n<meta name=\"twitter:card\" content=\"summary_large_image\" \/>\n<meta name=\"twitter:creator\" content=\"@SanJuanDeportes\" \/>\n<meta name=\"twitter:site\" content=\"@SanJuanDeportes\" \/>\n<meta name=\"twitter:label1\" content=\"Escrito por\" \/>\n\t<meta name=\"twitter:data1\" content=\"Pablo Pujado\" \/>\n\t<meta name=\"twitter:label2\" content=\"Tiempo de lectura\" \/>\n\t<meta name=\"twitter:data2\" content=\"2 minutos\" \/>\n<script type=\"application\/ld+json\" class=\"yoast-schema-graph\">{\"@context\":\"https:\\\/\\\/schema.org\",\"@graph\":[{\"@type\":\"Article\",\"@id\":\"https:\\\/\\\/www.sanjuandeportes.com\\\/wp\\\/2019\\\/03\\\/16\\\/las-mejores-fotos-de-la-velada-boxistica-en-el-cantoni-mira-los-resultados\\\/#article\",\"isPartOf\":{\"@id\":\"https:\\\/\\\/www.sanjuandeportes.com\\\/wp\\\/2019\\\/03\\\/16\\\/las-mejores-fotos-de-la-velada-boxistica-en-el-cantoni-mira-los-resultados\\\/\"},\"author\":{\"name\":\"Pablo Pujado\",\"@id\":\"http:\\\/\\\/www.sanjuandeportes.com\\\/wp\\\/#\\\/schema\\\/person\\\/eda4d8e62a5d42b111781e3cdfcb9c3a\"},\"headline\":\"Las mejores fotos de la velada box\u00edstica en el Cantoni: mir\u00e1 los resultados\",\"datePublished\":\"2019-03-16T01:48:19+00:00\",\"mainEntityOfPage\":{\"@id\":\"https:\\\/\\\/www.sanjuandeportes.com\\\/wp\\\/2019\\\/03\\\/16\\\/las-mejores-fotos-de-la-velada-boxistica-en-el-cantoni-mira-los-resultados\\\/\"},\"wordCount\":343,\"commentCount\":0,\"publisher\":{\"@id\":\"http:\\\/\\\/www.sanjuandeportes.com\\\/wp\\\/#organization\"},\"image\":{\"@id\":\"https:\\\/\\\/www.sanjuandeportes.com\\\/wp\\\/2019\\\/03\\\/16\\\/las-mejores-fotos-de-la-velada-boxistica-en-el-cantoni-mira-los-resultados\\\/#primaryimage\"},\"thumbnailUrl\":\"http:\\\/\\\/www.sanjuandeportes.com\\\/wp\\\/wp-content\\\/uploads\\\/2019\\\/03\\\/bpxeo.jpg\",\"articleSection\":[\"Boxeo\",\"Featured\"],\"inLanguage\":\"es\",\"potentialAction\":[{\"@type\":\"CommentAction\",\"name\":\"Comment\",\"target\":[\"https:\\\/\\\/www.sanjuandeportes.com\\\/wp\\\/2019\\\/03\\\/16\\\/las-mejores-fotos-de-la-velada-boxistica-en-el-cantoni-mira-los-resultados\\\/#respond\"]}]},{\"@type\":\"WebPage\",\"@id\":\"https:\\\/\\\/www.sanjuandeportes.com\\\/wp\\\/2019\\\/03\\\/16\\\/las-mejores-fotos-de-la-velada-boxistica-en-el-cantoni-mira-los-resultados\\\/\",\"url\":\"https:\\\/\\\/www.sanjuandeportes.com\\\/wp\\\/2019\\\/03\\\/16\\\/las-mejores-fotos-de-la-velada-boxistica-en-el-cantoni-mira-los-resultados\\\/\",\"name\":\"Las mejores fotos de la velada box\u00edstica en el Cantoni: mir\u00e1 los resultados - San Juan Deportes\",\"isPartOf\":{\"@id\":\"http:\\\/\\\/www.sanjuandeportes.com\\\/wp\\\/#website\"},\"primaryImageOfPage\":{\"@id\":\"https:\\\/\\\/www.sanjuandeportes.com\\\/wp\\\/2019\\\/03\\\/16\\\/las-mejores-fotos-de-la-velada-boxistica-en-el-cantoni-mira-los-resultados\\\/#primaryimage\"},\"image\":{\"@id\":\"https:\\\/\\\/www.sanjuandeportes.com\\\/wp\\\/2019\\\/03\\\/16\\\/las-mejores-fotos-de-la-velada-boxistica-en-el-cantoni-mira-los-resultados\\\/#primaryimage\"},\"thumbnailUrl\":\"http:\\\/\\\/www.sanjuandeportes.com\\\/wp\\\/wp-content\\\/uploads\\\/2019\\\/03\\\/bpxeo.jpg\",\"datePublished\":\"2019-03-16T01:48:19+00:00\",\"breadcrumb\":{\"@id\":\"https:\\\/\\\/www.sanjuandeportes.com\\\/wp\\\/2019\\\/03\\\/16\\\/las-mejores-fotos-de-la-velada-boxistica-en-el-cantoni-mira-los-resultados\\\/#breadcrumb\"},\"inLanguage\":\"es\",\"potentialAction\":[{\"@type\":\"ReadAction\",\"target\":[\"https:\\\/\\\/www.sanjuandeportes.com\\\/wp\\\/2019\\\/03\\\/16\\\/las-mejores-fotos-de-la-velada-boxistica-en-el-cantoni-mira-los-resultados\\\/\"]}]},{\"@type\":\"ImageObject\",\"inLanguage\":\"es\",\"@id\":\"https:\\\/\\\/www.sanjuandeportes.com\\\/wp\\\/2019\\\/03\\\/16\\\/las-mejores-fotos-de-la-velada-boxistica-en-el-cantoni-mira-los-resultados\\\/#primaryimage\",\"url\":\"http:\\\/\\\/www.sanjuandeportes.com\\\/wp\\\/wp-content\\\/uploads\\\/2019\\\/03\\\/bpxeo.jpg\",\"contentUrl\":\"http:\\\/\\\/www.sanjuandeportes.com\\\/wp\\\/wp-content\\\/uploads\\\/2019\\\/03\\\/bpxeo.jpg\",\"width\":960,\"height\":654},{\"@type\":\"BreadcrumbList\",\"@id\":\"https:\\\/\\\/www.sanjuandeportes.com\\\/wp\\\/2019\\\/03\\\/16\\\/las-mejores-fotos-de-la-velada-boxistica-en-el-cantoni-mira-los-resultados\\\/#breadcrumb\",\"itemListElement\":[{\"@type\":\"ListItem\",\"position\":1,\"name\":\"Portada\",\"item\":\"http:\\\/\\\/www.sanjuandeportes.com\\\/wp\\\/\"},{\"@type\":\"ListItem\",\"position\":2,\"name\":\"Las mejores fotos de la velada box\u00edstica en el Cantoni: mir\u00e1 los resultados\"}]},{\"@type\":\"WebSite\",\"@id\":\"http:\\\/\\\/www.sanjuandeportes.com\\\/wp\\\/#website\",\"url\":\"http:\\\/\\\/www.sanjuandeportes.com\\\/wp\\\/\",\"name\":\"San Juan Deportes\",\"description\":\"El sitio de deportes de la provincia de San Juan\",\"publisher\":{\"@id\":\"http:\\\/\\\/www.sanjuandeportes.com\\\/wp\\\/#organization\"},\"potentialAction\":[{\"@type\":\"SearchAction\",\"target\":{\"@type\":\"EntryPoint\",\"urlTemplate\":\"http:\\\/\\\/www.sanjuandeportes.com\\\/wp\\\/?s={search_term_string}\"},\"query-input\":{\"@type\":\"PropertyValueSpecification\",\"valueRequired\":true,\"valueName\":\"search_term_string\"}}],\"inLanguage\":\"es\"},{\"@type\":\"Organization\",\"@id\":\"http:\\\/\\\/www.sanjuandeportes.com\\\/wp\\\/#organization\",\"name\":\"San Juan Deportes\",\"url\":\"http:\\\/\\\/www.sanjuandeportes.com\\\/wp\\\/\",\"logo\":{\"@type\":\"ImageObject\",\"inLanguage\":\"es\",\"@id\":\"http:\\\/\\\/www.sanjuandeportes.com\\\/wp\\\/#\\\/schema\\\/logo\\\/image\\\/\",\"url\":\"https:\\\/\\\/www.sanjuandeportes.com\\\/wp\\\/wp-content\\\/uploads\\\/unnamed.jpg\",\"contentUrl\":\"https:\\\/\\\/www.sanjuandeportes.com\\\/wp\\\/wp-content\\\/uploads\\\/unnamed.jpg\",\"width\":900,\"height\":900,\"caption\":\"San Juan Deportes\"},\"image\":{\"@id\":\"http:\\\/\\\/www.sanjuandeportes.com\\\/wp\\\/#\\\/schema\\\/logo\\\/image\\\/\"},\"sameAs\":[\"https:\\\/\\\/www.facebook.com\\\/sanjuandeportesok\",\"https:\\\/\\\/x.com\\\/SanJuanDeportes\",\"https:\\\/\\\/www.instagram.com\\\/sanjuandeportes\"]},{\"@type\":\"Person\",\"@id\":\"http:\\\/\\\/www.sanjuandeportes.com\\\/wp\\\/#\\\/schema\\\/person\\\/eda4d8e62a5d42b111781e3cdfcb9c3a\",\"name\":\"Pablo Pujado\",\"image\":{\"@type\":\"ImageObject\",\"inLanguage\":\"es\",\"@id\":\"https:\\\/\\\/secure.gravatar.com\\\/avatar\\\/310b69d28112912c333408a462a9837208de951b1e7c11514781740412f648b1?s=96&d=mm&r=g\",\"url\":\"https:\\\/\\\/secure.gravatar.com\\\/avatar\\\/310b69d28112912c333408a462a9837208de951b1e7c11514781740412f648b1?s=96&d=mm&r=g\",\"contentUrl\":\"https:\\\/\\\/secure.gravatar.com\\\/avatar\\\/310b69d28112912c333408a462a9837208de951b1e7c11514781740412f648b1?s=96&d=mm&r=g\",\"caption\":\"Pablo Pujado\"},\"url\":\"http:\\\/\\\/www.sanjuandeportes.com\\\/wp\\\/author\\\/pablo-pujado\\\/\"}]}<\/script>\n<!-- \/ Yoast SEO plugin. -->","yoast_head_json":{"title":"Las mejores fotos de la velada box\u00edstica en el Cantoni: mir\u00e1 los resultados - San Juan Deportes","robots":{"index":"index","follow":"follow","max-snippet":"max-snippet:-1","max-image-preview":"max-image-preview:large","max-video-preview":"max-video-preview:-1"},"canonical":"https:\/\/www.sanjuandeportes.com\/wp\/2019\/03\/16\/las-mejores-fotos-de-la-velada-boxistica-en-el-cantoni-mira-los-resultados\/","og_locale":"es_ES","og_type":"article","og_title":"Las mejores fotos de la velada box\u00edstica en el Cantoni: mir\u00e1 los resultados - San Juan Deportes","og_description":"En la primera pelea de la jornada box\u00edstica en el Estadio Aldo Cantoni, en amateurs hasta 64 kg, Braian Rodr\u00edguez le gan\u00f3 por puntos a Alejandro Castro. En el segundo combate de la noche, en categor\u00eda amateurs, hasta 56 kg, pactado a 4 rounds, el sanjuanino Est\u00e9ban Guti\u00e9rrez venci\u00f3 por puntos al riojano Francisco Luna. [&hellip;]","og_url":"https:\/\/www.sanjuandeportes.com\/wp\/2019\/03\/16\/las-mejores-fotos-de-la-velada-boxistica-en-el-cantoni-mira-los-resultados\/","og_site_name":"San Juan Deportes","article_publisher":"https:\/\/www.facebook.com\/sanjuandeportesok","article_published_time":"2019-03-16T01:48:19+00:00","og_image":[{"width":960,"height":654,"url":"https:\/\/www.sanjuandeportes.com\/wp\/wp-content\/uploads\/2019\/03\/bpxeo.jpg","type":"image\/jpeg"}],"author":"Pablo Pujado","twitter_card":"summary_large_image","twitter_creator":"@SanJuanDeportes","twitter_site":"@SanJuanDeportes","twitter_misc":{"Escrito por":"Pablo Pujado","Tiempo de lectura":"2 minutos"},"schema":{"@context":"https:\/\/schema.org","@graph":[{"@type":"Article","@id":"https:\/\/www.sanjuandeportes.com\/wp\/2019\/03\/16\/las-mejores-fotos-de-la-velada-boxistica-en-el-cantoni-mira-los-resultados\/#article","isPartOf":{"@id":"https:\/\/www.sanjuandeportes.com\/wp\/2019\/03\/16\/las-mejores-fotos-de-la-velada-boxistica-en-el-cantoni-mira-los-resultados\/"},"author":{"name":"Pablo Pujado","@id":"http:\/\/www.sanjuandeportes.com\/wp\/#\/schema\/person\/eda4d8e62a5d42b111781e3cdfcb9c3a"},"headline":"Las mejores fotos de la velada box\u00edstica en el Cantoni: mir\u00e1 los resultados","datePublished":"2019-03-16T01:48:19+00:00","mainEntityOfPage":{"@id":"https:\/\/www.sanjuandeportes.com\/wp\/2019\/03\/16\/las-mejores-fotos-de-la-velada-boxistica-en-el-cantoni-mira-los-resultados\/"},"wordCount":343,"commentCount":0,"publisher":{"@id":"http:\/\/www.sanjuandeportes.com\/wp\/#organization"},"image":{"@id":"https:\/\/www.sanjuandeportes.com\/wp\/2019\/03\/16\/las-mejores-fotos-de-la-velada-boxistica-en-el-cantoni-mira-los-resultados\/#primaryimage"},"thumbnailUrl":"http:\/\/www.sanjuandeportes.com\/wp\/wp-content\/uploads\/2019\/03\/bpxeo.jpg","articleSection":["Boxeo","Featured"],"inLanguage":"es","potentialAction":[{"@type":"CommentAction","name":"Comment","target":["https:\/\/www.sanjuandeportes.com\/wp\/2019\/03\/16\/las-mejores-fotos-de-la-velada-boxistica-en-el-cantoni-mira-los-resultados\/#respond"]}]},{"@type":"WebPage","@id":"https:\/\/www.sanjuandeportes.com\/wp\/2019\/03\/16\/las-mejores-fotos-de-la-velada-boxistica-en-el-cantoni-mira-los-resultados\/","url":"https:\/\/www.sanjuandeportes.com\/wp\/2019\/03\/16\/las-mejores-fotos-de-la-velada-boxistica-en-el-cantoni-mira-los-resultados\/","name":"Las mejores fotos de la velada box\u00edstica en el Cantoni: mir\u00e1 los resultados - San Juan Deportes","isPartOf":{"@id":"http:\/\/www.sanjuandeportes.com\/wp\/#website"},"primaryImageOfPage":{"@id":"https:\/\/www.sanjuandeportes.com\/wp\/2019\/03\/16\/las-mejores-fotos-de-la-velada-boxistica-en-el-cantoni-mira-los-resultados\/#primaryimage"},"image":{"@id":"https:\/\/www.sanjuandeportes.com\/wp\/2019\/03\/16\/las-mejores-fotos-de-la-velada-boxistica-en-el-cantoni-mira-los-resultados\/#primaryimage"},"thumbnailUrl":"http:\/\/www.sanjuandeportes.com\/wp\/wp-content\/uploads\/2019\/03\/bpxeo.jpg","datePublished":"2019-03-16T01:48:19+00:00","breadcrumb":{"@id":"https:\/\/www.sanjuandeportes.com\/wp\/2019\/03\/16\/las-mejores-fotos-de-la-velada-boxistica-en-el-cantoni-mira-los-resultados\/#breadcrumb"},"inLanguage":"es","potentialAction":[{"@type":"ReadAction","target":["https:\/\/www.sanjuandeportes.com\/wp\/2019\/03\/16\/las-mejores-fotos-de-la-velada-boxistica-en-el-cantoni-mira-los-resultados\/"]}]},{"@type":"ImageObject","inLanguage":"es","@id":"https:\/\/www.sanjuandeportes.com\/wp\/2019\/03\/16\/las-mejores-fotos-de-la-velada-boxistica-en-el-cantoni-mira-los-resultados\/#primaryimage","url":"http:\/\/www.sanjuandeportes.com\/wp\/wp-content\/uploads\/2019\/03\/bpxeo.jpg","contentUrl":"http:\/\/www.sanjuandeportes.com\/wp\/wp-content\/uploads\/2019\/03\/bpxeo.jpg","width":960,"height":654},{"@type":"BreadcrumbList","@id":"https:\/\/www.sanjuandeportes.com\/wp\/2019\/03\/16\/las-mejores-fotos-de-la-velada-boxistica-en-el-cantoni-mira-los-resultados\/#breadcrumb","itemListElement":[{"@type":"ListItem","position":1,"name":"Portada","item":"http:\/\/www.sanjuandeportes.com\/wp\/"},{"@type":"ListItem","position":2,"name":"Las mejores fotos de la velada box\u00edstica en el Cantoni: mir\u00e1 los resultados"}]},{"@type":"WebSite","@id":"http:\/\/www.sanjuandeportes.com\/wp\/#website","url":"http:\/\/www.sanjuandeportes.com\/wp\/","name":"San Juan Deportes","description":"El sitio de deportes de la provincia de San Juan","publisher":{"@id":"http:\/\/www.sanjuandeportes.com\/wp\/#organization"},"potentialAction":[{"@type":"SearchAction","target":{"@type":"EntryPoint","urlTemplate":"http:\/\/www.sanjuandeportes.com\/wp\/?s={search_term_string}"},"query-input":{"@type":"PropertyValueSpecification","valueRequired":true,"valueName":"search_term_string"}}],"inLanguage":"es"},{"@type":"Organization","@id":"http:\/\/www.sanjuandeportes.com\/wp\/#organization","name":"San Juan Deportes","url":"http:\/\/www.sanjuandeportes.com\/wp\/","logo":{"@type":"ImageObject","inLanguage":"es","@id":"http:\/\/www.sanjuandeportes.com\/wp\/#\/schema\/logo\/image\/","url":"https:\/\/www.sanjuandeportes.com\/wp\/wp-content\/uploads\/unnamed.jpg","contentUrl":"https:\/\/www.sanjuandeportes.com\/wp\/wp-content\/uploads\/unnamed.jpg","width":900,"height":900,"caption":"San Juan Deportes"},"image":{"@id":"http:\/\/www.sanjuandeportes.com\/wp\/#\/schema\/logo\/image\/"},"sameAs":["https:\/\/www.facebook.com\/sanjuandeportesok","https:\/\/x.com\/SanJuanDeportes","https:\/\/www.instagram.com\/sanjuandeportes"]},{"@type":"Person","@id":"http:\/\/www.sanjuandeportes.com\/wp\/#\/schema\/person\/eda4d8e62a5d42b111781e3cdfcb9c3a","name":"Pablo Pujado","image":{"@type":"ImageObject","inLanguage":"es","@id":"https:\/\/secure.gravatar.com\/avatar\/310b69d28112912c333408a462a9837208de951b1e7c11514781740412f648b1?s=96&d=mm&r=g","url":"https:\/\/secure.gravatar.com\/avatar\/310b69d28112912c333408a462a9837208de951b1e7c11514781740412f648b1?s=96&d=mm&r=g","contentUrl":"https:\/\/secure.gravatar.com\/avatar\/310b69d28112912c333408a462a9837208de951b1e7c11514781740412f648b1?s=96&d=mm&r=g","caption":"Pablo Pujado"},"url":"http:\/\/www.sanjuandeportes.com\/wp\/author\/pablo-pujado\/"}]}},"_links":{"self":[{"href":"http:\/\/www.sanjuandeportes.com\/wp\/wp-json\/wp\/v2\/posts\/3964","targetHints":{"allow":["GET"]}}],"collection":[{"href":"http:\/\/www.sanjuandeportes.com\/wp\/wp-json\/wp\/v2\/posts"}],"about":[{"href":"http:\/\/www.sanjuandeportes.com\/wp\/wp-json\/wp\/v2\/types\/post"}],"author":[{"embeddable":true,"href":"http:\/\/www.sanjuandeportes.com\/wp\/wp-json\/wp\/v2\/users\/5"}],"replies":[{"embeddable":true,"href":"http:\/\/www.sanjuandeportes.com\/wp\/wp-json\/wp\/v2\/comments?post=3964"}],"version-history":[{"count":1,"href":"http:\/\/www.sanjuandeportes.com\/wp\/wp-json\/wp\/v2\/posts\/3964\/revisions"}],"predecessor-version":[{"id":3966,"href":"http:\/\/www.sanjuandeportes.com\/wp\/wp-json\/wp\/v2\/posts\/3964\/revisions\/3966"}],"wp:featuredmedia":[{"embeddable":true,"href":"http:\/\/www.sanjuandeportes.com\/wp\/wp-json\/wp\/v2\/media\/3965"}],"wp:attachment":[{"href":"http:\/\/www.sanjuandeportes.com\/wp\/wp-json\/wp\/v2\/media?parent=3964"}],"wp:term":[{"taxonomy":"category","embeddable":true,"href":"http:\/\/www.sanjuandeportes.com\/wp\/wp-json\/wp\/v2\/categories?post=3964"},{"taxonomy":"post_tag","embeddable":true,"href":"http:\/\/www.sanjuandeportes.com\/wp\/wp-json\/wp\/v2\/tags?post=3964"}],"curies":[{"name":"wp","href":"https:\/\/api.w.org\/{rel}","templated":true}]}}