{"id":4062,"date":"2019-03-21T20:08:03","date_gmt":"2019-03-21T20:08:03","guid":{"rendered":"http:\/\/www.sanjuandeportes.com\/wp\/?p=4062"},"modified":"2019-03-21T20:08:03","modified_gmt":"2019-03-21T20:08:03","slug":"se-presento-la-cuarta-edicion-del-xterra-en-san-juan","status":"publish","type":"post","link":"http:\/\/www.sanjuandeportes.com\/wp\/2019\/03\/21\/se-presento-la-cuarta-edicion-del-xterra-en-san-juan\/","title":{"rendered":"Se present\u00f3 la cuarta edici\u00f3n del XTERRA en San Juan"},"content":{"rendered":"<p class=\"copete\">Ser\u00e1n dos d\u00edas de reconocimiento del circuito, en tanto que s\u00e1bado y domingo llegar\u00e1 el turno de las competencias.<\/p>\n<p>En horas de la ma\u00f1ana, en la sala de prensa \u201cDante Pantuso\u201d, se llev\u00f3 a cabo la conferencia de prensa para la presentaci\u00f3n de la\u00a0<strong>mayor experiencia de deportes off-road en el mundo: el XTERRA<\/strong>. Con m\u00e1s de 300 carreras en diferentes partes del globo terr\u00e1queo y 30 pa\u00edses que participan, San Juan se prepara para este fin de semana cargado de emociones.<\/p>\n<p>Esta experiencia se inici\u00f3 en 1996 en la isla de Maui, Hawaii. Desde entonces su desarrollo se ha trasladado a escenarios alrededor de todo el mundo, con una doble propuesta: \u201cdeportes extremos y aventura\u201d.\u00a0 XTERRA significa Territorio desconocido, por la uni\u00f3n del significado de \u201cX\u201d, algo desconocido, y \u201cTerra\u201d tierra.<\/p>\n<p>El prestigioso circuito internacional tendr\u00e1 su 4ta edici\u00f3n consecutiva en la Argentina.\u00a0<strong>\u201cXTerra Fest Argentina 2019\u201d se realizar\u00e1 entre los d\u00edas 21 y 24 de Marzo en la Ciudad de San Juan<\/strong>, y ser\u00e1 una oportunidad imperdible para los amantes del deporte en b\u00fasqueda de nuevas aventuras.\u00a0<strong>Incluir\u00e1 un Triatl\u00f3n todo terreno, clasificatorio para el campeonato mundial de Hawaii, EE.UU, sumado a carreras de Trail Running, Ciclismo MTB, Nataci\u00f3n en Aguas Abiertas y XTerra Kids.<\/strong><\/p>\n<p>Sobre este evento,\u00a0<strong>Abayuva Rodr\u00edguez<\/strong>\u00a0destac\u00f3 la presencia de competidores de nueve pa\u00edses y de quince provincias argentinas y resalt\u00f3 el trabajo y decisi\u00f3n del\u00a0<strong>Gobierno de San Juan<\/strong>, a trav\u00e9s de la\u00a0<strong>Secretar\u00eda de Deportes<\/strong>, augurando un futuro s\u00f3lido y de gran crecimiento para XTerra.<\/p>\n<p>Como es de esperar en un evento deportivo de esta envergadura,\u00a0<strong>se contar\u00e1 con atletas provinciales, nacionales e internacionales.<\/strong>Desafiando sus l\u00edmites vienen desde Nueva Zelanda Kieran Mc Pherson y Alex Roberts quienes desde el s\u00e1bado pasado ya se encuentran entrenando en nuestra provincia junto a Alex Rhodes de Reino Unido. En las pr\u00f3ximas horas arribar\u00e1n el resto de los atletas de Brasil, B\u00e9lgica, Estados Unidos, Chile, Per\u00fa y de 15 provincias argentinas.<\/p>\n<p>Es un evento Organizado por Argentina Tri Events (ATE), con el apoyo de la\u00a0<strong>Secretar\u00eda de Deportes, el Ministerio de Turismo y Cultura y el Ministerio de Miner\u00eda<\/strong>\u00a0de la provincia; este festival deportivo \u00fanico en el pa\u00eds con 10 carreras en dos d\u00edas tendr\u00e1 lugar en el complejo Del Bono Beach a partir del pr\u00f3ximo jueves 21 de Marzo.<\/p>\n<p>Se extiende\u00a0la invitaci\u00f3n a todo el p\u00fablico sanjuanino para que asistan, alienten a los atletas y disfruten de este gran acontecimiento deportivo en la zona del Dique de Ullum, para toda la familia.<\/p>\n","protected":false},"excerpt":{"rendered":"<p>Ser\u00e1n dos d\u00edas de reconocimiento del circuito, en tanto que s\u00e1bado y domingo llegar\u00e1 el turno de las competencias. En horas de la ma\u00f1ana, en la sala de prensa \u201cDante Pantuso\u201d, se llev\u00f3 a cabo la conferencia de prensa para la presentaci\u00f3n de la\u00a0mayor experiencia de deportes off-road en el mundo: el XTERRA. Con m\u00e1s [&hellip;]<\/p>\n","protected":false},"author":5,"featured_media":4063,"comment_status":"open","ping_status":"open","sticky":false,"template":"","format":"standard","meta":{"footnotes":""},"categories":[2,134],"tags":[],"class_list":["post-4062","post","type-post","status-publish","format-standard","has-post-thumbnail","hentry","category-featured","category-triatlon"],"yoast_head":"<!-- This site is optimized with the Yoast SEO plugin v28.2 - https:\/\/yoast.com\/product\/yoast-seo-wordpress\/ -->\n<title>Se present\u00f3 la cuarta edici\u00f3n del XTERRA en San Juan - San Juan Deportes<\/title>\n<meta name=\"robots\" content=\"index, follow, max-snippet:-1, max-image-preview:large, max-video-preview:-1\" \/>\n<link rel=\"canonical\" href=\"https:\/\/www.sanjuandeportes.com\/wp\/2019\/03\/21\/se-presento-la-cuarta-edicion-del-xterra-en-san-juan\/\" \/>\n<meta property=\"og:locale\" content=\"es_ES\" \/>\n<meta property=\"og:type\" content=\"article\" \/>\n<meta property=\"og:title\" content=\"Se present\u00f3 la cuarta edici\u00f3n del XTERRA en San Juan - San Juan Deportes\" \/>\n<meta property=\"og:description\" content=\"Ser\u00e1n dos d\u00edas de reconocimiento del circuito, en tanto que s\u00e1bado y domingo llegar\u00e1 el turno de las competencias. En horas de la ma\u00f1ana, en la sala de prensa \u201cDante Pantuso\u201d, se llev\u00f3 a cabo la conferencia de prensa para la presentaci\u00f3n de la\u00a0mayor experiencia de deportes off-road en el mundo: el XTERRA. Con m\u00e1s [&hellip;]\" \/>\n<meta property=\"og:url\" content=\"https:\/\/www.sanjuandeportes.com\/wp\/2019\/03\/21\/se-presento-la-cuarta-edicion-del-xterra-en-san-juan\/\" \/>\n<meta property=\"og:site_name\" content=\"San Juan Deportes\" \/>\n<meta property=\"article:publisher\" content=\"https:\/\/www.facebook.com\/sanjuandeportesok\" \/>\n<meta property=\"article:published_time\" content=\"2019-03-21T20:08:03+00:00\" \/>\n<meta property=\"og:image\" content=\"https:\/\/www.sanjuandeportes.com\/wp\/wp-content\/uploads\/2019\/03\/5512332580416d1485db48f1168c8b79_L.jpg\" \/>\n\t<meta property=\"og:image:width\" content=\"782\" \/>\n\t<meta property=\"og:image:height\" content=\"441\" \/>\n\t<meta property=\"og:image:type\" content=\"image\/jpeg\" \/>\n<meta name=\"author\" content=\"Pablo Pujado\" \/>\n<meta name=\"twitter:card\" content=\"summary_large_image\" \/>\n<meta name=\"twitter:creator\" content=\"@SanJuanDeportes\" \/>\n<meta name=\"twitter:site\" content=\"@SanJuanDeportes\" \/>\n<meta name=\"twitter:label1\" content=\"Escrito por\" \/>\n\t<meta name=\"twitter:data1\" content=\"Pablo Pujado\" \/>\n\t<meta name=\"twitter:label2\" content=\"Tiempo de lectura\" \/>\n\t<meta name=\"twitter:data2\" content=\"2 minutos\" \/>\n<script type=\"application\/ld+json\" class=\"yoast-schema-graph\">{\"@context\":\"https:\\\/\\\/schema.org\",\"@graph\":[{\"@type\":\"Article\",\"@id\":\"https:\\\/\\\/www.sanjuandeportes.com\\\/wp\\\/2019\\\/03\\\/21\\\/se-presento-la-cuarta-edicion-del-xterra-en-san-juan\\\/#article\",\"isPartOf\":{\"@id\":\"https:\\\/\\\/www.sanjuandeportes.com\\\/wp\\\/2019\\\/03\\\/21\\\/se-presento-la-cuarta-edicion-del-xterra-en-san-juan\\\/\"},\"author\":{\"name\":\"Pablo Pujado\",\"@id\":\"http:\\\/\\\/www.sanjuandeportes.com\\\/wp\\\/#\\\/schema\\\/person\\\/eda4d8e62a5d42b111781e3cdfcb9c3a\"},\"headline\":\"Se present\u00f3 la cuarta edici\u00f3n del XTERRA en San Juan\",\"datePublished\":\"2019-03-21T20:08:03+00:00\",\"mainEntityOfPage\":{\"@id\":\"https:\\\/\\\/www.sanjuandeportes.com\\\/wp\\\/2019\\\/03\\\/21\\\/se-presento-la-cuarta-edicion-del-xterra-en-san-juan\\\/\"},\"wordCount\":455,\"commentCount\":0,\"publisher\":{\"@id\":\"http:\\\/\\\/www.sanjuandeportes.com\\\/wp\\\/#organization\"},\"image\":{\"@id\":\"https:\\\/\\\/www.sanjuandeportes.com\\\/wp\\\/2019\\\/03\\\/21\\\/se-presento-la-cuarta-edicion-del-xterra-en-san-juan\\\/#primaryimage\"},\"thumbnailUrl\":\"http:\\\/\\\/www.sanjuandeportes.com\\\/wp\\\/wp-content\\\/uploads\\\/2019\\\/03\\\/5512332580416d1485db48f1168c8b79_L.jpg\",\"articleSection\":[\"Featured\",\"Triatl\u00f3n\"],\"inLanguage\":\"es\",\"potentialAction\":[{\"@type\":\"CommentAction\",\"name\":\"Comment\",\"target\":[\"https:\\\/\\\/www.sanjuandeportes.com\\\/wp\\\/2019\\\/03\\\/21\\\/se-presento-la-cuarta-edicion-del-xterra-en-san-juan\\\/#respond\"]}]},{\"@type\":\"WebPage\",\"@id\":\"https:\\\/\\\/www.sanjuandeportes.com\\\/wp\\\/2019\\\/03\\\/21\\\/se-presento-la-cuarta-edicion-del-xterra-en-san-juan\\\/\",\"url\":\"https:\\\/\\\/www.sanjuandeportes.com\\\/wp\\\/2019\\\/03\\\/21\\\/se-presento-la-cuarta-edicion-del-xterra-en-san-juan\\\/\",\"name\":\"Se present\u00f3 la cuarta edici\u00f3n del XTERRA en San Juan - San Juan Deportes\",\"isPartOf\":{\"@id\":\"http:\\\/\\\/www.sanjuandeportes.com\\\/wp\\\/#website\"},\"primaryImageOfPage\":{\"@id\":\"https:\\\/\\\/www.sanjuandeportes.com\\\/wp\\\/2019\\\/03\\\/21\\\/se-presento-la-cuarta-edicion-del-xterra-en-san-juan\\\/#primaryimage\"},\"image\":{\"@id\":\"https:\\\/\\\/www.sanjuandeportes.com\\\/wp\\\/2019\\\/03\\\/21\\\/se-presento-la-cuarta-edicion-del-xterra-en-san-juan\\\/#primaryimage\"},\"thumbnailUrl\":\"http:\\\/\\\/www.sanjuandeportes.com\\\/wp\\\/wp-content\\\/uploads\\\/2019\\\/03\\\/5512332580416d1485db48f1168c8b79_L.jpg\",\"datePublished\":\"2019-03-21T20:08:03+00:00\",\"breadcrumb\":{\"@id\":\"https:\\\/\\\/www.sanjuandeportes.com\\\/wp\\\/2019\\\/03\\\/21\\\/se-presento-la-cuarta-edicion-del-xterra-en-san-juan\\\/#breadcrumb\"},\"inLanguage\":\"es\",\"potentialAction\":[{\"@type\":\"ReadAction\",\"target\":[\"https:\\\/\\\/www.sanjuandeportes.com\\\/wp\\\/2019\\\/03\\\/21\\\/se-presento-la-cuarta-edicion-del-xterra-en-san-juan\\\/\"]}]},{\"@type\":\"ImageObject\",\"inLanguage\":\"es\",\"@id\":\"https:\\\/\\\/www.sanjuandeportes.com\\\/wp\\\/2019\\\/03\\\/21\\\/se-presento-la-cuarta-edicion-del-xterra-en-san-juan\\\/#primaryimage\",\"url\":\"http:\\\/\\\/www.sanjuandeportes.com\\\/wp\\\/wp-content\\\/uploads\\\/2019\\\/03\\\/5512332580416d1485db48f1168c8b79_L.jpg\",\"contentUrl\":\"http:\\\/\\\/www.sanjuandeportes.com\\\/wp\\\/wp-content\\\/uploads\\\/2019\\\/03\\\/5512332580416d1485db48f1168c8b79_L.jpg\",\"width\":782,\"height\":441},{\"@type\":\"BreadcrumbList\",\"@id\":\"https:\\\/\\\/www.sanjuandeportes.com\\\/wp\\\/2019\\\/03\\\/21\\\/se-presento-la-cuarta-edicion-del-xterra-en-san-juan\\\/#breadcrumb\",\"itemListElement\":[{\"@type\":\"ListItem\",\"position\":1,\"name\":\"Portada\",\"item\":\"http:\\\/\\\/www.sanjuandeportes.com\\\/wp\\\/\"},{\"@type\":\"ListItem\",\"position\":2,\"name\":\"Se present\u00f3 la cuarta edici\u00f3n del XTERRA en San Juan\"}]},{\"@type\":\"WebSite\",\"@id\":\"http:\\\/\\\/www.sanjuandeportes.com\\\/wp\\\/#website\",\"url\":\"http:\\\/\\\/www.sanjuandeportes.com\\\/wp\\\/\",\"name\":\"San Juan Deportes\",\"description\":\"El sitio de deportes de la provincia de San Juan\",\"publisher\":{\"@id\":\"http:\\\/\\\/www.sanjuandeportes.com\\\/wp\\\/#organization\"},\"potentialAction\":[{\"@type\":\"SearchAction\",\"target\":{\"@type\":\"EntryPoint\",\"urlTemplate\":\"http:\\\/\\\/www.sanjuandeportes.com\\\/wp\\\/?s={search_term_string}\"},\"query-input\":{\"@type\":\"PropertyValueSpecification\",\"valueRequired\":true,\"valueName\":\"search_term_string\"}}],\"inLanguage\":\"es\"},{\"@type\":\"Organization\",\"@id\":\"http:\\\/\\\/www.sanjuandeportes.com\\\/wp\\\/#organization\",\"name\":\"San Juan Deportes\",\"url\":\"http:\\\/\\\/www.sanjuandeportes.com\\\/wp\\\/\",\"logo\":{\"@type\":\"ImageObject\",\"inLanguage\":\"es\",\"@id\":\"http:\\\/\\\/www.sanjuandeportes.com\\\/wp\\\/#\\\/schema\\\/logo\\\/image\\\/\",\"url\":\"https:\\\/\\\/www.sanjuandeportes.com\\\/wp\\\/wp-content\\\/uploads\\\/unnamed.jpg\",\"contentUrl\":\"https:\\\/\\\/www.sanjuandeportes.com\\\/wp\\\/wp-content\\\/uploads\\\/unnamed.jpg\",\"width\":900,\"height\":900,\"caption\":\"San Juan Deportes\"},\"image\":{\"@id\":\"http:\\\/\\\/www.sanjuandeportes.com\\\/wp\\\/#\\\/schema\\\/logo\\\/image\\\/\"},\"sameAs\":[\"https:\\\/\\\/www.facebook.com\\\/sanjuandeportesok\",\"https:\\\/\\\/x.com\\\/SanJuanDeportes\",\"https:\\\/\\\/www.instagram.com\\\/sanjuandeportes\"]},{\"@type\":\"Person\",\"@id\":\"http:\\\/\\\/www.sanjuandeportes.com\\\/wp\\\/#\\\/schema\\\/person\\\/eda4d8e62a5d42b111781e3cdfcb9c3a\",\"name\":\"Pablo Pujado\",\"image\":{\"@type\":\"ImageObject\",\"inLanguage\":\"es\",\"@id\":\"https:\\\/\\\/secure.gravatar.com\\\/avatar\\\/310b69d28112912c333408a462a9837208de951b1e7c11514781740412f648b1?s=96&d=mm&r=g\",\"url\":\"https:\\\/\\\/secure.gravatar.com\\\/avatar\\\/310b69d28112912c333408a462a9837208de951b1e7c11514781740412f648b1?s=96&d=mm&r=g\",\"contentUrl\":\"https:\\\/\\\/secure.gravatar.com\\\/avatar\\\/310b69d28112912c333408a462a9837208de951b1e7c11514781740412f648b1?s=96&d=mm&r=g\",\"caption\":\"Pablo Pujado\"},\"url\":\"http:\\\/\\\/www.sanjuandeportes.com\\\/wp\\\/author\\\/pablo-pujado\\\/\"}]}<\/script>\n<!-- \/ Yoast SEO plugin. -->","yoast_head_json":{"title":"Se present\u00f3 la cuarta edici\u00f3n del XTERRA en San Juan - San Juan Deportes","robots":{"index":"index","follow":"follow","max-snippet":"max-snippet:-1","max-image-preview":"max-image-preview:large","max-video-preview":"max-video-preview:-1"},"canonical":"https:\/\/www.sanjuandeportes.com\/wp\/2019\/03\/21\/se-presento-la-cuarta-edicion-del-xterra-en-san-juan\/","og_locale":"es_ES","og_type":"article","og_title":"Se present\u00f3 la cuarta edici\u00f3n del XTERRA en San Juan - San Juan Deportes","og_description":"Ser\u00e1n dos d\u00edas de reconocimiento del circuito, en tanto que s\u00e1bado y domingo llegar\u00e1 el turno de las competencias. En horas de la ma\u00f1ana, en la sala de prensa \u201cDante Pantuso\u201d, se llev\u00f3 a cabo la conferencia de prensa para la presentaci\u00f3n de la\u00a0mayor experiencia de deportes off-road en el mundo: el XTERRA. Con m\u00e1s [&hellip;]","og_url":"https:\/\/www.sanjuandeportes.com\/wp\/2019\/03\/21\/se-presento-la-cuarta-edicion-del-xterra-en-san-juan\/","og_site_name":"San Juan Deportes","article_publisher":"https:\/\/www.facebook.com\/sanjuandeportesok","article_published_time":"2019-03-21T20:08:03+00:00","og_image":[{"width":782,"height":441,"url":"https:\/\/www.sanjuandeportes.com\/wp\/wp-content\/uploads\/2019\/03\/5512332580416d1485db48f1168c8b79_L.jpg","type":"image\/jpeg"}],"author":"Pablo Pujado","twitter_card":"summary_large_image","twitter_creator":"@SanJuanDeportes","twitter_site":"@SanJuanDeportes","twitter_misc":{"Escrito por":"Pablo Pujado","Tiempo de lectura":"2 minutos"},"schema":{"@context":"https:\/\/schema.org","@graph":[{"@type":"Article","@id":"https:\/\/www.sanjuandeportes.com\/wp\/2019\/03\/21\/se-presento-la-cuarta-edicion-del-xterra-en-san-juan\/#article","isPartOf":{"@id":"https:\/\/www.sanjuandeportes.com\/wp\/2019\/03\/21\/se-presento-la-cuarta-edicion-del-xterra-en-san-juan\/"},"author":{"name":"Pablo Pujado","@id":"http:\/\/www.sanjuandeportes.com\/wp\/#\/schema\/person\/eda4d8e62a5d42b111781e3cdfcb9c3a"},"headline":"Se present\u00f3 la cuarta edici\u00f3n del XTERRA en San Juan","datePublished":"2019-03-21T20:08:03+00:00","mainEntityOfPage":{"@id":"https:\/\/www.sanjuandeportes.com\/wp\/2019\/03\/21\/se-presento-la-cuarta-edicion-del-xterra-en-san-juan\/"},"wordCount":455,"commentCount":0,"publisher":{"@id":"http:\/\/www.sanjuandeportes.com\/wp\/#organization"},"image":{"@id":"https:\/\/www.sanjuandeportes.com\/wp\/2019\/03\/21\/se-presento-la-cuarta-edicion-del-xterra-en-san-juan\/#primaryimage"},"thumbnailUrl":"http:\/\/www.sanjuandeportes.com\/wp\/wp-content\/uploads\/2019\/03\/5512332580416d1485db48f1168c8b79_L.jpg","articleSection":["Featured","Triatl\u00f3n"],"inLanguage":"es","potentialAction":[{"@type":"CommentAction","name":"Comment","target":["https:\/\/www.sanjuandeportes.com\/wp\/2019\/03\/21\/se-presento-la-cuarta-edicion-del-xterra-en-san-juan\/#respond"]}]},{"@type":"WebPage","@id":"https:\/\/www.sanjuandeportes.com\/wp\/2019\/03\/21\/se-presento-la-cuarta-edicion-del-xterra-en-san-juan\/","url":"https:\/\/www.sanjuandeportes.com\/wp\/2019\/03\/21\/se-presento-la-cuarta-edicion-del-xterra-en-san-juan\/","name":"Se present\u00f3 la cuarta edici\u00f3n del XTERRA en San Juan - San Juan Deportes","isPartOf":{"@id":"http:\/\/www.sanjuandeportes.com\/wp\/#website"},"primaryImageOfPage":{"@id":"https:\/\/www.sanjuandeportes.com\/wp\/2019\/03\/21\/se-presento-la-cuarta-edicion-del-xterra-en-san-juan\/#primaryimage"},"image":{"@id":"https:\/\/www.sanjuandeportes.com\/wp\/2019\/03\/21\/se-presento-la-cuarta-edicion-del-xterra-en-san-juan\/#primaryimage"},"thumbnailUrl":"http:\/\/www.sanjuandeportes.com\/wp\/wp-content\/uploads\/2019\/03\/5512332580416d1485db48f1168c8b79_L.jpg","datePublished":"2019-03-21T20:08:03+00:00","breadcrumb":{"@id":"https:\/\/www.sanjuandeportes.com\/wp\/2019\/03\/21\/se-presento-la-cuarta-edicion-del-xterra-en-san-juan\/#breadcrumb"},"inLanguage":"es","potentialAction":[{"@type":"ReadAction","target":["https:\/\/www.sanjuandeportes.com\/wp\/2019\/03\/21\/se-presento-la-cuarta-edicion-del-xterra-en-san-juan\/"]}]},{"@type":"ImageObject","inLanguage":"es","@id":"https:\/\/www.sanjuandeportes.com\/wp\/2019\/03\/21\/se-presento-la-cuarta-edicion-del-xterra-en-san-juan\/#primaryimage","url":"http:\/\/www.sanjuandeportes.com\/wp\/wp-content\/uploads\/2019\/03\/5512332580416d1485db48f1168c8b79_L.jpg","contentUrl":"http:\/\/www.sanjuandeportes.com\/wp\/wp-content\/uploads\/2019\/03\/5512332580416d1485db48f1168c8b79_L.jpg","width":782,"height":441},{"@type":"BreadcrumbList","@id":"https:\/\/www.sanjuandeportes.com\/wp\/2019\/03\/21\/se-presento-la-cuarta-edicion-del-xterra-en-san-juan\/#breadcrumb","itemListElement":[{"@type":"ListItem","position":1,"name":"Portada","item":"http:\/\/www.sanjuandeportes.com\/wp\/"},{"@type":"ListItem","position":2,"name":"Se present\u00f3 la cuarta edici\u00f3n del XTERRA en San Juan"}]},{"@type":"WebSite","@id":"http:\/\/www.sanjuandeportes.com\/wp\/#website","url":"http:\/\/www.sanjuandeportes.com\/wp\/","name":"San Juan Deportes","description":"El sitio de deportes de la provincia de San Juan","publisher":{"@id":"http:\/\/www.sanjuandeportes.com\/wp\/#organization"},"potentialAction":[{"@type":"SearchAction","target":{"@type":"EntryPoint","urlTemplate":"http:\/\/www.sanjuandeportes.com\/wp\/?s={search_term_string}"},"query-input":{"@type":"PropertyValueSpecification","valueRequired":true,"valueName":"search_term_string"}}],"inLanguage":"es"},{"@type":"Organization","@id":"http:\/\/www.sanjuandeportes.com\/wp\/#organization","name":"San Juan Deportes","url":"http:\/\/www.sanjuandeportes.com\/wp\/","logo":{"@type":"ImageObject","inLanguage":"es","@id":"http:\/\/www.sanjuandeportes.com\/wp\/#\/schema\/logo\/image\/","url":"https:\/\/www.sanjuandeportes.com\/wp\/wp-content\/uploads\/unnamed.jpg","contentUrl":"https:\/\/www.sanjuandeportes.com\/wp\/wp-content\/uploads\/unnamed.jpg","width":900,"height":900,"caption":"San Juan Deportes"},"image":{"@id":"http:\/\/www.sanjuandeportes.com\/wp\/#\/schema\/logo\/image\/"},"sameAs":["https:\/\/www.facebook.com\/sanjuandeportesok","https:\/\/x.com\/SanJuanDeportes","https:\/\/www.instagram.com\/sanjuandeportes"]},{"@type":"Person","@id":"http:\/\/www.sanjuandeportes.com\/wp\/#\/schema\/person\/eda4d8e62a5d42b111781e3cdfcb9c3a","name":"Pablo Pujado","image":{"@type":"ImageObject","inLanguage":"es","@id":"https:\/\/secure.gravatar.com\/avatar\/310b69d28112912c333408a462a9837208de951b1e7c11514781740412f648b1?s=96&d=mm&r=g","url":"https:\/\/secure.gravatar.com\/avatar\/310b69d28112912c333408a462a9837208de951b1e7c11514781740412f648b1?s=96&d=mm&r=g","contentUrl":"https:\/\/secure.gravatar.com\/avatar\/310b69d28112912c333408a462a9837208de951b1e7c11514781740412f648b1?s=96&d=mm&r=g","caption":"Pablo Pujado"},"url":"http:\/\/www.sanjuandeportes.com\/wp\/author\/pablo-pujado\/"}]}},"_links":{"self":[{"href":"http:\/\/www.sanjuandeportes.com\/wp\/wp-json\/wp\/v2\/posts\/4062","targetHints":{"allow":["GET"]}}],"collection":[{"href":"http:\/\/www.sanjuandeportes.com\/wp\/wp-json\/wp\/v2\/posts"}],"about":[{"href":"http:\/\/www.sanjuandeportes.com\/wp\/wp-json\/wp\/v2\/types\/post"}],"author":[{"embeddable":true,"href":"http:\/\/www.sanjuandeportes.com\/wp\/wp-json\/wp\/v2\/users\/5"}],"replies":[{"embeddable":true,"href":"http:\/\/www.sanjuandeportes.com\/wp\/wp-json\/wp\/v2\/comments?post=4062"}],"version-history":[{"count":1,"href":"http:\/\/www.sanjuandeportes.com\/wp\/wp-json\/wp\/v2\/posts\/4062\/revisions"}],"predecessor-version":[{"id":4064,"href":"http:\/\/www.sanjuandeportes.com\/wp\/wp-json\/wp\/v2\/posts\/4062\/revisions\/4064"}],"wp:featuredmedia":[{"embeddable":true,"href":"http:\/\/www.sanjuandeportes.com\/wp\/wp-json\/wp\/v2\/media\/4063"}],"wp:attachment":[{"href":"http:\/\/www.sanjuandeportes.com\/wp\/wp-json\/wp\/v2\/media?parent=4062"}],"wp:term":[{"taxonomy":"category","embeddable":true,"href":"http:\/\/www.sanjuandeportes.com\/wp\/wp-json\/wp\/v2\/categories?post=4062"},{"taxonomy":"post_tag","embeddable":true,"href":"http:\/\/www.sanjuandeportes.com\/wp\/wp-json\/wp\/v2\/tags?post=4062"}],"curies":[{"name":"wp","href":"https:\/\/api.w.org\/{rel}","templated":true}]}}