{"id":4115,"date":"2019-03-25T20:16:56","date_gmt":"2019-03-25T20:16:56","guid":{"rendered":"http:\/\/www.sanjuandeportes.com\/wp\/?p=4115"},"modified":"2019-03-25T21:21:42","modified_gmt":"2019-03-25T21:21:42","slug":"fabricio-persia-hizo-podio-en-la-primera-fecha-del-top-race-series","status":"publish","type":"post","link":"http:\/\/www.sanjuandeportes.com\/wp\/2019\/03\/25\/fabricio-persia-hizo-podio-en-la-primera-fecha-del-top-race-series\/","title":{"rendered":"Fabricio Persia hizo podio en la primera fecha del Top Race Series"},"content":{"rendered":"<p><em><strong>Fabi\u00e1n Flaqu\u00e9 finaliz\u00f3 8\u00b0 en la carrera disputada en el aut\u00f3dromo Ciudad de Paran\u00e1, de Entre R\u00edos.<\/strong><\/em><\/p>\n<p>Este fin de semana se disput\u00f3 la primera fecha del\u00a0<strong>campeonato de Top Race Series<\/strong>, con las presencia de los pilotos sanjuaninos Fabricio Persia y Fabi\u00e1n Flaqu\u00e9, integrantes del\u00a0<strong>Programa de Alto Rendimiento de la Secretar\u00eda de Deportes<\/strong>.<\/p>\n<p>Ambos comenzaron con resultados importantes al finalizar los entrenamientos oficiales del d\u00eda viernes. Fabricio termin\u00f3 s\u00e9ptimo y Fabi\u00e1n octavo.<\/p>\n<p>La jornada sabatina, los encontr\u00f3 en la segunda tanda de entrenamientos, nuevamente ubicados entre los diez mejores de la categor\u00eda (Flaqu\u00e9 4\u00b0, Persia 6\u00b0).<\/p>\n<p>En clasificaci\u00f3n, en el segundo corte, donde llegan los 10 mejores, Persia fue 9\u00b0, mientras que Flaqu\u00e9 termin\u00f3 5\u00b0 y pas\u00f3 al \u00faltimo corte, con los 5 mejores, donde termin\u00f3 en el 5\u00b0 puesto.<\/p>\n<p>En la final, el triunfo fue pr\u00e1cticamente de punta a punta para Gast\u00f3n Pacioni, mientras que la lucha por segundo y tercer puestos fue intensa y\u00a0<strong>en la \u00faltima vuelta, Fabricio Persia, con un Chevrorlet Cruze del equipo Inbest Racing , pas\u00f3 del 5\u00b0 al 3er en una maniobra espectacular, ganando el tercer escal\u00f3n del podio.<\/strong><\/p>\n<p><strong>Fabi\u00e1n Flaqu\u00e9<\/strong>, por su parte, luego de recuperarse de un toque con su compa\u00f1ero de equipo Benjam\u00edn Hites,\u00a0<strong>finaliz\u00f3 en la octava posici\u00f3n.<\/strong><\/p>\n<p>Finalizada la primera fecha el campeonato del Series, Gast\u00f3n Pacioni est\u00e1 en la punta con 26 unidades, segundo Leonardo Palotini, con 18,\u00a0<strong>tercero Fabricio Persia, con 15<\/strong>, en tanto que\u00a0<strong>Fabi\u00e1n Flaqu\u00e9 est\u00e1 octavo, con 4 puntos<\/strong>.<\/p>\n<p>La segunda fecha se disputar\u00e1 el 21 de abril, en Concordia, Entre R\u00edos.<\/p>\n<p>Fuente: Si San Juan<\/p>\n","protected":false},"excerpt":{"rendered":"<p>Fabi\u00e1n Flaqu\u00e9 finaliz\u00f3 8\u00b0 en la carrera disputada en el aut\u00f3dromo Ciudad de Paran\u00e1, de Entre R\u00edos. Este fin de semana se disput\u00f3 la primera fecha del\u00a0campeonato de Top Race Series, con las presencia de los pilotos sanjuaninos Fabricio Persia y Fabi\u00e1n Flaqu\u00e9, integrantes del\u00a0Programa de Alto Rendimiento de la Secretar\u00eda de Deportes. Ambos comenzaron [&hellip;]<\/p>\n","protected":false},"author":5,"featured_media":4116,"comment_status":"open","ping_status":"open","sticky":false,"template":"","format":"standard","meta":{"footnotes":""},"categories":[39,2],"tags":[],"class_list":["post-4115","post","type-post","status-publish","format-standard","has-post-thumbnail","hentry","category-automovilismo","category-featured"],"yoast_head":"<!-- This site is optimized with the Yoast SEO plugin v28.2 - https:\/\/yoast.com\/product\/yoast-seo-wordpress\/ -->\n<title>Fabricio Persia hizo podio en la primera fecha del Top Race Series - San Juan Deportes<\/title>\n<meta name=\"robots\" content=\"index, follow, max-snippet:-1, max-image-preview:large, max-video-preview:-1\" \/>\n<link rel=\"canonical\" href=\"https:\/\/www.sanjuandeportes.com\/wp\/2019\/03\/25\/fabricio-persia-hizo-podio-en-la-primera-fecha-del-top-race-series\/\" \/>\n<meta property=\"og:locale\" content=\"es_ES\" \/>\n<meta property=\"og:type\" content=\"article\" \/>\n<meta property=\"og:title\" content=\"Fabricio Persia hizo podio en la primera fecha del Top Race Series - San Juan Deportes\" \/>\n<meta property=\"og:description\" content=\"Fabi\u00e1n Flaqu\u00e9 finaliz\u00f3 8\u00b0 en la carrera disputada en el aut\u00f3dromo Ciudad de Paran\u00e1, de Entre R\u00edos. Este fin de semana se disput\u00f3 la primera fecha del\u00a0campeonato de Top Race Series, con las presencia de los pilotos sanjuaninos Fabricio Persia y Fabi\u00e1n Flaqu\u00e9, integrantes del\u00a0Programa de Alto Rendimiento de la Secretar\u00eda de Deportes. Ambos comenzaron [&hellip;]\" \/>\n<meta property=\"og:url\" content=\"https:\/\/www.sanjuandeportes.com\/wp\/2019\/03\/25\/fabricio-persia-hizo-podio-en-la-primera-fecha-del-top-race-series\/\" \/>\n<meta property=\"og:site_name\" content=\"San Juan Deportes\" \/>\n<meta property=\"article:publisher\" content=\"https:\/\/www.facebook.com\/sanjuandeportesok\" \/>\n<meta property=\"article:published_time\" content=\"2019-03-25T20:16:56+00:00\" \/>\n<meta property=\"article:modified_time\" content=\"2019-03-25T21:21:42+00:00\" \/>\n<meta property=\"og:image\" content=\"https:\/\/www.sanjuandeportes.com\/wp\/wp-content\/uploads\/2019\/03\/40498452603_6501da12be_b.jpg\" \/>\n\t<meta property=\"og:image:width\" content=\"960\" \/>\n\t<meta property=\"og:image:height\" content=\"639\" \/>\n\t<meta property=\"og:image:type\" content=\"image\/jpeg\" \/>\n<meta name=\"author\" content=\"Pablo Pujado\" \/>\n<meta name=\"twitter:card\" content=\"summary_large_image\" \/>\n<meta name=\"twitter:creator\" content=\"@SanJuanDeportes\" \/>\n<meta name=\"twitter:site\" content=\"@SanJuanDeportes\" \/>\n<meta name=\"twitter:label1\" content=\"Escrito por\" \/>\n\t<meta name=\"twitter:data1\" content=\"Pablo Pujado\" \/>\n\t<meta name=\"twitter:label2\" content=\"Tiempo de lectura\" \/>\n\t<meta name=\"twitter:data2\" content=\"1 minuto\" \/>\n<script type=\"application\/ld+json\" class=\"yoast-schema-graph\">{\"@context\":\"https:\\\/\\\/schema.org\",\"@graph\":[{\"@type\":\"Article\",\"@id\":\"https:\\\/\\\/www.sanjuandeportes.com\\\/wp\\\/2019\\\/03\\\/25\\\/fabricio-persia-hizo-podio-en-la-primera-fecha-del-top-race-series\\\/#article\",\"isPartOf\":{\"@id\":\"https:\\\/\\\/www.sanjuandeportes.com\\\/wp\\\/2019\\\/03\\\/25\\\/fabricio-persia-hizo-podio-en-la-primera-fecha-del-top-race-series\\\/\"},\"author\":{\"name\":\"Pablo Pujado\",\"@id\":\"http:\\\/\\\/www.sanjuandeportes.com\\\/wp\\\/#\\\/schema\\\/person\\\/eda4d8e62a5d42b111781e3cdfcb9c3a\"},\"headline\":\"Fabricio Persia hizo podio en la primera fecha del Top Race Series\",\"datePublished\":\"2019-03-25T20:16:56+00:00\",\"dateModified\":\"2019-03-25T21:21:42+00:00\",\"mainEntityOfPage\":{\"@id\":\"https:\\\/\\\/www.sanjuandeportes.com\\\/wp\\\/2019\\\/03\\\/25\\\/fabricio-persia-hizo-podio-en-la-primera-fecha-del-top-race-series\\\/\"},\"wordCount\":282,\"commentCount\":0,\"publisher\":{\"@id\":\"http:\\\/\\\/www.sanjuandeportes.com\\\/wp\\\/#organization\"},\"image\":{\"@id\":\"https:\\\/\\\/www.sanjuandeportes.com\\\/wp\\\/2019\\\/03\\\/25\\\/fabricio-persia-hizo-podio-en-la-primera-fecha-del-top-race-series\\\/#primaryimage\"},\"thumbnailUrl\":\"http:\\\/\\\/www.sanjuandeportes.com\\\/wp\\\/wp-content\\\/uploads\\\/2019\\\/03\\\/40498452603_6501da12be_b.jpg\",\"articleSection\":[\"Automovilismo\",\"Featured\"],\"inLanguage\":\"es\",\"potentialAction\":[{\"@type\":\"CommentAction\",\"name\":\"Comment\",\"target\":[\"https:\\\/\\\/www.sanjuandeportes.com\\\/wp\\\/2019\\\/03\\\/25\\\/fabricio-persia-hizo-podio-en-la-primera-fecha-del-top-race-series\\\/#respond\"]}]},{\"@type\":\"WebPage\",\"@id\":\"https:\\\/\\\/www.sanjuandeportes.com\\\/wp\\\/2019\\\/03\\\/25\\\/fabricio-persia-hizo-podio-en-la-primera-fecha-del-top-race-series\\\/\",\"url\":\"https:\\\/\\\/www.sanjuandeportes.com\\\/wp\\\/2019\\\/03\\\/25\\\/fabricio-persia-hizo-podio-en-la-primera-fecha-del-top-race-series\\\/\",\"name\":\"Fabricio Persia hizo podio en la primera fecha del Top Race Series - San Juan Deportes\",\"isPartOf\":{\"@id\":\"http:\\\/\\\/www.sanjuandeportes.com\\\/wp\\\/#website\"},\"primaryImageOfPage\":{\"@id\":\"https:\\\/\\\/www.sanjuandeportes.com\\\/wp\\\/2019\\\/03\\\/25\\\/fabricio-persia-hizo-podio-en-la-primera-fecha-del-top-race-series\\\/#primaryimage\"},\"image\":{\"@id\":\"https:\\\/\\\/www.sanjuandeportes.com\\\/wp\\\/2019\\\/03\\\/25\\\/fabricio-persia-hizo-podio-en-la-primera-fecha-del-top-race-series\\\/#primaryimage\"},\"thumbnailUrl\":\"http:\\\/\\\/www.sanjuandeportes.com\\\/wp\\\/wp-content\\\/uploads\\\/2019\\\/03\\\/40498452603_6501da12be_b.jpg\",\"datePublished\":\"2019-03-25T20:16:56+00:00\",\"dateModified\":\"2019-03-25T21:21:42+00:00\",\"breadcrumb\":{\"@id\":\"https:\\\/\\\/www.sanjuandeportes.com\\\/wp\\\/2019\\\/03\\\/25\\\/fabricio-persia-hizo-podio-en-la-primera-fecha-del-top-race-series\\\/#breadcrumb\"},\"inLanguage\":\"es\",\"potentialAction\":[{\"@type\":\"ReadAction\",\"target\":[\"https:\\\/\\\/www.sanjuandeportes.com\\\/wp\\\/2019\\\/03\\\/25\\\/fabricio-persia-hizo-podio-en-la-primera-fecha-del-top-race-series\\\/\"]}]},{\"@type\":\"ImageObject\",\"inLanguage\":\"es\",\"@id\":\"https:\\\/\\\/www.sanjuandeportes.com\\\/wp\\\/2019\\\/03\\\/25\\\/fabricio-persia-hizo-podio-en-la-primera-fecha-del-top-race-series\\\/#primaryimage\",\"url\":\"http:\\\/\\\/www.sanjuandeportes.com\\\/wp\\\/wp-content\\\/uploads\\\/2019\\\/03\\\/40498452603_6501da12be_b.jpg\",\"contentUrl\":\"http:\\\/\\\/www.sanjuandeportes.com\\\/wp\\\/wp-content\\\/uploads\\\/2019\\\/03\\\/40498452603_6501da12be_b.jpg\",\"width\":960,\"height\":639},{\"@type\":\"BreadcrumbList\",\"@id\":\"https:\\\/\\\/www.sanjuandeportes.com\\\/wp\\\/2019\\\/03\\\/25\\\/fabricio-persia-hizo-podio-en-la-primera-fecha-del-top-race-series\\\/#breadcrumb\",\"itemListElement\":[{\"@type\":\"ListItem\",\"position\":1,\"name\":\"Portada\",\"item\":\"http:\\\/\\\/www.sanjuandeportes.com\\\/wp\\\/\"},{\"@type\":\"ListItem\",\"position\":2,\"name\":\"Fabricio Persia hizo podio en la primera fecha del Top Race Series\"}]},{\"@type\":\"WebSite\",\"@id\":\"http:\\\/\\\/www.sanjuandeportes.com\\\/wp\\\/#website\",\"url\":\"http:\\\/\\\/www.sanjuandeportes.com\\\/wp\\\/\",\"name\":\"San Juan Deportes\",\"description\":\"El sitio de deportes de la provincia de San Juan\",\"publisher\":{\"@id\":\"http:\\\/\\\/www.sanjuandeportes.com\\\/wp\\\/#organization\"},\"potentialAction\":[{\"@type\":\"SearchAction\",\"target\":{\"@type\":\"EntryPoint\",\"urlTemplate\":\"http:\\\/\\\/www.sanjuandeportes.com\\\/wp\\\/?s={search_term_string}\"},\"query-input\":{\"@type\":\"PropertyValueSpecification\",\"valueRequired\":true,\"valueName\":\"search_term_string\"}}],\"inLanguage\":\"es\"},{\"@type\":\"Organization\",\"@id\":\"http:\\\/\\\/www.sanjuandeportes.com\\\/wp\\\/#organization\",\"name\":\"San Juan Deportes\",\"url\":\"http:\\\/\\\/www.sanjuandeportes.com\\\/wp\\\/\",\"logo\":{\"@type\":\"ImageObject\",\"inLanguage\":\"es\",\"@id\":\"http:\\\/\\\/www.sanjuandeportes.com\\\/wp\\\/#\\\/schema\\\/logo\\\/image\\\/\",\"url\":\"https:\\\/\\\/www.sanjuandeportes.com\\\/wp\\\/wp-content\\\/uploads\\\/unnamed.jpg\",\"contentUrl\":\"https:\\\/\\\/www.sanjuandeportes.com\\\/wp\\\/wp-content\\\/uploads\\\/unnamed.jpg\",\"width\":900,\"height\":900,\"caption\":\"San Juan Deportes\"},\"image\":{\"@id\":\"http:\\\/\\\/www.sanjuandeportes.com\\\/wp\\\/#\\\/schema\\\/logo\\\/image\\\/\"},\"sameAs\":[\"https:\\\/\\\/www.facebook.com\\\/sanjuandeportesok\",\"https:\\\/\\\/x.com\\\/SanJuanDeportes\",\"https:\\\/\\\/www.instagram.com\\\/sanjuandeportes\"]},{\"@type\":\"Person\",\"@id\":\"http:\\\/\\\/www.sanjuandeportes.com\\\/wp\\\/#\\\/schema\\\/person\\\/eda4d8e62a5d42b111781e3cdfcb9c3a\",\"name\":\"Pablo Pujado\",\"image\":{\"@type\":\"ImageObject\",\"inLanguage\":\"es\",\"@id\":\"https:\\\/\\\/secure.gravatar.com\\\/avatar\\\/310b69d28112912c333408a462a9837208de951b1e7c11514781740412f648b1?s=96&d=mm&r=g\",\"url\":\"https:\\\/\\\/secure.gravatar.com\\\/avatar\\\/310b69d28112912c333408a462a9837208de951b1e7c11514781740412f648b1?s=96&d=mm&r=g\",\"contentUrl\":\"https:\\\/\\\/secure.gravatar.com\\\/avatar\\\/310b69d28112912c333408a462a9837208de951b1e7c11514781740412f648b1?s=96&d=mm&r=g\",\"caption\":\"Pablo Pujado\"},\"url\":\"http:\\\/\\\/www.sanjuandeportes.com\\\/wp\\\/author\\\/pablo-pujado\\\/\"}]}<\/script>\n<!-- \/ Yoast SEO plugin. -->","yoast_head_json":{"title":"Fabricio Persia hizo podio en la primera fecha del Top Race Series - San Juan Deportes","robots":{"index":"index","follow":"follow","max-snippet":"max-snippet:-1","max-image-preview":"max-image-preview:large","max-video-preview":"max-video-preview:-1"},"canonical":"https:\/\/www.sanjuandeportes.com\/wp\/2019\/03\/25\/fabricio-persia-hizo-podio-en-la-primera-fecha-del-top-race-series\/","og_locale":"es_ES","og_type":"article","og_title":"Fabricio Persia hizo podio en la primera fecha del Top Race Series - San Juan Deportes","og_description":"Fabi\u00e1n Flaqu\u00e9 finaliz\u00f3 8\u00b0 en la carrera disputada en el aut\u00f3dromo Ciudad de Paran\u00e1, de Entre R\u00edos. Este fin de semana se disput\u00f3 la primera fecha del\u00a0campeonato de Top Race Series, con las presencia de los pilotos sanjuaninos Fabricio Persia y Fabi\u00e1n Flaqu\u00e9, integrantes del\u00a0Programa de Alto Rendimiento de la Secretar\u00eda de Deportes. Ambos comenzaron [&hellip;]","og_url":"https:\/\/www.sanjuandeportes.com\/wp\/2019\/03\/25\/fabricio-persia-hizo-podio-en-la-primera-fecha-del-top-race-series\/","og_site_name":"San Juan Deportes","article_publisher":"https:\/\/www.facebook.com\/sanjuandeportesok","article_published_time":"2019-03-25T20:16:56+00:00","article_modified_time":"2019-03-25T21:21:42+00:00","og_image":[{"width":960,"height":639,"url":"https:\/\/www.sanjuandeportes.com\/wp\/wp-content\/uploads\/2019\/03\/40498452603_6501da12be_b.jpg","type":"image\/jpeg"}],"author":"Pablo Pujado","twitter_card":"summary_large_image","twitter_creator":"@SanJuanDeportes","twitter_site":"@SanJuanDeportes","twitter_misc":{"Escrito por":"Pablo Pujado","Tiempo de lectura":"1 minuto"},"schema":{"@context":"https:\/\/schema.org","@graph":[{"@type":"Article","@id":"https:\/\/www.sanjuandeportes.com\/wp\/2019\/03\/25\/fabricio-persia-hizo-podio-en-la-primera-fecha-del-top-race-series\/#article","isPartOf":{"@id":"https:\/\/www.sanjuandeportes.com\/wp\/2019\/03\/25\/fabricio-persia-hizo-podio-en-la-primera-fecha-del-top-race-series\/"},"author":{"name":"Pablo Pujado","@id":"http:\/\/www.sanjuandeportes.com\/wp\/#\/schema\/person\/eda4d8e62a5d42b111781e3cdfcb9c3a"},"headline":"Fabricio Persia hizo podio en la primera fecha del Top Race Series","datePublished":"2019-03-25T20:16:56+00:00","dateModified":"2019-03-25T21:21:42+00:00","mainEntityOfPage":{"@id":"https:\/\/www.sanjuandeportes.com\/wp\/2019\/03\/25\/fabricio-persia-hizo-podio-en-la-primera-fecha-del-top-race-series\/"},"wordCount":282,"commentCount":0,"publisher":{"@id":"http:\/\/www.sanjuandeportes.com\/wp\/#organization"},"image":{"@id":"https:\/\/www.sanjuandeportes.com\/wp\/2019\/03\/25\/fabricio-persia-hizo-podio-en-la-primera-fecha-del-top-race-series\/#primaryimage"},"thumbnailUrl":"http:\/\/www.sanjuandeportes.com\/wp\/wp-content\/uploads\/2019\/03\/40498452603_6501da12be_b.jpg","articleSection":["Automovilismo","Featured"],"inLanguage":"es","potentialAction":[{"@type":"CommentAction","name":"Comment","target":["https:\/\/www.sanjuandeportes.com\/wp\/2019\/03\/25\/fabricio-persia-hizo-podio-en-la-primera-fecha-del-top-race-series\/#respond"]}]},{"@type":"WebPage","@id":"https:\/\/www.sanjuandeportes.com\/wp\/2019\/03\/25\/fabricio-persia-hizo-podio-en-la-primera-fecha-del-top-race-series\/","url":"https:\/\/www.sanjuandeportes.com\/wp\/2019\/03\/25\/fabricio-persia-hizo-podio-en-la-primera-fecha-del-top-race-series\/","name":"Fabricio Persia hizo podio en la primera fecha del Top Race Series - San Juan Deportes","isPartOf":{"@id":"http:\/\/www.sanjuandeportes.com\/wp\/#website"},"primaryImageOfPage":{"@id":"https:\/\/www.sanjuandeportes.com\/wp\/2019\/03\/25\/fabricio-persia-hizo-podio-en-la-primera-fecha-del-top-race-series\/#primaryimage"},"image":{"@id":"https:\/\/www.sanjuandeportes.com\/wp\/2019\/03\/25\/fabricio-persia-hizo-podio-en-la-primera-fecha-del-top-race-series\/#primaryimage"},"thumbnailUrl":"http:\/\/www.sanjuandeportes.com\/wp\/wp-content\/uploads\/2019\/03\/40498452603_6501da12be_b.jpg","datePublished":"2019-03-25T20:16:56+00:00","dateModified":"2019-03-25T21:21:42+00:00","breadcrumb":{"@id":"https:\/\/www.sanjuandeportes.com\/wp\/2019\/03\/25\/fabricio-persia-hizo-podio-en-la-primera-fecha-del-top-race-series\/#breadcrumb"},"inLanguage":"es","potentialAction":[{"@type":"ReadAction","target":["https:\/\/www.sanjuandeportes.com\/wp\/2019\/03\/25\/fabricio-persia-hizo-podio-en-la-primera-fecha-del-top-race-series\/"]}]},{"@type":"ImageObject","inLanguage":"es","@id":"https:\/\/www.sanjuandeportes.com\/wp\/2019\/03\/25\/fabricio-persia-hizo-podio-en-la-primera-fecha-del-top-race-series\/#primaryimage","url":"http:\/\/www.sanjuandeportes.com\/wp\/wp-content\/uploads\/2019\/03\/40498452603_6501da12be_b.jpg","contentUrl":"http:\/\/www.sanjuandeportes.com\/wp\/wp-content\/uploads\/2019\/03\/40498452603_6501da12be_b.jpg","width":960,"height":639},{"@type":"BreadcrumbList","@id":"https:\/\/www.sanjuandeportes.com\/wp\/2019\/03\/25\/fabricio-persia-hizo-podio-en-la-primera-fecha-del-top-race-series\/#breadcrumb","itemListElement":[{"@type":"ListItem","position":1,"name":"Portada","item":"http:\/\/www.sanjuandeportes.com\/wp\/"},{"@type":"ListItem","position":2,"name":"Fabricio Persia hizo podio en la primera fecha del Top Race Series"}]},{"@type":"WebSite","@id":"http:\/\/www.sanjuandeportes.com\/wp\/#website","url":"http:\/\/www.sanjuandeportes.com\/wp\/","name":"San Juan Deportes","description":"El sitio de deportes de la provincia de San Juan","publisher":{"@id":"http:\/\/www.sanjuandeportes.com\/wp\/#organization"},"potentialAction":[{"@type":"SearchAction","target":{"@type":"EntryPoint","urlTemplate":"http:\/\/www.sanjuandeportes.com\/wp\/?s={search_term_string}"},"query-input":{"@type":"PropertyValueSpecification","valueRequired":true,"valueName":"search_term_string"}}],"inLanguage":"es"},{"@type":"Organization","@id":"http:\/\/www.sanjuandeportes.com\/wp\/#organization","name":"San Juan Deportes","url":"http:\/\/www.sanjuandeportes.com\/wp\/","logo":{"@type":"ImageObject","inLanguage":"es","@id":"http:\/\/www.sanjuandeportes.com\/wp\/#\/schema\/logo\/image\/","url":"https:\/\/www.sanjuandeportes.com\/wp\/wp-content\/uploads\/unnamed.jpg","contentUrl":"https:\/\/www.sanjuandeportes.com\/wp\/wp-content\/uploads\/unnamed.jpg","width":900,"height":900,"caption":"San Juan Deportes"},"image":{"@id":"http:\/\/www.sanjuandeportes.com\/wp\/#\/schema\/logo\/image\/"},"sameAs":["https:\/\/www.facebook.com\/sanjuandeportesok","https:\/\/x.com\/SanJuanDeportes","https:\/\/www.instagram.com\/sanjuandeportes"]},{"@type":"Person","@id":"http:\/\/www.sanjuandeportes.com\/wp\/#\/schema\/person\/eda4d8e62a5d42b111781e3cdfcb9c3a","name":"Pablo Pujado","image":{"@type":"ImageObject","inLanguage":"es","@id":"https:\/\/secure.gravatar.com\/avatar\/310b69d28112912c333408a462a9837208de951b1e7c11514781740412f648b1?s=96&d=mm&r=g","url":"https:\/\/secure.gravatar.com\/avatar\/310b69d28112912c333408a462a9837208de951b1e7c11514781740412f648b1?s=96&d=mm&r=g","contentUrl":"https:\/\/secure.gravatar.com\/avatar\/310b69d28112912c333408a462a9837208de951b1e7c11514781740412f648b1?s=96&d=mm&r=g","caption":"Pablo Pujado"},"url":"http:\/\/www.sanjuandeportes.com\/wp\/author\/pablo-pujado\/"}]}},"_links":{"self":[{"href":"http:\/\/www.sanjuandeportes.com\/wp\/wp-json\/wp\/v2\/posts\/4115","targetHints":{"allow":["GET"]}}],"collection":[{"href":"http:\/\/www.sanjuandeportes.com\/wp\/wp-json\/wp\/v2\/posts"}],"about":[{"href":"http:\/\/www.sanjuandeportes.com\/wp\/wp-json\/wp\/v2\/types\/post"}],"author":[{"embeddable":true,"href":"http:\/\/www.sanjuandeportes.com\/wp\/wp-json\/wp\/v2\/users\/5"}],"replies":[{"embeddable":true,"href":"http:\/\/www.sanjuandeportes.com\/wp\/wp-json\/wp\/v2\/comments?post=4115"}],"version-history":[{"count":3,"href":"http:\/\/www.sanjuandeportes.com\/wp\/wp-json\/wp\/v2\/posts\/4115\/revisions"}],"predecessor-version":[{"id":4120,"href":"http:\/\/www.sanjuandeportes.com\/wp\/wp-json\/wp\/v2\/posts\/4115\/revisions\/4120"}],"wp:featuredmedia":[{"embeddable":true,"href":"http:\/\/www.sanjuandeportes.com\/wp\/wp-json\/wp\/v2\/media\/4116"}],"wp:attachment":[{"href":"http:\/\/www.sanjuandeportes.com\/wp\/wp-json\/wp\/v2\/media?parent=4115"}],"wp:term":[{"taxonomy":"category","embeddable":true,"href":"http:\/\/www.sanjuandeportes.com\/wp\/wp-json\/wp\/v2\/categories?post=4115"},{"taxonomy":"post_tag","embeddable":true,"href":"http:\/\/www.sanjuandeportes.com\/wp\/wp-json\/wp\/v2\/tags?post=4115"}],"curies":[{"name":"wp","href":"https:\/\/api.w.org\/{rel}","templated":true}]}}