{"id":4341,"date":"2019-04-08T02:06:11","date_gmt":"2019-04-08T02:06:11","guid":{"rendered":"http:\/\/www.sanjuandeportes.com\/wp\/?p=4341"},"modified":"2019-04-08T02:06:11","modified_gmt":"2019-04-08T02:06:11","slug":"ruben-forestello-entre-lagrimas-me-hago-responsable-del-descenso","status":"publish","type":"post","link":"http:\/\/www.sanjuandeportes.com\/wp\/2019\/04\/08\/ruben-forestello-entre-lagrimas-me-hago-responsable-del-descenso\/","title":{"rendered":"Rub\u00e9n Forestello, entre l\u00e1grimas: \u00abMe hago responsable del descenso\u00bb"},"content":{"rendered":"<p class=\"capital\">Con l\u00e1grimas en sus ojos, el entrenador de San Mart\u00edn de San Juan, Rub\u00e9n Forestello, se hizo cargo del descenso de su equipo y remarc\u00f3 sentirse \u201cresponsable\u201d por la frustraci\u00f3n deportiva que representa volver a jugar en la Primera B Nacional luego de cuatro a\u00f1os.<iframe width=\"1\" height=\"1\" frameborder=\"0\" data-mce-fragment=\"1\"><\/iframe><\/p>\n<div id=\"inline_parent\" align=\"center\">\n<div id=\"inline\" data-google-query-id=\"CMjO2OWxv-ECFfTI4wcdGTkJbw\">\n<div id=\"google_ads_iframe_\/125006397\/tyc\/nota\/inline_0__container__\"><iframe id=\"google_ads_iframe_\/125006397\/tyc\/nota\/inline_0\" title=\"3rd party ad content\" name=\"google_ads_iframe_\/125006397\/tyc\/nota\/inline_0\" width=\"1\" height=\"1\" frameborder=\"0\" marginwidth=\"0\" marginheight=\"0\" scrolling=\"no\" data-google-container-id=\"5\" data-load-complete=\"true\" data-mce-fragment=\"1\"><\/iframe><\/div>\n<\/div>\n<\/div>\n<p>\u201c<i><b>Me hago responsable, la dirigencia apoy\u00f3 en todo<\/b>. Entregamos todo, pero no alcanz\u00f3. Cuando no logras el objetivo siempre te reprochas.\u00a0<b>Esta provincia sigue pensando que va a volver de alguna manera a Primer<\/b><\/i><b>a<\/b>\u00ab, declar\u00f3 Forestello luego de la victoria ante Talleres (2-1).<\/p>\n<p>Y agreg\u00f3: \u00ab<i><b>Angustia sobre todas las cosas porque tuvimos un mal semestre<\/b>. No pudimos ayudar como corresponde con todo lo que ten\u00edamos a nuestro alcance.\u00a0<b>Se nos escaparon esos cuatro puntos contra Independiente y Godoy Cruz, cuando merecimos mucho m\u00e1s<\/b><\/i>\u201d.<\/p>\n<p>Por \u00faltimo, el DT no quiso hablar de su futuro m\u00e1s all\u00e1 de lo que respecta a su contrato: \u00ab<i><b>Ya se nos han ca\u00eddo las l\u00e1grimas necesarias, ahora hay que volver a empezar<\/b>. Es momento de hacer silencio, ir a casa y recargar energ\u00edas. Esperemos seguir compitiendo y hacer las cosas bien por una provincia, que me respeta y valora a pesar del descenso.\u00a0<b>Tengo contrato hasta octubre, vamos a ver<\/b><\/i>\u00ab.<\/p>\n<p>Fuente Tyc Sports<\/p>\n","protected":false},"excerpt":{"rendered":"<p>Con l\u00e1grimas en sus ojos, el entrenador de San Mart\u00edn de San Juan, Rub\u00e9n Forestello, se hizo cargo del descenso de su equipo y remarc\u00f3 sentirse \u201cresponsable\u201d por la frustraci\u00f3n deportiva que representa volver a jugar en la Primera B Nacional luego de cuatro a\u00f1os. \u201cMe hago responsable, la dirigencia apoy\u00f3 en todo. Entregamos todo, [&hellip;]<\/p>\n","protected":false},"author":5,"featured_media":4343,"comment_status":"open","ping_status":"open","sticky":false,"template":"","format":"standard","meta":{"footnotes":""},"categories":[2,24,31],"tags":[232,129],"class_list":["post-4341","post","type-post","status-publish","format-standard","has-post-thumbnail","hentry","category-featured","category-futbol","category-primeradivision","tag-forestello","tag-san-martin"],"yoast_head":"<!-- This site is optimized with the Yoast SEO plugin v28.2 - https:\/\/yoast.com\/product\/yoast-seo-wordpress\/ -->\n<title>Rub\u00e9n Forestello, entre l\u00e1grimas: &quot;Me hago responsable del descenso&quot; - San Juan Deportes<\/title>\n<meta name=\"robots\" content=\"index, follow, max-snippet:-1, max-image-preview:large, max-video-preview:-1\" \/>\n<link rel=\"canonical\" href=\"https:\/\/www.sanjuandeportes.com\/wp\/2019\/04\/08\/ruben-forestello-entre-lagrimas-me-hago-responsable-del-descenso\/\" \/>\n<meta property=\"og:locale\" content=\"es_ES\" \/>\n<meta property=\"og:type\" content=\"article\" \/>\n<meta property=\"og:title\" content=\"Rub\u00e9n Forestello, entre l\u00e1grimas: &quot;Me hago responsable del descenso&quot; - San Juan Deportes\" \/>\n<meta property=\"og:description\" content=\"Con l\u00e1grimas en sus ojos, el entrenador de San Mart\u00edn de San Juan, Rub\u00e9n Forestello, se hizo cargo del descenso de su equipo y remarc\u00f3 sentirse \u201cresponsable\u201d por la frustraci\u00f3n deportiva que representa volver a jugar en la Primera B Nacional luego de cuatro a\u00f1os. \u201cMe hago responsable, la dirigencia apoy\u00f3 en todo. Entregamos todo, [&hellip;]\" \/>\n<meta property=\"og:url\" content=\"https:\/\/www.sanjuandeportes.com\/wp\/2019\/04\/08\/ruben-forestello-entre-lagrimas-me-hago-responsable-del-descenso\/\" \/>\n<meta property=\"og:site_name\" content=\"San Juan Deportes\" \/>\n<meta property=\"article:publisher\" content=\"https:\/\/www.facebook.com\/sanjuandeportesok\" \/>\n<meta property=\"article:published_time\" content=\"2019-04-08T02:06:11+00:00\" \/>\n<meta property=\"og:image\" content=\"https:\/\/www.sanjuandeportes.com\/wp\/wp-content\/uploads\/2019\/04\/Zfa2zzKmf_1256x620__2-1.jpg\" \/>\n\t<meta property=\"og:image:width\" content=\"1256\" \/>\n\t<meta property=\"og:image:height\" content=\"617\" \/>\n\t<meta property=\"og:image:type\" content=\"image\/jpeg\" \/>\n<meta name=\"author\" content=\"Pablo Pujado\" \/>\n<meta name=\"twitter:card\" content=\"summary_large_image\" \/>\n<meta name=\"twitter:creator\" content=\"@SanJuanDeportes\" \/>\n<meta name=\"twitter:site\" content=\"@SanJuanDeportes\" \/>\n<meta name=\"twitter:label1\" content=\"Escrito por\" \/>\n\t<meta name=\"twitter:data1\" content=\"Pablo Pujado\" \/>\n\t<meta name=\"twitter:label2\" content=\"Tiempo de lectura\" \/>\n\t<meta name=\"twitter:data2\" content=\"1 minuto\" \/>\n<script type=\"application\/ld+json\" class=\"yoast-schema-graph\">{\"@context\":\"https:\\\/\\\/schema.org\",\"@graph\":[{\"@type\":\"Article\",\"@id\":\"https:\\\/\\\/www.sanjuandeportes.com\\\/wp\\\/2019\\\/04\\\/08\\\/ruben-forestello-entre-lagrimas-me-hago-responsable-del-descenso\\\/#article\",\"isPartOf\":{\"@id\":\"https:\\\/\\\/www.sanjuandeportes.com\\\/wp\\\/2019\\\/04\\\/08\\\/ruben-forestello-entre-lagrimas-me-hago-responsable-del-descenso\\\/\"},\"author\":{\"name\":\"Pablo Pujado\",\"@id\":\"http:\\\/\\\/www.sanjuandeportes.com\\\/wp\\\/#\\\/schema\\\/person\\\/eda4d8e62a5d42b111781e3cdfcb9c3a\"},\"headline\":\"Rub\u00e9n Forestello, entre l\u00e1grimas: \u00abMe hago responsable del descenso\u00bb\",\"datePublished\":\"2019-04-08T02:06:11+00:00\",\"mainEntityOfPage\":{\"@id\":\"https:\\\/\\\/www.sanjuandeportes.com\\\/wp\\\/2019\\\/04\\\/08\\\/ruben-forestello-entre-lagrimas-me-hago-responsable-del-descenso\\\/\"},\"wordCount\":225,\"commentCount\":0,\"publisher\":{\"@id\":\"http:\\\/\\\/www.sanjuandeportes.com\\\/wp\\\/#organization\"},\"image\":{\"@id\":\"https:\\\/\\\/www.sanjuandeportes.com\\\/wp\\\/2019\\\/04\\\/08\\\/ruben-forestello-entre-lagrimas-me-hago-responsable-del-descenso\\\/#primaryimage\"},\"thumbnailUrl\":\"http:\\\/\\\/www.sanjuandeportes.com\\\/wp\\\/wp-content\\\/uploads\\\/2019\\\/04\\\/Zfa2zzKmf_1256x620__2-1.jpg\",\"keywords\":[\"Forestello\",\"San Martin\"],\"articleSection\":[\"Featured\",\"Futbol\",\"Primera Division\"],\"inLanguage\":\"es\",\"potentialAction\":[{\"@type\":\"CommentAction\",\"name\":\"Comment\",\"target\":[\"https:\\\/\\\/www.sanjuandeportes.com\\\/wp\\\/2019\\\/04\\\/08\\\/ruben-forestello-entre-lagrimas-me-hago-responsable-del-descenso\\\/#respond\"]}]},{\"@type\":\"WebPage\",\"@id\":\"https:\\\/\\\/www.sanjuandeportes.com\\\/wp\\\/2019\\\/04\\\/08\\\/ruben-forestello-entre-lagrimas-me-hago-responsable-del-descenso\\\/\",\"url\":\"https:\\\/\\\/www.sanjuandeportes.com\\\/wp\\\/2019\\\/04\\\/08\\\/ruben-forestello-entre-lagrimas-me-hago-responsable-del-descenso\\\/\",\"name\":\"Rub\u00e9n Forestello, entre l\u00e1grimas: \\\"Me hago responsable del descenso\\\" - San Juan Deportes\",\"isPartOf\":{\"@id\":\"http:\\\/\\\/www.sanjuandeportes.com\\\/wp\\\/#website\"},\"primaryImageOfPage\":{\"@id\":\"https:\\\/\\\/www.sanjuandeportes.com\\\/wp\\\/2019\\\/04\\\/08\\\/ruben-forestello-entre-lagrimas-me-hago-responsable-del-descenso\\\/#primaryimage\"},\"image\":{\"@id\":\"https:\\\/\\\/www.sanjuandeportes.com\\\/wp\\\/2019\\\/04\\\/08\\\/ruben-forestello-entre-lagrimas-me-hago-responsable-del-descenso\\\/#primaryimage\"},\"thumbnailUrl\":\"http:\\\/\\\/www.sanjuandeportes.com\\\/wp\\\/wp-content\\\/uploads\\\/2019\\\/04\\\/Zfa2zzKmf_1256x620__2-1.jpg\",\"datePublished\":\"2019-04-08T02:06:11+00:00\",\"breadcrumb\":{\"@id\":\"https:\\\/\\\/www.sanjuandeportes.com\\\/wp\\\/2019\\\/04\\\/08\\\/ruben-forestello-entre-lagrimas-me-hago-responsable-del-descenso\\\/#breadcrumb\"},\"inLanguage\":\"es\",\"potentialAction\":[{\"@type\":\"ReadAction\",\"target\":[\"https:\\\/\\\/www.sanjuandeportes.com\\\/wp\\\/2019\\\/04\\\/08\\\/ruben-forestello-entre-lagrimas-me-hago-responsable-del-descenso\\\/\"]}]},{\"@type\":\"ImageObject\",\"inLanguage\":\"es\",\"@id\":\"https:\\\/\\\/www.sanjuandeportes.com\\\/wp\\\/2019\\\/04\\\/08\\\/ruben-forestello-entre-lagrimas-me-hago-responsable-del-descenso\\\/#primaryimage\",\"url\":\"http:\\\/\\\/www.sanjuandeportes.com\\\/wp\\\/wp-content\\\/uploads\\\/2019\\\/04\\\/Zfa2zzKmf_1256x620__2-1.jpg\",\"contentUrl\":\"http:\\\/\\\/www.sanjuandeportes.com\\\/wp\\\/wp-content\\\/uploads\\\/2019\\\/04\\\/Zfa2zzKmf_1256x620__2-1.jpg\",\"width\":1256,\"height\":617},{\"@type\":\"BreadcrumbList\",\"@id\":\"https:\\\/\\\/www.sanjuandeportes.com\\\/wp\\\/2019\\\/04\\\/08\\\/ruben-forestello-entre-lagrimas-me-hago-responsable-del-descenso\\\/#breadcrumb\",\"itemListElement\":[{\"@type\":\"ListItem\",\"position\":1,\"name\":\"Portada\",\"item\":\"http:\\\/\\\/www.sanjuandeportes.com\\\/wp\\\/\"},{\"@type\":\"ListItem\",\"position\":2,\"name\":\"Rub\u00e9n Forestello, entre l\u00e1grimas: \u00abMe hago responsable del descenso\u00bb\"}]},{\"@type\":\"WebSite\",\"@id\":\"http:\\\/\\\/www.sanjuandeportes.com\\\/wp\\\/#website\",\"url\":\"http:\\\/\\\/www.sanjuandeportes.com\\\/wp\\\/\",\"name\":\"San Juan Deportes\",\"description\":\"El sitio de deportes de la provincia de San Juan\",\"publisher\":{\"@id\":\"http:\\\/\\\/www.sanjuandeportes.com\\\/wp\\\/#organization\"},\"potentialAction\":[{\"@type\":\"SearchAction\",\"target\":{\"@type\":\"EntryPoint\",\"urlTemplate\":\"http:\\\/\\\/www.sanjuandeportes.com\\\/wp\\\/?s={search_term_string}\"},\"query-input\":{\"@type\":\"PropertyValueSpecification\",\"valueRequired\":true,\"valueName\":\"search_term_string\"}}],\"inLanguage\":\"es\"},{\"@type\":\"Organization\",\"@id\":\"http:\\\/\\\/www.sanjuandeportes.com\\\/wp\\\/#organization\",\"name\":\"San Juan Deportes\",\"url\":\"http:\\\/\\\/www.sanjuandeportes.com\\\/wp\\\/\",\"logo\":{\"@type\":\"ImageObject\",\"inLanguage\":\"es\",\"@id\":\"http:\\\/\\\/www.sanjuandeportes.com\\\/wp\\\/#\\\/schema\\\/logo\\\/image\\\/\",\"url\":\"https:\\\/\\\/www.sanjuandeportes.com\\\/wp\\\/wp-content\\\/uploads\\\/unnamed.jpg\",\"contentUrl\":\"https:\\\/\\\/www.sanjuandeportes.com\\\/wp\\\/wp-content\\\/uploads\\\/unnamed.jpg\",\"width\":900,\"height\":900,\"caption\":\"San Juan Deportes\"},\"image\":{\"@id\":\"http:\\\/\\\/www.sanjuandeportes.com\\\/wp\\\/#\\\/schema\\\/logo\\\/image\\\/\"},\"sameAs\":[\"https:\\\/\\\/www.facebook.com\\\/sanjuandeportesok\",\"https:\\\/\\\/x.com\\\/SanJuanDeportes\",\"https:\\\/\\\/www.instagram.com\\\/sanjuandeportes\"]},{\"@type\":\"Person\",\"@id\":\"http:\\\/\\\/www.sanjuandeportes.com\\\/wp\\\/#\\\/schema\\\/person\\\/eda4d8e62a5d42b111781e3cdfcb9c3a\",\"name\":\"Pablo Pujado\",\"image\":{\"@type\":\"ImageObject\",\"inLanguage\":\"es\",\"@id\":\"https:\\\/\\\/secure.gravatar.com\\\/avatar\\\/310b69d28112912c333408a462a9837208de951b1e7c11514781740412f648b1?s=96&d=mm&r=g\",\"url\":\"https:\\\/\\\/secure.gravatar.com\\\/avatar\\\/310b69d28112912c333408a462a9837208de951b1e7c11514781740412f648b1?s=96&d=mm&r=g\",\"contentUrl\":\"https:\\\/\\\/secure.gravatar.com\\\/avatar\\\/310b69d28112912c333408a462a9837208de951b1e7c11514781740412f648b1?s=96&d=mm&r=g\",\"caption\":\"Pablo Pujado\"},\"url\":\"http:\\\/\\\/www.sanjuandeportes.com\\\/wp\\\/author\\\/pablo-pujado\\\/\"}]}<\/script>\n<!-- \/ Yoast SEO plugin. -->","yoast_head_json":{"title":"Rub\u00e9n Forestello, entre l\u00e1grimas: \"Me hago responsable del descenso\" - San Juan Deportes","robots":{"index":"index","follow":"follow","max-snippet":"max-snippet:-1","max-image-preview":"max-image-preview:large","max-video-preview":"max-video-preview:-1"},"canonical":"https:\/\/www.sanjuandeportes.com\/wp\/2019\/04\/08\/ruben-forestello-entre-lagrimas-me-hago-responsable-del-descenso\/","og_locale":"es_ES","og_type":"article","og_title":"Rub\u00e9n Forestello, entre l\u00e1grimas: \"Me hago responsable del descenso\" - San Juan Deportes","og_description":"Con l\u00e1grimas en sus ojos, el entrenador de San Mart\u00edn de San Juan, Rub\u00e9n Forestello, se hizo cargo del descenso de su equipo y remarc\u00f3 sentirse \u201cresponsable\u201d por la frustraci\u00f3n deportiva que representa volver a jugar en la Primera B Nacional luego de cuatro a\u00f1os. \u201cMe hago responsable, la dirigencia apoy\u00f3 en todo. Entregamos todo, [&hellip;]","og_url":"https:\/\/www.sanjuandeportes.com\/wp\/2019\/04\/08\/ruben-forestello-entre-lagrimas-me-hago-responsable-del-descenso\/","og_site_name":"San Juan Deportes","article_publisher":"https:\/\/www.facebook.com\/sanjuandeportesok","article_published_time":"2019-04-08T02:06:11+00:00","og_image":[{"width":1256,"height":617,"url":"https:\/\/www.sanjuandeportes.com\/wp\/wp-content\/uploads\/2019\/04\/Zfa2zzKmf_1256x620__2-1.jpg","type":"image\/jpeg"}],"author":"Pablo Pujado","twitter_card":"summary_large_image","twitter_creator":"@SanJuanDeportes","twitter_site":"@SanJuanDeportes","twitter_misc":{"Escrito por":"Pablo Pujado","Tiempo de lectura":"1 minuto"},"schema":{"@context":"https:\/\/schema.org","@graph":[{"@type":"Article","@id":"https:\/\/www.sanjuandeportes.com\/wp\/2019\/04\/08\/ruben-forestello-entre-lagrimas-me-hago-responsable-del-descenso\/#article","isPartOf":{"@id":"https:\/\/www.sanjuandeportes.com\/wp\/2019\/04\/08\/ruben-forestello-entre-lagrimas-me-hago-responsable-del-descenso\/"},"author":{"name":"Pablo Pujado","@id":"http:\/\/www.sanjuandeportes.com\/wp\/#\/schema\/person\/eda4d8e62a5d42b111781e3cdfcb9c3a"},"headline":"Rub\u00e9n Forestello, entre l\u00e1grimas: \u00abMe hago responsable del descenso\u00bb","datePublished":"2019-04-08T02:06:11+00:00","mainEntityOfPage":{"@id":"https:\/\/www.sanjuandeportes.com\/wp\/2019\/04\/08\/ruben-forestello-entre-lagrimas-me-hago-responsable-del-descenso\/"},"wordCount":225,"commentCount":0,"publisher":{"@id":"http:\/\/www.sanjuandeportes.com\/wp\/#organization"},"image":{"@id":"https:\/\/www.sanjuandeportes.com\/wp\/2019\/04\/08\/ruben-forestello-entre-lagrimas-me-hago-responsable-del-descenso\/#primaryimage"},"thumbnailUrl":"http:\/\/www.sanjuandeportes.com\/wp\/wp-content\/uploads\/2019\/04\/Zfa2zzKmf_1256x620__2-1.jpg","keywords":["Forestello","San Martin"],"articleSection":["Featured","Futbol","Primera Division"],"inLanguage":"es","potentialAction":[{"@type":"CommentAction","name":"Comment","target":["https:\/\/www.sanjuandeportes.com\/wp\/2019\/04\/08\/ruben-forestello-entre-lagrimas-me-hago-responsable-del-descenso\/#respond"]}]},{"@type":"WebPage","@id":"https:\/\/www.sanjuandeportes.com\/wp\/2019\/04\/08\/ruben-forestello-entre-lagrimas-me-hago-responsable-del-descenso\/","url":"https:\/\/www.sanjuandeportes.com\/wp\/2019\/04\/08\/ruben-forestello-entre-lagrimas-me-hago-responsable-del-descenso\/","name":"Rub\u00e9n Forestello, entre l\u00e1grimas: \"Me hago responsable del descenso\" - San Juan Deportes","isPartOf":{"@id":"http:\/\/www.sanjuandeportes.com\/wp\/#website"},"primaryImageOfPage":{"@id":"https:\/\/www.sanjuandeportes.com\/wp\/2019\/04\/08\/ruben-forestello-entre-lagrimas-me-hago-responsable-del-descenso\/#primaryimage"},"image":{"@id":"https:\/\/www.sanjuandeportes.com\/wp\/2019\/04\/08\/ruben-forestello-entre-lagrimas-me-hago-responsable-del-descenso\/#primaryimage"},"thumbnailUrl":"http:\/\/www.sanjuandeportes.com\/wp\/wp-content\/uploads\/2019\/04\/Zfa2zzKmf_1256x620__2-1.jpg","datePublished":"2019-04-08T02:06:11+00:00","breadcrumb":{"@id":"https:\/\/www.sanjuandeportes.com\/wp\/2019\/04\/08\/ruben-forestello-entre-lagrimas-me-hago-responsable-del-descenso\/#breadcrumb"},"inLanguage":"es","potentialAction":[{"@type":"ReadAction","target":["https:\/\/www.sanjuandeportes.com\/wp\/2019\/04\/08\/ruben-forestello-entre-lagrimas-me-hago-responsable-del-descenso\/"]}]},{"@type":"ImageObject","inLanguage":"es","@id":"https:\/\/www.sanjuandeportes.com\/wp\/2019\/04\/08\/ruben-forestello-entre-lagrimas-me-hago-responsable-del-descenso\/#primaryimage","url":"http:\/\/www.sanjuandeportes.com\/wp\/wp-content\/uploads\/2019\/04\/Zfa2zzKmf_1256x620__2-1.jpg","contentUrl":"http:\/\/www.sanjuandeportes.com\/wp\/wp-content\/uploads\/2019\/04\/Zfa2zzKmf_1256x620__2-1.jpg","width":1256,"height":617},{"@type":"BreadcrumbList","@id":"https:\/\/www.sanjuandeportes.com\/wp\/2019\/04\/08\/ruben-forestello-entre-lagrimas-me-hago-responsable-del-descenso\/#breadcrumb","itemListElement":[{"@type":"ListItem","position":1,"name":"Portada","item":"http:\/\/www.sanjuandeportes.com\/wp\/"},{"@type":"ListItem","position":2,"name":"Rub\u00e9n Forestello, entre l\u00e1grimas: \u00abMe hago responsable del descenso\u00bb"}]},{"@type":"WebSite","@id":"http:\/\/www.sanjuandeportes.com\/wp\/#website","url":"http:\/\/www.sanjuandeportes.com\/wp\/","name":"San Juan Deportes","description":"El sitio de deportes de la provincia de San Juan","publisher":{"@id":"http:\/\/www.sanjuandeportes.com\/wp\/#organization"},"potentialAction":[{"@type":"SearchAction","target":{"@type":"EntryPoint","urlTemplate":"http:\/\/www.sanjuandeportes.com\/wp\/?s={search_term_string}"},"query-input":{"@type":"PropertyValueSpecification","valueRequired":true,"valueName":"search_term_string"}}],"inLanguage":"es"},{"@type":"Organization","@id":"http:\/\/www.sanjuandeportes.com\/wp\/#organization","name":"San Juan Deportes","url":"http:\/\/www.sanjuandeportes.com\/wp\/","logo":{"@type":"ImageObject","inLanguage":"es","@id":"http:\/\/www.sanjuandeportes.com\/wp\/#\/schema\/logo\/image\/","url":"https:\/\/www.sanjuandeportes.com\/wp\/wp-content\/uploads\/unnamed.jpg","contentUrl":"https:\/\/www.sanjuandeportes.com\/wp\/wp-content\/uploads\/unnamed.jpg","width":900,"height":900,"caption":"San Juan Deportes"},"image":{"@id":"http:\/\/www.sanjuandeportes.com\/wp\/#\/schema\/logo\/image\/"},"sameAs":["https:\/\/www.facebook.com\/sanjuandeportesok","https:\/\/x.com\/SanJuanDeportes","https:\/\/www.instagram.com\/sanjuandeportes"]},{"@type":"Person","@id":"http:\/\/www.sanjuandeportes.com\/wp\/#\/schema\/person\/eda4d8e62a5d42b111781e3cdfcb9c3a","name":"Pablo Pujado","image":{"@type":"ImageObject","inLanguage":"es","@id":"https:\/\/secure.gravatar.com\/avatar\/310b69d28112912c333408a462a9837208de951b1e7c11514781740412f648b1?s=96&d=mm&r=g","url":"https:\/\/secure.gravatar.com\/avatar\/310b69d28112912c333408a462a9837208de951b1e7c11514781740412f648b1?s=96&d=mm&r=g","contentUrl":"https:\/\/secure.gravatar.com\/avatar\/310b69d28112912c333408a462a9837208de951b1e7c11514781740412f648b1?s=96&d=mm&r=g","caption":"Pablo Pujado"},"url":"http:\/\/www.sanjuandeportes.com\/wp\/author\/pablo-pujado\/"}]}},"_links":{"self":[{"href":"http:\/\/www.sanjuandeportes.com\/wp\/wp-json\/wp\/v2\/posts\/4341","targetHints":{"allow":["GET"]}}],"collection":[{"href":"http:\/\/www.sanjuandeportes.com\/wp\/wp-json\/wp\/v2\/posts"}],"about":[{"href":"http:\/\/www.sanjuandeportes.com\/wp\/wp-json\/wp\/v2\/types\/post"}],"author":[{"embeddable":true,"href":"http:\/\/www.sanjuandeportes.com\/wp\/wp-json\/wp\/v2\/users\/5"}],"replies":[{"embeddable":true,"href":"http:\/\/www.sanjuandeportes.com\/wp\/wp-json\/wp\/v2\/comments?post=4341"}],"version-history":[{"count":1,"href":"http:\/\/www.sanjuandeportes.com\/wp\/wp-json\/wp\/v2\/posts\/4341\/revisions"}],"predecessor-version":[{"id":4344,"href":"http:\/\/www.sanjuandeportes.com\/wp\/wp-json\/wp\/v2\/posts\/4341\/revisions\/4344"}],"wp:featuredmedia":[{"embeddable":true,"href":"http:\/\/www.sanjuandeportes.com\/wp\/wp-json\/wp\/v2\/media\/4343"}],"wp:attachment":[{"href":"http:\/\/www.sanjuandeportes.com\/wp\/wp-json\/wp\/v2\/media?parent=4341"}],"wp:term":[{"taxonomy":"category","embeddable":true,"href":"http:\/\/www.sanjuandeportes.com\/wp\/wp-json\/wp\/v2\/categories?post=4341"},{"taxonomy":"post_tag","embeddable":true,"href":"http:\/\/www.sanjuandeportes.com\/wp\/wp-json\/wp\/v2\/tags?post=4341"}],"curies":[{"name":"wp","href":"https:\/\/api.w.org\/{rel}","templated":true}]}}