{"id":4434,"date":"2019-04-12T00:24:22","date_gmt":"2019-04-12T00:24:22","guid":{"rendered":"http:\/\/www.sanjuandeportes.com\/wp\/?p=4434"},"modified":"2019-04-12T00:24:22","modified_gmt":"2019-04-12T00:24:22","slug":"river-le-gano-a-alianza-lima-en-un-monumental-sin-publico","status":"publish","type":"post","link":"http:\/\/www.sanjuandeportes.com\/wp\/2019\/04\/12\/river-le-gano-a-alianza-lima-en-un-monumental-sin-publico\/","title":{"rendered":"River le gan\u00f3 a Alianza Lima en un Monumental sin p\u00fablico"},"content":{"rendered":"<p>Con goles\u00a0de Mat\u00edas Su\u00e1rez a los 15&#8242;, de Lucas Mart\u00ednez Quarta a los 54&#8242;, y de De la Cruz a los 93&#8242;,\u00a0el conjunto millonario se impuso\u00a0por 3 a 0 ante Alianza Lima de Per\u00fa. En el estadio s\u00f3lo se estuvieron presentes\u00a0los planteles ya que el millonario cumpli\u00f3\u00a0con la \u00faltima fecha de la sanci\u00f3n impuesta por\u00a0la Conmebol por lo incidentes sucedidos antes de la segunda final de la Libertadores pasada ante Boca<\/p>\n<p>https:\/\/www.youtube.com\/watch?v=qI0fEmG-z9o&#038;feature=onebox<\/p>\n","protected":false},"excerpt":{"rendered":"<p>Con goles\u00a0de Mat\u00edas Su\u00e1rez a los 15&#8242;, de Lucas Mart\u00ednez Quarta a los 54&#8242;, y de De la Cruz a los 93&#8242;,\u00a0el conjunto millonario se impuso\u00a0por 3 a 0 ante Alianza Lima de Per\u00fa. En el estadio s\u00f3lo se estuvieron presentes\u00a0los planteles ya que el millonario cumpli\u00f3\u00a0con la \u00faltima fecha de la sanci\u00f3n impuesta por\u00a0la [&hellip;]<\/p>\n","protected":false},"author":5,"featured_media":4435,"comment_status":"open","ping_status":"open","sticky":false,"template":"","format":"standard","meta":{"footnotes":""},"categories":[2,24],"tags":[124,213,141,61],"class_list":["post-4434","post","type-post","status-publish","format-standard","has-post-thumbnail","hentry","category-featured","category-futbol","tag-copa-libertadores","tag-deportes","tag-futbol","tag-river"],"yoast_head":"<!-- This site is optimized with the Yoast SEO plugin v28.2 - https:\/\/yoast.com\/product\/yoast-seo-wordpress\/ -->\n<title>River le gan\u00f3 a Alianza Lima en un Monumental sin p\u00fablico - San Juan Deportes<\/title>\n<meta name=\"robots\" content=\"index, follow, max-snippet:-1, max-image-preview:large, max-video-preview:-1\" \/>\n<link rel=\"canonical\" href=\"http:\/\/www.sanjuandeportes.com\/wp\/2019\/04\/12\/river-le-gano-a-alianza-lima-en-un-monumental-sin-publico\/\" \/>\n<meta property=\"og:locale\" content=\"es_ES\" \/>\n<meta property=\"og:type\" content=\"article\" \/>\n<meta property=\"og:title\" content=\"River le gan\u00f3 a Alianza Lima en un Monumental sin p\u00fablico - San Juan Deportes\" \/>\n<meta property=\"og:description\" content=\"Con goles\u00a0de Mat\u00edas Su\u00e1rez a los 15&#8242;, de Lucas Mart\u00ednez Quarta a los 54&#8242;, y de De la Cruz a los 93&#8242;,\u00a0el conjunto millonario se impuso\u00a0por 3 a 0 ante Alianza Lima de Per\u00fa. En el estadio s\u00f3lo se estuvieron presentes\u00a0los planteles ya que el millonario cumpli\u00f3\u00a0con la \u00faltima fecha de la sanci\u00f3n impuesta por\u00a0la [&hellip;]\" \/>\n<meta property=\"og:url\" content=\"http:\/\/www.sanjuandeportes.com\/wp\/2019\/04\/12\/river-le-gano-a-alianza-lima-en-un-monumental-sin-publico\/\" \/>\n<meta property=\"og:site_name\" content=\"San Juan Deportes\" \/>\n<meta property=\"article:publisher\" content=\"https:\/\/www.facebook.com\/sanjuandeportesok\" \/>\n<meta property=\"article:published_time\" content=\"2019-04-12T00:24:22+00:00\" \/>\n<meta property=\"og:image\" content=\"http:\/\/www.sanjuandeportes.com\/wp\/wp-content\/uploads\/2019\/04\/1555021478794.jpg\" \/>\n\t<meta property=\"og:image:width\" content=\"1124\" \/>\n\t<meta property=\"og:image:height\" content=\"702\" \/>\n\t<meta property=\"og:image:type\" content=\"image\/jpeg\" \/>\n<meta name=\"author\" content=\"Pablo Pujado\" \/>\n<meta name=\"twitter:card\" content=\"summary_large_image\" \/>\n<meta name=\"twitter:creator\" content=\"@SanJuanDeportes\" \/>\n<meta name=\"twitter:site\" content=\"@SanJuanDeportes\" \/>\n<meta name=\"twitter:label1\" content=\"Escrito por\" \/>\n\t<meta name=\"twitter:data1\" content=\"Pablo Pujado\" \/>\n<script type=\"application\/ld+json\" class=\"yoast-schema-graph\">{\"@context\":\"https:\\\/\\\/schema.org\",\"@graph\":[{\"@type\":\"Article\",\"@id\":\"http:\\\/\\\/www.sanjuandeportes.com\\\/wp\\\/2019\\\/04\\\/12\\\/river-le-gano-a-alianza-lima-en-un-monumental-sin-publico\\\/#article\",\"isPartOf\":{\"@id\":\"http:\\\/\\\/www.sanjuandeportes.com\\\/wp\\\/2019\\\/04\\\/12\\\/river-le-gano-a-alianza-lima-en-un-monumental-sin-publico\\\/\"},\"author\":{\"name\":\"Pablo Pujado\",\"@id\":\"http:\\\/\\\/www.sanjuandeportes.com\\\/wp\\\/#\\\/schema\\\/person\\\/eda4d8e62a5d42b111781e3cdfcb9c3a\"},\"headline\":\"River le gan\u00f3 a Alianza Lima en un Monumental sin p\u00fablico\",\"datePublished\":\"2019-04-12T00:24:22+00:00\",\"mainEntityOfPage\":{\"@id\":\"http:\\\/\\\/www.sanjuandeportes.com\\\/wp\\\/2019\\\/04\\\/12\\\/river-le-gano-a-alianza-lima-en-un-monumental-sin-publico\\\/\"},\"wordCount\":104,\"commentCount\":0,\"publisher\":{\"@id\":\"http:\\\/\\\/www.sanjuandeportes.com\\\/wp\\\/#organization\"},\"image\":{\"@id\":\"http:\\\/\\\/www.sanjuandeportes.com\\\/wp\\\/2019\\\/04\\\/12\\\/river-le-gano-a-alianza-lima-en-un-monumental-sin-publico\\\/#primaryimage\"},\"thumbnailUrl\":\"http:\\\/\\\/www.sanjuandeportes.com\\\/wp\\\/wp-content\\\/uploads\\\/2019\\\/04\\\/1555021478794.jpg\",\"keywords\":[\"Copa Libertadores\",\"Deportes\",\"f\u00fatbol\",\"River\"],\"articleSection\":[\"Featured\",\"Futbol\"],\"inLanguage\":\"es\",\"potentialAction\":[{\"@type\":\"CommentAction\",\"name\":\"Comment\",\"target\":[\"http:\\\/\\\/www.sanjuandeportes.com\\\/wp\\\/2019\\\/04\\\/12\\\/river-le-gano-a-alianza-lima-en-un-monumental-sin-publico\\\/#respond\"]}]},{\"@type\":\"WebPage\",\"@id\":\"http:\\\/\\\/www.sanjuandeportes.com\\\/wp\\\/2019\\\/04\\\/12\\\/river-le-gano-a-alianza-lima-en-un-monumental-sin-publico\\\/\",\"url\":\"http:\\\/\\\/www.sanjuandeportes.com\\\/wp\\\/2019\\\/04\\\/12\\\/river-le-gano-a-alianza-lima-en-un-monumental-sin-publico\\\/\",\"name\":\"River le gan\u00f3 a Alianza Lima en un Monumental sin p\u00fablico - San Juan Deportes\",\"isPartOf\":{\"@id\":\"http:\\\/\\\/www.sanjuandeportes.com\\\/wp\\\/#website\"},\"primaryImageOfPage\":{\"@id\":\"http:\\\/\\\/www.sanjuandeportes.com\\\/wp\\\/2019\\\/04\\\/12\\\/river-le-gano-a-alianza-lima-en-un-monumental-sin-publico\\\/#primaryimage\"},\"image\":{\"@id\":\"http:\\\/\\\/www.sanjuandeportes.com\\\/wp\\\/2019\\\/04\\\/12\\\/river-le-gano-a-alianza-lima-en-un-monumental-sin-publico\\\/#primaryimage\"},\"thumbnailUrl\":\"http:\\\/\\\/www.sanjuandeportes.com\\\/wp\\\/wp-content\\\/uploads\\\/2019\\\/04\\\/1555021478794.jpg\",\"datePublished\":\"2019-04-12T00:24:22+00:00\",\"breadcrumb\":{\"@id\":\"http:\\\/\\\/www.sanjuandeportes.com\\\/wp\\\/2019\\\/04\\\/12\\\/river-le-gano-a-alianza-lima-en-un-monumental-sin-publico\\\/#breadcrumb\"},\"inLanguage\":\"es\",\"potentialAction\":[{\"@type\":\"ReadAction\",\"target\":[\"http:\\\/\\\/www.sanjuandeportes.com\\\/wp\\\/2019\\\/04\\\/12\\\/river-le-gano-a-alianza-lima-en-un-monumental-sin-publico\\\/\"]}]},{\"@type\":\"ImageObject\",\"inLanguage\":\"es\",\"@id\":\"http:\\\/\\\/www.sanjuandeportes.com\\\/wp\\\/2019\\\/04\\\/12\\\/river-le-gano-a-alianza-lima-en-un-monumental-sin-publico\\\/#primaryimage\",\"url\":\"http:\\\/\\\/www.sanjuandeportes.com\\\/wp\\\/wp-content\\\/uploads\\\/2019\\\/04\\\/1555021478794.jpg\",\"contentUrl\":\"http:\\\/\\\/www.sanjuandeportes.com\\\/wp\\\/wp-content\\\/uploads\\\/2019\\\/04\\\/1555021478794.jpg\",\"width\":1124,\"height\":702},{\"@type\":\"BreadcrumbList\",\"@id\":\"http:\\\/\\\/www.sanjuandeportes.com\\\/wp\\\/2019\\\/04\\\/12\\\/river-le-gano-a-alianza-lima-en-un-monumental-sin-publico\\\/#breadcrumb\",\"itemListElement\":[{\"@type\":\"ListItem\",\"position\":1,\"name\":\"Portada\",\"item\":\"http:\\\/\\\/www.sanjuandeportes.com\\\/wp\\\/\"},{\"@type\":\"ListItem\",\"position\":2,\"name\":\"River le gan\u00f3 a Alianza Lima en un Monumental sin p\u00fablico\"}]},{\"@type\":\"WebSite\",\"@id\":\"http:\\\/\\\/www.sanjuandeportes.com\\\/wp\\\/#website\",\"url\":\"http:\\\/\\\/www.sanjuandeportes.com\\\/wp\\\/\",\"name\":\"San Juan Deportes\",\"description\":\"El sitio de deportes de la provincia de San Juan\",\"publisher\":{\"@id\":\"http:\\\/\\\/www.sanjuandeportes.com\\\/wp\\\/#organization\"},\"potentialAction\":[{\"@type\":\"SearchAction\",\"target\":{\"@type\":\"EntryPoint\",\"urlTemplate\":\"http:\\\/\\\/www.sanjuandeportes.com\\\/wp\\\/?s={search_term_string}\"},\"query-input\":{\"@type\":\"PropertyValueSpecification\",\"valueRequired\":true,\"valueName\":\"search_term_string\"}}],\"inLanguage\":\"es\"},{\"@type\":\"Organization\",\"@id\":\"http:\\\/\\\/www.sanjuandeportes.com\\\/wp\\\/#organization\",\"name\":\"San Juan Deportes\",\"url\":\"http:\\\/\\\/www.sanjuandeportes.com\\\/wp\\\/\",\"logo\":{\"@type\":\"ImageObject\",\"inLanguage\":\"es\",\"@id\":\"http:\\\/\\\/www.sanjuandeportes.com\\\/wp\\\/#\\\/schema\\\/logo\\\/image\\\/\",\"url\":\"https:\\\/\\\/www.sanjuandeportes.com\\\/wp\\\/wp-content\\\/uploads\\\/unnamed.jpg\",\"contentUrl\":\"https:\\\/\\\/www.sanjuandeportes.com\\\/wp\\\/wp-content\\\/uploads\\\/unnamed.jpg\",\"width\":900,\"height\":900,\"caption\":\"San Juan Deportes\"},\"image\":{\"@id\":\"http:\\\/\\\/www.sanjuandeportes.com\\\/wp\\\/#\\\/schema\\\/logo\\\/image\\\/\"},\"sameAs\":[\"https:\\\/\\\/www.facebook.com\\\/sanjuandeportesok\",\"https:\\\/\\\/x.com\\\/SanJuanDeportes\",\"https:\\\/\\\/www.instagram.com\\\/sanjuandeportes\"]},{\"@type\":\"Person\",\"@id\":\"http:\\\/\\\/www.sanjuandeportes.com\\\/wp\\\/#\\\/schema\\\/person\\\/eda4d8e62a5d42b111781e3cdfcb9c3a\",\"name\":\"Pablo Pujado\",\"image\":{\"@type\":\"ImageObject\",\"inLanguage\":\"es\",\"@id\":\"https:\\\/\\\/secure.gravatar.com\\\/avatar\\\/310b69d28112912c333408a462a9837208de951b1e7c11514781740412f648b1?s=96&d=mm&r=g\",\"url\":\"https:\\\/\\\/secure.gravatar.com\\\/avatar\\\/310b69d28112912c333408a462a9837208de951b1e7c11514781740412f648b1?s=96&d=mm&r=g\",\"contentUrl\":\"https:\\\/\\\/secure.gravatar.com\\\/avatar\\\/310b69d28112912c333408a462a9837208de951b1e7c11514781740412f648b1?s=96&d=mm&r=g\",\"caption\":\"Pablo Pujado\"},\"url\":\"http:\\\/\\\/www.sanjuandeportes.com\\\/wp\\\/author\\\/pablo-pujado\\\/\"}]}<\/script>\n<!-- \/ Yoast SEO plugin. -->","yoast_head_json":{"title":"River le gan\u00f3 a Alianza Lima en un Monumental sin p\u00fablico - San Juan Deportes","robots":{"index":"index","follow":"follow","max-snippet":"max-snippet:-1","max-image-preview":"max-image-preview:large","max-video-preview":"max-video-preview:-1"},"canonical":"http:\/\/www.sanjuandeportes.com\/wp\/2019\/04\/12\/river-le-gano-a-alianza-lima-en-un-monumental-sin-publico\/","og_locale":"es_ES","og_type":"article","og_title":"River le gan\u00f3 a Alianza Lima en un Monumental sin p\u00fablico - San Juan Deportes","og_description":"Con goles\u00a0de Mat\u00edas Su\u00e1rez a los 15&#8242;, de Lucas Mart\u00ednez Quarta a los 54&#8242;, y de De la Cruz a los 93&#8242;,\u00a0el conjunto millonario se impuso\u00a0por 3 a 0 ante Alianza Lima de Per\u00fa. En el estadio s\u00f3lo se estuvieron presentes\u00a0los planteles ya que el millonario cumpli\u00f3\u00a0con la \u00faltima fecha de la sanci\u00f3n impuesta por\u00a0la [&hellip;]","og_url":"http:\/\/www.sanjuandeportes.com\/wp\/2019\/04\/12\/river-le-gano-a-alianza-lima-en-un-monumental-sin-publico\/","og_site_name":"San Juan Deportes","article_publisher":"https:\/\/www.facebook.com\/sanjuandeportesok","article_published_time":"2019-04-12T00:24:22+00:00","og_image":[{"width":1124,"height":702,"url":"http:\/\/www.sanjuandeportes.com\/wp\/wp-content\/uploads\/2019\/04\/1555021478794.jpg","type":"image\/jpeg"}],"author":"Pablo Pujado","twitter_card":"summary_large_image","twitter_creator":"@SanJuanDeportes","twitter_site":"@SanJuanDeportes","twitter_misc":{"Escrito por":"Pablo Pujado"},"schema":{"@context":"https:\/\/schema.org","@graph":[{"@type":"Article","@id":"http:\/\/www.sanjuandeportes.com\/wp\/2019\/04\/12\/river-le-gano-a-alianza-lima-en-un-monumental-sin-publico\/#article","isPartOf":{"@id":"http:\/\/www.sanjuandeportes.com\/wp\/2019\/04\/12\/river-le-gano-a-alianza-lima-en-un-monumental-sin-publico\/"},"author":{"name":"Pablo Pujado","@id":"http:\/\/www.sanjuandeportes.com\/wp\/#\/schema\/person\/eda4d8e62a5d42b111781e3cdfcb9c3a"},"headline":"River le gan\u00f3 a Alianza Lima en un Monumental sin p\u00fablico","datePublished":"2019-04-12T00:24:22+00:00","mainEntityOfPage":{"@id":"http:\/\/www.sanjuandeportes.com\/wp\/2019\/04\/12\/river-le-gano-a-alianza-lima-en-un-monumental-sin-publico\/"},"wordCount":104,"commentCount":0,"publisher":{"@id":"http:\/\/www.sanjuandeportes.com\/wp\/#organization"},"image":{"@id":"http:\/\/www.sanjuandeportes.com\/wp\/2019\/04\/12\/river-le-gano-a-alianza-lima-en-un-monumental-sin-publico\/#primaryimage"},"thumbnailUrl":"http:\/\/www.sanjuandeportes.com\/wp\/wp-content\/uploads\/2019\/04\/1555021478794.jpg","keywords":["Copa Libertadores","Deportes","f\u00fatbol","River"],"articleSection":["Featured","Futbol"],"inLanguage":"es","potentialAction":[{"@type":"CommentAction","name":"Comment","target":["http:\/\/www.sanjuandeportes.com\/wp\/2019\/04\/12\/river-le-gano-a-alianza-lima-en-un-monumental-sin-publico\/#respond"]}]},{"@type":"WebPage","@id":"http:\/\/www.sanjuandeportes.com\/wp\/2019\/04\/12\/river-le-gano-a-alianza-lima-en-un-monumental-sin-publico\/","url":"http:\/\/www.sanjuandeportes.com\/wp\/2019\/04\/12\/river-le-gano-a-alianza-lima-en-un-monumental-sin-publico\/","name":"River le gan\u00f3 a Alianza Lima en un Monumental sin p\u00fablico - San Juan Deportes","isPartOf":{"@id":"http:\/\/www.sanjuandeportes.com\/wp\/#website"},"primaryImageOfPage":{"@id":"http:\/\/www.sanjuandeportes.com\/wp\/2019\/04\/12\/river-le-gano-a-alianza-lima-en-un-monumental-sin-publico\/#primaryimage"},"image":{"@id":"http:\/\/www.sanjuandeportes.com\/wp\/2019\/04\/12\/river-le-gano-a-alianza-lima-en-un-monumental-sin-publico\/#primaryimage"},"thumbnailUrl":"http:\/\/www.sanjuandeportes.com\/wp\/wp-content\/uploads\/2019\/04\/1555021478794.jpg","datePublished":"2019-04-12T00:24:22+00:00","breadcrumb":{"@id":"http:\/\/www.sanjuandeportes.com\/wp\/2019\/04\/12\/river-le-gano-a-alianza-lima-en-un-monumental-sin-publico\/#breadcrumb"},"inLanguage":"es","potentialAction":[{"@type":"ReadAction","target":["http:\/\/www.sanjuandeportes.com\/wp\/2019\/04\/12\/river-le-gano-a-alianza-lima-en-un-monumental-sin-publico\/"]}]},{"@type":"ImageObject","inLanguage":"es","@id":"http:\/\/www.sanjuandeportes.com\/wp\/2019\/04\/12\/river-le-gano-a-alianza-lima-en-un-monumental-sin-publico\/#primaryimage","url":"http:\/\/www.sanjuandeportes.com\/wp\/wp-content\/uploads\/2019\/04\/1555021478794.jpg","contentUrl":"http:\/\/www.sanjuandeportes.com\/wp\/wp-content\/uploads\/2019\/04\/1555021478794.jpg","width":1124,"height":702},{"@type":"BreadcrumbList","@id":"http:\/\/www.sanjuandeportes.com\/wp\/2019\/04\/12\/river-le-gano-a-alianza-lima-en-un-monumental-sin-publico\/#breadcrumb","itemListElement":[{"@type":"ListItem","position":1,"name":"Portada","item":"http:\/\/www.sanjuandeportes.com\/wp\/"},{"@type":"ListItem","position":2,"name":"River le gan\u00f3 a Alianza Lima en un Monumental sin p\u00fablico"}]},{"@type":"WebSite","@id":"http:\/\/www.sanjuandeportes.com\/wp\/#website","url":"http:\/\/www.sanjuandeportes.com\/wp\/","name":"San Juan Deportes","description":"El sitio de deportes de la provincia de San Juan","publisher":{"@id":"http:\/\/www.sanjuandeportes.com\/wp\/#organization"},"potentialAction":[{"@type":"SearchAction","target":{"@type":"EntryPoint","urlTemplate":"http:\/\/www.sanjuandeportes.com\/wp\/?s={search_term_string}"},"query-input":{"@type":"PropertyValueSpecification","valueRequired":true,"valueName":"search_term_string"}}],"inLanguage":"es"},{"@type":"Organization","@id":"http:\/\/www.sanjuandeportes.com\/wp\/#organization","name":"San Juan Deportes","url":"http:\/\/www.sanjuandeportes.com\/wp\/","logo":{"@type":"ImageObject","inLanguage":"es","@id":"http:\/\/www.sanjuandeportes.com\/wp\/#\/schema\/logo\/image\/","url":"https:\/\/www.sanjuandeportes.com\/wp\/wp-content\/uploads\/unnamed.jpg","contentUrl":"https:\/\/www.sanjuandeportes.com\/wp\/wp-content\/uploads\/unnamed.jpg","width":900,"height":900,"caption":"San Juan Deportes"},"image":{"@id":"http:\/\/www.sanjuandeportes.com\/wp\/#\/schema\/logo\/image\/"},"sameAs":["https:\/\/www.facebook.com\/sanjuandeportesok","https:\/\/x.com\/SanJuanDeportes","https:\/\/www.instagram.com\/sanjuandeportes"]},{"@type":"Person","@id":"http:\/\/www.sanjuandeportes.com\/wp\/#\/schema\/person\/eda4d8e62a5d42b111781e3cdfcb9c3a","name":"Pablo Pujado","image":{"@type":"ImageObject","inLanguage":"es","@id":"https:\/\/secure.gravatar.com\/avatar\/310b69d28112912c333408a462a9837208de951b1e7c11514781740412f648b1?s=96&d=mm&r=g","url":"https:\/\/secure.gravatar.com\/avatar\/310b69d28112912c333408a462a9837208de951b1e7c11514781740412f648b1?s=96&d=mm&r=g","contentUrl":"https:\/\/secure.gravatar.com\/avatar\/310b69d28112912c333408a462a9837208de951b1e7c11514781740412f648b1?s=96&d=mm&r=g","caption":"Pablo Pujado"},"url":"http:\/\/www.sanjuandeportes.com\/wp\/author\/pablo-pujado\/"}]}},"_links":{"self":[{"href":"http:\/\/www.sanjuandeportes.com\/wp\/wp-json\/wp\/v2\/posts\/4434","targetHints":{"allow":["GET"]}}],"collection":[{"href":"http:\/\/www.sanjuandeportes.com\/wp\/wp-json\/wp\/v2\/posts"}],"about":[{"href":"http:\/\/www.sanjuandeportes.com\/wp\/wp-json\/wp\/v2\/types\/post"}],"author":[{"embeddable":true,"href":"http:\/\/www.sanjuandeportes.com\/wp\/wp-json\/wp\/v2\/users\/5"}],"replies":[{"embeddable":true,"href":"http:\/\/www.sanjuandeportes.com\/wp\/wp-json\/wp\/v2\/comments?post=4434"}],"version-history":[{"count":1,"href":"http:\/\/www.sanjuandeportes.com\/wp\/wp-json\/wp\/v2\/posts\/4434\/revisions"}],"predecessor-version":[{"id":4436,"href":"http:\/\/www.sanjuandeportes.com\/wp\/wp-json\/wp\/v2\/posts\/4434\/revisions\/4436"}],"wp:featuredmedia":[{"embeddable":true,"href":"http:\/\/www.sanjuandeportes.com\/wp\/wp-json\/wp\/v2\/media\/4435"}],"wp:attachment":[{"href":"http:\/\/www.sanjuandeportes.com\/wp\/wp-json\/wp\/v2\/media?parent=4434"}],"wp:term":[{"taxonomy":"category","embeddable":true,"href":"http:\/\/www.sanjuandeportes.com\/wp\/wp-json\/wp\/v2\/categories?post=4434"},{"taxonomy":"post_tag","embeddable":true,"href":"http:\/\/www.sanjuandeportes.com\/wp\/wp-json\/wp\/v2\/tags?post=4434"}],"curies":[{"name":"wp","href":"https:\/\/api.w.org\/{rel}","templated":true}]}}