{"id":4691,"date":"2019-04-26T20:27:49","date_gmt":"2019-04-26T20:27:49","guid":{"rendered":"http:\/\/www.sanjuandeportes.com\/wp\/?p=4691"},"modified":"2019-04-26T20:27:49","modified_gmt":"2019-04-26T20:27:49","slug":"la-sanjuanina-ornella-gervasoni-entrena-con-la-seleccion-argentina-de-judo","status":"publish","type":"post","link":"http:\/\/www.sanjuandeportes.com\/wp\/2019\/04\/26\/la-sanjuanina-ornella-gervasoni-entrena-con-la-seleccion-argentina-de-judo\/","title":{"rendered":"La sanjuanina Ornella Gervasoni entrena con la selecci\u00f3n argentina de Judo"},"content":{"rendered":"<p>La joven yudoca sanjuanina viene de ser campeona argentina y se prepara para los Juegos Panamericanos.<\/p>\n<p><strong>Ornella Gervasoni<\/strong>\u00a0se inici\u00f3 en la pr\u00e1ctica de judo hace cinco a\u00f1os en el\u00a0<strong>club Barrio Rivadavia<\/strong>, bajo la atenta supervisi\u00f3n de Luis Meritello, persona experimentada y autorizada, si las hay en San Juan en este deporte.<\/p>\n<p>La joven judoca, que viene cosechando logros importantes, consolid\u00f3 su presente hace pocos d\u00edas, consagr\u00e1ndose\u00a0<strong>Campeona Argentina en categor\u00eda Cadete hasta 63 kg<\/strong>\u00a0en el torneo realizado en San Carlos de Bariloche. Esto no es nuevo para Ornella, ya que es la\u00a0<strong>quinta vez que logra un t\u00edtulo nacional<\/strong>\u00a0en su carrera deportiva, lo que le ha valido que desde hace tiempo que sea tenida en cuenta por quienes tienen a su cargo los destinos de la selecci\u00f3n argentina de judo.<\/p>\n<p>De hecho, la sanjuanina, integrante del\u00a0<strong>Programa de Alto Rendimiento de la Secretar\u00eda de Deportes<\/strong>, ya ha completado su segunda convocatoria y todos los meses viaja a Buenos Aires para entrenar en el CENARD junto a la recientemente ganadora de la medalla de oro en los Juegos Panamericanos, Paula Pareto, la representante m\u00e1s importante de la Argentina en este deporte.<\/p>\n<p>El pr\u00f3ximo torneo donde Ornella estar\u00e1 presente es el del Club N\u00e1utico Hacoaj, los d\u00edas 21, 22 y 23 de mayo, en Buenos Aires y \u2013sin dudas- que el objetivo m\u00e1s importante es la participaci\u00f3n en el\u00a0<strong>Campeonato Panamericano<\/strong>\u00a0que se disputar\u00e1 en la ciudad de Cali, Colombia, entre los d\u00edas 18 y 22 de julio pr\u00f3ximos.<\/p>\n<p>Fuente: Si San Juan<\/p>\n","protected":false},"excerpt":{"rendered":"<p>La joven yudoca sanjuanina viene de ser campeona argentina y se prepara para los Juegos Panamericanos. Ornella Gervasoni\u00a0se inici\u00f3 en la pr\u00e1ctica de judo hace cinco a\u00f1os en el\u00a0club Barrio Rivadavia, bajo la atenta supervisi\u00f3n de Luis Meritello, persona experimentada y autorizada, si las hay en San Juan en este deporte. La joven judoca, que [&hellip;]<\/p>\n","protected":false},"author":5,"featured_media":4692,"comment_status":"open","ping_status":"open","sticky":false,"template":"","format":"standard","meta":{"footnotes":""},"categories":[2,41],"tags":[328],"class_list":["post-4691","post","type-post","status-publish","format-standard","has-post-thumbnail","hentry","category-featured","category-polideportivo","tag-judo"],"yoast_head":"<!-- This site is optimized with the Yoast SEO plugin v28.2 - https:\/\/yoast.com\/product\/yoast-seo-wordpress\/ -->\n<title>La sanjuanina Ornella Gervasoni entrena con la selecci\u00f3n argentina de Judo - San Juan Deportes<\/title>\n<meta name=\"robots\" content=\"index, follow, max-snippet:-1, max-image-preview:large, max-video-preview:-1\" \/>\n<link rel=\"canonical\" href=\"http:\/\/www.sanjuandeportes.com\/wp\/2019\/04\/26\/la-sanjuanina-ornella-gervasoni-entrena-con-la-seleccion-argentina-de-judo\/\" \/>\n<meta property=\"og:locale\" content=\"es_ES\" \/>\n<meta property=\"og:type\" content=\"article\" \/>\n<meta property=\"og:title\" content=\"La sanjuanina Ornella Gervasoni entrena con la selecci\u00f3n argentina de Judo - San Juan Deportes\" \/>\n<meta property=\"og:description\" content=\"La joven yudoca sanjuanina viene de ser campeona argentina y se prepara para los Juegos Panamericanos. Ornella Gervasoni\u00a0se inici\u00f3 en la pr\u00e1ctica de judo hace cinco a\u00f1os en el\u00a0club Barrio Rivadavia, bajo la atenta supervisi\u00f3n de Luis Meritello, persona experimentada y autorizada, si las hay en San Juan en este deporte. La joven judoca, que [&hellip;]\" \/>\n<meta property=\"og:url\" content=\"http:\/\/www.sanjuandeportes.com\/wp\/2019\/04\/26\/la-sanjuanina-ornella-gervasoni-entrena-con-la-seleccion-argentina-de-judo\/\" \/>\n<meta property=\"og:site_name\" content=\"San Juan Deportes\" \/>\n<meta property=\"article:publisher\" content=\"https:\/\/www.facebook.com\/sanjuandeportesok\" \/>\n<meta property=\"article:published_time\" content=\"2019-04-26T20:27:49+00:00\" \/>\n<meta property=\"og:image\" content=\"http:\/\/www.sanjuandeportes.com\/wp\/wp-content\/uploads\/2019\/04\/40739302233_28713237d5_b.jpg\" \/>\n\t<meta property=\"og:image:width\" content=\"1024\" \/>\n\t<meta property=\"og:image:height\" content=\"768\" \/>\n\t<meta property=\"og:image:type\" content=\"image\/jpeg\" \/>\n<meta name=\"author\" content=\"Pablo Pujado\" \/>\n<meta name=\"twitter:card\" content=\"summary_large_image\" \/>\n<meta name=\"twitter:creator\" content=\"@SanJuanDeportes\" \/>\n<meta name=\"twitter:site\" content=\"@SanJuanDeportes\" \/>\n<meta name=\"twitter:label1\" content=\"Escrito por\" \/>\n\t<meta name=\"twitter:data1\" content=\"Pablo Pujado\" \/>\n\t<meta name=\"twitter:label2\" content=\"Tiempo de lectura\" \/>\n\t<meta name=\"twitter:data2\" content=\"1 minuto\" \/>\n<script type=\"application\/ld+json\" class=\"yoast-schema-graph\">{\"@context\":\"https:\\\/\\\/schema.org\",\"@graph\":[{\"@type\":\"Article\",\"@id\":\"http:\\\/\\\/www.sanjuandeportes.com\\\/wp\\\/2019\\\/04\\\/26\\\/la-sanjuanina-ornella-gervasoni-entrena-con-la-seleccion-argentina-de-judo\\\/#article\",\"isPartOf\":{\"@id\":\"http:\\\/\\\/www.sanjuandeportes.com\\\/wp\\\/2019\\\/04\\\/26\\\/la-sanjuanina-ornella-gervasoni-entrena-con-la-seleccion-argentina-de-judo\\\/\"},\"author\":{\"name\":\"Pablo Pujado\",\"@id\":\"http:\\\/\\\/www.sanjuandeportes.com\\\/wp\\\/#\\\/schema\\\/person\\\/eda4d8e62a5d42b111781e3cdfcb9c3a\"},\"headline\":\"La sanjuanina Ornella Gervasoni entrena con la selecci\u00f3n argentina de Judo\",\"datePublished\":\"2019-04-26T20:27:49+00:00\",\"mainEntityOfPage\":{\"@id\":\"http:\\\/\\\/www.sanjuandeportes.com\\\/wp\\\/2019\\\/04\\\/26\\\/la-sanjuanina-ornella-gervasoni-entrena-con-la-seleccion-argentina-de-judo\\\/\"},\"wordCount\":278,\"commentCount\":0,\"publisher\":{\"@id\":\"http:\\\/\\\/www.sanjuandeportes.com\\\/wp\\\/#organization\"},\"image\":{\"@id\":\"http:\\\/\\\/www.sanjuandeportes.com\\\/wp\\\/2019\\\/04\\\/26\\\/la-sanjuanina-ornella-gervasoni-entrena-con-la-seleccion-argentina-de-judo\\\/#primaryimage\"},\"thumbnailUrl\":\"http:\\\/\\\/www.sanjuandeportes.com\\\/wp\\\/wp-content\\\/uploads\\\/2019\\\/04\\\/40739302233_28713237d5_b.jpg\",\"keywords\":[\"Judo\"],\"articleSection\":[\"Featured\",\"Polideportivo\"],\"inLanguage\":\"es\",\"potentialAction\":[{\"@type\":\"CommentAction\",\"name\":\"Comment\",\"target\":[\"http:\\\/\\\/www.sanjuandeportes.com\\\/wp\\\/2019\\\/04\\\/26\\\/la-sanjuanina-ornella-gervasoni-entrena-con-la-seleccion-argentina-de-judo\\\/#respond\"]}]},{\"@type\":\"WebPage\",\"@id\":\"http:\\\/\\\/www.sanjuandeportes.com\\\/wp\\\/2019\\\/04\\\/26\\\/la-sanjuanina-ornella-gervasoni-entrena-con-la-seleccion-argentina-de-judo\\\/\",\"url\":\"http:\\\/\\\/www.sanjuandeportes.com\\\/wp\\\/2019\\\/04\\\/26\\\/la-sanjuanina-ornella-gervasoni-entrena-con-la-seleccion-argentina-de-judo\\\/\",\"name\":\"La sanjuanina Ornella Gervasoni entrena con la selecci\u00f3n argentina de Judo - San Juan Deportes\",\"isPartOf\":{\"@id\":\"http:\\\/\\\/www.sanjuandeportes.com\\\/wp\\\/#website\"},\"primaryImageOfPage\":{\"@id\":\"http:\\\/\\\/www.sanjuandeportes.com\\\/wp\\\/2019\\\/04\\\/26\\\/la-sanjuanina-ornella-gervasoni-entrena-con-la-seleccion-argentina-de-judo\\\/#primaryimage\"},\"image\":{\"@id\":\"http:\\\/\\\/www.sanjuandeportes.com\\\/wp\\\/2019\\\/04\\\/26\\\/la-sanjuanina-ornella-gervasoni-entrena-con-la-seleccion-argentina-de-judo\\\/#primaryimage\"},\"thumbnailUrl\":\"http:\\\/\\\/www.sanjuandeportes.com\\\/wp\\\/wp-content\\\/uploads\\\/2019\\\/04\\\/40739302233_28713237d5_b.jpg\",\"datePublished\":\"2019-04-26T20:27:49+00:00\",\"breadcrumb\":{\"@id\":\"http:\\\/\\\/www.sanjuandeportes.com\\\/wp\\\/2019\\\/04\\\/26\\\/la-sanjuanina-ornella-gervasoni-entrena-con-la-seleccion-argentina-de-judo\\\/#breadcrumb\"},\"inLanguage\":\"es\",\"potentialAction\":[{\"@type\":\"ReadAction\",\"target\":[\"http:\\\/\\\/www.sanjuandeportes.com\\\/wp\\\/2019\\\/04\\\/26\\\/la-sanjuanina-ornella-gervasoni-entrena-con-la-seleccion-argentina-de-judo\\\/\"]}]},{\"@type\":\"ImageObject\",\"inLanguage\":\"es\",\"@id\":\"http:\\\/\\\/www.sanjuandeportes.com\\\/wp\\\/2019\\\/04\\\/26\\\/la-sanjuanina-ornella-gervasoni-entrena-con-la-seleccion-argentina-de-judo\\\/#primaryimage\",\"url\":\"http:\\\/\\\/www.sanjuandeportes.com\\\/wp\\\/wp-content\\\/uploads\\\/2019\\\/04\\\/40739302233_28713237d5_b.jpg\",\"contentUrl\":\"http:\\\/\\\/www.sanjuandeportes.com\\\/wp\\\/wp-content\\\/uploads\\\/2019\\\/04\\\/40739302233_28713237d5_b.jpg\",\"width\":1024,\"height\":768},{\"@type\":\"BreadcrumbList\",\"@id\":\"http:\\\/\\\/www.sanjuandeportes.com\\\/wp\\\/2019\\\/04\\\/26\\\/la-sanjuanina-ornella-gervasoni-entrena-con-la-seleccion-argentina-de-judo\\\/#breadcrumb\",\"itemListElement\":[{\"@type\":\"ListItem\",\"position\":1,\"name\":\"Portada\",\"item\":\"http:\\\/\\\/www.sanjuandeportes.com\\\/wp\\\/\"},{\"@type\":\"ListItem\",\"position\":2,\"name\":\"La sanjuanina Ornella Gervasoni entrena con la selecci\u00f3n argentina de Judo\"}]},{\"@type\":\"WebSite\",\"@id\":\"http:\\\/\\\/www.sanjuandeportes.com\\\/wp\\\/#website\",\"url\":\"http:\\\/\\\/www.sanjuandeportes.com\\\/wp\\\/\",\"name\":\"San Juan Deportes\",\"description\":\"El sitio de deportes de la provincia de San Juan\",\"publisher\":{\"@id\":\"http:\\\/\\\/www.sanjuandeportes.com\\\/wp\\\/#organization\"},\"potentialAction\":[{\"@type\":\"SearchAction\",\"target\":{\"@type\":\"EntryPoint\",\"urlTemplate\":\"http:\\\/\\\/www.sanjuandeportes.com\\\/wp\\\/?s={search_term_string}\"},\"query-input\":{\"@type\":\"PropertyValueSpecification\",\"valueRequired\":true,\"valueName\":\"search_term_string\"}}],\"inLanguage\":\"es\"},{\"@type\":\"Organization\",\"@id\":\"http:\\\/\\\/www.sanjuandeportes.com\\\/wp\\\/#organization\",\"name\":\"San Juan Deportes\",\"url\":\"http:\\\/\\\/www.sanjuandeportes.com\\\/wp\\\/\",\"logo\":{\"@type\":\"ImageObject\",\"inLanguage\":\"es\",\"@id\":\"http:\\\/\\\/www.sanjuandeportes.com\\\/wp\\\/#\\\/schema\\\/logo\\\/image\\\/\",\"url\":\"https:\\\/\\\/www.sanjuandeportes.com\\\/wp\\\/wp-content\\\/uploads\\\/unnamed.jpg\",\"contentUrl\":\"https:\\\/\\\/www.sanjuandeportes.com\\\/wp\\\/wp-content\\\/uploads\\\/unnamed.jpg\",\"width\":900,\"height\":900,\"caption\":\"San Juan Deportes\"},\"image\":{\"@id\":\"http:\\\/\\\/www.sanjuandeportes.com\\\/wp\\\/#\\\/schema\\\/logo\\\/image\\\/\"},\"sameAs\":[\"https:\\\/\\\/www.facebook.com\\\/sanjuandeportesok\",\"https:\\\/\\\/x.com\\\/SanJuanDeportes\",\"https:\\\/\\\/www.instagram.com\\\/sanjuandeportes\"]},{\"@type\":\"Person\",\"@id\":\"http:\\\/\\\/www.sanjuandeportes.com\\\/wp\\\/#\\\/schema\\\/person\\\/eda4d8e62a5d42b111781e3cdfcb9c3a\",\"name\":\"Pablo Pujado\",\"image\":{\"@type\":\"ImageObject\",\"inLanguage\":\"es\",\"@id\":\"https:\\\/\\\/secure.gravatar.com\\\/avatar\\\/310b69d28112912c333408a462a9837208de951b1e7c11514781740412f648b1?s=96&d=mm&r=g\",\"url\":\"https:\\\/\\\/secure.gravatar.com\\\/avatar\\\/310b69d28112912c333408a462a9837208de951b1e7c11514781740412f648b1?s=96&d=mm&r=g\",\"contentUrl\":\"https:\\\/\\\/secure.gravatar.com\\\/avatar\\\/310b69d28112912c333408a462a9837208de951b1e7c11514781740412f648b1?s=96&d=mm&r=g\",\"caption\":\"Pablo Pujado\"},\"url\":\"http:\\\/\\\/www.sanjuandeportes.com\\\/wp\\\/author\\\/pablo-pujado\\\/\"}]}<\/script>\n<!-- \/ Yoast SEO plugin. -->","yoast_head_json":{"title":"La sanjuanina Ornella Gervasoni entrena con la selecci\u00f3n argentina de Judo - San Juan Deportes","robots":{"index":"index","follow":"follow","max-snippet":"max-snippet:-1","max-image-preview":"max-image-preview:large","max-video-preview":"max-video-preview:-1"},"canonical":"http:\/\/www.sanjuandeportes.com\/wp\/2019\/04\/26\/la-sanjuanina-ornella-gervasoni-entrena-con-la-seleccion-argentina-de-judo\/","og_locale":"es_ES","og_type":"article","og_title":"La sanjuanina Ornella Gervasoni entrena con la selecci\u00f3n argentina de Judo - San Juan Deportes","og_description":"La joven yudoca sanjuanina viene de ser campeona argentina y se prepara para los Juegos Panamericanos. Ornella Gervasoni\u00a0se inici\u00f3 en la pr\u00e1ctica de judo hace cinco a\u00f1os en el\u00a0club Barrio Rivadavia, bajo la atenta supervisi\u00f3n de Luis Meritello, persona experimentada y autorizada, si las hay en San Juan en este deporte. La joven judoca, que [&hellip;]","og_url":"http:\/\/www.sanjuandeportes.com\/wp\/2019\/04\/26\/la-sanjuanina-ornella-gervasoni-entrena-con-la-seleccion-argentina-de-judo\/","og_site_name":"San Juan Deportes","article_publisher":"https:\/\/www.facebook.com\/sanjuandeportesok","article_published_time":"2019-04-26T20:27:49+00:00","og_image":[{"width":1024,"height":768,"url":"http:\/\/www.sanjuandeportes.com\/wp\/wp-content\/uploads\/2019\/04\/40739302233_28713237d5_b.jpg","type":"image\/jpeg"}],"author":"Pablo Pujado","twitter_card":"summary_large_image","twitter_creator":"@SanJuanDeportes","twitter_site":"@SanJuanDeportes","twitter_misc":{"Escrito por":"Pablo Pujado","Tiempo de lectura":"1 minuto"},"schema":{"@context":"https:\/\/schema.org","@graph":[{"@type":"Article","@id":"http:\/\/www.sanjuandeportes.com\/wp\/2019\/04\/26\/la-sanjuanina-ornella-gervasoni-entrena-con-la-seleccion-argentina-de-judo\/#article","isPartOf":{"@id":"http:\/\/www.sanjuandeportes.com\/wp\/2019\/04\/26\/la-sanjuanina-ornella-gervasoni-entrena-con-la-seleccion-argentina-de-judo\/"},"author":{"name":"Pablo Pujado","@id":"http:\/\/www.sanjuandeportes.com\/wp\/#\/schema\/person\/eda4d8e62a5d42b111781e3cdfcb9c3a"},"headline":"La sanjuanina Ornella Gervasoni entrena con la selecci\u00f3n argentina de Judo","datePublished":"2019-04-26T20:27:49+00:00","mainEntityOfPage":{"@id":"http:\/\/www.sanjuandeportes.com\/wp\/2019\/04\/26\/la-sanjuanina-ornella-gervasoni-entrena-con-la-seleccion-argentina-de-judo\/"},"wordCount":278,"commentCount":0,"publisher":{"@id":"http:\/\/www.sanjuandeportes.com\/wp\/#organization"},"image":{"@id":"http:\/\/www.sanjuandeportes.com\/wp\/2019\/04\/26\/la-sanjuanina-ornella-gervasoni-entrena-con-la-seleccion-argentina-de-judo\/#primaryimage"},"thumbnailUrl":"http:\/\/www.sanjuandeportes.com\/wp\/wp-content\/uploads\/2019\/04\/40739302233_28713237d5_b.jpg","keywords":["Judo"],"articleSection":["Featured","Polideportivo"],"inLanguage":"es","potentialAction":[{"@type":"CommentAction","name":"Comment","target":["http:\/\/www.sanjuandeportes.com\/wp\/2019\/04\/26\/la-sanjuanina-ornella-gervasoni-entrena-con-la-seleccion-argentina-de-judo\/#respond"]}]},{"@type":"WebPage","@id":"http:\/\/www.sanjuandeportes.com\/wp\/2019\/04\/26\/la-sanjuanina-ornella-gervasoni-entrena-con-la-seleccion-argentina-de-judo\/","url":"http:\/\/www.sanjuandeportes.com\/wp\/2019\/04\/26\/la-sanjuanina-ornella-gervasoni-entrena-con-la-seleccion-argentina-de-judo\/","name":"La sanjuanina Ornella Gervasoni entrena con la selecci\u00f3n argentina de Judo - San Juan Deportes","isPartOf":{"@id":"http:\/\/www.sanjuandeportes.com\/wp\/#website"},"primaryImageOfPage":{"@id":"http:\/\/www.sanjuandeportes.com\/wp\/2019\/04\/26\/la-sanjuanina-ornella-gervasoni-entrena-con-la-seleccion-argentina-de-judo\/#primaryimage"},"image":{"@id":"http:\/\/www.sanjuandeportes.com\/wp\/2019\/04\/26\/la-sanjuanina-ornella-gervasoni-entrena-con-la-seleccion-argentina-de-judo\/#primaryimage"},"thumbnailUrl":"http:\/\/www.sanjuandeportes.com\/wp\/wp-content\/uploads\/2019\/04\/40739302233_28713237d5_b.jpg","datePublished":"2019-04-26T20:27:49+00:00","breadcrumb":{"@id":"http:\/\/www.sanjuandeportes.com\/wp\/2019\/04\/26\/la-sanjuanina-ornella-gervasoni-entrena-con-la-seleccion-argentina-de-judo\/#breadcrumb"},"inLanguage":"es","potentialAction":[{"@type":"ReadAction","target":["http:\/\/www.sanjuandeportes.com\/wp\/2019\/04\/26\/la-sanjuanina-ornella-gervasoni-entrena-con-la-seleccion-argentina-de-judo\/"]}]},{"@type":"ImageObject","inLanguage":"es","@id":"http:\/\/www.sanjuandeportes.com\/wp\/2019\/04\/26\/la-sanjuanina-ornella-gervasoni-entrena-con-la-seleccion-argentina-de-judo\/#primaryimage","url":"http:\/\/www.sanjuandeportes.com\/wp\/wp-content\/uploads\/2019\/04\/40739302233_28713237d5_b.jpg","contentUrl":"http:\/\/www.sanjuandeportes.com\/wp\/wp-content\/uploads\/2019\/04\/40739302233_28713237d5_b.jpg","width":1024,"height":768},{"@type":"BreadcrumbList","@id":"http:\/\/www.sanjuandeportes.com\/wp\/2019\/04\/26\/la-sanjuanina-ornella-gervasoni-entrena-con-la-seleccion-argentina-de-judo\/#breadcrumb","itemListElement":[{"@type":"ListItem","position":1,"name":"Portada","item":"http:\/\/www.sanjuandeportes.com\/wp\/"},{"@type":"ListItem","position":2,"name":"La sanjuanina Ornella Gervasoni entrena con la selecci\u00f3n argentina de Judo"}]},{"@type":"WebSite","@id":"http:\/\/www.sanjuandeportes.com\/wp\/#website","url":"http:\/\/www.sanjuandeportes.com\/wp\/","name":"San Juan Deportes","description":"El sitio de deportes de la provincia de San Juan","publisher":{"@id":"http:\/\/www.sanjuandeportes.com\/wp\/#organization"},"potentialAction":[{"@type":"SearchAction","target":{"@type":"EntryPoint","urlTemplate":"http:\/\/www.sanjuandeportes.com\/wp\/?s={search_term_string}"},"query-input":{"@type":"PropertyValueSpecification","valueRequired":true,"valueName":"search_term_string"}}],"inLanguage":"es"},{"@type":"Organization","@id":"http:\/\/www.sanjuandeportes.com\/wp\/#organization","name":"San Juan Deportes","url":"http:\/\/www.sanjuandeportes.com\/wp\/","logo":{"@type":"ImageObject","inLanguage":"es","@id":"http:\/\/www.sanjuandeportes.com\/wp\/#\/schema\/logo\/image\/","url":"https:\/\/www.sanjuandeportes.com\/wp\/wp-content\/uploads\/unnamed.jpg","contentUrl":"https:\/\/www.sanjuandeportes.com\/wp\/wp-content\/uploads\/unnamed.jpg","width":900,"height":900,"caption":"San Juan Deportes"},"image":{"@id":"http:\/\/www.sanjuandeportes.com\/wp\/#\/schema\/logo\/image\/"},"sameAs":["https:\/\/www.facebook.com\/sanjuandeportesok","https:\/\/x.com\/SanJuanDeportes","https:\/\/www.instagram.com\/sanjuandeportes"]},{"@type":"Person","@id":"http:\/\/www.sanjuandeportes.com\/wp\/#\/schema\/person\/eda4d8e62a5d42b111781e3cdfcb9c3a","name":"Pablo Pujado","image":{"@type":"ImageObject","inLanguage":"es","@id":"https:\/\/secure.gravatar.com\/avatar\/310b69d28112912c333408a462a9837208de951b1e7c11514781740412f648b1?s=96&d=mm&r=g","url":"https:\/\/secure.gravatar.com\/avatar\/310b69d28112912c333408a462a9837208de951b1e7c11514781740412f648b1?s=96&d=mm&r=g","contentUrl":"https:\/\/secure.gravatar.com\/avatar\/310b69d28112912c333408a462a9837208de951b1e7c11514781740412f648b1?s=96&d=mm&r=g","caption":"Pablo Pujado"},"url":"http:\/\/www.sanjuandeportes.com\/wp\/author\/pablo-pujado\/"}]}},"_links":{"self":[{"href":"http:\/\/www.sanjuandeportes.com\/wp\/wp-json\/wp\/v2\/posts\/4691","targetHints":{"allow":["GET"]}}],"collection":[{"href":"http:\/\/www.sanjuandeportes.com\/wp\/wp-json\/wp\/v2\/posts"}],"about":[{"href":"http:\/\/www.sanjuandeportes.com\/wp\/wp-json\/wp\/v2\/types\/post"}],"author":[{"embeddable":true,"href":"http:\/\/www.sanjuandeportes.com\/wp\/wp-json\/wp\/v2\/users\/5"}],"replies":[{"embeddable":true,"href":"http:\/\/www.sanjuandeportes.com\/wp\/wp-json\/wp\/v2\/comments?post=4691"}],"version-history":[{"count":1,"href":"http:\/\/www.sanjuandeportes.com\/wp\/wp-json\/wp\/v2\/posts\/4691\/revisions"}],"predecessor-version":[{"id":4693,"href":"http:\/\/www.sanjuandeportes.com\/wp\/wp-json\/wp\/v2\/posts\/4691\/revisions\/4693"}],"wp:featuredmedia":[{"embeddable":true,"href":"http:\/\/www.sanjuandeportes.com\/wp\/wp-json\/wp\/v2\/media\/4692"}],"wp:attachment":[{"href":"http:\/\/www.sanjuandeportes.com\/wp\/wp-json\/wp\/v2\/media?parent=4691"}],"wp:term":[{"taxonomy":"category","embeddable":true,"href":"http:\/\/www.sanjuandeportes.com\/wp\/wp-json\/wp\/v2\/categories?post=4691"},{"taxonomy":"post_tag","embeddable":true,"href":"http:\/\/www.sanjuandeportes.com\/wp\/wp-json\/wp\/v2\/tags?post=4691"}],"curies":[{"name":"wp","href":"https:\/\/api.w.org\/{rel}","templated":true}]}}