{"id":4840,"date":"2019-05-07T20:30:23","date_gmt":"2019-05-07T20:30:23","guid":{"rendered":"http:\/\/www.sanjuandeportes.com\/wp\/?p=4840"},"modified":"2019-05-07T23:08:39","modified_gmt":"2019-05-07T23:08:39","slug":"miadosqui-confirmo-su-candidatura-para-las-elecciones-en-san-martin","status":"publish","type":"post","link":"http:\/\/www.sanjuandeportes.com\/wp\/2019\/05\/07\/miadosqui-confirmo-su-candidatura-para-las-elecciones-en-san-martin\/","title":{"rendered":"Miadosqui confirm\u00f3 su candidatura para las elecciones en San Mart\u00edn"},"content":{"rendered":"<p>El dirigente del Verdinegro se refiri\u00f3 a su candidatura en los pr\u00f3ximos comicios y sostuvo que que estar\u00e1 presente en las pr\u00f3ximas elecciones y luchar\u00e1 la presidencia con Hermes Rodriguez, el otro candidato de peso, seg\u00fan public\u00f3 Estaci\u00f3n Claridad.<\/p>\n<p>La informaci\u00f3n sali\u00f3 luego de una reuni\u00f3n de la comisi\u00f3n directiva con algunos socios de la instituci\u00f3n. El pr\u00f3ximo lunes se conocer\u00e1 la lista.<\/p>\n<p>Este medio intent\u00f3 contactarse con Sergio Miadosqui, pero no atendi\u00f3 el celular.<\/p>\n","protected":false},"excerpt":{"rendered":"<p>El dirigente del Verdinegro se refiri\u00f3 a su candidatura en los pr\u00f3ximos comicios y sostuvo que que estar\u00e1 presente en las pr\u00f3ximas elecciones y luchar\u00e1 la presidencia con Hermes Rodriguez, el otro candidato de peso, seg\u00fan public\u00f3 Estaci\u00f3n Claridad. La informaci\u00f3n sali\u00f3 luego de una reuni\u00f3n de la comisi\u00f3n directiva con algunos socios de la [&hellip;]<\/p>\n","protected":false},"author":5,"featured_media":4339,"comment_status":"open","ping_status":"open","sticky":false,"template":"","format":"standard","meta":{"footnotes":""},"categories":[2,24],"tags":[129],"class_list":["post-4840","post","type-post","status-publish","format-standard","has-post-thumbnail","hentry","category-featured","category-futbol","tag-san-martin"],"yoast_head":"<!-- This site is optimized with the Yoast SEO plugin v28.2 - https:\/\/yoast.com\/product\/yoast-seo-wordpress\/ -->\n<title>Miadosqui confirm\u00f3 su candidatura para las elecciones en San Mart\u00edn - San Juan Deportes<\/title>\n<meta name=\"robots\" content=\"index, follow, max-snippet:-1, max-image-preview:large, max-video-preview:-1\" \/>\n<link rel=\"canonical\" href=\"https:\/\/www.sanjuandeportes.com\/wp\/2019\/05\/07\/miadosqui-confirmo-su-candidatura-para-las-elecciones-en-san-martin\/\" \/>\n<meta property=\"og:locale\" content=\"es_ES\" \/>\n<meta property=\"og:type\" content=\"article\" \/>\n<meta property=\"og:title\" content=\"Miadosqui confirm\u00f3 su candidatura para las elecciones en San Mart\u00edn - San Juan Deportes\" \/>\n<meta property=\"og:description\" content=\"El dirigente del Verdinegro se refiri\u00f3 a su candidatura en los pr\u00f3ximos comicios y sostuvo que que estar\u00e1 presente en las pr\u00f3ximas elecciones y luchar\u00e1 la presidencia con Hermes Rodriguez, el otro candidato de peso, seg\u00fan public\u00f3 Estaci\u00f3n Claridad. La informaci\u00f3n sali\u00f3 luego de una reuni\u00f3n de la comisi\u00f3n directiva con algunos socios de la [&hellip;]\" \/>\n<meta property=\"og:url\" content=\"https:\/\/www.sanjuandeportes.com\/wp\/2019\/05\/07\/miadosqui-confirmo-su-candidatura-para-las-elecciones-en-san-martin\/\" \/>\n<meta property=\"og:site_name\" content=\"San Juan Deportes\" \/>\n<meta property=\"article:publisher\" content=\"https:\/\/www.facebook.com\/sanjuandeportesok\" \/>\n<meta property=\"article:published_time\" content=\"2019-05-07T20:30:23+00:00\" \/>\n<meta property=\"article:modified_time\" content=\"2019-05-07T23:08:39+00:00\" \/>\n<meta property=\"og:image\" content=\"https:\/\/www.sanjuandeportes.com\/wp\/wp-content\/uploads\/2019\/04\/5b3bb06343b8d.jpg\" \/>\n\t<meta property=\"og:image:width\" content=\"2317\" \/>\n\t<meta property=\"og:image:height\" content=\"1734\" \/>\n\t<meta property=\"og:image:type\" content=\"image\/jpeg\" \/>\n<meta name=\"author\" content=\"Pablo Pujado\" \/>\n<meta name=\"twitter:card\" content=\"summary_large_image\" \/>\n<meta name=\"twitter:creator\" content=\"@SanJuanDeportes\" \/>\n<meta name=\"twitter:site\" content=\"@SanJuanDeportes\" \/>\n<meta name=\"twitter:label1\" content=\"Escrito por\" \/>\n\t<meta name=\"twitter:data1\" content=\"Pablo Pujado\" \/>\n<script type=\"application\/ld+json\" class=\"yoast-schema-graph\">{\"@context\":\"https:\\\/\\\/schema.org\",\"@graph\":[{\"@type\":\"Article\",\"@id\":\"https:\\\/\\\/www.sanjuandeportes.com\\\/wp\\\/2019\\\/05\\\/07\\\/miadosqui-confirmo-su-candidatura-para-las-elecciones-en-san-martin\\\/#article\",\"isPartOf\":{\"@id\":\"https:\\\/\\\/www.sanjuandeportes.com\\\/wp\\\/2019\\\/05\\\/07\\\/miadosqui-confirmo-su-candidatura-para-las-elecciones-en-san-martin\\\/\"},\"author\":{\"name\":\"Pablo Pujado\",\"@id\":\"http:\\\/\\\/www.sanjuandeportes.com\\\/wp\\\/#\\\/schema\\\/person\\\/eda4d8e62a5d42b111781e3cdfcb9c3a\"},\"headline\":\"Miadosqui confirm\u00f3 su candidatura para las elecciones en San Mart\u00edn\",\"datePublished\":\"2019-05-07T20:30:23+00:00\",\"dateModified\":\"2019-05-07T23:08:39+00:00\",\"mainEntityOfPage\":{\"@id\":\"https:\\\/\\\/www.sanjuandeportes.com\\\/wp\\\/2019\\\/05\\\/07\\\/miadosqui-confirmo-su-candidatura-para-las-elecciones-en-san-martin\\\/\"},\"wordCount\":95,\"commentCount\":0,\"publisher\":{\"@id\":\"http:\\\/\\\/www.sanjuandeportes.com\\\/wp\\\/#organization\"},\"image\":{\"@id\":\"https:\\\/\\\/www.sanjuandeportes.com\\\/wp\\\/2019\\\/05\\\/07\\\/miadosqui-confirmo-su-candidatura-para-las-elecciones-en-san-martin\\\/#primaryimage\"},\"thumbnailUrl\":\"http:\\\/\\\/www.sanjuandeportes.com\\\/wp\\\/wp-content\\\/uploads\\\/2019\\\/04\\\/5b3bb06343b8d.jpg\",\"keywords\":[\"San Martin\"],\"articleSection\":[\"Featured\",\"Futbol\"],\"inLanguage\":\"es\",\"potentialAction\":[{\"@type\":\"CommentAction\",\"name\":\"Comment\",\"target\":[\"https:\\\/\\\/www.sanjuandeportes.com\\\/wp\\\/2019\\\/05\\\/07\\\/miadosqui-confirmo-su-candidatura-para-las-elecciones-en-san-martin\\\/#respond\"]}]},{\"@type\":\"WebPage\",\"@id\":\"https:\\\/\\\/www.sanjuandeportes.com\\\/wp\\\/2019\\\/05\\\/07\\\/miadosqui-confirmo-su-candidatura-para-las-elecciones-en-san-martin\\\/\",\"url\":\"https:\\\/\\\/www.sanjuandeportes.com\\\/wp\\\/2019\\\/05\\\/07\\\/miadosqui-confirmo-su-candidatura-para-las-elecciones-en-san-martin\\\/\",\"name\":\"Miadosqui confirm\u00f3 su candidatura para las elecciones en San Mart\u00edn - San Juan Deportes\",\"isPartOf\":{\"@id\":\"http:\\\/\\\/www.sanjuandeportes.com\\\/wp\\\/#website\"},\"primaryImageOfPage\":{\"@id\":\"https:\\\/\\\/www.sanjuandeportes.com\\\/wp\\\/2019\\\/05\\\/07\\\/miadosqui-confirmo-su-candidatura-para-las-elecciones-en-san-martin\\\/#primaryimage\"},\"image\":{\"@id\":\"https:\\\/\\\/www.sanjuandeportes.com\\\/wp\\\/2019\\\/05\\\/07\\\/miadosqui-confirmo-su-candidatura-para-las-elecciones-en-san-martin\\\/#primaryimage\"},\"thumbnailUrl\":\"http:\\\/\\\/www.sanjuandeportes.com\\\/wp\\\/wp-content\\\/uploads\\\/2019\\\/04\\\/5b3bb06343b8d.jpg\",\"datePublished\":\"2019-05-07T20:30:23+00:00\",\"dateModified\":\"2019-05-07T23:08:39+00:00\",\"breadcrumb\":{\"@id\":\"https:\\\/\\\/www.sanjuandeportes.com\\\/wp\\\/2019\\\/05\\\/07\\\/miadosqui-confirmo-su-candidatura-para-las-elecciones-en-san-martin\\\/#breadcrumb\"},\"inLanguage\":\"es\",\"potentialAction\":[{\"@type\":\"ReadAction\",\"target\":[\"https:\\\/\\\/www.sanjuandeportes.com\\\/wp\\\/2019\\\/05\\\/07\\\/miadosqui-confirmo-su-candidatura-para-las-elecciones-en-san-martin\\\/\"]}]},{\"@type\":\"ImageObject\",\"inLanguage\":\"es\",\"@id\":\"https:\\\/\\\/www.sanjuandeportes.com\\\/wp\\\/2019\\\/05\\\/07\\\/miadosqui-confirmo-su-candidatura-para-las-elecciones-en-san-martin\\\/#primaryimage\",\"url\":\"http:\\\/\\\/www.sanjuandeportes.com\\\/wp\\\/wp-content\\\/uploads\\\/2019\\\/04\\\/5b3bb06343b8d.jpg\",\"contentUrl\":\"http:\\\/\\\/www.sanjuandeportes.com\\\/wp\\\/wp-content\\\/uploads\\\/2019\\\/04\\\/5b3bb06343b8d.jpg\",\"width\":2317,\"height\":1734},{\"@type\":\"BreadcrumbList\",\"@id\":\"https:\\\/\\\/www.sanjuandeportes.com\\\/wp\\\/2019\\\/05\\\/07\\\/miadosqui-confirmo-su-candidatura-para-las-elecciones-en-san-martin\\\/#breadcrumb\",\"itemListElement\":[{\"@type\":\"ListItem\",\"position\":1,\"name\":\"Portada\",\"item\":\"http:\\\/\\\/www.sanjuandeportes.com\\\/wp\\\/\"},{\"@type\":\"ListItem\",\"position\":2,\"name\":\"Miadosqui confirm\u00f3 su candidatura para las elecciones en San Mart\u00edn\"}]},{\"@type\":\"WebSite\",\"@id\":\"http:\\\/\\\/www.sanjuandeportes.com\\\/wp\\\/#website\",\"url\":\"http:\\\/\\\/www.sanjuandeportes.com\\\/wp\\\/\",\"name\":\"San Juan Deportes\",\"description\":\"El sitio de deportes de la provincia de San Juan\",\"publisher\":{\"@id\":\"http:\\\/\\\/www.sanjuandeportes.com\\\/wp\\\/#organization\"},\"potentialAction\":[{\"@type\":\"SearchAction\",\"target\":{\"@type\":\"EntryPoint\",\"urlTemplate\":\"http:\\\/\\\/www.sanjuandeportes.com\\\/wp\\\/?s={search_term_string}\"},\"query-input\":{\"@type\":\"PropertyValueSpecification\",\"valueRequired\":true,\"valueName\":\"search_term_string\"}}],\"inLanguage\":\"es\"},{\"@type\":\"Organization\",\"@id\":\"http:\\\/\\\/www.sanjuandeportes.com\\\/wp\\\/#organization\",\"name\":\"San Juan Deportes\",\"url\":\"http:\\\/\\\/www.sanjuandeportes.com\\\/wp\\\/\",\"logo\":{\"@type\":\"ImageObject\",\"inLanguage\":\"es\",\"@id\":\"http:\\\/\\\/www.sanjuandeportes.com\\\/wp\\\/#\\\/schema\\\/logo\\\/image\\\/\",\"url\":\"https:\\\/\\\/www.sanjuandeportes.com\\\/wp\\\/wp-content\\\/uploads\\\/unnamed.jpg\",\"contentUrl\":\"https:\\\/\\\/www.sanjuandeportes.com\\\/wp\\\/wp-content\\\/uploads\\\/unnamed.jpg\",\"width\":900,\"height\":900,\"caption\":\"San Juan Deportes\"},\"image\":{\"@id\":\"http:\\\/\\\/www.sanjuandeportes.com\\\/wp\\\/#\\\/schema\\\/logo\\\/image\\\/\"},\"sameAs\":[\"https:\\\/\\\/www.facebook.com\\\/sanjuandeportesok\",\"https:\\\/\\\/x.com\\\/SanJuanDeportes\",\"https:\\\/\\\/www.instagram.com\\\/sanjuandeportes\"]},{\"@type\":\"Person\",\"@id\":\"http:\\\/\\\/www.sanjuandeportes.com\\\/wp\\\/#\\\/schema\\\/person\\\/eda4d8e62a5d42b111781e3cdfcb9c3a\",\"name\":\"Pablo Pujado\",\"image\":{\"@type\":\"ImageObject\",\"inLanguage\":\"es\",\"@id\":\"https:\\\/\\\/secure.gravatar.com\\\/avatar\\\/310b69d28112912c333408a462a9837208de951b1e7c11514781740412f648b1?s=96&d=mm&r=g\",\"url\":\"https:\\\/\\\/secure.gravatar.com\\\/avatar\\\/310b69d28112912c333408a462a9837208de951b1e7c11514781740412f648b1?s=96&d=mm&r=g\",\"contentUrl\":\"https:\\\/\\\/secure.gravatar.com\\\/avatar\\\/310b69d28112912c333408a462a9837208de951b1e7c11514781740412f648b1?s=96&d=mm&r=g\",\"caption\":\"Pablo Pujado\"},\"url\":\"http:\\\/\\\/www.sanjuandeportes.com\\\/wp\\\/author\\\/pablo-pujado\\\/\"}]}<\/script>\n<!-- \/ Yoast SEO plugin. -->","yoast_head_json":{"title":"Miadosqui confirm\u00f3 su candidatura para las elecciones en San Mart\u00edn - San Juan Deportes","robots":{"index":"index","follow":"follow","max-snippet":"max-snippet:-1","max-image-preview":"max-image-preview:large","max-video-preview":"max-video-preview:-1"},"canonical":"https:\/\/www.sanjuandeportes.com\/wp\/2019\/05\/07\/miadosqui-confirmo-su-candidatura-para-las-elecciones-en-san-martin\/","og_locale":"es_ES","og_type":"article","og_title":"Miadosqui confirm\u00f3 su candidatura para las elecciones en San Mart\u00edn - San Juan Deportes","og_description":"El dirigente del Verdinegro se refiri\u00f3 a su candidatura en los pr\u00f3ximos comicios y sostuvo que que estar\u00e1 presente en las pr\u00f3ximas elecciones y luchar\u00e1 la presidencia con Hermes Rodriguez, el otro candidato de peso, seg\u00fan public\u00f3 Estaci\u00f3n Claridad. La informaci\u00f3n sali\u00f3 luego de una reuni\u00f3n de la comisi\u00f3n directiva con algunos socios de la [&hellip;]","og_url":"https:\/\/www.sanjuandeportes.com\/wp\/2019\/05\/07\/miadosqui-confirmo-su-candidatura-para-las-elecciones-en-san-martin\/","og_site_name":"San Juan Deportes","article_publisher":"https:\/\/www.facebook.com\/sanjuandeportesok","article_published_time":"2019-05-07T20:30:23+00:00","article_modified_time":"2019-05-07T23:08:39+00:00","og_image":[{"width":2317,"height":1734,"url":"https:\/\/www.sanjuandeportes.com\/wp\/wp-content\/uploads\/2019\/04\/5b3bb06343b8d.jpg","type":"image\/jpeg"}],"author":"Pablo Pujado","twitter_card":"summary_large_image","twitter_creator":"@SanJuanDeportes","twitter_site":"@SanJuanDeportes","twitter_misc":{"Escrito por":"Pablo Pujado"},"schema":{"@context":"https:\/\/schema.org","@graph":[{"@type":"Article","@id":"https:\/\/www.sanjuandeportes.com\/wp\/2019\/05\/07\/miadosqui-confirmo-su-candidatura-para-las-elecciones-en-san-martin\/#article","isPartOf":{"@id":"https:\/\/www.sanjuandeportes.com\/wp\/2019\/05\/07\/miadosqui-confirmo-su-candidatura-para-las-elecciones-en-san-martin\/"},"author":{"name":"Pablo Pujado","@id":"http:\/\/www.sanjuandeportes.com\/wp\/#\/schema\/person\/eda4d8e62a5d42b111781e3cdfcb9c3a"},"headline":"Miadosqui confirm\u00f3 su candidatura para las elecciones en San Mart\u00edn","datePublished":"2019-05-07T20:30:23+00:00","dateModified":"2019-05-07T23:08:39+00:00","mainEntityOfPage":{"@id":"https:\/\/www.sanjuandeportes.com\/wp\/2019\/05\/07\/miadosqui-confirmo-su-candidatura-para-las-elecciones-en-san-martin\/"},"wordCount":95,"commentCount":0,"publisher":{"@id":"http:\/\/www.sanjuandeportes.com\/wp\/#organization"},"image":{"@id":"https:\/\/www.sanjuandeportes.com\/wp\/2019\/05\/07\/miadosqui-confirmo-su-candidatura-para-las-elecciones-en-san-martin\/#primaryimage"},"thumbnailUrl":"http:\/\/www.sanjuandeportes.com\/wp\/wp-content\/uploads\/2019\/04\/5b3bb06343b8d.jpg","keywords":["San Martin"],"articleSection":["Featured","Futbol"],"inLanguage":"es","potentialAction":[{"@type":"CommentAction","name":"Comment","target":["https:\/\/www.sanjuandeportes.com\/wp\/2019\/05\/07\/miadosqui-confirmo-su-candidatura-para-las-elecciones-en-san-martin\/#respond"]}]},{"@type":"WebPage","@id":"https:\/\/www.sanjuandeportes.com\/wp\/2019\/05\/07\/miadosqui-confirmo-su-candidatura-para-las-elecciones-en-san-martin\/","url":"https:\/\/www.sanjuandeportes.com\/wp\/2019\/05\/07\/miadosqui-confirmo-su-candidatura-para-las-elecciones-en-san-martin\/","name":"Miadosqui confirm\u00f3 su candidatura para las elecciones en San Mart\u00edn - San Juan Deportes","isPartOf":{"@id":"http:\/\/www.sanjuandeportes.com\/wp\/#website"},"primaryImageOfPage":{"@id":"https:\/\/www.sanjuandeportes.com\/wp\/2019\/05\/07\/miadosqui-confirmo-su-candidatura-para-las-elecciones-en-san-martin\/#primaryimage"},"image":{"@id":"https:\/\/www.sanjuandeportes.com\/wp\/2019\/05\/07\/miadosqui-confirmo-su-candidatura-para-las-elecciones-en-san-martin\/#primaryimage"},"thumbnailUrl":"http:\/\/www.sanjuandeportes.com\/wp\/wp-content\/uploads\/2019\/04\/5b3bb06343b8d.jpg","datePublished":"2019-05-07T20:30:23+00:00","dateModified":"2019-05-07T23:08:39+00:00","breadcrumb":{"@id":"https:\/\/www.sanjuandeportes.com\/wp\/2019\/05\/07\/miadosqui-confirmo-su-candidatura-para-las-elecciones-en-san-martin\/#breadcrumb"},"inLanguage":"es","potentialAction":[{"@type":"ReadAction","target":["https:\/\/www.sanjuandeportes.com\/wp\/2019\/05\/07\/miadosqui-confirmo-su-candidatura-para-las-elecciones-en-san-martin\/"]}]},{"@type":"ImageObject","inLanguage":"es","@id":"https:\/\/www.sanjuandeportes.com\/wp\/2019\/05\/07\/miadosqui-confirmo-su-candidatura-para-las-elecciones-en-san-martin\/#primaryimage","url":"http:\/\/www.sanjuandeportes.com\/wp\/wp-content\/uploads\/2019\/04\/5b3bb06343b8d.jpg","contentUrl":"http:\/\/www.sanjuandeportes.com\/wp\/wp-content\/uploads\/2019\/04\/5b3bb06343b8d.jpg","width":2317,"height":1734},{"@type":"BreadcrumbList","@id":"https:\/\/www.sanjuandeportes.com\/wp\/2019\/05\/07\/miadosqui-confirmo-su-candidatura-para-las-elecciones-en-san-martin\/#breadcrumb","itemListElement":[{"@type":"ListItem","position":1,"name":"Portada","item":"http:\/\/www.sanjuandeportes.com\/wp\/"},{"@type":"ListItem","position":2,"name":"Miadosqui confirm\u00f3 su candidatura para las elecciones en San Mart\u00edn"}]},{"@type":"WebSite","@id":"http:\/\/www.sanjuandeportes.com\/wp\/#website","url":"http:\/\/www.sanjuandeportes.com\/wp\/","name":"San Juan Deportes","description":"El sitio de deportes de la provincia de San Juan","publisher":{"@id":"http:\/\/www.sanjuandeportes.com\/wp\/#organization"},"potentialAction":[{"@type":"SearchAction","target":{"@type":"EntryPoint","urlTemplate":"http:\/\/www.sanjuandeportes.com\/wp\/?s={search_term_string}"},"query-input":{"@type":"PropertyValueSpecification","valueRequired":true,"valueName":"search_term_string"}}],"inLanguage":"es"},{"@type":"Organization","@id":"http:\/\/www.sanjuandeportes.com\/wp\/#organization","name":"San Juan Deportes","url":"http:\/\/www.sanjuandeportes.com\/wp\/","logo":{"@type":"ImageObject","inLanguage":"es","@id":"http:\/\/www.sanjuandeportes.com\/wp\/#\/schema\/logo\/image\/","url":"https:\/\/www.sanjuandeportes.com\/wp\/wp-content\/uploads\/unnamed.jpg","contentUrl":"https:\/\/www.sanjuandeportes.com\/wp\/wp-content\/uploads\/unnamed.jpg","width":900,"height":900,"caption":"San Juan Deportes"},"image":{"@id":"http:\/\/www.sanjuandeportes.com\/wp\/#\/schema\/logo\/image\/"},"sameAs":["https:\/\/www.facebook.com\/sanjuandeportesok","https:\/\/x.com\/SanJuanDeportes","https:\/\/www.instagram.com\/sanjuandeportes"]},{"@type":"Person","@id":"http:\/\/www.sanjuandeportes.com\/wp\/#\/schema\/person\/eda4d8e62a5d42b111781e3cdfcb9c3a","name":"Pablo Pujado","image":{"@type":"ImageObject","inLanguage":"es","@id":"https:\/\/secure.gravatar.com\/avatar\/310b69d28112912c333408a462a9837208de951b1e7c11514781740412f648b1?s=96&d=mm&r=g","url":"https:\/\/secure.gravatar.com\/avatar\/310b69d28112912c333408a462a9837208de951b1e7c11514781740412f648b1?s=96&d=mm&r=g","contentUrl":"https:\/\/secure.gravatar.com\/avatar\/310b69d28112912c333408a462a9837208de951b1e7c11514781740412f648b1?s=96&d=mm&r=g","caption":"Pablo Pujado"},"url":"http:\/\/www.sanjuandeportes.com\/wp\/author\/pablo-pujado\/"}]}},"_links":{"self":[{"href":"http:\/\/www.sanjuandeportes.com\/wp\/wp-json\/wp\/v2\/posts\/4840","targetHints":{"allow":["GET"]}}],"collection":[{"href":"http:\/\/www.sanjuandeportes.com\/wp\/wp-json\/wp\/v2\/posts"}],"about":[{"href":"http:\/\/www.sanjuandeportes.com\/wp\/wp-json\/wp\/v2\/types\/post"}],"author":[{"embeddable":true,"href":"http:\/\/www.sanjuandeportes.com\/wp\/wp-json\/wp\/v2\/users\/5"}],"replies":[{"embeddable":true,"href":"http:\/\/www.sanjuandeportes.com\/wp\/wp-json\/wp\/v2\/comments?post=4840"}],"version-history":[{"count":4,"href":"http:\/\/www.sanjuandeportes.com\/wp\/wp-json\/wp\/v2\/posts\/4840\/revisions"}],"predecessor-version":[{"id":4849,"href":"http:\/\/www.sanjuandeportes.com\/wp\/wp-json\/wp\/v2\/posts\/4840\/revisions\/4849"}],"wp:featuredmedia":[{"embeddable":true,"href":"http:\/\/www.sanjuandeportes.com\/wp\/wp-json\/wp\/v2\/media\/4339"}],"wp:attachment":[{"href":"http:\/\/www.sanjuandeportes.com\/wp\/wp-json\/wp\/v2\/media?parent=4840"}],"wp:term":[{"taxonomy":"category","embeddable":true,"href":"http:\/\/www.sanjuandeportes.com\/wp\/wp-json\/wp\/v2\/categories?post=4840"},{"taxonomy":"post_tag","embeddable":true,"href":"http:\/\/www.sanjuandeportes.com\/wp\/wp-json\/wp\/v2\/tags?post=4840"}],"curies":[{"name":"wp","href":"https:\/\/api.w.org\/{rel}","templated":true}]}}