{"id":5060,"date":"2019-05-20T00:42:41","date_gmt":"2019-05-20T00:42:41","guid":{"rendered":"http:\/\/www.sanjuandeportes.com\/wp\/?p=5060"},"modified":"2019-05-20T00:42:41","modified_gmt":"2019-05-20T00:42:41","slug":"formula-renault-el-sanjuanino-remonto-y-se-subio-al-podio","status":"publish","type":"post","link":"http:\/\/www.sanjuandeportes.com\/wp\/2019\/05\/20\/formula-renault-el-sanjuanino-remonto-y-se-subio-al-podio\/","title":{"rendered":"Formula Renault: el sanjuanino remont\u00f3 y se subi\u00f3 al podio"},"content":{"rendered":"<p><em><strong>Tob\u00edas Mart\u00ednez\u00a0\u00a0termin\u00f3 3\u00b0 la carrera y sigue prendido en el campeonato.<\/strong><\/em><\/p>\n<p>La F\u00f3rmula Renault tambi\u00e9n brind\u00f3 un buen espect\u00e1culo, dejando como ganador en la primera carrera a Esteban Fern\u00e1ndez y en la segunda competencia a Guido Moggia. Gran actuaci\u00f3n del \u00fanico representante local, Tob\u00edas Mart\u00ednez, que termin\u00f3 quinto en la prueba sabatina y pudo hacer podio hoy al terminar tercero. De esta manera cerr\u00f3 un fin de semana positivo, donde pudo alcanzar un gran resultado acompa\u00f1ado por el p\u00fablico sanjuanino. Esto tambi\u00e9n le permite avanzar posiciones en la lucha por el campeonato.<\/p>\n","protected":false},"excerpt":{"rendered":"<p>Tob\u00edas Mart\u00ednez\u00a0\u00a0termin\u00f3 3\u00b0 la carrera y sigue prendido en el campeonato. La F\u00f3rmula Renault tambi\u00e9n brind\u00f3 un buen espect\u00e1culo, dejando como ganador en la primera carrera a Esteban Fern\u00e1ndez y en la segunda competencia a Guido Moggia. Gran actuaci\u00f3n del \u00fanico representante local, Tob\u00edas Mart\u00ednez, que termin\u00f3 quinto en la prueba sabatina y pudo hacer [&hellip;]<\/p>\n","protected":false},"author":5,"featured_media":5061,"comment_status":"open","ping_status":"open","sticky":false,"template":"","format":"standard","meta":{"footnotes":""},"categories":[39,2],"tags":[241,84,240,246],"class_list":["post-5060","post","type-post","status-publish","format-standard","has-post-thumbnail","hentry","category-automovilismo","category-featured","tag-formula-renault","tag-san-juan","tag-tobias-martinez","tag-villicum"],"yoast_head":"<!-- This site is optimized with the Yoast SEO plugin v28.2 - https:\/\/yoast.com\/product\/yoast-seo-wordpress\/ -->\n<title>Formula Renault: el sanjuanino remont\u00f3 y se subi\u00f3 al podio - San Juan Deportes<\/title>\n<meta name=\"robots\" content=\"index, follow, max-snippet:-1, max-image-preview:large, max-video-preview:-1\" \/>\n<link rel=\"canonical\" href=\"https:\/\/www.sanjuandeportes.com\/wp\/2019\/05\/20\/formula-renault-el-sanjuanino-remonto-y-se-subio-al-podio\/\" \/>\n<meta property=\"og:locale\" content=\"es_ES\" \/>\n<meta property=\"og:type\" content=\"article\" \/>\n<meta property=\"og:title\" content=\"Formula Renault: el sanjuanino remont\u00f3 y se subi\u00f3 al podio - San Juan Deportes\" \/>\n<meta property=\"og:description\" content=\"Tob\u00edas Mart\u00ednez\u00a0\u00a0termin\u00f3 3\u00b0 la carrera y sigue prendido en el campeonato. La F\u00f3rmula Renault tambi\u00e9n brind\u00f3 un buen espect\u00e1culo, dejando como ganador en la primera carrera a Esteban Fern\u00e1ndez y en la segunda competencia a Guido Moggia. Gran actuaci\u00f3n del \u00fanico representante local, Tob\u00edas Mart\u00ednez, que termin\u00f3 quinto en la prueba sabatina y pudo hacer [&hellip;]\" \/>\n<meta property=\"og:url\" content=\"https:\/\/www.sanjuandeportes.com\/wp\/2019\/05\/20\/formula-renault-el-sanjuanino-remonto-y-se-subio-al-podio\/\" \/>\n<meta property=\"og:site_name\" content=\"San Juan Deportes\" \/>\n<meta property=\"article:publisher\" content=\"https:\/\/www.facebook.com\/sanjuandeportesok\" \/>\n<meta property=\"article:published_time\" content=\"2019-05-20T00:42:41+00:00\" \/>\n<meta property=\"og:image\" content=\"https:\/\/www.sanjuandeportes.com\/wp\/wp-content\/uploads\/2019\/05\/47093006894_c51d06a0fc_b.jpg\" \/>\n\t<meta property=\"og:image:width\" content=\"1024\" \/>\n\t<meta property=\"og:image:height\" content=\"476\" \/>\n\t<meta property=\"og:image:type\" content=\"image\/jpeg\" \/>\n<meta name=\"author\" content=\"Pablo Pujado\" \/>\n<meta name=\"twitter:card\" content=\"summary_large_image\" \/>\n<meta name=\"twitter:creator\" content=\"@SanJuanDeportes\" \/>\n<meta name=\"twitter:site\" content=\"@SanJuanDeportes\" \/>\n<meta name=\"twitter:label1\" content=\"Escrito por\" \/>\n\t<meta name=\"twitter:data1\" content=\"Pablo Pujado\" \/>\n\t<meta name=\"twitter:label2\" content=\"Tiempo de lectura\" \/>\n\t<meta name=\"twitter:data2\" content=\"1 minuto\" \/>\n<script type=\"application\/ld+json\" class=\"yoast-schema-graph\">{\"@context\":\"https:\\\/\\\/schema.org\",\"@graph\":[{\"@type\":\"Article\",\"@id\":\"https:\\\/\\\/www.sanjuandeportes.com\\\/wp\\\/2019\\\/05\\\/20\\\/formula-renault-el-sanjuanino-remonto-y-se-subio-al-podio\\\/#article\",\"isPartOf\":{\"@id\":\"https:\\\/\\\/www.sanjuandeportes.com\\\/wp\\\/2019\\\/05\\\/20\\\/formula-renault-el-sanjuanino-remonto-y-se-subio-al-podio\\\/\"},\"author\":{\"name\":\"Pablo Pujado\",\"@id\":\"http:\\\/\\\/www.sanjuandeportes.com\\\/wp\\\/#\\\/schema\\\/person\\\/eda4d8e62a5d42b111781e3cdfcb9c3a\"},\"headline\":\"Formula Renault: el sanjuanino remont\u00f3 y se subi\u00f3 al podio\",\"datePublished\":\"2019-05-20T00:42:41+00:00\",\"mainEntityOfPage\":{\"@id\":\"https:\\\/\\\/www.sanjuandeportes.com\\\/wp\\\/2019\\\/05\\\/20\\\/formula-renault-el-sanjuanino-remonto-y-se-subio-al-podio\\\/\"},\"wordCount\":114,\"commentCount\":0,\"publisher\":{\"@id\":\"http:\\\/\\\/www.sanjuandeportes.com\\\/wp\\\/#organization\"},\"image\":{\"@id\":\"https:\\\/\\\/www.sanjuandeportes.com\\\/wp\\\/2019\\\/05\\\/20\\\/formula-renault-el-sanjuanino-remonto-y-se-subio-al-podio\\\/#primaryimage\"},\"thumbnailUrl\":\"http:\\\/\\\/www.sanjuandeportes.com\\\/wp\\\/wp-content\\\/uploads\\\/2019\\\/05\\\/47093006894_c51d06a0fc_b.jpg\",\"keywords\":[\"Formula Renault\",\"San Juan\",\"Tob\u00edas Mart\u00ednez\",\"Villicum\"],\"articleSection\":[\"Automovilismo\",\"Featured\"],\"inLanguage\":\"es\",\"potentialAction\":[{\"@type\":\"CommentAction\",\"name\":\"Comment\",\"target\":[\"https:\\\/\\\/www.sanjuandeportes.com\\\/wp\\\/2019\\\/05\\\/20\\\/formula-renault-el-sanjuanino-remonto-y-se-subio-al-podio\\\/#respond\"]}]},{\"@type\":\"WebPage\",\"@id\":\"https:\\\/\\\/www.sanjuandeportes.com\\\/wp\\\/2019\\\/05\\\/20\\\/formula-renault-el-sanjuanino-remonto-y-se-subio-al-podio\\\/\",\"url\":\"https:\\\/\\\/www.sanjuandeportes.com\\\/wp\\\/2019\\\/05\\\/20\\\/formula-renault-el-sanjuanino-remonto-y-se-subio-al-podio\\\/\",\"name\":\"Formula Renault: el sanjuanino remont\u00f3 y se subi\u00f3 al podio - San Juan Deportes\",\"isPartOf\":{\"@id\":\"http:\\\/\\\/www.sanjuandeportes.com\\\/wp\\\/#website\"},\"primaryImageOfPage\":{\"@id\":\"https:\\\/\\\/www.sanjuandeportes.com\\\/wp\\\/2019\\\/05\\\/20\\\/formula-renault-el-sanjuanino-remonto-y-se-subio-al-podio\\\/#primaryimage\"},\"image\":{\"@id\":\"https:\\\/\\\/www.sanjuandeportes.com\\\/wp\\\/2019\\\/05\\\/20\\\/formula-renault-el-sanjuanino-remonto-y-se-subio-al-podio\\\/#primaryimage\"},\"thumbnailUrl\":\"http:\\\/\\\/www.sanjuandeportes.com\\\/wp\\\/wp-content\\\/uploads\\\/2019\\\/05\\\/47093006894_c51d06a0fc_b.jpg\",\"datePublished\":\"2019-05-20T00:42:41+00:00\",\"breadcrumb\":{\"@id\":\"https:\\\/\\\/www.sanjuandeportes.com\\\/wp\\\/2019\\\/05\\\/20\\\/formula-renault-el-sanjuanino-remonto-y-se-subio-al-podio\\\/#breadcrumb\"},\"inLanguage\":\"es\",\"potentialAction\":[{\"@type\":\"ReadAction\",\"target\":[\"https:\\\/\\\/www.sanjuandeportes.com\\\/wp\\\/2019\\\/05\\\/20\\\/formula-renault-el-sanjuanino-remonto-y-se-subio-al-podio\\\/\"]}]},{\"@type\":\"ImageObject\",\"inLanguage\":\"es\",\"@id\":\"https:\\\/\\\/www.sanjuandeportes.com\\\/wp\\\/2019\\\/05\\\/20\\\/formula-renault-el-sanjuanino-remonto-y-se-subio-al-podio\\\/#primaryimage\",\"url\":\"http:\\\/\\\/www.sanjuandeportes.com\\\/wp\\\/wp-content\\\/uploads\\\/2019\\\/05\\\/47093006894_c51d06a0fc_b.jpg\",\"contentUrl\":\"http:\\\/\\\/www.sanjuandeportes.com\\\/wp\\\/wp-content\\\/uploads\\\/2019\\\/05\\\/47093006894_c51d06a0fc_b.jpg\",\"width\":1024,\"height\":476},{\"@type\":\"BreadcrumbList\",\"@id\":\"https:\\\/\\\/www.sanjuandeportes.com\\\/wp\\\/2019\\\/05\\\/20\\\/formula-renault-el-sanjuanino-remonto-y-se-subio-al-podio\\\/#breadcrumb\",\"itemListElement\":[{\"@type\":\"ListItem\",\"position\":1,\"name\":\"Portada\",\"item\":\"http:\\\/\\\/www.sanjuandeportes.com\\\/wp\\\/\"},{\"@type\":\"ListItem\",\"position\":2,\"name\":\"Formula Renault: el sanjuanino remont\u00f3 y se subi\u00f3 al podio\"}]},{\"@type\":\"WebSite\",\"@id\":\"http:\\\/\\\/www.sanjuandeportes.com\\\/wp\\\/#website\",\"url\":\"http:\\\/\\\/www.sanjuandeportes.com\\\/wp\\\/\",\"name\":\"San Juan Deportes\",\"description\":\"El sitio de deportes de la provincia de San Juan\",\"publisher\":{\"@id\":\"http:\\\/\\\/www.sanjuandeportes.com\\\/wp\\\/#organization\"},\"potentialAction\":[{\"@type\":\"SearchAction\",\"target\":{\"@type\":\"EntryPoint\",\"urlTemplate\":\"http:\\\/\\\/www.sanjuandeportes.com\\\/wp\\\/?s={search_term_string}\"},\"query-input\":{\"@type\":\"PropertyValueSpecification\",\"valueRequired\":true,\"valueName\":\"search_term_string\"}}],\"inLanguage\":\"es\"},{\"@type\":\"Organization\",\"@id\":\"http:\\\/\\\/www.sanjuandeportes.com\\\/wp\\\/#organization\",\"name\":\"San Juan Deportes\",\"url\":\"http:\\\/\\\/www.sanjuandeportes.com\\\/wp\\\/\",\"logo\":{\"@type\":\"ImageObject\",\"inLanguage\":\"es\",\"@id\":\"http:\\\/\\\/www.sanjuandeportes.com\\\/wp\\\/#\\\/schema\\\/logo\\\/image\\\/\",\"url\":\"https:\\\/\\\/www.sanjuandeportes.com\\\/wp\\\/wp-content\\\/uploads\\\/unnamed.jpg\",\"contentUrl\":\"https:\\\/\\\/www.sanjuandeportes.com\\\/wp\\\/wp-content\\\/uploads\\\/unnamed.jpg\",\"width\":900,\"height\":900,\"caption\":\"San Juan Deportes\"},\"image\":{\"@id\":\"http:\\\/\\\/www.sanjuandeportes.com\\\/wp\\\/#\\\/schema\\\/logo\\\/image\\\/\"},\"sameAs\":[\"https:\\\/\\\/www.facebook.com\\\/sanjuandeportesok\",\"https:\\\/\\\/x.com\\\/SanJuanDeportes\",\"https:\\\/\\\/www.instagram.com\\\/sanjuandeportes\"]},{\"@type\":\"Person\",\"@id\":\"http:\\\/\\\/www.sanjuandeportes.com\\\/wp\\\/#\\\/schema\\\/person\\\/eda4d8e62a5d42b111781e3cdfcb9c3a\",\"name\":\"Pablo Pujado\",\"image\":{\"@type\":\"ImageObject\",\"inLanguage\":\"es\",\"@id\":\"https:\\\/\\\/secure.gravatar.com\\\/avatar\\\/310b69d28112912c333408a462a9837208de951b1e7c11514781740412f648b1?s=96&d=mm&r=g\",\"url\":\"https:\\\/\\\/secure.gravatar.com\\\/avatar\\\/310b69d28112912c333408a462a9837208de951b1e7c11514781740412f648b1?s=96&d=mm&r=g\",\"contentUrl\":\"https:\\\/\\\/secure.gravatar.com\\\/avatar\\\/310b69d28112912c333408a462a9837208de951b1e7c11514781740412f648b1?s=96&d=mm&r=g\",\"caption\":\"Pablo Pujado\"},\"url\":\"http:\\\/\\\/www.sanjuandeportes.com\\\/wp\\\/author\\\/pablo-pujado\\\/\"}]}<\/script>\n<!-- \/ Yoast SEO plugin. -->","yoast_head_json":{"title":"Formula Renault: el sanjuanino remont\u00f3 y se subi\u00f3 al podio - San Juan Deportes","robots":{"index":"index","follow":"follow","max-snippet":"max-snippet:-1","max-image-preview":"max-image-preview:large","max-video-preview":"max-video-preview:-1"},"canonical":"https:\/\/www.sanjuandeportes.com\/wp\/2019\/05\/20\/formula-renault-el-sanjuanino-remonto-y-se-subio-al-podio\/","og_locale":"es_ES","og_type":"article","og_title":"Formula Renault: el sanjuanino remont\u00f3 y se subi\u00f3 al podio - San Juan Deportes","og_description":"Tob\u00edas Mart\u00ednez\u00a0\u00a0termin\u00f3 3\u00b0 la carrera y sigue prendido en el campeonato. La F\u00f3rmula Renault tambi\u00e9n brind\u00f3 un buen espect\u00e1culo, dejando como ganador en la primera carrera a Esteban Fern\u00e1ndez y en la segunda competencia a Guido Moggia. Gran actuaci\u00f3n del \u00fanico representante local, Tob\u00edas Mart\u00ednez, que termin\u00f3 quinto en la prueba sabatina y pudo hacer [&hellip;]","og_url":"https:\/\/www.sanjuandeportes.com\/wp\/2019\/05\/20\/formula-renault-el-sanjuanino-remonto-y-se-subio-al-podio\/","og_site_name":"San Juan Deportes","article_publisher":"https:\/\/www.facebook.com\/sanjuandeportesok","article_published_time":"2019-05-20T00:42:41+00:00","og_image":[{"width":1024,"height":476,"url":"https:\/\/www.sanjuandeportes.com\/wp\/wp-content\/uploads\/2019\/05\/47093006894_c51d06a0fc_b.jpg","type":"image\/jpeg"}],"author":"Pablo Pujado","twitter_card":"summary_large_image","twitter_creator":"@SanJuanDeportes","twitter_site":"@SanJuanDeportes","twitter_misc":{"Escrito por":"Pablo Pujado","Tiempo de lectura":"1 minuto"},"schema":{"@context":"https:\/\/schema.org","@graph":[{"@type":"Article","@id":"https:\/\/www.sanjuandeportes.com\/wp\/2019\/05\/20\/formula-renault-el-sanjuanino-remonto-y-se-subio-al-podio\/#article","isPartOf":{"@id":"https:\/\/www.sanjuandeportes.com\/wp\/2019\/05\/20\/formula-renault-el-sanjuanino-remonto-y-se-subio-al-podio\/"},"author":{"name":"Pablo Pujado","@id":"http:\/\/www.sanjuandeportes.com\/wp\/#\/schema\/person\/eda4d8e62a5d42b111781e3cdfcb9c3a"},"headline":"Formula Renault: el sanjuanino remont\u00f3 y se subi\u00f3 al podio","datePublished":"2019-05-20T00:42:41+00:00","mainEntityOfPage":{"@id":"https:\/\/www.sanjuandeportes.com\/wp\/2019\/05\/20\/formula-renault-el-sanjuanino-remonto-y-se-subio-al-podio\/"},"wordCount":114,"commentCount":0,"publisher":{"@id":"http:\/\/www.sanjuandeportes.com\/wp\/#organization"},"image":{"@id":"https:\/\/www.sanjuandeportes.com\/wp\/2019\/05\/20\/formula-renault-el-sanjuanino-remonto-y-se-subio-al-podio\/#primaryimage"},"thumbnailUrl":"http:\/\/www.sanjuandeportes.com\/wp\/wp-content\/uploads\/2019\/05\/47093006894_c51d06a0fc_b.jpg","keywords":["Formula Renault","San Juan","Tob\u00edas Mart\u00ednez","Villicum"],"articleSection":["Automovilismo","Featured"],"inLanguage":"es","potentialAction":[{"@type":"CommentAction","name":"Comment","target":["https:\/\/www.sanjuandeportes.com\/wp\/2019\/05\/20\/formula-renault-el-sanjuanino-remonto-y-se-subio-al-podio\/#respond"]}]},{"@type":"WebPage","@id":"https:\/\/www.sanjuandeportes.com\/wp\/2019\/05\/20\/formula-renault-el-sanjuanino-remonto-y-se-subio-al-podio\/","url":"https:\/\/www.sanjuandeportes.com\/wp\/2019\/05\/20\/formula-renault-el-sanjuanino-remonto-y-se-subio-al-podio\/","name":"Formula Renault: el sanjuanino remont\u00f3 y se subi\u00f3 al podio - San Juan Deportes","isPartOf":{"@id":"http:\/\/www.sanjuandeportes.com\/wp\/#website"},"primaryImageOfPage":{"@id":"https:\/\/www.sanjuandeportes.com\/wp\/2019\/05\/20\/formula-renault-el-sanjuanino-remonto-y-se-subio-al-podio\/#primaryimage"},"image":{"@id":"https:\/\/www.sanjuandeportes.com\/wp\/2019\/05\/20\/formula-renault-el-sanjuanino-remonto-y-se-subio-al-podio\/#primaryimage"},"thumbnailUrl":"http:\/\/www.sanjuandeportes.com\/wp\/wp-content\/uploads\/2019\/05\/47093006894_c51d06a0fc_b.jpg","datePublished":"2019-05-20T00:42:41+00:00","breadcrumb":{"@id":"https:\/\/www.sanjuandeportes.com\/wp\/2019\/05\/20\/formula-renault-el-sanjuanino-remonto-y-se-subio-al-podio\/#breadcrumb"},"inLanguage":"es","potentialAction":[{"@type":"ReadAction","target":["https:\/\/www.sanjuandeportes.com\/wp\/2019\/05\/20\/formula-renault-el-sanjuanino-remonto-y-se-subio-al-podio\/"]}]},{"@type":"ImageObject","inLanguage":"es","@id":"https:\/\/www.sanjuandeportes.com\/wp\/2019\/05\/20\/formula-renault-el-sanjuanino-remonto-y-se-subio-al-podio\/#primaryimage","url":"http:\/\/www.sanjuandeportes.com\/wp\/wp-content\/uploads\/2019\/05\/47093006894_c51d06a0fc_b.jpg","contentUrl":"http:\/\/www.sanjuandeportes.com\/wp\/wp-content\/uploads\/2019\/05\/47093006894_c51d06a0fc_b.jpg","width":1024,"height":476},{"@type":"BreadcrumbList","@id":"https:\/\/www.sanjuandeportes.com\/wp\/2019\/05\/20\/formula-renault-el-sanjuanino-remonto-y-se-subio-al-podio\/#breadcrumb","itemListElement":[{"@type":"ListItem","position":1,"name":"Portada","item":"http:\/\/www.sanjuandeportes.com\/wp\/"},{"@type":"ListItem","position":2,"name":"Formula Renault: el sanjuanino remont\u00f3 y se subi\u00f3 al podio"}]},{"@type":"WebSite","@id":"http:\/\/www.sanjuandeportes.com\/wp\/#website","url":"http:\/\/www.sanjuandeportes.com\/wp\/","name":"San Juan Deportes","description":"El sitio de deportes de la provincia de San Juan","publisher":{"@id":"http:\/\/www.sanjuandeportes.com\/wp\/#organization"},"potentialAction":[{"@type":"SearchAction","target":{"@type":"EntryPoint","urlTemplate":"http:\/\/www.sanjuandeportes.com\/wp\/?s={search_term_string}"},"query-input":{"@type":"PropertyValueSpecification","valueRequired":true,"valueName":"search_term_string"}}],"inLanguage":"es"},{"@type":"Organization","@id":"http:\/\/www.sanjuandeportes.com\/wp\/#organization","name":"San Juan Deportes","url":"http:\/\/www.sanjuandeportes.com\/wp\/","logo":{"@type":"ImageObject","inLanguage":"es","@id":"http:\/\/www.sanjuandeportes.com\/wp\/#\/schema\/logo\/image\/","url":"https:\/\/www.sanjuandeportes.com\/wp\/wp-content\/uploads\/unnamed.jpg","contentUrl":"https:\/\/www.sanjuandeportes.com\/wp\/wp-content\/uploads\/unnamed.jpg","width":900,"height":900,"caption":"San Juan Deportes"},"image":{"@id":"http:\/\/www.sanjuandeportes.com\/wp\/#\/schema\/logo\/image\/"},"sameAs":["https:\/\/www.facebook.com\/sanjuandeportesok","https:\/\/x.com\/SanJuanDeportes","https:\/\/www.instagram.com\/sanjuandeportes"]},{"@type":"Person","@id":"http:\/\/www.sanjuandeportes.com\/wp\/#\/schema\/person\/eda4d8e62a5d42b111781e3cdfcb9c3a","name":"Pablo Pujado","image":{"@type":"ImageObject","inLanguage":"es","@id":"https:\/\/secure.gravatar.com\/avatar\/310b69d28112912c333408a462a9837208de951b1e7c11514781740412f648b1?s=96&d=mm&r=g","url":"https:\/\/secure.gravatar.com\/avatar\/310b69d28112912c333408a462a9837208de951b1e7c11514781740412f648b1?s=96&d=mm&r=g","contentUrl":"https:\/\/secure.gravatar.com\/avatar\/310b69d28112912c333408a462a9837208de951b1e7c11514781740412f648b1?s=96&d=mm&r=g","caption":"Pablo Pujado"},"url":"http:\/\/www.sanjuandeportes.com\/wp\/author\/pablo-pujado\/"}]}},"_links":{"self":[{"href":"http:\/\/www.sanjuandeportes.com\/wp\/wp-json\/wp\/v2\/posts\/5060","targetHints":{"allow":["GET"]}}],"collection":[{"href":"http:\/\/www.sanjuandeportes.com\/wp\/wp-json\/wp\/v2\/posts"}],"about":[{"href":"http:\/\/www.sanjuandeportes.com\/wp\/wp-json\/wp\/v2\/types\/post"}],"author":[{"embeddable":true,"href":"http:\/\/www.sanjuandeportes.com\/wp\/wp-json\/wp\/v2\/users\/5"}],"replies":[{"embeddable":true,"href":"http:\/\/www.sanjuandeportes.com\/wp\/wp-json\/wp\/v2\/comments?post=5060"}],"version-history":[{"count":1,"href":"http:\/\/www.sanjuandeportes.com\/wp\/wp-json\/wp\/v2\/posts\/5060\/revisions"}],"predecessor-version":[{"id":5062,"href":"http:\/\/www.sanjuandeportes.com\/wp\/wp-json\/wp\/v2\/posts\/5060\/revisions\/5062"}],"wp:featuredmedia":[{"embeddable":true,"href":"http:\/\/www.sanjuandeportes.com\/wp\/wp-json\/wp\/v2\/media\/5061"}],"wp:attachment":[{"href":"http:\/\/www.sanjuandeportes.com\/wp\/wp-json\/wp\/v2\/media?parent=5060"}],"wp:term":[{"taxonomy":"category","embeddable":true,"href":"http:\/\/www.sanjuandeportes.com\/wp\/wp-json\/wp\/v2\/categories?post=5060"},{"taxonomy":"post_tag","embeddable":true,"href":"http:\/\/www.sanjuandeportes.com\/wp\/wp-json\/wp\/v2\/tags?post=5060"}],"curies":[{"name":"wp","href":"https:\/\/api.w.org\/{rel}","templated":true}]}}