{"id":5085,"date":"2019-05-21T01:22:40","date_gmt":"2019-05-21T01:22:40","guid":{"rendered":"http:\/\/www.sanjuandeportes.com\/wp\/?p=5085"},"modified":"2019-05-21T01:22:40","modified_gmt":"2019-05-21T01:22:40","slug":"el-pac-man-fernandez-cayo-en-su-primer-combate-en-espana","status":"publish","type":"post","link":"http:\/\/www.sanjuandeportes.com\/wp\/2019\/05\/21\/el-pac-man-fernandez-cayo-en-su-primer-combate-en-espana\/","title":{"rendered":"El \u00abPac Man\u00bb Fern\u00e1ndez cay\u00f3 en su primer combate en Espa\u00f1a"},"content":{"rendered":"<p>Ezequiel Fern\u00e1ndez, cay\u00f3 ante Samuel Molina en Espa\u00f1a, pa\u00eds de donde es oriundo el ganador. En esa pelea estuvo en juego el t\u00edtulo Iberoamericano de peso ligero, de la Organizaci\u00f3n Internacional de Boxeo.<\/p>\n<p>El combate se desarroll\u00f3 en el club Saga Heredia de M\u00e1laga y el jurado proclam\u00f3,\u00a0en forma un\u00e1nime, como vencedor a\u00a0Molina.<\/p>\n<p>El boxeador sanjuanino de 28 a\u00f1os, forjado en el Club Mocoroa, inici\u00f3\u00a0con este combate su aventura europea bajo la conducci\u00f3n de Luciano Cuello -exboxeador (pele\u00f3 y perdi\u00f3 con Julio Cesar Ch\u00e1vez Jr. y Canelo \u00c1lvarez) quien ahora se dedica a programar campa\u00f1as de argentinos en Espa\u00f1a.<\/p>\n<p>&nbsp;<\/p>\n","protected":false},"excerpt":{"rendered":"<p>Ezequiel Fern\u00e1ndez, cay\u00f3 ante Samuel Molina en Espa\u00f1a, pa\u00eds de donde es oriundo el ganador. En esa pelea estuvo en juego el t\u00edtulo Iberoamericano de peso ligero, de la Organizaci\u00f3n Internacional de Boxeo. El combate se desarroll\u00f3 en el club Saga Heredia de M\u00e1laga y el jurado proclam\u00f3,\u00a0en forma un\u00e1nime, como vencedor a\u00a0Molina. El boxeador [&hellip;]<\/p>\n","protected":false},"author":5,"featured_media":5086,"comment_status":"open","ping_status":"open","sticky":false,"template":"","format":"standard","meta":{"footnotes":""},"categories":[179,2],"tags":[263,266,265,264],"class_list":["post-5085","post","type-post","status-publish","format-standard","has-post-thumbnail","hentry","category-boxeo","category-featured","tag-boxeo","tag-fernandez","tag-pac-man"],"yoast_head":"<!-- This site is optimized with the Yoast SEO plugin v28.2 - https:\/\/yoast.com\/product\/yoast-seo-wordpress\/ -->\n<title>El &quot;Pac Man&quot; Fern\u00e1ndez cay\u00f3 en su primer combate en Espa\u00f1a - San Juan Deportes<\/title>\n<meta name=\"robots\" content=\"index, follow, max-snippet:-1, max-image-preview:large, max-video-preview:-1\" \/>\n<link rel=\"canonical\" href=\"https:\/\/www.sanjuandeportes.com\/wp\/2019\/05\/21\/el-pac-man-fernandez-cayo-en-su-primer-combate-en-espana\/\" \/>\n<meta property=\"og:locale\" content=\"es_ES\" \/>\n<meta property=\"og:type\" content=\"article\" \/>\n<meta property=\"og:title\" content=\"El &quot;Pac Man&quot; Fern\u00e1ndez cay\u00f3 en su primer combate en Espa\u00f1a - San Juan Deportes\" \/>\n<meta property=\"og:description\" content=\"Ezequiel Fern\u00e1ndez, cay\u00f3 ante Samuel Molina en Espa\u00f1a, pa\u00eds de donde es oriundo el ganador. En esa pelea estuvo en juego el t\u00edtulo Iberoamericano de peso ligero, de la Organizaci\u00f3n Internacional de Boxeo. El combate se desarroll\u00f3 en el club Saga Heredia de M\u00e1laga y el jurado proclam\u00f3,\u00a0en forma un\u00e1nime, como vencedor a\u00a0Molina. El boxeador [&hellip;]\" \/>\n<meta property=\"og:url\" content=\"https:\/\/www.sanjuandeportes.com\/wp\/2019\/05\/21\/el-pac-man-fernandez-cayo-en-su-primer-combate-en-espana\/\" \/>\n<meta property=\"og:site_name\" content=\"San Juan Deportes\" \/>\n<meta property=\"article:publisher\" content=\"https:\/\/www.facebook.com\/sanjuandeportesok\" \/>\n<meta property=\"article:published_time\" content=\"2019-05-21T01:22:40+00:00\" \/>\n<meta property=\"og:image\" content=\"https:\/\/www.sanjuandeportes.com\/wp\/wp-content\/uploads\/2019\/05\/AD.jpg\" \/>\n\t<meta property=\"og:image:width\" content=\"920\" \/>\n\t<meta property=\"og:image:height\" content=\"690\" \/>\n\t<meta property=\"og:image:type\" content=\"image\/jpeg\" \/>\n<meta name=\"author\" content=\"Pablo Pujado\" \/>\n<meta name=\"twitter:card\" content=\"summary_large_image\" \/>\n<meta name=\"twitter:creator\" content=\"@SanJuanDeportes\" \/>\n<meta name=\"twitter:site\" content=\"@SanJuanDeportes\" \/>\n<meta name=\"twitter:label1\" content=\"Escrito por\" \/>\n\t<meta name=\"twitter:data1\" content=\"Pablo Pujado\" \/>\n\t<meta name=\"twitter:label2\" content=\"Tiempo de lectura\" \/>\n\t<meta name=\"twitter:data2\" content=\"1 minuto\" \/>\n<script type=\"application\/ld+json\" class=\"yoast-schema-graph\">{\"@context\":\"https:\\\/\\\/schema.org\",\"@graph\":[{\"@type\":\"Article\",\"@id\":\"https:\\\/\\\/www.sanjuandeportes.com\\\/wp\\\/2019\\\/05\\\/21\\\/el-pac-man-fernandez-cayo-en-su-primer-combate-en-espana\\\/#article\",\"isPartOf\":{\"@id\":\"https:\\\/\\\/www.sanjuandeportes.com\\\/wp\\\/2019\\\/05\\\/21\\\/el-pac-man-fernandez-cayo-en-su-primer-combate-en-espana\\\/\"},\"author\":{\"name\":\"Pablo Pujado\",\"@id\":\"http:\\\/\\\/www.sanjuandeportes.com\\\/wp\\\/#\\\/schema\\\/person\\\/eda4d8e62a5d42b111781e3cdfcb9c3a\"},\"headline\":\"El \u00abPac Man\u00bb Fern\u00e1ndez cay\u00f3 en su primer combate en Espa\u00f1a\",\"datePublished\":\"2019-05-21T01:22:40+00:00\",\"mainEntityOfPage\":{\"@id\":\"https:\\\/\\\/www.sanjuandeportes.com\\\/wp\\\/2019\\\/05\\\/21\\\/el-pac-man-fernandez-cayo-en-su-primer-combate-en-espana\\\/\"},\"wordCount\":127,\"commentCount\":0,\"publisher\":{\"@id\":\"http:\\\/\\\/www.sanjuandeportes.com\\\/wp\\\/#organization\"},\"image\":{\"@id\":\"https:\\\/\\\/www.sanjuandeportes.com\\\/wp\\\/2019\\\/05\\\/21\\\/el-pac-man-fernandez-cayo-en-su-primer-combate-en-espana\\\/#primaryimage\"},\"thumbnailUrl\":\"http:\\\/\\\/www.sanjuandeportes.com\\\/wp\\\/wp-content\\\/uploads\\\/2019\\\/05\\\/AD.jpg\",\"keywords\":[\"Boxeo\",\"Espa\u00f1a\",\"Fernandez\",\"Pac Man\"],\"articleSection\":[\"Boxeo\",\"Featured\"],\"inLanguage\":\"es\",\"potentialAction\":[{\"@type\":\"CommentAction\",\"name\":\"Comment\",\"target\":[\"https:\\\/\\\/www.sanjuandeportes.com\\\/wp\\\/2019\\\/05\\\/21\\\/el-pac-man-fernandez-cayo-en-su-primer-combate-en-espana\\\/#respond\"]}]},{\"@type\":\"WebPage\",\"@id\":\"https:\\\/\\\/www.sanjuandeportes.com\\\/wp\\\/2019\\\/05\\\/21\\\/el-pac-man-fernandez-cayo-en-su-primer-combate-en-espana\\\/\",\"url\":\"https:\\\/\\\/www.sanjuandeportes.com\\\/wp\\\/2019\\\/05\\\/21\\\/el-pac-man-fernandez-cayo-en-su-primer-combate-en-espana\\\/\",\"name\":\"El \\\"Pac Man\\\" Fern\u00e1ndez cay\u00f3 en su primer combate en Espa\u00f1a - San Juan Deportes\",\"isPartOf\":{\"@id\":\"http:\\\/\\\/www.sanjuandeportes.com\\\/wp\\\/#website\"},\"primaryImageOfPage\":{\"@id\":\"https:\\\/\\\/www.sanjuandeportes.com\\\/wp\\\/2019\\\/05\\\/21\\\/el-pac-man-fernandez-cayo-en-su-primer-combate-en-espana\\\/#primaryimage\"},\"image\":{\"@id\":\"https:\\\/\\\/www.sanjuandeportes.com\\\/wp\\\/2019\\\/05\\\/21\\\/el-pac-man-fernandez-cayo-en-su-primer-combate-en-espana\\\/#primaryimage\"},\"thumbnailUrl\":\"http:\\\/\\\/www.sanjuandeportes.com\\\/wp\\\/wp-content\\\/uploads\\\/2019\\\/05\\\/AD.jpg\",\"datePublished\":\"2019-05-21T01:22:40+00:00\",\"breadcrumb\":{\"@id\":\"https:\\\/\\\/www.sanjuandeportes.com\\\/wp\\\/2019\\\/05\\\/21\\\/el-pac-man-fernandez-cayo-en-su-primer-combate-en-espana\\\/#breadcrumb\"},\"inLanguage\":\"es\",\"potentialAction\":[{\"@type\":\"ReadAction\",\"target\":[\"https:\\\/\\\/www.sanjuandeportes.com\\\/wp\\\/2019\\\/05\\\/21\\\/el-pac-man-fernandez-cayo-en-su-primer-combate-en-espana\\\/\"]}]},{\"@type\":\"ImageObject\",\"inLanguage\":\"es\",\"@id\":\"https:\\\/\\\/www.sanjuandeportes.com\\\/wp\\\/2019\\\/05\\\/21\\\/el-pac-man-fernandez-cayo-en-su-primer-combate-en-espana\\\/#primaryimage\",\"url\":\"http:\\\/\\\/www.sanjuandeportes.com\\\/wp\\\/wp-content\\\/uploads\\\/2019\\\/05\\\/AD.jpg\",\"contentUrl\":\"http:\\\/\\\/www.sanjuandeportes.com\\\/wp\\\/wp-content\\\/uploads\\\/2019\\\/05\\\/AD.jpg\",\"width\":920,\"height\":690},{\"@type\":\"BreadcrumbList\",\"@id\":\"https:\\\/\\\/www.sanjuandeportes.com\\\/wp\\\/2019\\\/05\\\/21\\\/el-pac-man-fernandez-cayo-en-su-primer-combate-en-espana\\\/#breadcrumb\",\"itemListElement\":[{\"@type\":\"ListItem\",\"position\":1,\"name\":\"Portada\",\"item\":\"http:\\\/\\\/www.sanjuandeportes.com\\\/wp\\\/\"},{\"@type\":\"ListItem\",\"position\":2,\"name\":\"El \u00abPac Man\u00bb Fern\u00e1ndez cay\u00f3 en su primer combate en Espa\u00f1a\"}]},{\"@type\":\"WebSite\",\"@id\":\"http:\\\/\\\/www.sanjuandeportes.com\\\/wp\\\/#website\",\"url\":\"http:\\\/\\\/www.sanjuandeportes.com\\\/wp\\\/\",\"name\":\"San Juan Deportes\",\"description\":\"El sitio de deportes de la provincia de San Juan\",\"publisher\":{\"@id\":\"http:\\\/\\\/www.sanjuandeportes.com\\\/wp\\\/#organization\"},\"potentialAction\":[{\"@type\":\"SearchAction\",\"target\":{\"@type\":\"EntryPoint\",\"urlTemplate\":\"http:\\\/\\\/www.sanjuandeportes.com\\\/wp\\\/?s={search_term_string}\"},\"query-input\":{\"@type\":\"PropertyValueSpecification\",\"valueRequired\":true,\"valueName\":\"search_term_string\"}}],\"inLanguage\":\"es\"},{\"@type\":\"Organization\",\"@id\":\"http:\\\/\\\/www.sanjuandeportes.com\\\/wp\\\/#organization\",\"name\":\"San Juan Deportes\",\"url\":\"http:\\\/\\\/www.sanjuandeportes.com\\\/wp\\\/\",\"logo\":{\"@type\":\"ImageObject\",\"inLanguage\":\"es\",\"@id\":\"http:\\\/\\\/www.sanjuandeportes.com\\\/wp\\\/#\\\/schema\\\/logo\\\/image\\\/\",\"url\":\"https:\\\/\\\/www.sanjuandeportes.com\\\/wp\\\/wp-content\\\/uploads\\\/unnamed.jpg\",\"contentUrl\":\"https:\\\/\\\/www.sanjuandeportes.com\\\/wp\\\/wp-content\\\/uploads\\\/unnamed.jpg\",\"width\":900,\"height\":900,\"caption\":\"San Juan Deportes\"},\"image\":{\"@id\":\"http:\\\/\\\/www.sanjuandeportes.com\\\/wp\\\/#\\\/schema\\\/logo\\\/image\\\/\"},\"sameAs\":[\"https:\\\/\\\/www.facebook.com\\\/sanjuandeportesok\",\"https:\\\/\\\/x.com\\\/SanJuanDeportes\",\"https:\\\/\\\/www.instagram.com\\\/sanjuandeportes\"]},{\"@type\":\"Person\",\"@id\":\"http:\\\/\\\/www.sanjuandeportes.com\\\/wp\\\/#\\\/schema\\\/person\\\/eda4d8e62a5d42b111781e3cdfcb9c3a\",\"name\":\"Pablo Pujado\",\"image\":{\"@type\":\"ImageObject\",\"inLanguage\":\"es\",\"@id\":\"https:\\\/\\\/secure.gravatar.com\\\/avatar\\\/310b69d28112912c333408a462a9837208de951b1e7c11514781740412f648b1?s=96&d=mm&r=g\",\"url\":\"https:\\\/\\\/secure.gravatar.com\\\/avatar\\\/310b69d28112912c333408a462a9837208de951b1e7c11514781740412f648b1?s=96&d=mm&r=g\",\"contentUrl\":\"https:\\\/\\\/secure.gravatar.com\\\/avatar\\\/310b69d28112912c333408a462a9837208de951b1e7c11514781740412f648b1?s=96&d=mm&r=g\",\"caption\":\"Pablo Pujado\"},\"url\":\"http:\\\/\\\/www.sanjuandeportes.com\\\/wp\\\/author\\\/pablo-pujado\\\/\"}]}<\/script>\n<!-- \/ Yoast SEO plugin. -->","yoast_head_json":{"title":"El \"Pac Man\" Fern\u00e1ndez cay\u00f3 en su primer combate en Espa\u00f1a - San Juan Deportes","robots":{"index":"index","follow":"follow","max-snippet":"max-snippet:-1","max-image-preview":"max-image-preview:large","max-video-preview":"max-video-preview:-1"},"canonical":"https:\/\/www.sanjuandeportes.com\/wp\/2019\/05\/21\/el-pac-man-fernandez-cayo-en-su-primer-combate-en-espana\/","og_locale":"es_ES","og_type":"article","og_title":"El \"Pac Man\" Fern\u00e1ndez cay\u00f3 en su primer combate en Espa\u00f1a - San Juan Deportes","og_description":"Ezequiel Fern\u00e1ndez, cay\u00f3 ante Samuel Molina en Espa\u00f1a, pa\u00eds de donde es oriundo el ganador. En esa pelea estuvo en juego el t\u00edtulo Iberoamericano de peso ligero, de la Organizaci\u00f3n Internacional de Boxeo. El combate se desarroll\u00f3 en el club Saga Heredia de M\u00e1laga y el jurado proclam\u00f3,\u00a0en forma un\u00e1nime, como vencedor a\u00a0Molina. El boxeador [&hellip;]","og_url":"https:\/\/www.sanjuandeportes.com\/wp\/2019\/05\/21\/el-pac-man-fernandez-cayo-en-su-primer-combate-en-espana\/","og_site_name":"San Juan Deportes","article_publisher":"https:\/\/www.facebook.com\/sanjuandeportesok","article_published_time":"2019-05-21T01:22:40+00:00","og_image":[{"width":920,"height":690,"url":"https:\/\/www.sanjuandeportes.com\/wp\/wp-content\/uploads\/2019\/05\/AD.jpg","type":"image\/jpeg"}],"author":"Pablo Pujado","twitter_card":"summary_large_image","twitter_creator":"@SanJuanDeportes","twitter_site":"@SanJuanDeportes","twitter_misc":{"Escrito por":"Pablo Pujado","Tiempo de lectura":"1 minuto"},"schema":{"@context":"https:\/\/schema.org","@graph":[{"@type":"Article","@id":"https:\/\/www.sanjuandeportes.com\/wp\/2019\/05\/21\/el-pac-man-fernandez-cayo-en-su-primer-combate-en-espana\/#article","isPartOf":{"@id":"https:\/\/www.sanjuandeportes.com\/wp\/2019\/05\/21\/el-pac-man-fernandez-cayo-en-su-primer-combate-en-espana\/"},"author":{"name":"Pablo Pujado","@id":"http:\/\/www.sanjuandeportes.com\/wp\/#\/schema\/person\/eda4d8e62a5d42b111781e3cdfcb9c3a"},"headline":"El \u00abPac Man\u00bb Fern\u00e1ndez cay\u00f3 en su primer combate en Espa\u00f1a","datePublished":"2019-05-21T01:22:40+00:00","mainEntityOfPage":{"@id":"https:\/\/www.sanjuandeportes.com\/wp\/2019\/05\/21\/el-pac-man-fernandez-cayo-en-su-primer-combate-en-espana\/"},"wordCount":127,"commentCount":0,"publisher":{"@id":"http:\/\/www.sanjuandeportes.com\/wp\/#organization"},"image":{"@id":"https:\/\/www.sanjuandeportes.com\/wp\/2019\/05\/21\/el-pac-man-fernandez-cayo-en-su-primer-combate-en-espana\/#primaryimage"},"thumbnailUrl":"http:\/\/www.sanjuandeportes.com\/wp\/wp-content\/uploads\/2019\/05\/AD.jpg","keywords":["Boxeo","Espa\u00f1a","Fernandez","Pac Man"],"articleSection":["Boxeo","Featured"],"inLanguage":"es","potentialAction":[{"@type":"CommentAction","name":"Comment","target":["https:\/\/www.sanjuandeportes.com\/wp\/2019\/05\/21\/el-pac-man-fernandez-cayo-en-su-primer-combate-en-espana\/#respond"]}]},{"@type":"WebPage","@id":"https:\/\/www.sanjuandeportes.com\/wp\/2019\/05\/21\/el-pac-man-fernandez-cayo-en-su-primer-combate-en-espana\/","url":"https:\/\/www.sanjuandeportes.com\/wp\/2019\/05\/21\/el-pac-man-fernandez-cayo-en-su-primer-combate-en-espana\/","name":"El \"Pac Man\" Fern\u00e1ndez cay\u00f3 en su primer combate en Espa\u00f1a - San Juan Deportes","isPartOf":{"@id":"http:\/\/www.sanjuandeportes.com\/wp\/#website"},"primaryImageOfPage":{"@id":"https:\/\/www.sanjuandeportes.com\/wp\/2019\/05\/21\/el-pac-man-fernandez-cayo-en-su-primer-combate-en-espana\/#primaryimage"},"image":{"@id":"https:\/\/www.sanjuandeportes.com\/wp\/2019\/05\/21\/el-pac-man-fernandez-cayo-en-su-primer-combate-en-espana\/#primaryimage"},"thumbnailUrl":"http:\/\/www.sanjuandeportes.com\/wp\/wp-content\/uploads\/2019\/05\/AD.jpg","datePublished":"2019-05-21T01:22:40+00:00","breadcrumb":{"@id":"https:\/\/www.sanjuandeportes.com\/wp\/2019\/05\/21\/el-pac-man-fernandez-cayo-en-su-primer-combate-en-espana\/#breadcrumb"},"inLanguage":"es","potentialAction":[{"@type":"ReadAction","target":["https:\/\/www.sanjuandeportes.com\/wp\/2019\/05\/21\/el-pac-man-fernandez-cayo-en-su-primer-combate-en-espana\/"]}]},{"@type":"ImageObject","inLanguage":"es","@id":"https:\/\/www.sanjuandeportes.com\/wp\/2019\/05\/21\/el-pac-man-fernandez-cayo-en-su-primer-combate-en-espana\/#primaryimage","url":"http:\/\/www.sanjuandeportes.com\/wp\/wp-content\/uploads\/2019\/05\/AD.jpg","contentUrl":"http:\/\/www.sanjuandeportes.com\/wp\/wp-content\/uploads\/2019\/05\/AD.jpg","width":920,"height":690},{"@type":"BreadcrumbList","@id":"https:\/\/www.sanjuandeportes.com\/wp\/2019\/05\/21\/el-pac-man-fernandez-cayo-en-su-primer-combate-en-espana\/#breadcrumb","itemListElement":[{"@type":"ListItem","position":1,"name":"Portada","item":"http:\/\/www.sanjuandeportes.com\/wp\/"},{"@type":"ListItem","position":2,"name":"El \u00abPac Man\u00bb Fern\u00e1ndez cay\u00f3 en su primer combate en Espa\u00f1a"}]},{"@type":"WebSite","@id":"http:\/\/www.sanjuandeportes.com\/wp\/#website","url":"http:\/\/www.sanjuandeportes.com\/wp\/","name":"San Juan Deportes","description":"El sitio de deportes de la provincia de San Juan","publisher":{"@id":"http:\/\/www.sanjuandeportes.com\/wp\/#organization"},"potentialAction":[{"@type":"SearchAction","target":{"@type":"EntryPoint","urlTemplate":"http:\/\/www.sanjuandeportes.com\/wp\/?s={search_term_string}"},"query-input":{"@type":"PropertyValueSpecification","valueRequired":true,"valueName":"search_term_string"}}],"inLanguage":"es"},{"@type":"Organization","@id":"http:\/\/www.sanjuandeportes.com\/wp\/#organization","name":"San Juan Deportes","url":"http:\/\/www.sanjuandeportes.com\/wp\/","logo":{"@type":"ImageObject","inLanguage":"es","@id":"http:\/\/www.sanjuandeportes.com\/wp\/#\/schema\/logo\/image\/","url":"https:\/\/www.sanjuandeportes.com\/wp\/wp-content\/uploads\/unnamed.jpg","contentUrl":"https:\/\/www.sanjuandeportes.com\/wp\/wp-content\/uploads\/unnamed.jpg","width":900,"height":900,"caption":"San Juan Deportes"},"image":{"@id":"http:\/\/www.sanjuandeportes.com\/wp\/#\/schema\/logo\/image\/"},"sameAs":["https:\/\/www.facebook.com\/sanjuandeportesok","https:\/\/x.com\/SanJuanDeportes","https:\/\/www.instagram.com\/sanjuandeportes"]},{"@type":"Person","@id":"http:\/\/www.sanjuandeportes.com\/wp\/#\/schema\/person\/eda4d8e62a5d42b111781e3cdfcb9c3a","name":"Pablo Pujado","image":{"@type":"ImageObject","inLanguage":"es","@id":"https:\/\/secure.gravatar.com\/avatar\/310b69d28112912c333408a462a9837208de951b1e7c11514781740412f648b1?s=96&d=mm&r=g","url":"https:\/\/secure.gravatar.com\/avatar\/310b69d28112912c333408a462a9837208de951b1e7c11514781740412f648b1?s=96&d=mm&r=g","contentUrl":"https:\/\/secure.gravatar.com\/avatar\/310b69d28112912c333408a462a9837208de951b1e7c11514781740412f648b1?s=96&d=mm&r=g","caption":"Pablo Pujado"},"url":"http:\/\/www.sanjuandeportes.com\/wp\/author\/pablo-pujado\/"}]}},"_links":{"self":[{"href":"http:\/\/www.sanjuandeportes.com\/wp\/wp-json\/wp\/v2\/posts\/5085","targetHints":{"allow":["GET"]}}],"collection":[{"href":"http:\/\/www.sanjuandeportes.com\/wp\/wp-json\/wp\/v2\/posts"}],"about":[{"href":"http:\/\/www.sanjuandeportes.com\/wp\/wp-json\/wp\/v2\/types\/post"}],"author":[{"embeddable":true,"href":"http:\/\/www.sanjuandeportes.com\/wp\/wp-json\/wp\/v2\/users\/5"}],"replies":[{"embeddable":true,"href":"http:\/\/www.sanjuandeportes.com\/wp\/wp-json\/wp\/v2\/comments?post=5085"}],"version-history":[{"count":1,"href":"http:\/\/www.sanjuandeportes.com\/wp\/wp-json\/wp\/v2\/posts\/5085\/revisions"}],"predecessor-version":[{"id":5087,"href":"http:\/\/www.sanjuandeportes.com\/wp\/wp-json\/wp\/v2\/posts\/5085\/revisions\/5087"}],"wp:featuredmedia":[{"embeddable":true,"href":"http:\/\/www.sanjuandeportes.com\/wp\/wp-json\/wp\/v2\/media\/5086"}],"wp:attachment":[{"href":"http:\/\/www.sanjuandeportes.com\/wp\/wp-json\/wp\/v2\/media?parent=5085"}],"wp:term":[{"taxonomy":"category","embeddable":true,"href":"http:\/\/www.sanjuandeportes.com\/wp\/wp-json\/wp\/v2\/categories?post=5085"},{"taxonomy":"post_tag","embeddable":true,"href":"http:\/\/www.sanjuandeportes.com\/wp\/wp-json\/wp\/v2\/tags?post=5085"}],"curies":[{"name":"wp","href":"https:\/\/api.w.org\/{rel}","templated":true}]}}