{"id":5453,"date":"2019-06-10T22:15:25","date_gmt":"2019-06-10T22:15:25","guid":{"rendered":"http:\/\/www.sanjuandeportes.com\/wp\/?p=5453"},"modified":"2019-06-10T22:17:10","modified_gmt":"2019-06-10T22:17:10","slug":"buena-participacion-de-san-juan-en-el-nacional-de-voley","status":"publish","type":"post","link":"http:\/\/www.sanjuandeportes.com\/wp\/2019\/06\/10\/buena-participacion-de-san-juan-en-el-nacional-de-voley\/","title":{"rendered":"Buena participaci\u00f3n de San Juan en el Nacional de V\u00f3ley"},"content":{"rendered":"<p><em><strong>Las delegaciones de v\u00f3ley Sub 17 culminaron en 6to y 7mo lugar en el Torneo Nacional disputado en la provincia de Santa Fe.<\/strong><\/em><\/p>\n<p>El domingo por la tarde, las delegaciones sanjuaninas masculina y femenina de v\u00f3ley finalizaron su participaci\u00f3n en el certamen nacional, categor\u00eda Sub 17. En esta oportunidad ambas ramas finalizaron entre los diez mejores de todo el pa\u00eds.<\/p>\n<p>La ciudad de Rosario fue la encargada de albergar uno de los cert\u00e1menes m\u00e1s importantes de Argentina. La selecci\u00f3n masculina consigui\u00f3 dos victorias y una derrota en zona de grupos. Luego en la zona por campeonato la suerte no estuvo de su lado cayendo ante Buenos Aires y Metropolitana (campe\u00f3n del certamen). La \u00fanica victoria en esa instancia fue ante Mendoza.<\/p>\n<p>Luego venci\u00f3 a Chaco por 3 a 1, y volvi\u00f3 a enfrentarse a Mendoza donde esta vez cay\u00f3 por 3 a 2. Con este resultado los sanjuaninos se quedaron con el 6to lugar.<\/p>\n<p>Por otro lado, las chicas no tuvieron mucha suerte del 5to al 8vo lugar. En primer lugar perdieron 3 a 2 ante Buenos Aires y luego ante Chaco por 3 a 0, qued\u00e1ndose en 7mo lugar del certamen.<\/p>\n<p>Ambas ramas participaron del certamen gracias al apoyo del Gobierno de la Provincia, a trav\u00e9s de la Secretar\u00eda de Estado de Deportes.<\/p>\n","protected":false},"excerpt":{"rendered":"<p>Las delegaciones de v\u00f3ley Sub 17 culminaron en 6to y 7mo lugar en el Torneo Nacional disputado en la provincia de Santa Fe. El domingo por la tarde, las delegaciones sanjuaninas masculina y femenina de v\u00f3ley finalizaron su participaci\u00f3n en el certamen nacional, categor\u00eda Sub 17. En esta oportunidad ambas ramas finalizaron entre los diez [&hellip;]<\/p>\n","protected":false},"author":5,"featured_media":5454,"comment_status":"open","ping_status":"open","sticky":false,"template":"","format":"standard","meta":{"footnotes":""},"categories":[2,178,34],"tags":[511,84,167],"class_list":["post-5453","post","type-post","status-publish","format-standard","has-post-thumbnail","hentry","category-featured","category-san-juan","category-voley","tag-nacional-de-clubes","tag-san-juan","tag-voley"],"yoast_head":"<!-- This site is optimized with the Yoast SEO plugin v28.2 - https:\/\/yoast.com\/product\/yoast-seo-wordpress\/ -->\n<title>Buena participaci\u00f3n de San Juan en el Nacional de V\u00f3ley - San Juan Deportes<\/title>\n<meta name=\"robots\" content=\"index, follow, max-snippet:-1, max-image-preview:large, max-video-preview:-1\" \/>\n<link rel=\"canonical\" href=\"http:\/\/www.sanjuandeportes.com\/wp\/2019\/06\/10\/buena-participacion-de-san-juan-en-el-nacional-de-voley\/\" \/>\n<meta property=\"og:locale\" content=\"es_ES\" \/>\n<meta property=\"og:type\" content=\"article\" \/>\n<meta property=\"og:title\" content=\"Buena participaci\u00f3n de San Juan en el Nacional de V\u00f3ley - San Juan Deportes\" \/>\n<meta property=\"og:description\" content=\"Las delegaciones de v\u00f3ley Sub 17 culminaron en 6to y 7mo lugar en el Torneo Nacional disputado en la provincia de Santa Fe. El domingo por la tarde, las delegaciones sanjuaninas masculina y femenina de v\u00f3ley finalizaron su participaci\u00f3n en el certamen nacional, categor\u00eda Sub 17. En esta oportunidad ambas ramas finalizaron entre los diez [&hellip;]\" \/>\n<meta property=\"og:url\" content=\"http:\/\/www.sanjuandeportes.com\/wp\/2019\/06\/10\/buena-participacion-de-san-juan-en-el-nacional-de-voley\/\" \/>\n<meta property=\"og:site_name\" content=\"San Juan Deportes\" \/>\n<meta property=\"article:publisher\" content=\"https:\/\/www.facebook.com\/sanjuandeportesok\" \/>\n<meta property=\"article:published_time\" content=\"2019-06-10T22:15:25+00:00\" \/>\n<meta property=\"article:modified_time\" content=\"2019-06-10T22:17:10+00:00\" \/>\n<meta property=\"og:image\" content=\"http:\/\/www.sanjuandeportes.com\/wp\/wp-content\/uploads\/2019\/06\/d44a0362ddee6e5f4ae0fa0dc720b37a_L.jpg\" \/>\n\t<meta property=\"og:image:width\" content=\"782\" \/>\n\t<meta property=\"og:image:height\" content=\"440\" \/>\n\t<meta property=\"og:image:type\" content=\"image\/jpeg\" \/>\n<meta name=\"author\" content=\"Pablo Pujado\" \/>\n<meta name=\"twitter:card\" content=\"summary_large_image\" \/>\n<meta name=\"twitter:creator\" content=\"@SanJuanDeportes\" \/>\n<meta name=\"twitter:site\" content=\"@SanJuanDeportes\" \/>\n<meta name=\"twitter:label1\" content=\"Escrito por\" \/>\n\t<meta name=\"twitter:data1\" content=\"Pablo Pujado\" \/>\n\t<meta name=\"twitter:label2\" content=\"Tiempo de lectura\" \/>\n\t<meta name=\"twitter:data2\" content=\"1 minuto\" \/>\n<script type=\"application\/ld+json\" class=\"yoast-schema-graph\">{\"@context\":\"https:\\\/\\\/schema.org\",\"@graph\":[{\"@type\":\"Article\",\"@id\":\"http:\\\/\\\/www.sanjuandeportes.com\\\/wp\\\/2019\\\/06\\\/10\\\/buena-participacion-de-san-juan-en-el-nacional-de-voley\\\/#article\",\"isPartOf\":{\"@id\":\"http:\\\/\\\/www.sanjuandeportes.com\\\/wp\\\/2019\\\/06\\\/10\\\/buena-participacion-de-san-juan-en-el-nacional-de-voley\\\/\"},\"author\":{\"name\":\"Pablo Pujado\",\"@id\":\"http:\\\/\\\/www.sanjuandeportes.com\\\/wp\\\/#\\\/schema\\\/person\\\/eda4d8e62a5d42b111781e3cdfcb9c3a\"},\"headline\":\"Buena participaci\u00f3n de San Juan en el Nacional de V\u00f3ley\",\"datePublished\":\"2019-06-10T22:15:25+00:00\",\"dateModified\":\"2019-06-10T22:17:10+00:00\",\"mainEntityOfPage\":{\"@id\":\"http:\\\/\\\/www.sanjuandeportes.com\\\/wp\\\/2019\\\/06\\\/10\\\/buena-participacion-de-san-juan-en-el-nacional-de-voley\\\/\"},\"wordCount\":228,\"commentCount\":0,\"publisher\":{\"@id\":\"http:\\\/\\\/www.sanjuandeportes.com\\\/wp\\\/#organization\"},\"image\":{\"@id\":\"http:\\\/\\\/www.sanjuandeportes.com\\\/wp\\\/2019\\\/06\\\/10\\\/buena-participacion-de-san-juan-en-el-nacional-de-voley\\\/#primaryimage\"},\"thumbnailUrl\":\"http:\\\/\\\/www.sanjuandeportes.com\\\/wp\\\/wp-content\\\/uploads\\\/2019\\\/06\\\/d44a0362ddee6e5f4ae0fa0dc720b37a_L.jpg\",\"keywords\":[\"Nacional de Clubes\",\"San Juan\",\"V\u00f3ley\"],\"articleSection\":[\"Featured\",\"San Juan\",\"Voley\"],\"inLanguage\":\"es\",\"potentialAction\":[{\"@type\":\"CommentAction\",\"name\":\"Comment\",\"target\":[\"http:\\\/\\\/www.sanjuandeportes.com\\\/wp\\\/2019\\\/06\\\/10\\\/buena-participacion-de-san-juan-en-el-nacional-de-voley\\\/#respond\"]}]},{\"@type\":\"WebPage\",\"@id\":\"http:\\\/\\\/www.sanjuandeportes.com\\\/wp\\\/2019\\\/06\\\/10\\\/buena-participacion-de-san-juan-en-el-nacional-de-voley\\\/\",\"url\":\"http:\\\/\\\/www.sanjuandeportes.com\\\/wp\\\/2019\\\/06\\\/10\\\/buena-participacion-de-san-juan-en-el-nacional-de-voley\\\/\",\"name\":\"Buena participaci\u00f3n de San Juan en el Nacional de V\u00f3ley - San Juan Deportes\",\"isPartOf\":{\"@id\":\"http:\\\/\\\/www.sanjuandeportes.com\\\/wp\\\/#website\"},\"primaryImageOfPage\":{\"@id\":\"http:\\\/\\\/www.sanjuandeportes.com\\\/wp\\\/2019\\\/06\\\/10\\\/buena-participacion-de-san-juan-en-el-nacional-de-voley\\\/#primaryimage\"},\"image\":{\"@id\":\"http:\\\/\\\/www.sanjuandeportes.com\\\/wp\\\/2019\\\/06\\\/10\\\/buena-participacion-de-san-juan-en-el-nacional-de-voley\\\/#primaryimage\"},\"thumbnailUrl\":\"http:\\\/\\\/www.sanjuandeportes.com\\\/wp\\\/wp-content\\\/uploads\\\/2019\\\/06\\\/d44a0362ddee6e5f4ae0fa0dc720b37a_L.jpg\",\"datePublished\":\"2019-06-10T22:15:25+00:00\",\"dateModified\":\"2019-06-10T22:17:10+00:00\",\"breadcrumb\":{\"@id\":\"http:\\\/\\\/www.sanjuandeportes.com\\\/wp\\\/2019\\\/06\\\/10\\\/buena-participacion-de-san-juan-en-el-nacional-de-voley\\\/#breadcrumb\"},\"inLanguage\":\"es\",\"potentialAction\":[{\"@type\":\"ReadAction\",\"target\":[\"http:\\\/\\\/www.sanjuandeportes.com\\\/wp\\\/2019\\\/06\\\/10\\\/buena-participacion-de-san-juan-en-el-nacional-de-voley\\\/\"]}]},{\"@type\":\"ImageObject\",\"inLanguage\":\"es\",\"@id\":\"http:\\\/\\\/www.sanjuandeportes.com\\\/wp\\\/2019\\\/06\\\/10\\\/buena-participacion-de-san-juan-en-el-nacional-de-voley\\\/#primaryimage\",\"url\":\"http:\\\/\\\/www.sanjuandeportes.com\\\/wp\\\/wp-content\\\/uploads\\\/2019\\\/06\\\/d44a0362ddee6e5f4ae0fa0dc720b37a_L.jpg\",\"contentUrl\":\"http:\\\/\\\/www.sanjuandeportes.com\\\/wp\\\/wp-content\\\/uploads\\\/2019\\\/06\\\/d44a0362ddee6e5f4ae0fa0dc720b37a_L.jpg\",\"width\":782,\"height\":440},{\"@type\":\"BreadcrumbList\",\"@id\":\"http:\\\/\\\/www.sanjuandeportes.com\\\/wp\\\/2019\\\/06\\\/10\\\/buena-participacion-de-san-juan-en-el-nacional-de-voley\\\/#breadcrumb\",\"itemListElement\":[{\"@type\":\"ListItem\",\"position\":1,\"name\":\"Portada\",\"item\":\"http:\\\/\\\/www.sanjuandeportes.com\\\/wp\\\/\"},{\"@type\":\"ListItem\",\"position\":2,\"name\":\"Buena participaci\u00f3n de San Juan en el Nacional de V\u00f3ley\"}]},{\"@type\":\"WebSite\",\"@id\":\"http:\\\/\\\/www.sanjuandeportes.com\\\/wp\\\/#website\",\"url\":\"http:\\\/\\\/www.sanjuandeportes.com\\\/wp\\\/\",\"name\":\"San Juan Deportes\",\"description\":\"El sitio de deportes de la provincia de San Juan\",\"publisher\":{\"@id\":\"http:\\\/\\\/www.sanjuandeportes.com\\\/wp\\\/#organization\"},\"potentialAction\":[{\"@type\":\"SearchAction\",\"target\":{\"@type\":\"EntryPoint\",\"urlTemplate\":\"http:\\\/\\\/www.sanjuandeportes.com\\\/wp\\\/?s={search_term_string}\"},\"query-input\":{\"@type\":\"PropertyValueSpecification\",\"valueRequired\":true,\"valueName\":\"search_term_string\"}}],\"inLanguage\":\"es\"},{\"@type\":\"Organization\",\"@id\":\"http:\\\/\\\/www.sanjuandeportes.com\\\/wp\\\/#organization\",\"name\":\"San Juan Deportes\",\"url\":\"http:\\\/\\\/www.sanjuandeportes.com\\\/wp\\\/\",\"logo\":{\"@type\":\"ImageObject\",\"inLanguage\":\"es\",\"@id\":\"http:\\\/\\\/www.sanjuandeportes.com\\\/wp\\\/#\\\/schema\\\/logo\\\/image\\\/\",\"url\":\"https:\\\/\\\/www.sanjuandeportes.com\\\/wp\\\/wp-content\\\/uploads\\\/unnamed.jpg\",\"contentUrl\":\"https:\\\/\\\/www.sanjuandeportes.com\\\/wp\\\/wp-content\\\/uploads\\\/unnamed.jpg\",\"width\":900,\"height\":900,\"caption\":\"San Juan Deportes\"},\"image\":{\"@id\":\"http:\\\/\\\/www.sanjuandeportes.com\\\/wp\\\/#\\\/schema\\\/logo\\\/image\\\/\"},\"sameAs\":[\"https:\\\/\\\/www.facebook.com\\\/sanjuandeportesok\",\"https:\\\/\\\/x.com\\\/SanJuanDeportes\",\"https:\\\/\\\/www.instagram.com\\\/sanjuandeportes\"]},{\"@type\":\"Person\",\"@id\":\"http:\\\/\\\/www.sanjuandeportes.com\\\/wp\\\/#\\\/schema\\\/person\\\/eda4d8e62a5d42b111781e3cdfcb9c3a\",\"name\":\"Pablo Pujado\",\"image\":{\"@type\":\"ImageObject\",\"inLanguage\":\"es\",\"@id\":\"https:\\\/\\\/secure.gravatar.com\\\/avatar\\\/310b69d28112912c333408a462a9837208de951b1e7c11514781740412f648b1?s=96&d=mm&r=g\",\"url\":\"https:\\\/\\\/secure.gravatar.com\\\/avatar\\\/310b69d28112912c333408a462a9837208de951b1e7c11514781740412f648b1?s=96&d=mm&r=g\",\"contentUrl\":\"https:\\\/\\\/secure.gravatar.com\\\/avatar\\\/310b69d28112912c333408a462a9837208de951b1e7c11514781740412f648b1?s=96&d=mm&r=g\",\"caption\":\"Pablo Pujado\"},\"url\":\"http:\\\/\\\/www.sanjuandeportes.com\\\/wp\\\/author\\\/pablo-pujado\\\/\"}]}<\/script>\n<!-- \/ Yoast SEO plugin. -->","yoast_head_json":{"title":"Buena participaci\u00f3n de San Juan en el Nacional de V\u00f3ley - San Juan Deportes","robots":{"index":"index","follow":"follow","max-snippet":"max-snippet:-1","max-image-preview":"max-image-preview:large","max-video-preview":"max-video-preview:-1"},"canonical":"http:\/\/www.sanjuandeportes.com\/wp\/2019\/06\/10\/buena-participacion-de-san-juan-en-el-nacional-de-voley\/","og_locale":"es_ES","og_type":"article","og_title":"Buena participaci\u00f3n de San Juan en el Nacional de V\u00f3ley - San Juan Deportes","og_description":"Las delegaciones de v\u00f3ley Sub 17 culminaron en 6to y 7mo lugar en el Torneo Nacional disputado en la provincia de Santa Fe. El domingo por la tarde, las delegaciones sanjuaninas masculina y femenina de v\u00f3ley finalizaron su participaci\u00f3n en el certamen nacional, categor\u00eda Sub 17. En esta oportunidad ambas ramas finalizaron entre los diez [&hellip;]","og_url":"http:\/\/www.sanjuandeportes.com\/wp\/2019\/06\/10\/buena-participacion-de-san-juan-en-el-nacional-de-voley\/","og_site_name":"San Juan Deportes","article_publisher":"https:\/\/www.facebook.com\/sanjuandeportesok","article_published_time":"2019-06-10T22:15:25+00:00","article_modified_time":"2019-06-10T22:17:10+00:00","og_image":[{"width":782,"height":440,"url":"http:\/\/www.sanjuandeportes.com\/wp\/wp-content\/uploads\/2019\/06\/d44a0362ddee6e5f4ae0fa0dc720b37a_L.jpg","type":"image\/jpeg"}],"author":"Pablo Pujado","twitter_card":"summary_large_image","twitter_creator":"@SanJuanDeportes","twitter_site":"@SanJuanDeportes","twitter_misc":{"Escrito por":"Pablo Pujado","Tiempo de lectura":"1 minuto"},"schema":{"@context":"https:\/\/schema.org","@graph":[{"@type":"Article","@id":"http:\/\/www.sanjuandeportes.com\/wp\/2019\/06\/10\/buena-participacion-de-san-juan-en-el-nacional-de-voley\/#article","isPartOf":{"@id":"http:\/\/www.sanjuandeportes.com\/wp\/2019\/06\/10\/buena-participacion-de-san-juan-en-el-nacional-de-voley\/"},"author":{"name":"Pablo Pujado","@id":"http:\/\/www.sanjuandeportes.com\/wp\/#\/schema\/person\/eda4d8e62a5d42b111781e3cdfcb9c3a"},"headline":"Buena participaci\u00f3n de San Juan en el Nacional de V\u00f3ley","datePublished":"2019-06-10T22:15:25+00:00","dateModified":"2019-06-10T22:17:10+00:00","mainEntityOfPage":{"@id":"http:\/\/www.sanjuandeportes.com\/wp\/2019\/06\/10\/buena-participacion-de-san-juan-en-el-nacional-de-voley\/"},"wordCount":228,"commentCount":0,"publisher":{"@id":"http:\/\/www.sanjuandeportes.com\/wp\/#organization"},"image":{"@id":"http:\/\/www.sanjuandeportes.com\/wp\/2019\/06\/10\/buena-participacion-de-san-juan-en-el-nacional-de-voley\/#primaryimage"},"thumbnailUrl":"http:\/\/www.sanjuandeportes.com\/wp\/wp-content\/uploads\/2019\/06\/d44a0362ddee6e5f4ae0fa0dc720b37a_L.jpg","keywords":["Nacional de Clubes","San Juan","V\u00f3ley"],"articleSection":["Featured","San Juan","Voley"],"inLanguage":"es","potentialAction":[{"@type":"CommentAction","name":"Comment","target":["http:\/\/www.sanjuandeportes.com\/wp\/2019\/06\/10\/buena-participacion-de-san-juan-en-el-nacional-de-voley\/#respond"]}]},{"@type":"WebPage","@id":"http:\/\/www.sanjuandeportes.com\/wp\/2019\/06\/10\/buena-participacion-de-san-juan-en-el-nacional-de-voley\/","url":"http:\/\/www.sanjuandeportes.com\/wp\/2019\/06\/10\/buena-participacion-de-san-juan-en-el-nacional-de-voley\/","name":"Buena participaci\u00f3n de San Juan en el Nacional de V\u00f3ley - San Juan Deportes","isPartOf":{"@id":"http:\/\/www.sanjuandeportes.com\/wp\/#website"},"primaryImageOfPage":{"@id":"http:\/\/www.sanjuandeportes.com\/wp\/2019\/06\/10\/buena-participacion-de-san-juan-en-el-nacional-de-voley\/#primaryimage"},"image":{"@id":"http:\/\/www.sanjuandeportes.com\/wp\/2019\/06\/10\/buena-participacion-de-san-juan-en-el-nacional-de-voley\/#primaryimage"},"thumbnailUrl":"http:\/\/www.sanjuandeportes.com\/wp\/wp-content\/uploads\/2019\/06\/d44a0362ddee6e5f4ae0fa0dc720b37a_L.jpg","datePublished":"2019-06-10T22:15:25+00:00","dateModified":"2019-06-10T22:17:10+00:00","breadcrumb":{"@id":"http:\/\/www.sanjuandeportes.com\/wp\/2019\/06\/10\/buena-participacion-de-san-juan-en-el-nacional-de-voley\/#breadcrumb"},"inLanguage":"es","potentialAction":[{"@type":"ReadAction","target":["http:\/\/www.sanjuandeportes.com\/wp\/2019\/06\/10\/buena-participacion-de-san-juan-en-el-nacional-de-voley\/"]}]},{"@type":"ImageObject","inLanguage":"es","@id":"http:\/\/www.sanjuandeportes.com\/wp\/2019\/06\/10\/buena-participacion-de-san-juan-en-el-nacional-de-voley\/#primaryimage","url":"http:\/\/www.sanjuandeportes.com\/wp\/wp-content\/uploads\/2019\/06\/d44a0362ddee6e5f4ae0fa0dc720b37a_L.jpg","contentUrl":"http:\/\/www.sanjuandeportes.com\/wp\/wp-content\/uploads\/2019\/06\/d44a0362ddee6e5f4ae0fa0dc720b37a_L.jpg","width":782,"height":440},{"@type":"BreadcrumbList","@id":"http:\/\/www.sanjuandeportes.com\/wp\/2019\/06\/10\/buena-participacion-de-san-juan-en-el-nacional-de-voley\/#breadcrumb","itemListElement":[{"@type":"ListItem","position":1,"name":"Portada","item":"http:\/\/www.sanjuandeportes.com\/wp\/"},{"@type":"ListItem","position":2,"name":"Buena participaci\u00f3n de San Juan en el Nacional de V\u00f3ley"}]},{"@type":"WebSite","@id":"http:\/\/www.sanjuandeportes.com\/wp\/#website","url":"http:\/\/www.sanjuandeportes.com\/wp\/","name":"San Juan Deportes","description":"El sitio de deportes de la provincia de San Juan","publisher":{"@id":"http:\/\/www.sanjuandeportes.com\/wp\/#organization"},"potentialAction":[{"@type":"SearchAction","target":{"@type":"EntryPoint","urlTemplate":"http:\/\/www.sanjuandeportes.com\/wp\/?s={search_term_string}"},"query-input":{"@type":"PropertyValueSpecification","valueRequired":true,"valueName":"search_term_string"}}],"inLanguage":"es"},{"@type":"Organization","@id":"http:\/\/www.sanjuandeportes.com\/wp\/#organization","name":"San Juan Deportes","url":"http:\/\/www.sanjuandeportes.com\/wp\/","logo":{"@type":"ImageObject","inLanguage":"es","@id":"http:\/\/www.sanjuandeportes.com\/wp\/#\/schema\/logo\/image\/","url":"https:\/\/www.sanjuandeportes.com\/wp\/wp-content\/uploads\/unnamed.jpg","contentUrl":"https:\/\/www.sanjuandeportes.com\/wp\/wp-content\/uploads\/unnamed.jpg","width":900,"height":900,"caption":"San Juan Deportes"},"image":{"@id":"http:\/\/www.sanjuandeportes.com\/wp\/#\/schema\/logo\/image\/"},"sameAs":["https:\/\/www.facebook.com\/sanjuandeportesok","https:\/\/x.com\/SanJuanDeportes","https:\/\/www.instagram.com\/sanjuandeportes"]},{"@type":"Person","@id":"http:\/\/www.sanjuandeportes.com\/wp\/#\/schema\/person\/eda4d8e62a5d42b111781e3cdfcb9c3a","name":"Pablo Pujado","image":{"@type":"ImageObject","inLanguage":"es","@id":"https:\/\/secure.gravatar.com\/avatar\/310b69d28112912c333408a462a9837208de951b1e7c11514781740412f648b1?s=96&d=mm&r=g","url":"https:\/\/secure.gravatar.com\/avatar\/310b69d28112912c333408a462a9837208de951b1e7c11514781740412f648b1?s=96&d=mm&r=g","contentUrl":"https:\/\/secure.gravatar.com\/avatar\/310b69d28112912c333408a462a9837208de951b1e7c11514781740412f648b1?s=96&d=mm&r=g","caption":"Pablo Pujado"},"url":"http:\/\/www.sanjuandeportes.com\/wp\/author\/pablo-pujado\/"}]}},"_links":{"self":[{"href":"http:\/\/www.sanjuandeportes.com\/wp\/wp-json\/wp\/v2\/posts\/5453","targetHints":{"allow":["GET"]}}],"collection":[{"href":"http:\/\/www.sanjuandeportes.com\/wp\/wp-json\/wp\/v2\/posts"}],"about":[{"href":"http:\/\/www.sanjuandeportes.com\/wp\/wp-json\/wp\/v2\/types\/post"}],"author":[{"embeddable":true,"href":"http:\/\/www.sanjuandeportes.com\/wp\/wp-json\/wp\/v2\/users\/5"}],"replies":[{"embeddable":true,"href":"http:\/\/www.sanjuandeportes.com\/wp\/wp-json\/wp\/v2\/comments?post=5453"}],"version-history":[{"count":1,"href":"http:\/\/www.sanjuandeportes.com\/wp\/wp-json\/wp\/v2\/posts\/5453\/revisions"}],"predecessor-version":[{"id":5455,"href":"http:\/\/www.sanjuandeportes.com\/wp\/wp-json\/wp\/v2\/posts\/5453\/revisions\/5455"}],"wp:featuredmedia":[{"embeddable":true,"href":"http:\/\/www.sanjuandeportes.com\/wp\/wp-json\/wp\/v2\/media\/5454"}],"wp:attachment":[{"href":"http:\/\/www.sanjuandeportes.com\/wp\/wp-json\/wp\/v2\/media?parent=5453"}],"wp:term":[{"taxonomy":"category","embeddable":true,"href":"http:\/\/www.sanjuandeportes.com\/wp\/wp-json\/wp\/v2\/categories?post=5453"},{"taxonomy":"post_tag","embeddable":true,"href":"http:\/\/www.sanjuandeportes.com\/wp\/wp-json\/wp\/v2\/tags?post=5453"}],"curies":[{"name":"wp","href":"https:\/\/api.w.org\/{rel}","templated":true}]}}