{"id":5679,"date":"2019-06-26T00:01:00","date_gmt":"2019-06-26T00:01:00","guid":{"rendered":"http:\/\/www.sanjuandeportes.com\/wp\/?p=5679"},"modified":"2019-06-26T00:16:03","modified_gmt":"2019-06-26T00:16:03","slug":"victor-nazareno-godoy-uno-de-los-apuntados-a-dirigir-desamparados","status":"publish","type":"post","link":"http:\/\/www.sanjuandeportes.com\/wp\/2019\/06\/26\/victor-nazareno-godoy-uno-de-los-apuntados-a-dirigir-desamparados\/","title":{"rendered":"V\u00edctor Nazareno Godoy, uno de los apuntados a dirigir Desamparados"},"content":{"rendered":"<p>Tras la salida de \u00abCopito\u00bb Andrada, el exentrenador de San Jorge de Tucum\u00e1n es uno de los posible reemplazante que tiene en carpeta la dirigencia.<\/p>\n<p class=\"nota\">De larga trayectoria en la categor\u00eda, Godoy supo ser entrenador de clubes como Juventud Antoniana y Altos Hornos Zapla entre otros, antes de su gran paso en San Jorge de Tucum\u00e1n donde alcanz\u00f3 las finales del ascenso al Nacional B.<\/p>\n<p>Si bien la dirigencia del V\u00edbora coment\u00f3 que todav\u00eda restan algunos detalles y tambi\u00e9n se manejan otras opciones, fuentes cercanas al DT lo dan por hecho que en la pr\u00f3xima temporada Nazareno Godoy ser\u00e1 el nuevo entrenador de Sportivo Desamparados.<\/p>\n","protected":false},"excerpt":{"rendered":"<p>Tras la salida de \u00abCopito\u00bb Andrada, el exentrenador de San Jorge de Tucum\u00e1n es uno de los posible reemplazante que tiene en carpeta la dirigencia. De larga trayectoria en la categor\u00eda, Godoy supo ser entrenador de clubes como Juventud Antoniana y Altos Hornos Zapla entre otros, antes de su gran paso en San Jorge de [&hellip;]<\/p>\n","protected":false},"author":5,"featured_media":5680,"comment_status":"open","ping_status":"open","sticky":false,"template":"","format":"standard","meta":{"footnotes":""},"categories":[2,36,24,178],"tags":[38,559],"class_list":["post-5679","post","type-post","status-publish","format-standard","has-post-thumbnail","hentry","category-featured","category-federal-a","category-futbol","category-san-juan","tag-desamparados","tag-victor-nazareno-godoy"],"yoast_head":"<!-- This site is optimized with the Yoast SEO plugin v28.2 - https:\/\/yoast.com\/product\/yoast-seo-wordpress\/ -->\n<title>V\u00edctor Nazareno Godoy, uno de los apuntados a dirigir Desamparados - San Juan Deportes<\/title>\n<meta name=\"robots\" content=\"index, follow, max-snippet:-1, max-image-preview:large, max-video-preview:-1\" \/>\n<link rel=\"canonical\" href=\"https:\/\/www.sanjuandeportes.com\/wp\/2019\/06\/26\/victor-nazareno-godoy-uno-de-los-apuntados-a-dirigir-desamparados\/\" \/>\n<meta property=\"og:locale\" content=\"es_ES\" \/>\n<meta property=\"og:type\" content=\"article\" \/>\n<meta property=\"og:title\" content=\"V\u00edctor Nazareno Godoy, uno de los apuntados a dirigir Desamparados - San Juan Deportes\" \/>\n<meta property=\"og:description\" content=\"Tras la salida de \u00abCopito\u00bb Andrada, el exentrenador de San Jorge de Tucum\u00e1n es uno de los posible reemplazante que tiene en carpeta la dirigencia. De larga trayectoria en la categor\u00eda, Godoy supo ser entrenador de clubes como Juventud Antoniana y Altos Hornos Zapla entre otros, antes de su gran paso en San Jorge de [&hellip;]\" \/>\n<meta property=\"og:url\" content=\"https:\/\/www.sanjuandeportes.com\/wp\/2019\/06\/26\/victor-nazareno-godoy-uno-de-los-apuntados-a-dirigir-desamparados\/\" \/>\n<meta property=\"og:site_name\" content=\"San Juan Deportes\" \/>\n<meta property=\"article:publisher\" content=\"https:\/\/www.facebook.com\/sanjuandeportesok\" \/>\n<meta property=\"article:published_time\" content=\"2019-06-26T00:01:00+00:00\" \/>\n<meta property=\"article:modified_time\" content=\"2019-06-26T00:16:03+00:00\" \/>\n<meta property=\"og:image\" content=\"https:\/\/www.sanjuandeportes.com\/wp\/wp-content\/uploads\/2019\/06\/818x460_190624152421_96682.jpg\" \/>\n\t<meta property=\"og:image:width\" content=\"818\" \/>\n\t<meta property=\"og:image:height\" content=\"460\" \/>\n\t<meta property=\"og:image:type\" content=\"image\/jpeg\" \/>\n<meta name=\"author\" content=\"Pablo Pujado\" \/>\n<meta name=\"twitter:card\" content=\"summary_large_image\" \/>\n<meta name=\"twitter:creator\" content=\"@SanJuanDeportes\" \/>\n<meta name=\"twitter:site\" content=\"@SanJuanDeportes\" \/>\n<meta name=\"twitter:label1\" content=\"Escrito por\" \/>\n\t<meta name=\"twitter:data1\" content=\"Pablo Pujado\" \/>\n\t<meta name=\"twitter:label2\" content=\"Tiempo de lectura\" \/>\n\t<meta name=\"twitter:data2\" content=\"1 minuto\" \/>\n<script type=\"application\/ld+json\" class=\"yoast-schema-graph\">{\"@context\":\"https:\\\/\\\/schema.org\",\"@graph\":[{\"@type\":\"Article\",\"@id\":\"https:\\\/\\\/www.sanjuandeportes.com\\\/wp\\\/2019\\\/06\\\/26\\\/victor-nazareno-godoy-uno-de-los-apuntados-a-dirigir-desamparados\\\/#article\",\"isPartOf\":{\"@id\":\"https:\\\/\\\/www.sanjuandeportes.com\\\/wp\\\/2019\\\/06\\\/26\\\/victor-nazareno-godoy-uno-de-los-apuntados-a-dirigir-desamparados\\\/\"},\"author\":{\"name\":\"Pablo Pujado\",\"@id\":\"http:\\\/\\\/www.sanjuandeportes.com\\\/wp\\\/#\\\/schema\\\/person\\\/eda4d8e62a5d42b111781e3cdfcb9c3a\"},\"headline\":\"V\u00edctor Nazareno Godoy, uno de los apuntados a dirigir Desamparados\",\"datePublished\":\"2019-06-26T00:01:00+00:00\",\"dateModified\":\"2019-06-26T00:16:03+00:00\",\"mainEntityOfPage\":{\"@id\":\"https:\\\/\\\/www.sanjuandeportes.com\\\/wp\\\/2019\\\/06\\\/26\\\/victor-nazareno-godoy-uno-de-los-apuntados-a-dirigir-desamparados\\\/\"},\"wordCount\":123,\"commentCount\":0,\"publisher\":{\"@id\":\"http:\\\/\\\/www.sanjuandeportes.com\\\/wp\\\/#organization\"},\"image\":{\"@id\":\"https:\\\/\\\/www.sanjuandeportes.com\\\/wp\\\/2019\\\/06\\\/26\\\/victor-nazareno-godoy-uno-de-los-apuntados-a-dirigir-desamparados\\\/#primaryimage\"},\"thumbnailUrl\":\"http:\\\/\\\/www.sanjuandeportes.com\\\/wp\\\/wp-content\\\/uploads\\\/2019\\\/06\\\/818x460_190624152421_96682.jpg\",\"keywords\":[\"Desamparados\",\"V\u00edctor Nazareno Godoy\"],\"articleSection\":[\"Featured\",\"Federal A\",\"Futbol\",\"San Juan\"],\"inLanguage\":\"es\",\"potentialAction\":[{\"@type\":\"CommentAction\",\"name\":\"Comment\",\"target\":[\"https:\\\/\\\/www.sanjuandeportes.com\\\/wp\\\/2019\\\/06\\\/26\\\/victor-nazareno-godoy-uno-de-los-apuntados-a-dirigir-desamparados\\\/#respond\"]}]},{\"@type\":\"WebPage\",\"@id\":\"https:\\\/\\\/www.sanjuandeportes.com\\\/wp\\\/2019\\\/06\\\/26\\\/victor-nazareno-godoy-uno-de-los-apuntados-a-dirigir-desamparados\\\/\",\"url\":\"https:\\\/\\\/www.sanjuandeportes.com\\\/wp\\\/2019\\\/06\\\/26\\\/victor-nazareno-godoy-uno-de-los-apuntados-a-dirigir-desamparados\\\/\",\"name\":\"V\u00edctor Nazareno Godoy, uno de los apuntados a dirigir Desamparados - San Juan Deportes\",\"isPartOf\":{\"@id\":\"http:\\\/\\\/www.sanjuandeportes.com\\\/wp\\\/#website\"},\"primaryImageOfPage\":{\"@id\":\"https:\\\/\\\/www.sanjuandeportes.com\\\/wp\\\/2019\\\/06\\\/26\\\/victor-nazareno-godoy-uno-de-los-apuntados-a-dirigir-desamparados\\\/#primaryimage\"},\"image\":{\"@id\":\"https:\\\/\\\/www.sanjuandeportes.com\\\/wp\\\/2019\\\/06\\\/26\\\/victor-nazareno-godoy-uno-de-los-apuntados-a-dirigir-desamparados\\\/#primaryimage\"},\"thumbnailUrl\":\"http:\\\/\\\/www.sanjuandeportes.com\\\/wp\\\/wp-content\\\/uploads\\\/2019\\\/06\\\/818x460_190624152421_96682.jpg\",\"datePublished\":\"2019-06-26T00:01:00+00:00\",\"dateModified\":\"2019-06-26T00:16:03+00:00\",\"breadcrumb\":{\"@id\":\"https:\\\/\\\/www.sanjuandeportes.com\\\/wp\\\/2019\\\/06\\\/26\\\/victor-nazareno-godoy-uno-de-los-apuntados-a-dirigir-desamparados\\\/#breadcrumb\"},\"inLanguage\":\"es\",\"potentialAction\":[{\"@type\":\"ReadAction\",\"target\":[\"https:\\\/\\\/www.sanjuandeportes.com\\\/wp\\\/2019\\\/06\\\/26\\\/victor-nazareno-godoy-uno-de-los-apuntados-a-dirigir-desamparados\\\/\"]}]},{\"@type\":\"ImageObject\",\"inLanguage\":\"es\",\"@id\":\"https:\\\/\\\/www.sanjuandeportes.com\\\/wp\\\/2019\\\/06\\\/26\\\/victor-nazareno-godoy-uno-de-los-apuntados-a-dirigir-desamparados\\\/#primaryimage\",\"url\":\"http:\\\/\\\/www.sanjuandeportes.com\\\/wp\\\/wp-content\\\/uploads\\\/2019\\\/06\\\/818x460_190624152421_96682.jpg\",\"contentUrl\":\"http:\\\/\\\/www.sanjuandeportes.com\\\/wp\\\/wp-content\\\/uploads\\\/2019\\\/06\\\/818x460_190624152421_96682.jpg\",\"width\":818,\"height\":460},{\"@type\":\"BreadcrumbList\",\"@id\":\"https:\\\/\\\/www.sanjuandeportes.com\\\/wp\\\/2019\\\/06\\\/26\\\/victor-nazareno-godoy-uno-de-los-apuntados-a-dirigir-desamparados\\\/#breadcrumb\",\"itemListElement\":[{\"@type\":\"ListItem\",\"position\":1,\"name\":\"Portada\",\"item\":\"http:\\\/\\\/www.sanjuandeportes.com\\\/wp\\\/\"},{\"@type\":\"ListItem\",\"position\":2,\"name\":\"V\u00edctor Nazareno Godoy, uno de los apuntados a dirigir Desamparados\"}]},{\"@type\":\"WebSite\",\"@id\":\"http:\\\/\\\/www.sanjuandeportes.com\\\/wp\\\/#website\",\"url\":\"http:\\\/\\\/www.sanjuandeportes.com\\\/wp\\\/\",\"name\":\"San Juan Deportes\",\"description\":\"El sitio de deportes de la provincia de San Juan\",\"publisher\":{\"@id\":\"http:\\\/\\\/www.sanjuandeportes.com\\\/wp\\\/#organization\"},\"potentialAction\":[{\"@type\":\"SearchAction\",\"target\":{\"@type\":\"EntryPoint\",\"urlTemplate\":\"http:\\\/\\\/www.sanjuandeportes.com\\\/wp\\\/?s={search_term_string}\"},\"query-input\":{\"@type\":\"PropertyValueSpecification\",\"valueRequired\":true,\"valueName\":\"search_term_string\"}}],\"inLanguage\":\"es\"},{\"@type\":\"Organization\",\"@id\":\"http:\\\/\\\/www.sanjuandeportes.com\\\/wp\\\/#organization\",\"name\":\"San Juan Deportes\",\"url\":\"http:\\\/\\\/www.sanjuandeportes.com\\\/wp\\\/\",\"logo\":{\"@type\":\"ImageObject\",\"inLanguage\":\"es\",\"@id\":\"http:\\\/\\\/www.sanjuandeportes.com\\\/wp\\\/#\\\/schema\\\/logo\\\/image\\\/\",\"url\":\"https:\\\/\\\/www.sanjuandeportes.com\\\/wp\\\/wp-content\\\/uploads\\\/unnamed.jpg\",\"contentUrl\":\"https:\\\/\\\/www.sanjuandeportes.com\\\/wp\\\/wp-content\\\/uploads\\\/unnamed.jpg\",\"width\":900,\"height\":900,\"caption\":\"San Juan Deportes\"},\"image\":{\"@id\":\"http:\\\/\\\/www.sanjuandeportes.com\\\/wp\\\/#\\\/schema\\\/logo\\\/image\\\/\"},\"sameAs\":[\"https:\\\/\\\/www.facebook.com\\\/sanjuandeportesok\",\"https:\\\/\\\/x.com\\\/SanJuanDeportes\",\"https:\\\/\\\/www.instagram.com\\\/sanjuandeportes\"]},{\"@type\":\"Person\",\"@id\":\"http:\\\/\\\/www.sanjuandeportes.com\\\/wp\\\/#\\\/schema\\\/person\\\/eda4d8e62a5d42b111781e3cdfcb9c3a\",\"name\":\"Pablo Pujado\",\"image\":{\"@type\":\"ImageObject\",\"inLanguage\":\"es\",\"@id\":\"https:\\\/\\\/secure.gravatar.com\\\/avatar\\\/310b69d28112912c333408a462a9837208de951b1e7c11514781740412f648b1?s=96&d=mm&r=g\",\"url\":\"https:\\\/\\\/secure.gravatar.com\\\/avatar\\\/310b69d28112912c333408a462a9837208de951b1e7c11514781740412f648b1?s=96&d=mm&r=g\",\"contentUrl\":\"https:\\\/\\\/secure.gravatar.com\\\/avatar\\\/310b69d28112912c333408a462a9837208de951b1e7c11514781740412f648b1?s=96&d=mm&r=g\",\"caption\":\"Pablo Pujado\"},\"url\":\"http:\\\/\\\/www.sanjuandeportes.com\\\/wp\\\/author\\\/pablo-pujado\\\/\"}]}<\/script>\n<!-- \/ Yoast SEO plugin. -->","yoast_head_json":{"title":"V\u00edctor Nazareno Godoy, uno de los apuntados a dirigir Desamparados - San Juan Deportes","robots":{"index":"index","follow":"follow","max-snippet":"max-snippet:-1","max-image-preview":"max-image-preview:large","max-video-preview":"max-video-preview:-1"},"canonical":"https:\/\/www.sanjuandeportes.com\/wp\/2019\/06\/26\/victor-nazareno-godoy-uno-de-los-apuntados-a-dirigir-desamparados\/","og_locale":"es_ES","og_type":"article","og_title":"V\u00edctor Nazareno Godoy, uno de los apuntados a dirigir Desamparados - San Juan Deportes","og_description":"Tras la salida de \u00abCopito\u00bb Andrada, el exentrenador de San Jorge de Tucum\u00e1n es uno de los posible reemplazante que tiene en carpeta la dirigencia. De larga trayectoria en la categor\u00eda, Godoy supo ser entrenador de clubes como Juventud Antoniana y Altos Hornos Zapla entre otros, antes de su gran paso en San Jorge de [&hellip;]","og_url":"https:\/\/www.sanjuandeportes.com\/wp\/2019\/06\/26\/victor-nazareno-godoy-uno-de-los-apuntados-a-dirigir-desamparados\/","og_site_name":"San Juan Deportes","article_publisher":"https:\/\/www.facebook.com\/sanjuandeportesok","article_published_time":"2019-06-26T00:01:00+00:00","article_modified_time":"2019-06-26T00:16:03+00:00","og_image":[{"width":818,"height":460,"url":"https:\/\/www.sanjuandeportes.com\/wp\/wp-content\/uploads\/2019\/06\/818x460_190624152421_96682.jpg","type":"image\/jpeg"}],"author":"Pablo Pujado","twitter_card":"summary_large_image","twitter_creator":"@SanJuanDeportes","twitter_site":"@SanJuanDeportes","twitter_misc":{"Escrito por":"Pablo Pujado","Tiempo de lectura":"1 minuto"},"schema":{"@context":"https:\/\/schema.org","@graph":[{"@type":"Article","@id":"https:\/\/www.sanjuandeportes.com\/wp\/2019\/06\/26\/victor-nazareno-godoy-uno-de-los-apuntados-a-dirigir-desamparados\/#article","isPartOf":{"@id":"https:\/\/www.sanjuandeportes.com\/wp\/2019\/06\/26\/victor-nazareno-godoy-uno-de-los-apuntados-a-dirigir-desamparados\/"},"author":{"name":"Pablo Pujado","@id":"http:\/\/www.sanjuandeportes.com\/wp\/#\/schema\/person\/eda4d8e62a5d42b111781e3cdfcb9c3a"},"headline":"V\u00edctor Nazareno Godoy, uno de los apuntados a dirigir Desamparados","datePublished":"2019-06-26T00:01:00+00:00","dateModified":"2019-06-26T00:16:03+00:00","mainEntityOfPage":{"@id":"https:\/\/www.sanjuandeportes.com\/wp\/2019\/06\/26\/victor-nazareno-godoy-uno-de-los-apuntados-a-dirigir-desamparados\/"},"wordCount":123,"commentCount":0,"publisher":{"@id":"http:\/\/www.sanjuandeportes.com\/wp\/#organization"},"image":{"@id":"https:\/\/www.sanjuandeportes.com\/wp\/2019\/06\/26\/victor-nazareno-godoy-uno-de-los-apuntados-a-dirigir-desamparados\/#primaryimage"},"thumbnailUrl":"http:\/\/www.sanjuandeportes.com\/wp\/wp-content\/uploads\/2019\/06\/818x460_190624152421_96682.jpg","keywords":["Desamparados","V\u00edctor Nazareno Godoy"],"articleSection":["Featured","Federal A","Futbol","San Juan"],"inLanguage":"es","potentialAction":[{"@type":"CommentAction","name":"Comment","target":["https:\/\/www.sanjuandeportes.com\/wp\/2019\/06\/26\/victor-nazareno-godoy-uno-de-los-apuntados-a-dirigir-desamparados\/#respond"]}]},{"@type":"WebPage","@id":"https:\/\/www.sanjuandeportes.com\/wp\/2019\/06\/26\/victor-nazareno-godoy-uno-de-los-apuntados-a-dirigir-desamparados\/","url":"https:\/\/www.sanjuandeportes.com\/wp\/2019\/06\/26\/victor-nazareno-godoy-uno-de-los-apuntados-a-dirigir-desamparados\/","name":"V\u00edctor Nazareno Godoy, uno de los apuntados a dirigir Desamparados - San Juan Deportes","isPartOf":{"@id":"http:\/\/www.sanjuandeportes.com\/wp\/#website"},"primaryImageOfPage":{"@id":"https:\/\/www.sanjuandeportes.com\/wp\/2019\/06\/26\/victor-nazareno-godoy-uno-de-los-apuntados-a-dirigir-desamparados\/#primaryimage"},"image":{"@id":"https:\/\/www.sanjuandeportes.com\/wp\/2019\/06\/26\/victor-nazareno-godoy-uno-de-los-apuntados-a-dirigir-desamparados\/#primaryimage"},"thumbnailUrl":"http:\/\/www.sanjuandeportes.com\/wp\/wp-content\/uploads\/2019\/06\/818x460_190624152421_96682.jpg","datePublished":"2019-06-26T00:01:00+00:00","dateModified":"2019-06-26T00:16:03+00:00","breadcrumb":{"@id":"https:\/\/www.sanjuandeportes.com\/wp\/2019\/06\/26\/victor-nazareno-godoy-uno-de-los-apuntados-a-dirigir-desamparados\/#breadcrumb"},"inLanguage":"es","potentialAction":[{"@type":"ReadAction","target":["https:\/\/www.sanjuandeportes.com\/wp\/2019\/06\/26\/victor-nazareno-godoy-uno-de-los-apuntados-a-dirigir-desamparados\/"]}]},{"@type":"ImageObject","inLanguage":"es","@id":"https:\/\/www.sanjuandeportes.com\/wp\/2019\/06\/26\/victor-nazareno-godoy-uno-de-los-apuntados-a-dirigir-desamparados\/#primaryimage","url":"http:\/\/www.sanjuandeportes.com\/wp\/wp-content\/uploads\/2019\/06\/818x460_190624152421_96682.jpg","contentUrl":"http:\/\/www.sanjuandeportes.com\/wp\/wp-content\/uploads\/2019\/06\/818x460_190624152421_96682.jpg","width":818,"height":460},{"@type":"BreadcrumbList","@id":"https:\/\/www.sanjuandeportes.com\/wp\/2019\/06\/26\/victor-nazareno-godoy-uno-de-los-apuntados-a-dirigir-desamparados\/#breadcrumb","itemListElement":[{"@type":"ListItem","position":1,"name":"Portada","item":"http:\/\/www.sanjuandeportes.com\/wp\/"},{"@type":"ListItem","position":2,"name":"V\u00edctor Nazareno Godoy, uno de los apuntados a dirigir Desamparados"}]},{"@type":"WebSite","@id":"http:\/\/www.sanjuandeportes.com\/wp\/#website","url":"http:\/\/www.sanjuandeportes.com\/wp\/","name":"San Juan Deportes","description":"El sitio de deportes de la provincia de San Juan","publisher":{"@id":"http:\/\/www.sanjuandeportes.com\/wp\/#organization"},"potentialAction":[{"@type":"SearchAction","target":{"@type":"EntryPoint","urlTemplate":"http:\/\/www.sanjuandeportes.com\/wp\/?s={search_term_string}"},"query-input":{"@type":"PropertyValueSpecification","valueRequired":true,"valueName":"search_term_string"}}],"inLanguage":"es"},{"@type":"Organization","@id":"http:\/\/www.sanjuandeportes.com\/wp\/#organization","name":"San Juan Deportes","url":"http:\/\/www.sanjuandeportes.com\/wp\/","logo":{"@type":"ImageObject","inLanguage":"es","@id":"http:\/\/www.sanjuandeportes.com\/wp\/#\/schema\/logo\/image\/","url":"https:\/\/www.sanjuandeportes.com\/wp\/wp-content\/uploads\/unnamed.jpg","contentUrl":"https:\/\/www.sanjuandeportes.com\/wp\/wp-content\/uploads\/unnamed.jpg","width":900,"height":900,"caption":"San Juan Deportes"},"image":{"@id":"http:\/\/www.sanjuandeportes.com\/wp\/#\/schema\/logo\/image\/"},"sameAs":["https:\/\/www.facebook.com\/sanjuandeportesok","https:\/\/x.com\/SanJuanDeportes","https:\/\/www.instagram.com\/sanjuandeportes"]},{"@type":"Person","@id":"http:\/\/www.sanjuandeportes.com\/wp\/#\/schema\/person\/eda4d8e62a5d42b111781e3cdfcb9c3a","name":"Pablo Pujado","image":{"@type":"ImageObject","inLanguage":"es","@id":"https:\/\/secure.gravatar.com\/avatar\/310b69d28112912c333408a462a9837208de951b1e7c11514781740412f648b1?s=96&d=mm&r=g","url":"https:\/\/secure.gravatar.com\/avatar\/310b69d28112912c333408a462a9837208de951b1e7c11514781740412f648b1?s=96&d=mm&r=g","contentUrl":"https:\/\/secure.gravatar.com\/avatar\/310b69d28112912c333408a462a9837208de951b1e7c11514781740412f648b1?s=96&d=mm&r=g","caption":"Pablo Pujado"},"url":"http:\/\/www.sanjuandeportes.com\/wp\/author\/pablo-pujado\/"}]}},"_links":{"self":[{"href":"http:\/\/www.sanjuandeportes.com\/wp\/wp-json\/wp\/v2\/posts\/5679","targetHints":{"allow":["GET"]}}],"collection":[{"href":"http:\/\/www.sanjuandeportes.com\/wp\/wp-json\/wp\/v2\/posts"}],"about":[{"href":"http:\/\/www.sanjuandeportes.com\/wp\/wp-json\/wp\/v2\/types\/post"}],"author":[{"embeddable":true,"href":"http:\/\/www.sanjuandeportes.com\/wp\/wp-json\/wp\/v2\/users\/5"}],"replies":[{"embeddable":true,"href":"http:\/\/www.sanjuandeportes.com\/wp\/wp-json\/wp\/v2\/comments?post=5679"}],"version-history":[{"count":3,"href":"http:\/\/www.sanjuandeportes.com\/wp\/wp-json\/wp\/v2\/posts\/5679\/revisions"}],"predecessor-version":[{"id":5683,"href":"http:\/\/www.sanjuandeportes.com\/wp\/wp-json\/wp\/v2\/posts\/5679\/revisions\/5683"}],"wp:featuredmedia":[{"embeddable":true,"href":"http:\/\/www.sanjuandeportes.com\/wp\/wp-json\/wp\/v2\/media\/5680"}],"wp:attachment":[{"href":"http:\/\/www.sanjuandeportes.com\/wp\/wp-json\/wp\/v2\/media?parent=5679"}],"wp:term":[{"taxonomy":"category","embeddable":true,"href":"http:\/\/www.sanjuandeportes.com\/wp\/wp-json\/wp\/v2\/categories?post=5679"},{"taxonomy":"post_tag","embeddable":true,"href":"http:\/\/www.sanjuandeportes.com\/wp\/wp-json\/wp\/v2\/tags?post=5679"}],"curies":[{"name":"wp","href":"https:\/\/api.w.org\/{rel}","templated":true}]}}