{"id":5748,"date":"2019-07-01T03:09:03","date_gmt":"2019-07-01T03:09:03","guid":{"rendered":"http:\/\/www.sanjuandeportes.com\/wp\/?p=5748"},"modified":"2019-07-01T03:22:54","modified_gmt":"2019-07-01T03:22:54","slug":"las-panteras-con-la-sanjuanina-herrera-consiguieron-el-bronce-en-la-challenger-cup","status":"publish","type":"post","link":"http:\/\/www.sanjuandeportes.com\/wp\/2019\/07\/01\/las-panteras-con-la-sanjuanina-herrera-consiguieron-el-bronce-en-la-challenger-cup\/","title":{"rendered":"Las Panteras, con la sanjuanina Herrera, consiguieron el bronce en la Challenger Cup"},"content":{"rendered":"<p>El objetivo era finalizar con buena imagen, una vez descartada la chance de clasificaci\u00f3n a la Liga de las Naciones 2020. Y Las Panteras lo lograron, porque vencieron 3-0 con contundencia a Croacia para quedarse con la medalla de bronce en la Challenger Cup de Per\u00fa, el primer torneo oficial de la temporada. Los parciales fueron de 25-19, 25-18 y 25-14 y nuevamente Luc\u00eda Fresco fue la m\u00e1xima anotadora del partido con 19 puntos.<\/p>\n<p>En Croacia, equipo que le hab\u00eda ganado a Las Panteras en el Grand Prix 2017 en Neuqu\u00e9n, Lucija Mlinarn fue la m\u00e1xima anotadora con 10 puntos.<\/p>\n<p>Argentina fue superior en ataque por 42-30, en bloqueo 6-3 y en saque 6-5, pero adem\u00e1s aprovech\u00f3 el alto nivel de error de las croatas que entregaron 21 puntos en 3 sets.<\/p>\n<p><img decoding=\"async\" class=\"wp-image-24514 lazyload\" data-src=\"http:\/\/www.somosvoley.com\/notas\/wp-content\/uploads\/2019\/06\/ArgentinacelebratesscoringapointtoCroatia.jpg\" data-sizes=\"(max-width: 776px) 100vw, 776px\" data-srcset=\"http:\/\/www.somosvoley.com\/notas\/wp-content\/uploads\/2019\/06\/ArgentinacelebratesscoringapointtoCroatia.jpg 776w, http:\/\/www.somosvoley.com\/notas\/wp-content\/uploads\/2019\/06\/ArgentinacelebratesscoringapointtoCroatia-300x194.jpg 300w, http:\/\/www.somosvoley.com\/notas\/wp-content\/uploads\/2019\/06\/ArgentinacelebratesscoringapointtoCroatia-768x497.jpg 768w, http:\/\/www.somosvoley.com\/notas\/wp-content\/uploads\/2019\/06\/ArgentinacelebratesscoringapointtoCroatia-585x378.jpg 585w\" alt=\"\" src=\"data:image\/svg+xml;base64,PHN2ZyB3aWR0aD0iMSIgaGVpZ2h0PSIxIiB4bWxucz0iaHR0cDovL3d3dy53My5vcmcvMjAwMC9zdmciPjwvc3ZnPg==\" \/><\/p>\n<p>Las Panteras seguir\u00e1n en Per\u00fa ya que all\u00ed disputar\u00e1n la Copa Panamericana desde el 4, pero en la ciudad de Trujillo.<\/p>\n<p>Hern\u00e1n Ferraro se mostr\u00f3 conforme con el nivel del equipo: \u201cEn los partidos que perdimos jugamos bien. Estamos yendo con m\u00e1s decisi\u00f3n al ataque y trabajando mucho\u201d, asegur\u00f3.<\/p>\n<p>Argentina: Galiano, Fresco (19), Michel Tosi (5), Lazcano (7), Nizetich (8) Bulaich (11) L\u00edberos: Rizzo, V. Gonz\u00e1lez Entrenador: Hern\u00e1n Ferraro Entraron: Vera (2), Fortuna, E. Rodr\u00edguez, Hiruela<\/p>\n","protected":false},"excerpt":{"rendered":"<p>El objetivo era finalizar con buena imagen, una vez descartada la chance de clasificaci\u00f3n a la Liga de las Naciones 2020. Y Las Panteras lo lograron, porque vencieron 3-0 con contundencia a Croacia para quedarse con la medalla de bronce en la Challenger Cup de Per\u00fa, el primer torneo oficial de la temporada. Los parciales [&hellip;]<\/p>\n","protected":false},"author":5,"featured_media":5749,"comment_status":"open","ping_status":"open","sticky":false,"template":"","format":"standard","meta":{"footnotes":""},"categories":[2,35,34],"tags":[148,582,444,167],"class_list":["post-5748","post","type-post","status-publish","format-standard","has-post-thumbnail","hentry","category-featured","category-seleccion-argentina","category-voley","tag-argentina","tag-challenger-cup","tag-femenino","tag-voley"],"yoast_head":"<!-- This site is optimized with the Yoast SEO plugin v28.2 - https:\/\/yoast.com\/product\/yoast-seo-wordpress\/ -->\n<title>Las Panteras, con la sanjuanina Herrera, consiguieron el bronce en la Challenger Cup - San Juan Deportes<\/title>\n<meta name=\"robots\" content=\"index, follow, max-snippet:-1, max-image-preview:large, max-video-preview:-1\" \/>\n<link rel=\"canonical\" href=\"https:\/\/www.sanjuandeportes.com\/wp\/2019\/07\/01\/las-panteras-con-la-sanjuanina-herrera-consiguieron-el-bronce-en-la-challenger-cup\/\" \/>\n<meta property=\"og:locale\" content=\"es_ES\" \/>\n<meta property=\"og:type\" content=\"article\" \/>\n<meta property=\"og:title\" content=\"Las Panteras, con la sanjuanina Herrera, consiguieron el bronce en la Challenger Cup - San Juan Deportes\" \/>\n<meta property=\"og:description\" content=\"El objetivo era finalizar con buena imagen, una vez descartada la chance de clasificaci\u00f3n a la Liga de las Naciones 2020. Y Las Panteras lo lograron, porque vencieron 3-0 con contundencia a Croacia para quedarse con la medalla de bronce en la Challenger Cup de Per\u00fa, el primer torneo oficial de la temporada. Los parciales [&hellip;]\" \/>\n<meta property=\"og:url\" content=\"https:\/\/www.sanjuandeportes.com\/wp\/2019\/07\/01\/las-panteras-con-la-sanjuanina-herrera-consiguieron-el-bronce-en-la-challenger-cup\/\" \/>\n<meta property=\"og:site_name\" content=\"San Juan Deportes\" \/>\n<meta property=\"article:publisher\" content=\"https:\/\/www.facebook.com\/sanjuandeportesok\" \/>\n<meta property=\"article:published_time\" content=\"2019-07-01T03:09:03+00:00\" \/>\n<meta property=\"article:modified_time\" content=\"2019-07-01T03:22:54+00:00\" \/>\n<meta property=\"og:image\" content=\"https:\/\/www.sanjuandeportes.com\/wp\/wp-content\/uploads\/2019\/07\/5d17f86f88917.jpeg\" \/>\n\t<meta property=\"og:image:width\" content=\"844\" \/>\n\t<meta property=\"og:image:height\" content=\"475\" \/>\n\t<meta property=\"og:image:type\" content=\"image\/jpeg\" \/>\n<meta name=\"author\" content=\"Pablo Pujado\" \/>\n<meta name=\"twitter:card\" content=\"summary_large_image\" \/>\n<meta name=\"twitter:creator\" content=\"@SanJuanDeportes\" \/>\n<meta name=\"twitter:site\" content=\"@SanJuanDeportes\" \/>\n<meta name=\"twitter:label1\" content=\"Escrito por\" \/>\n\t<meta name=\"twitter:data1\" content=\"Pablo Pujado\" \/>\n\t<meta name=\"twitter:label2\" content=\"Tiempo de lectura\" \/>\n\t<meta name=\"twitter:data2\" content=\"1 minuto\" \/>\n<script type=\"application\/ld+json\" class=\"yoast-schema-graph\">{\"@context\":\"https:\\\/\\\/schema.org\",\"@graph\":[{\"@type\":\"Article\",\"@id\":\"https:\\\/\\\/www.sanjuandeportes.com\\\/wp\\\/2019\\\/07\\\/01\\\/las-panteras-con-la-sanjuanina-herrera-consiguieron-el-bronce-en-la-challenger-cup\\\/#article\",\"isPartOf\":{\"@id\":\"https:\\\/\\\/www.sanjuandeportes.com\\\/wp\\\/2019\\\/07\\\/01\\\/las-panteras-con-la-sanjuanina-herrera-consiguieron-el-bronce-en-la-challenger-cup\\\/\"},\"author\":{\"name\":\"Pablo Pujado\",\"@id\":\"http:\\\/\\\/www.sanjuandeportes.com\\\/wp\\\/#\\\/schema\\\/person\\\/eda4d8e62a5d42b111781e3cdfcb9c3a\"},\"headline\":\"Las Panteras, con la sanjuanina Herrera, consiguieron el bronce en la Challenger Cup\",\"datePublished\":\"2019-07-01T03:09:03+00:00\",\"dateModified\":\"2019-07-01T03:22:54+00:00\",\"mainEntityOfPage\":{\"@id\":\"https:\\\/\\\/www.sanjuandeportes.com\\\/wp\\\/2019\\\/07\\\/01\\\/las-panteras-con-la-sanjuanina-herrera-consiguieron-el-bronce-en-la-challenger-cup\\\/\"},\"wordCount\":224,\"commentCount\":0,\"publisher\":{\"@id\":\"http:\\\/\\\/www.sanjuandeportes.com\\\/wp\\\/#organization\"},\"image\":{\"@id\":\"https:\\\/\\\/www.sanjuandeportes.com\\\/wp\\\/2019\\\/07\\\/01\\\/las-panteras-con-la-sanjuanina-herrera-consiguieron-el-bronce-en-la-challenger-cup\\\/#primaryimage\"},\"thumbnailUrl\":\"http:\\\/\\\/www.sanjuandeportes.com\\\/wp\\\/wp-content\\\/uploads\\\/2019\\\/07\\\/5d17f86f88917.jpeg\",\"keywords\":[\"Argentina\",\"Challenger Cup\",\"Femenino\",\"V\u00f3ley\"],\"articleSection\":[\"Featured\",\"Selecci\u00f3n Argentina\",\"Voley\"],\"inLanguage\":\"es\",\"potentialAction\":[{\"@type\":\"CommentAction\",\"name\":\"Comment\",\"target\":[\"https:\\\/\\\/www.sanjuandeportes.com\\\/wp\\\/2019\\\/07\\\/01\\\/las-panteras-con-la-sanjuanina-herrera-consiguieron-el-bronce-en-la-challenger-cup\\\/#respond\"]}]},{\"@type\":\"WebPage\",\"@id\":\"https:\\\/\\\/www.sanjuandeportes.com\\\/wp\\\/2019\\\/07\\\/01\\\/las-panteras-con-la-sanjuanina-herrera-consiguieron-el-bronce-en-la-challenger-cup\\\/\",\"url\":\"https:\\\/\\\/www.sanjuandeportes.com\\\/wp\\\/2019\\\/07\\\/01\\\/las-panteras-con-la-sanjuanina-herrera-consiguieron-el-bronce-en-la-challenger-cup\\\/\",\"name\":\"Las Panteras, con la sanjuanina Herrera, consiguieron el bronce en la Challenger Cup - San Juan Deportes\",\"isPartOf\":{\"@id\":\"http:\\\/\\\/www.sanjuandeportes.com\\\/wp\\\/#website\"},\"primaryImageOfPage\":{\"@id\":\"https:\\\/\\\/www.sanjuandeportes.com\\\/wp\\\/2019\\\/07\\\/01\\\/las-panteras-con-la-sanjuanina-herrera-consiguieron-el-bronce-en-la-challenger-cup\\\/#primaryimage\"},\"image\":{\"@id\":\"https:\\\/\\\/www.sanjuandeportes.com\\\/wp\\\/2019\\\/07\\\/01\\\/las-panteras-con-la-sanjuanina-herrera-consiguieron-el-bronce-en-la-challenger-cup\\\/#primaryimage\"},\"thumbnailUrl\":\"http:\\\/\\\/www.sanjuandeportes.com\\\/wp\\\/wp-content\\\/uploads\\\/2019\\\/07\\\/5d17f86f88917.jpeg\",\"datePublished\":\"2019-07-01T03:09:03+00:00\",\"dateModified\":\"2019-07-01T03:22:54+00:00\",\"breadcrumb\":{\"@id\":\"https:\\\/\\\/www.sanjuandeportes.com\\\/wp\\\/2019\\\/07\\\/01\\\/las-panteras-con-la-sanjuanina-herrera-consiguieron-el-bronce-en-la-challenger-cup\\\/#breadcrumb\"},\"inLanguage\":\"es\",\"potentialAction\":[{\"@type\":\"ReadAction\",\"target\":[\"https:\\\/\\\/www.sanjuandeportes.com\\\/wp\\\/2019\\\/07\\\/01\\\/las-panteras-con-la-sanjuanina-herrera-consiguieron-el-bronce-en-la-challenger-cup\\\/\"]}]},{\"@type\":\"ImageObject\",\"inLanguage\":\"es\",\"@id\":\"https:\\\/\\\/www.sanjuandeportes.com\\\/wp\\\/2019\\\/07\\\/01\\\/las-panteras-con-la-sanjuanina-herrera-consiguieron-el-bronce-en-la-challenger-cup\\\/#primaryimage\",\"url\":\"http:\\\/\\\/www.sanjuandeportes.com\\\/wp\\\/wp-content\\\/uploads\\\/2019\\\/07\\\/5d17f86f88917.jpeg\",\"contentUrl\":\"http:\\\/\\\/www.sanjuandeportes.com\\\/wp\\\/wp-content\\\/uploads\\\/2019\\\/07\\\/5d17f86f88917.jpeg\",\"width\":844,\"height\":475},{\"@type\":\"BreadcrumbList\",\"@id\":\"https:\\\/\\\/www.sanjuandeportes.com\\\/wp\\\/2019\\\/07\\\/01\\\/las-panteras-con-la-sanjuanina-herrera-consiguieron-el-bronce-en-la-challenger-cup\\\/#breadcrumb\",\"itemListElement\":[{\"@type\":\"ListItem\",\"position\":1,\"name\":\"Portada\",\"item\":\"http:\\\/\\\/www.sanjuandeportes.com\\\/wp\\\/\"},{\"@type\":\"ListItem\",\"position\":2,\"name\":\"Las Panteras, con la sanjuanina Herrera, consiguieron el bronce en la Challenger Cup\"}]},{\"@type\":\"WebSite\",\"@id\":\"http:\\\/\\\/www.sanjuandeportes.com\\\/wp\\\/#website\",\"url\":\"http:\\\/\\\/www.sanjuandeportes.com\\\/wp\\\/\",\"name\":\"San Juan Deportes\",\"description\":\"El sitio de deportes de la provincia de San Juan\",\"publisher\":{\"@id\":\"http:\\\/\\\/www.sanjuandeportes.com\\\/wp\\\/#organization\"},\"potentialAction\":[{\"@type\":\"SearchAction\",\"target\":{\"@type\":\"EntryPoint\",\"urlTemplate\":\"http:\\\/\\\/www.sanjuandeportes.com\\\/wp\\\/?s={search_term_string}\"},\"query-input\":{\"@type\":\"PropertyValueSpecification\",\"valueRequired\":true,\"valueName\":\"search_term_string\"}}],\"inLanguage\":\"es\"},{\"@type\":\"Organization\",\"@id\":\"http:\\\/\\\/www.sanjuandeportes.com\\\/wp\\\/#organization\",\"name\":\"San Juan Deportes\",\"url\":\"http:\\\/\\\/www.sanjuandeportes.com\\\/wp\\\/\",\"logo\":{\"@type\":\"ImageObject\",\"inLanguage\":\"es\",\"@id\":\"http:\\\/\\\/www.sanjuandeportes.com\\\/wp\\\/#\\\/schema\\\/logo\\\/image\\\/\",\"url\":\"https:\\\/\\\/www.sanjuandeportes.com\\\/wp\\\/wp-content\\\/uploads\\\/unnamed.jpg\",\"contentUrl\":\"https:\\\/\\\/www.sanjuandeportes.com\\\/wp\\\/wp-content\\\/uploads\\\/unnamed.jpg\",\"width\":900,\"height\":900,\"caption\":\"San Juan Deportes\"},\"image\":{\"@id\":\"http:\\\/\\\/www.sanjuandeportes.com\\\/wp\\\/#\\\/schema\\\/logo\\\/image\\\/\"},\"sameAs\":[\"https:\\\/\\\/www.facebook.com\\\/sanjuandeportesok\",\"https:\\\/\\\/x.com\\\/SanJuanDeportes\",\"https:\\\/\\\/www.instagram.com\\\/sanjuandeportes\"]},{\"@type\":\"Person\",\"@id\":\"http:\\\/\\\/www.sanjuandeportes.com\\\/wp\\\/#\\\/schema\\\/person\\\/eda4d8e62a5d42b111781e3cdfcb9c3a\",\"name\":\"Pablo Pujado\",\"image\":{\"@type\":\"ImageObject\",\"inLanguage\":\"es\",\"@id\":\"https:\\\/\\\/secure.gravatar.com\\\/avatar\\\/310b69d28112912c333408a462a9837208de951b1e7c11514781740412f648b1?s=96&d=mm&r=g\",\"url\":\"https:\\\/\\\/secure.gravatar.com\\\/avatar\\\/310b69d28112912c333408a462a9837208de951b1e7c11514781740412f648b1?s=96&d=mm&r=g\",\"contentUrl\":\"https:\\\/\\\/secure.gravatar.com\\\/avatar\\\/310b69d28112912c333408a462a9837208de951b1e7c11514781740412f648b1?s=96&d=mm&r=g\",\"caption\":\"Pablo Pujado\"},\"url\":\"http:\\\/\\\/www.sanjuandeportes.com\\\/wp\\\/author\\\/pablo-pujado\\\/\"}]}<\/script>\n<!-- \/ Yoast SEO plugin. -->","yoast_head_json":{"title":"Las Panteras, con la sanjuanina Herrera, consiguieron el bronce en la Challenger Cup - San Juan Deportes","robots":{"index":"index","follow":"follow","max-snippet":"max-snippet:-1","max-image-preview":"max-image-preview:large","max-video-preview":"max-video-preview:-1"},"canonical":"https:\/\/www.sanjuandeportes.com\/wp\/2019\/07\/01\/las-panteras-con-la-sanjuanina-herrera-consiguieron-el-bronce-en-la-challenger-cup\/","og_locale":"es_ES","og_type":"article","og_title":"Las Panteras, con la sanjuanina Herrera, consiguieron el bronce en la Challenger Cup - San Juan Deportes","og_description":"El objetivo era finalizar con buena imagen, una vez descartada la chance de clasificaci\u00f3n a la Liga de las Naciones 2020. Y Las Panteras lo lograron, porque vencieron 3-0 con contundencia a Croacia para quedarse con la medalla de bronce en la Challenger Cup de Per\u00fa, el primer torneo oficial de la temporada. Los parciales [&hellip;]","og_url":"https:\/\/www.sanjuandeportes.com\/wp\/2019\/07\/01\/las-panteras-con-la-sanjuanina-herrera-consiguieron-el-bronce-en-la-challenger-cup\/","og_site_name":"San Juan Deportes","article_publisher":"https:\/\/www.facebook.com\/sanjuandeportesok","article_published_time":"2019-07-01T03:09:03+00:00","article_modified_time":"2019-07-01T03:22:54+00:00","og_image":[{"width":844,"height":475,"url":"https:\/\/www.sanjuandeportes.com\/wp\/wp-content\/uploads\/2019\/07\/5d17f86f88917.jpeg","type":"image\/jpeg"}],"author":"Pablo Pujado","twitter_card":"summary_large_image","twitter_creator":"@SanJuanDeportes","twitter_site":"@SanJuanDeportes","twitter_misc":{"Escrito por":"Pablo Pujado","Tiempo de lectura":"1 minuto"},"schema":{"@context":"https:\/\/schema.org","@graph":[{"@type":"Article","@id":"https:\/\/www.sanjuandeportes.com\/wp\/2019\/07\/01\/las-panteras-con-la-sanjuanina-herrera-consiguieron-el-bronce-en-la-challenger-cup\/#article","isPartOf":{"@id":"https:\/\/www.sanjuandeportes.com\/wp\/2019\/07\/01\/las-panteras-con-la-sanjuanina-herrera-consiguieron-el-bronce-en-la-challenger-cup\/"},"author":{"name":"Pablo Pujado","@id":"http:\/\/www.sanjuandeportes.com\/wp\/#\/schema\/person\/eda4d8e62a5d42b111781e3cdfcb9c3a"},"headline":"Las Panteras, con la sanjuanina Herrera, consiguieron el bronce en la Challenger Cup","datePublished":"2019-07-01T03:09:03+00:00","dateModified":"2019-07-01T03:22:54+00:00","mainEntityOfPage":{"@id":"https:\/\/www.sanjuandeportes.com\/wp\/2019\/07\/01\/las-panteras-con-la-sanjuanina-herrera-consiguieron-el-bronce-en-la-challenger-cup\/"},"wordCount":224,"commentCount":0,"publisher":{"@id":"http:\/\/www.sanjuandeportes.com\/wp\/#organization"},"image":{"@id":"https:\/\/www.sanjuandeportes.com\/wp\/2019\/07\/01\/las-panteras-con-la-sanjuanina-herrera-consiguieron-el-bronce-en-la-challenger-cup\/#primaryimage"},"thumbnailUrl":"http:\/\/www.sanjuandeportes.com\/wp\/wp-content\/uploads\/2019\/07\/5d17f86f88917.jpeg","keywords":["Argentina","Challenger Cup","Femenino","V\u00f3ley"],"articleSection":["Featured","Selecci\u00f3n Argentina","Voley"],"inLanguage":"es","potentialAction":[{"@type":"CommentAction","name":"Comment","target":["https:\/\/www.sanjuandeportes.com\/wp\/2019\/07\/01\/las-panteras-con-la-sanjuanina-herrera-consiguieron-el-bronce-en-la-challenger-cup\/#respond"]}]},{"@type":"WebPage","@id":"https:\/\/www.sanjuandeportes.com\/wp\/2019\/07\/01\/las-panteras-con-la-sanjuanina-herrera-consiguieron-el-bronce-en-la-challenger-cup\/","url":"https:\/\/www.sanjuandeportes.com\/wp\/2019\/07\/01\/las-panteras-con-la-sanjuanina-herrera-consiguieron-el-bronce-en-la-challenger-cup\/","name":"Las Panteras, con la sanjuanina Herrera, consiguieron el bronce en la Challenger Cup - San Juan Deportes","isPartOf":{"@id":"http:\/\/www.sanjuandeportes.com\/wp\/#website"},"primaryImageOfPage":{"@id":"https:\/\/www.sanjuandeportes.com\/wp\/2019\/07\/01\/las-panteras-con-la-sanjuanina-herrera-consiguieron-el-bronce-en-la-challenger-cup\/#primaryimage"},"image":{"@id":"https:\/\/www.sanjuandeportes.com\/wp\/2019\/07\/01\/las-panteras-con-la-sanjuanina-herrera-consiguieron-el-bronce-en-la-challenger-cup\/#primaryimage"},"thumbnailUrl":"http:\/\/www.sanjuandeportes.com\/wp\/wp-content\/uploads\/2019\/07\/5d17f86f88917.jpeg","datePublished":"2019-07-01T03:09:03+00:00","dateModified":"2019-07-01T03:22:54+00:00","breadcrumb":{"@id":"https:\/\/www.sanjuandeportes.com\/wp\/2019\/07\/01\/las-panteras-con-la-sanjuanina-herrera-consiguieron-el-bronce-en-la-challenger-cup\/#breadcrumb"},"inLanguage":"es","potentialAction":[{"@type":"ReadAction","target":["https:\/\/www.sanjuandeportes.com\/wp\/2019\/07\/01\/las-panteras-con-la-sanjuanina-herrera-consiguieron-el-bronce-en-la-challenger-cup\/"]}]},{"@type":"ImageObject","inLanguage":"es","@id":"https:\/\/www.sanjuandeportes.com\/wp\/2019\/07\/01\/las-panteras-con-la-sanjuanina-herrera-consiguieron-el-bronce-en-la-challenger-cup\/#primaryimage","url":"http:\/\/www.sanjuandeportes.com\/wp\/wp-content\/uploads\/2019\/07\/5d17f86f88917.jpeg","contentUrl":"http:\/\/www.sanjuandeportes.com\/wp\/wp-content\/uploads\/2019\/07\/5d17f86f88917.jpeg","width":844,"height":475},{"@type":"BreadcrumbList","@id":"https:\/\/www.sanjuandeportes.com\/wp\/2019\/07\/01\/las-panteras-con-la-sanjuanina-herrera-consiguieron-el-bronce-en-la-challenger-cup\/#breadcrumb","itemListElement":[{"@type":"ListItem","position":1,"name":"Portada","item":"http:\/\/www.sanjuandeportes.com\/wp\/"},{"@type":"ListItem","position":2,"name":"Las Panteras, con la sanjuanina Herrera, consiguieron el bronce en la Challenger Cup"}]},{"@type":"WebSite","@id":"http:\/\/www.sanjuandeportes.com\/wp\/#website","url":"http:\/\/www.sanjuandeportes.com\/wp\/","name":"San Juan Deportes","description":"El sitio de deportes de la provincia de San Juan","publisher":{"@id":"http:\/\/www.sanjuandeportes.com\/wp\/#organization"},"potentialAction":[{"@type":"SearchAction","target":{"@type":"EntryPoint","urlTemplate":"http:\/\/www.sanjuandeportes.com\/wp\/?s={search_term_string}"},"query-input":{"@type":"PropertyValueSpecification","valueRequired":true,"valueName":"search_term_string"}}],"inLanguage":"es"},{"@type":"Organization","@id":"http:\/\/www.sanjuandeportes.com\/wp\/#organization","name":"San Juan Deportes","url":"http:\/\/www.sanjuandeportes.com\/wp\/","logo":{"@type":"ImageObject","inLanguage":"es","@id":"http:\/\/www.sanjuandeportes.com\/wp\/#\/schema\/logo\/image\/","url":"https:\/\/www.sanjuandeportes.com\/wp\/wp-content\/uploads\/unnamed.jpg","contentUrl":"https:\/\/www.sanjuandeportes.com\/wp\/wp-content\/uploads\/unnamed.jpg","width":900,"height":900,"caption":"San Juan Deportes"},"image":{"@id":"http:\/\/www.sanjuandeportes.com\/wp\/#\/schema\/logo\/image\/"},"sameAs":["https:\/\/www.facebook.com\/sanjuandeportesok","https:\/\/x.com\/SanJuanDeportes","https:\/\/www.instagram.com\/sanjuandeportes"]},{"@type":"Person","@id":"http:\/\/www.sanjuandeportes.com\/wp\/#\/schema\/person\/eda4d8e62a5d42b111781e3cdfcb9c3a","name":"Pablo Pujado","image":{"@type":"ImageObject","inLanguage":"es","@id":"https:\/\/secure.gravatar.com\/avatar\/310b69d28112912c333408a462a9837208de951b1e7c11514781740412f648b1?s=96&d=mm&r=g","url":"https:\/\/secure.gravatar.com\/avatar\/310b69d28112912c333408a462a9837208de951b1e7c11514781740412f648b1?s=96&d=mm&r=g","contentUrl":"https:\/\/secure.gravatar.com\/avatar\/310b69d28112912c333408a462a9837208de951b1e7c11514781740412f648b1?s=96&d=mm&r=g","caption":"Pablo Pujado"},"url":"http:\/\/www.sanjuandeportes.com\/wp\/author\/pablo-pujado\/"}]}},"_links":{"self":[{"href":"http:\/\/www.sanjuandeportes.com\/wp\/wp-json\/wp\/v2\/posts\/5748","targetHints":{"allow":["GET"]}}],"collection":[{"href":"http:\/\/www.sanjuandeportes.com\/wp\/wp-json\/wp\/v2\/posts"}],"about":[{"href":"http:\/\/www.sanjuandeportes.com\/wp\/wp-json\/wp\/v2\/types\/post"}],"author":[{"embeddable":true,"href":"http:\/\/www.sanjuandeportes.com\/wp\/wp-json\/wp\/v2\/users\/5"}],"replies":[{"embeddable":true,"href":"http:\/\/www.sanjuandeportes.com\/wp\/wp-json\/wp\/v2\/comments?post=5748"}],"version-history":[{"count":2,"href":"http:\/\/www.sanjuandeportes.com\/wp\/wp-json\/wp\/v2\/posts\/5748\/revisions"}],"predecessor-version":[{"id":5754,"href":"http:\/\/www.sanjuandeportes.com\/wp\/wp-json\/wp\/v2\/posts\/5748\/revisions\/5754"}],"wp:featuredmedia":[{"embeddable":true,"href":"http:\/\/www.sanjuandeportes.com\/wp\/wp-json\/wp\/v2\/media\/5749"}],"wp:attachment":[{"href":"http:\/\/www.sanjuandeportes.com\/wp\/wp-json\/wp\/v2\/media?parent=5748"}],"wp:term":[{"taxonomy":"category","embeddable":true,"href":"http:\/\/www.sanjuandeportes.com\/wp\/wp-json\/wp\/v2\/categories?post=5748"},{"taxonomy":"post_tag","embeddable":true,"href":"http:\/\/www.sanjuandeportes.com\/wp\/wp-json\/wp\/v2\/tags?post=5748"}],"curies":[{"name":"wp","href":"https:\/\/api.w.org\/{rel}","templated":true}]}}