{"id":5925,"date":"2019-07-09T23:18:39","date_gmt":"2019-07-09T23:18:39","guid":{"rendered":"http:\/\/www.sanjuandeportes.com\/wp\/?p=5925"},"modified":"2019-07-09T23:37:17","modified_gmt":"2019-07-09T23:37:17","slug":"atletismo-renzo-varoni-en-el-podio-a-nivel-nacional","status":"publish","type":"post","link":"http:\/\/www.sanjuandeportes.com\/wp\/2019\/07\/09\/atletismo-renzo-varoni-en-el-podio-a-nivel-nacional\/","title":{"rendered":"Atletismo: Renzo Varoni, en el podio a nivel nacional"},"content":{"rendered":"<p><em><strong>El joven atleta de San Juan obtuvo el segundo puesto en una de las especialidades del Torneo D\u00eda de la Independencia.<\/strong><\/em><\/p>\n<p>El \u00faltimo fin de semana, el atleta sanjuanino Renzo Varoni, quien integra el staff de deportistas de Alto Rendimiento, programa impulsado por el gobernador Sergio U\u00f1ac, pudo estar presente en una de las competencias de atletismo m\u00e1s importante del calendario argentino.<\/p>\n<p>El representante de la Revoluci\u00f3n Deportiva de San Juan se qued\u00f3 con el segundo puesto en el Torneo D\u00eda de la Independencia. El certamen, que reuni\u00f3 a los mejores atletas del pa\u00eds, se celebr\u00f3 en las instalaciones del Centro Nacional de Alto Rendimiento Deportivo (CeNARD). Varoni fue el \u00fanico sanjuanino presente y compiti\u00f3 en la modalidad 400 metros llanos.<\/p>\n<p>El sanjuanino retornar\u00e1 a la provincia para continuar sus trabajos, pensando en los pr\u00f3ximos compromisos nacionales. Lo que prosigue en su calendario es una mini pretemporada que se extender\u00e1 por cuatro semanas. El esfuerzo de este atleta local estar\u00e1 direccionado de cara a lo que ser\u00e1 el Torneo Aniversario Universidad Cat\u00f3lica de Cuyo. La competencia ser\u00e1 en Mendoza a mediados del mes de agosto. El gran objetivo del segundo semestre ser\u00e1 la Copa Nacional de Clubes, tambi\u00e9n en el CeNARD, torneo a desarrollarse en octubre pr\u00f3ximo<\/p>\n<p>Fuente: Si San Juan<\/p>\n","protected":false},"excerpt":{"rendered":"<p>El joven atleta de San Juan obtuvo el segundo puesto en una de las especialidades del Torneo D\u00eda de la Independencia. El \u00faltimo fin de semana, el atleta sanjuanino Renzo Varoni, quien integra el staff de deportistas de Alto Rendimiento, programa impulsado por el gobernador Sergio U\u00f1ac, pudo estar presente en una de las competencias [&hellip;]<\/p>\n","protected":false},"author":5,"featured_media":5926,"comment_status":"open","ping_status":"open","sticky":false,"template":"","format":"standard","meta":{"footnotes":""},"categories":[40,2,41,178],"tags":[],"class_list":["post-5925","post","type-post","status-publish","format-standard","has-post-thumbnail","hentry","category-atletismo","category-featured","category-polideportivo","category-san-juan"],"yoast_head":"<!-- This site is optimized with the Yoast SEO plugin v28.2 - https:\/\/yoast.com\/product\/yoast-seo-wordpress\/ -->\n<title>Atletismo: Renzo Varoni, en el podio a nivel nacional - San Juan Deportes<\/title>\n<meta name=\"robots\" content=\"index, follow, max-snippet:-1, max-image-preview:large, max-video-preview:-1\" \/>\n<link rel=\"canonical\" href=\"https:\/\/www.sanjuandeportes.com\/wp\/2019\/07\/09\/atletismo-renzo-varoni-en-el-podio-a-nivel-nacional\/\" \/>\n<meta property=\"og:locale\" content=\"es_ES\" \/>\n<meta property=\"og:type\" content=\"article\" \/>\n<meta property=\"og:title\" content=\"Atletismo: Renzo Varoni, en el podio a nivel nacional - San Juan Deportes\" \/>\n<meta property=\"og:description\" content=\"El joven atleta de San Juan obtuvo el segundo puesto en una de las especialidades del Torneo D\u00eda de la Independencia. El \u00faltimo fin de semana, el atleta sanjuanino Renzo Varoni, quien integra el staff de deportistas de Alto Rendimiento, programa impulsado por el gobernador Sergio U\u00f1ac, pudo estar presente en una de las competencias [&hellip;]\" \/>\n<meta property=\"og:url\" content=\"https:\/\/www.sanjuandeportes.com\/wp\/2019\/07\/09\/atletismo-renzo-varoni-en-el-podio-a-nivel-nacional\/\" \/>\n<meta property=\"og:site_name\" content=\"San Juan Deportes\" \/>\n<meta property=\"article:publisher\" content=\"https:\/\/www.facebook.com\/sanjuandeportesok\" \/>\n<meta property=\"article:published_time\" content=\"2019-07-09T23:18:39+00:00\" \/>\n<meta property=\"article:modified_time\" content=\"2019-07-09T23:37:17+00:00\" \/>\n<meta property=\"og:image\" content=\"https:\/\/www.sanjuandeportes.com\/wp\/wp-content\/uploads\/2019\/07\/1c021b5eb38e65d2574b8a04d5e1eae9_L.jpg\" \/>\n\t<meta property=\"og:image:width\" content=\"782\" \/>\n\t<meta property=\"og:image:height\" content=\"521\" \/>\n\t<meta property=\"og:image:type\" content=\"image\/jpeg\" \/>\n<meta name=\"author\" content=\"Pablo Pujado\" \/>\n<meta name=\"twitter:card\" content=\"summary_large_image\" \/>\n<meta name=\"twitter:creator\" content=\"@SanJuanDeportes\" \/>\n<meta name=\"twitter:site\" content=\"@SanJuanDeportes\" \/>\n<meta name=\"twitter:label1\" content=\"Escrito por\" \/>\n\t<meta name=\"twitter:data1\" content=\"Pablo Pujado\" \/>\n\t<meta name=\"twitter:label2\" content=\"Tiempo de lectura\" \/>\n\t<meta name=\"twitter:data2\" content=\"1 minuto\" \/>\n<script type=\"application\/ld+json\" class=\"yoast-schema-graph\">{\"@context\":\"https:\\\/\\\/schema.org\",\"@graph\":[{\"@type\":\"Article\",\"@id\":\"https:\\\/\\\/www.sanjuandeportes.com\\\/wp\\\/2019\\\/07\\\/09\\\/atletismo-renzo-varoni-en-el-podio-a-nivel-nacional\\\/#article\",\"isPartOf\":{\"@id\":\"https:\\\/\\\/www.sanjuandeportes.com\\\/wp\\\/2019\\\/07\\\/09\\\/atletismo-renzo-varoni-en-el-podio-a-nivel-nacional\\\/\"},\"author\":{\"name\":\"Pablo Pujado\",\"@id\":\"http:\\\/\\\/www.sanjuandeportes.com\\\/wp\\\/#\\\/schema\\\/person\\\/eda4d8e62a5d42b111781e3cdfcb9c3a\"},\"headline\":\"Atletismo: Renzo Varoni, en el podio a nivel nacional\",\"datePublished\":\"2019-07-09T23:18:39+00:00\",\"dateModified\":\"2019-07-09T23:37:17+00:00\",\"mainEntityOfPage\":{\"@id\":\"https:\\\/\\\/www.sanjuandeportes.com\\\/wp\\\/2019\\\/07\\\/09\\\/atletismo-renzo-varoni-en-el-podio-a-nivel-nacional\\\/\"},\"wordCount\":229,\"commentCount\":0,\"publisher\":{\"@id\":\"http:\\\/\\\/www.sanjuandeportes.com\\\/wp\\\/#organization\"},\"image\":{\"@id\":\"https:\\\/\\\/www.sanjuandeportes.com\\\/wp\\\/2019\\\/07\\\/09\\\/atletismo-renzo-varoni-en-el-podio-a-nivel-nacional\\\/#primaryimage\"},\"thumbnailUrl\":\"http:\\\/\\\/www.sanjuandeportes.com\\\/wp\\\/wp-content\\\/uploads\\\/2019\\\/07\\\/1c021b5eb38e65d2574b8a04d5e1eae9_L.jpg\",\"articleSection\":[\"Atletismo\",\"Featured\",\"Polideportivo\",\"San Juan\"],\"inLanguage\":\"es\",\"potentialAction\":[{\"@type\":\"CommentAction\",\"name\":\"Comment\",\"target\":[\"https:\\\/\\\/www.sanjuandeportes.com\\\/wp\\\/2019\\\/07\\\/09\\\/atletismo-renzo-varoni-en-el-podio-a-nivel-nacional\\\/#respond\"]}]},{\"@type\":\"WebPage\",\"@id\":\"https:\\\/\\\/www.sanjuandeportes.com\\\/wp\\\/2019\\\/07\\\/09\\\/atletismo-renzo-varoni-en-el-podio-a-nivel-nacional\\\/\",\"url\":\"https:\\\/\\\/www.sanjuandeportes.com\\\/wp\\\/2019\\\/07\\\/09\\\/atletismo-renzo-varoni-en-el-podio-a-nivel-nacional\\\/\",\"name\":\"Atletismo: Renzo Varoni, en el podio a nivel nacional - San Juan Deportes\",\"isPartOf\":{\"@id\":\"http:\\\/\\\/www.sanjuandeportes.com\\\/wp\\\/#website\"},\"primaryImageOfPage\":{\"@id\":\"https:\\\/\\\/www.sanjuandeportes.com\\\/wp\\\/2019\\\/07\\\/09\\\/atletismo-renzo-varoni-en-el-podio-a-nivel-nacional\\\/#primaryimage\"},\"image\":{\"@id\":\"https:\\\/\\\/www.sanjuandeportes.com\\\/wp\\\/2019\\\/07\\\/09\\\/atletismo-renzo-varoni-en-el-podio-a-nivel-nacional\\\/#primaryimage\"},\"thumbnailUrl\":\"http:\\\/\\\/www.sanjuandeportes.com\\\/wp\\\/wp-content\\\/uploads\\\/2019\\\/07\\\/1c021b5eb38e65d2574b8a04d5e1eae9_L.jpg\",\"datePublished\":\"2019-07-09T23:18:39+00:00\",\"dateModified\":\"2019-07-09T23:37:17+00:00\",\"breadcrumb\":{\"@id\":\"https:\\\/\\\/www.sanjuandeportes.com\\\/wp\\\/2019\\\/07\\\/09\\\/atletismo-renzo-varoni-en-el-podio-a-nivel-nacional\\\/#breadcrumb\"},\"inLanguage\":\"es\",\"potentialAction\":[{\"@type\":\"ReadAction\",\"target\":[\"https:\\\/\\\/www.sanjuandeportes.com\\\/wp\\\/2019\\\/07\\\/09\\\/atletismo-renzo-varoni-en-el-podio-a-nivel-nacional\\\/\"]}]},{\"@type\":\"ImageObject\",\"inLanguage\":\"es\",\"@id\":\"https:\\\/\\\/www.sanjuandeportes.com\\\/wp\\\/2019\\\/07\\\/09\\\/atletismo-renzo-varoni-en-el-podio-a-nivel-nacional\\\/#primaryimage\",\"url\":\"http:\\\/\\\/www.sanjuandeportes.com\\\/wp\\\/wp-content\\\/uploads\\\/2019\\\/07\\\/1c021b5eb38e65d2574b8a04d5e1eae9_L.jpg\",\"contentUrl\":\"http:\\\/\\\/www.sanjuandeportes.com\\\/wp\\\/wp-content\\\/uploads\\\/2019\\\/07\\\/1c021b5eb38e65d2574b8a04d5e1eae9_L.jpg\",\"width\":782,\"height\":521},{\"@type\":\"BreadcrumbList\",\"@id\":\"https:\\\/\\\/www.sanjuandeportes.com\\\/wp\\\/2019\\\/07\\\/09\\\/atletismo-renzo-varoni-en-el-podio-a-nivel-nacional\\\/#breadcrumb\",\"itemListElement\":[{\"@type\":\"ListItem\",\"position\":1,\"name\":\"Portada\",\"item\":\"http:\\\/\\\/www.sanjuandeportes.com\\\/wp\\\/\"},{\"@type\":\"ListItem\",\"position\":2,\"name\":\"Atletismo: Renzo Varoni, en el podio a nivel nacional\"}]},{\"@type\":\"WebSite\",\"@id\":\"http:\\\/\\\/www.sanjuandeportes.com\\\/wp\\\/#website\",\"url\":\"http:\\\/\\\/www.sanjuandeportes.com\\\/wp\\\/\",\"name\":\"San Juan Deportes\",\"description\":\"El sitio de deportes de la provincia de San Juan\",\"publisher\":{\"@id\":\"http:\\\/\\\/www.sanjuandeportes.com\\\/wp\\\/#organization\"},\"potentialAction\":[{\"@type\":\"SearchAction\",\"target\":{\"@type\":\"EntryPoint\",\"urlTemplate\":\"http:\\\/\\\/www.sanjuandeportes.com\\\/wp\\\/?s={search_term_string}\"},\"query-input\":{\"@type\":\"PropertyValueSpecification\",\"valueRequired\":true,\"valueName\":\"search_term_string\"}}],\"inLanguage\":\"es\"},{\"@type\":\"Organization\",\"@id\":\"http:\\\/\\\/www.sanjuandeportes.com\\\/wp\\\/#organization\",\"name\":\"San Juan Deportes\",\"url\":\"http:\\\/\\\/www.sanjuandeportes.com\\\/wp\\\/\",\"logo\":{\"@type\":\"ImageObject\",\"inLanguage\":\"es\",\"@id\":\"http:\\\/\\\/www.sanjuandeportes.com\\\/wp\\\/#\\\/schema\\\/logo\\\/image\\\/\",\"url\":\"https:\\\/\\\/www.sanjuandeportes.com\\\/wp\\\/wp-content\\\/uploads\\\/unnamed.jpg\",\"contentUrl\":\"https:\\\/\\\/www.sanjuandeportes.com\\\/wp\\\/wp-content\\\/uploads\\\/unnamed.jpg\",\"width\":900,\"height\":900,\"caption\":\"San Juan Deportes\"},\"image\":{\"@id\":\"http:\\\/\\\/www.sanjuandeportes.com\\\/wp\\\/#\\\/schema\\\/logo\\\/image\\\/\"},\"sameAs\":[\"https:\\\/\\\/www.facebook.com\\\/sanjuandeportesok\",\"https:\\\/\\\/x.com\\\/SanJuanDeportes\",\"https:\\\/\\\/www.instagram.com\\\/sanjuandeportes\"]},{\"@type\":\"Person\",\"@id\":\"http:\\\/\\\/www.sanjuandeportes.com\\\/wp\\\/#\\\/schema\\\/person\\\/eda4d8e62a5d42b111781e3cdfcb9c3a\",\"name\":\"Pablo Pujado\",\"image\":{\"@type\":\"ImageObject\",\"inLanguage\":\"es\",\"@id\":\"https:\\\/\\\/secure.gravatar.com\\\/avatar\\\/310b69d28112912c333408a462a9837208de951b1e7c11514781740412f648b1?s=96&d=mm&r=g\",\"url\":\"https:\\\/\\\/secure.gravatar.com\\\/avatar\\\/310b69d28112912c333408a462a9837208de951b1e7c11514781740412f648b1?s=96&d=mm&r=g\",\"contentUrl\":\"https:\\\/\\\/secure.gravatar.com\\\/avatar\\\/310b69d28112912c333408a462a9837208de951b1e7c11514781740412f648b1?s=96&d=mm&r=g\",\"caption\":\"Pablo Pujado\"},\"url\":\"http:\\\/\\\/www.sanjuandeportes.com\\\/wp\\\/author\\\/pablo-pujado\\\/\"}]}<\/script>\n<!-- \/ Yoast SEO plugin. -->","yoast_head_json":{"title":"Atletismo: Renzo Varoni, en el podio a nivel nacional - San Juan Deportes","robots":{"index":"index","follow":"follow","max-snippet":"max-snippet:-1","max-image-preview":"max-image-preview:large","max-video-preview":"max-video-preview:-1"},"canonical":"https:\/\/www.sanjuandeportes.com\/wp\/2019\/07\/09\/atletismo-renzo-varoni-en-el-podio-a-nivel-nacional\/","og_locale":"es_ES","og_type":"article","og_title":"Atletismo: Renzo Varoni, en el podio a nivel nacional - San Juan Deportes","og_description":"El joven atleta de San Juan obtuvo el segundo puesto en una de las especialidades del Torneo D\u00eda de la Independencia. El \u00faltimo fin de semana, el atleta sanjuanino Renzo Varoni, quien integra el staff de deportistas de Alto Rendimiento, programa impulsado por el gobernador Sergio U\u00f1ac, pudo estar presente en una de las competencias [&hellip;]","og_url":"https:\/\/www.sanjuandeportes.com\/wp\/2019\/07\/09\/atletismo-renzo-varoni-en-el-podio-a-nivel-nacional\/","og_site_name":"San Juan Deportes","article_publisher":"https:\/\/www.facebook.com\/sanjuandeportesok","article_published_time":"2019-07-09T23:18:39+00:00","article_modified_time":"2019-07-09T23:37:17+00:00","og_image":[{"width":782,"height":521,"url":"https:\/\/www.sanjuandeportes.com\/wp\/wp-content\/uploads\/2019\/07\/1c021b5eb38e65d2574b8a04d5e1eae9_L.jpg","type":"image\/jpeg"}],"author":"Pablo Pujado","twitter_card":"summary_large_image","twitter_creator":"@SanJuanDeportes","twitter_site":"@SanJuanDeportes","twitter_misc":{"Escrito por":"Pablo Pujado","Tiempo de lectura":"1 minuto"},"schema":{"@context":"https:\/\/schema.org","@graph":[{"@type":"Article","@id":"https:\/\/www.sanjuandeportes.com\/wp\/2019\/07\/09\/atletismo-renzo-varoni-en-el-podio-a-nivel-nacional\/#article","isPartOf":{"@id":"https:\/\/www.sanjuandeportes.com\/wp\/2019\/07\/09\/atletismo-renzo-varoni-en-el-podio-a-nivel-nacional\/"},"author":{"name":"Pablo Pujado","@id":"http:\/\/www.sanjuandeportes.com\/wp\/#\/schema\/person\/eda4d8e62a5d42b111781e3cdfcb9c3a"},"headline":"Atletismo: Renzo Varoni, en el podio a nivel nacional","datePublished":"2019-07-09T23:18:39+00:00","dateModified":"2019-07-09T23:37:17+00:00","mainEntityOfPage":{"@id":"https:\/\/www.sanjuandeportes.com\/wp\/2019\/07\/09\/atletismo-renzo-varoni-en-el-podio-a-nivel-nacional\/"},"wordCount":229,"commentCount":0,"publisher":{"@id":"http:\/\/www.sanjuandeportes.com\/wp\/#organization"},"image":{"@id":"https:\/\/www.sanjuandeportes.com\/wp\/2019\/07\/09\/atletismo-renzo-varoni-en-el-podio-a-nivel-nacional\/#primaryimage"},"thumbnailUrl":"http:\/\/www.sanjuandeportes.com\/wp\/wp-content\/uploads\/2019\/07\/1c021b5eb38e65d2574b8a04d5e1eae9_L.jpg","articleSection":["Atletismo","Featured","Polideportivo","San Juan"],"inLanguage":"es","potentialAction":[{"@type":"CommentAction","name":"Comment","target":["https:\/\/www.sanjuandeportes.com\/wp\/2019\/07\/09\/atletismo-renzo-varoni-en-el-podio-a-nivel-nacional\/#respond"]}]},{"@type":"WebPage","@id":"https:\/\/www.sanjuandeportes.com\/wp\/2019\/07\/09\/atletismo-renzo-varoni-en-el-podio-a-nivel-nacional\/","url":"https:\/\/www.sanjuandeportes.com\/wp\/2019\/07\/09\/atletismo-renzo-varoni-en-el-podio-a-nivel-nacional\/","name":"Atletismo: Renzo Varoni, en el podio a nivel nacional - San Juan Deportes","isPartOf":{"@id":"http:\/\/www.sanjuandeportes.com\/wp\/#website"},"primaryImageOfPage":{"@id":"https:\/\/www.sanjuandeportes.com\/wp\/2019\/07\/09\/atletismo-renzo-varoni-en-el-podio-a-nivel-nacional\/#primaryimage"},"image":{"@id":"https:\/\/www.sanjuandeportes.com\/wp\/2019\/07\/09\/atletismo-renzo-varoni-en-el-podio-a-nivel-nacional\/#primaryimage"},"thumbnailUrl":"http:\/\/www.sanjuandeportes.com\/wp\/wp-content\/uploads\/2019\/07\/1c021b5eb38e65d2574b8a04d5e1eae9_L.jpg","datePublished":"2019-07-09T23:18:39+00:00","dateModified":"2019-07-09T23:37:17+00:00","breadcrumb":{"@id":"https:\/\/www.sanjuandeportes.com\/wp\/2019\/07\/09\/atletismo-renzo-varoni-en-el-podio-a-nivel-nacional\/#breadcrumb"},"inLanguage":"es","potentialAction":[{"@type":"ReadAction","target":["https:\/\/www.sanjuandeportes.com\/wp\/2019\/07\/09\/atletismo-renzo-varoni-en-el-podio-a-nivel-nacional\/"]}]},{"@type":"ImageObject","inLanguage":"es","@id":"https:\/\/www.sanjuandeportes.com\/wp\/2019\/07\/09\/atletismo-renzo-varoni-en-el-podio-a-nivel-nacional\/#primaryimage","url":"http:\/\/www.sanjuandeportes.com\/wp\/wp-content\/uploads\/2019\/07\/1c021b5eb38e65d2574b8a04d5e1eae9_L.jpg","contentUrl":"http:\/\/www.sanjuandeportes.com\/wp\/wp-content\/uploads\/2019\/07\/1c021b5eb38e65d2574b8a04d5e1eae9_L.jpg","width":782,"height":521},{"@type":"BreadcrumbList","@id":"https:\/\/www.sanjuandeportes.com\/wp\/2019\/07\/09\/atletismo-renzo-varoni-en-el-podio-a-nivel-nacional\/#breadcrumb","itemListElement":[{"@type":"ListItem","position":1,"name":"Portada","item":"http:\/\/www.sanjuandeportes.com\/wp\/"},{"@type":"ListItem","position":2,"name":"Atletismo: Renzo Varoni, en el podio a nivel nacional"}]},{"@type":"WebSite","@id":"http:\/\/www.sanjuandeportes.com\/wp\/#website","url":"http:\/\/www.sanjuandeportes.com\/wp\/","name":"San Juan Deportes","description":"El sitio de deportes de la provincia de San Juan","publisher":{"@id":"http:\/\/www.sanjuandeportes.com\/wp\/#organization"},"potentialAction":[{"@type":"SearchAction","target":{"@type":"EntryPoint","urlTemplate":"http:\/\/www.sanjuandeportes.com\/wp\/?s={search_term_string}"},"query-input":{"@type":"PropertyValueSpecification","valueRequired":true,"valueName":"search_term_string"}}],"inLanguage":"es"},{"@type":"Organization","@id":"http:\/\/www.sanjuandeportes.com\/wp\/#organization","name":"San Juan Deportes","url":"http:\/\/www.sanjuandeportes.com\/wp\/","logo":{"@type":"ImageObject","inLanguage":"es","@id":"http:\/\/www.sanjuandeportes.com\/wp\/#\/schema\/logo\/image\/","url":"https:\/\/www.sanjuandeportes.com\/wp\/wp-content\/uploads\/unnamed.jpg","contentUrl":"https:\/\/www.sanjuandeportes.com\/wp\/wp-content\/uploads\/unnamed.jpg","width":900,"height":900,"caption":"San Juan Deportes"},"image":{"@id":"http:\/\/www.sanjuandeportes.com\/wp\/#\/schema\/logo\/image\/"},"sameAs":["https:\/\/www.facebook.com\/sanjuandeportesok","https:\/\/x.com\/SanJuanDeportes","https:\/\/www.instagram.com\/sanjuandeportes"]},{"@type":"Person","@id":"http:\/\/www.sanjuandeportes.com\/wp\/#\/schema\/person\/eda4d8e62a5d42b111781e3cdfcb9c3a","name":"Pablo Pujado","image":{"@type":"ImageObject","inLanguage":"es","@id":"https:\/\/secure.gravatar.com\/avatar\/310b69d28112912c333408a462a9837208de951b1e7c11514781740412f648b1?s=96&d=mm&r=g","url":"https:\/\/secure.gravatar.com\/avatar\/310b69d28112912c333408a462a9837208de951b1e7c11514781740412f648b1?s=96&d=mm&r=g","contentUrl":"https:\/\/secure.gravatar.com\/avatar\/310b69d28112912c333408a462a9837208de951b1e7c11514781740412f648b1?s=96&d=mm&r=g","caption":"Pablo Pujado"},"url":"http:\/\/www.sanjuandeportes.com\/wp\/author\/pablo-pujado\/"}]}},"_links":{"self":[{"href":"http:\/\/www.sanjuandeportes.com\/wp\/wp-json\/wp\/v2\/posts\/5925","targetHints":{"allow":["GET"]}}],"collection":[{"href":"http:\/\/www.sanjuandeportes.com\/wp\/wp-json\/wp\/v2\/posts"}],"about":[{"href":"http:\/\/www.sanjuandeportes.com\/wp\/wp-json\/wp\/v2\/types\/post"}],"author":[{"embeddable":true,"href":"http:\/\/www.sanjuandeportes.com\/wp\/wp-json\/wp\/v2\/users\/5"}],"replies":[{"embeddable":true,"href":"http:\/\/www.sanjuandeportes.com\/wp\/wp-json\/wp\/v2\/comments?post=5925"}],"version-history":[{"count":2,"href":"http:\/\/www.sanjuandeportes.com\/wp\/wp-json\/wp\/v2\/posts\/5925\/revisions"}],"predecessor-version":[{"id":5928,"href":"http:\/\/www.sanjuandeportes.com\/wp\/wp-json\/wp\/v2\/posts\/5925\/revisions\/5928"}],"wp:featuredmedia":[{"embeddable":true,"href":"http:\/\/www.sanjuandeportes.com\/wp\/wp-json\/wp\/v2\/media\/5926"}],"wp:attachment":[{"href":"http:\/\/www.sanjuandeportes.com\/wp\/wp-json\/wp\/v2\/media?parent=5925"}],"wp:term":[{"taxonomy":"category","embeddable":true,"href":"http:\/\/www.sanjuandeportes.com\/wp\/wp-json\/wp\/v2\/categories?post=5925"},{"taxonomy":"post_tag","embeddable":true,"href":"http:\/\/www.sanjuandeportes.com\/wp\/wp-json\/wp\/v2\/tags?post=5925"}],"curies":[{"name":"wp","href":"https:\/\/api.w.org\/{rel}","templated":true}]}}