{"id":6088,"date":"2019-07-18T01:07:47","date_gmt":"2019-07-18T01:07:47","guid":{"rendered":"http:\/\/www.sanjuandeportes.com\/wp\/?p=6088"},"modified":"2019-07-18T01:20:58","modified_gmt":"2019-07-18T01:20:58","slug":"colon-vuelve-a-la-carga-por-luis-ardente","status":"publish","type":"post","link":"http:\/\/www.sanjuandeportes.com\/wp\/2019\/07\/18\/colon-vuelve-a-la-carga-por-luis-ardente\/","title":{"rendered":"Col\u00f3n vuelve a la carga por Luis Ardente"},"content":{"rendered":"<p>Col\u00f3n nuevamente volver\u00e1 a insistir por Luis Ardente. El Sabalero busca un arquero para reforzar el arco en la pr\u00f3xima temporada y uno de los apuntados es el jugador de San Mart\u00edn de San Juan, seg\u00fan inform\u00f3 Cristofer D\u00edaz. Hacen dos semanas que el equipo de Santa F\u00e9 tuvo contacto con la dirigencia verdinegra por el portero.<\/p>\n<p>Al trabarse la llegada del arquero de Belgrano, Lucas Acosta a Col\u00f3n, la dirigencia del Sabalero avanza para la llegada de Luis Ardente quien defiende el arco del verdinegro.<\/p>\n","protected":false},"excerpt":{"rendered":"<p>Col\u00f3n nuevamente volver\u00e1 a insistir por Luis Ardente. El Sabalero busca un arquero para reforzar el arco en la pr\u00f3xima temporada y uno de los apuntados es el jugador de San Mart\u00edn de San Juan, seg\u00fan inform\u00f3 Cristofer D\u00edaz. Hacen dos semanas que el equipo de Santa F\u00e9 tuvo contacto con la dirigencia verdinegra por [&hellip;]<\/p>\n","protected":false},"author":5,"featured_media":5746,"comment_status":"open","ping_status":"open","sticky":false,"template":"","format":"standard","meta":{"footnotes":""},"categories":[2,24,376],"tags":[211,142,84,129],"class_list":["post-6088","post","type-post","status-publish","format-standard","has-post-thumbnail","hentry","category-featured","category-futbol","category-nacional-b","tag-colon","tag-mercado-de-pases","tag-san-juan","tag-san-martin"],"yoast_head":"<!-- This site is optimized with the Yoast SEO plugin v28.2 - https:\/\/yoast.com\/product\/yoast-seo-wordpress\/ -->\n<title>Col\u00f3n vuelve a la carga por Luis Ardente - San Juan Deportes<\/title>\n<meta name=\"robots\" content=\"index, follow, max-snippet:-1, max-image-preview:large, max-video-preview:-1\" \/>\n<link rel=\"canonical\" href=\"https:\/\/www.sanjuandeportes.com\/wp\/2019\/07\/18\/colon-vuelve-a-la-carga-por-luis-ardente\/\" \/>\n<meta property=\"og:locale\" content=\"es_ES\" \/>\n<meta property=\"og:type\" content=\"article\" \/>\n<meta property=\"og:title\" content=\"Col\u00f3n vuelve a la carga por Luis Ardente - San Juan Deportes\" \/>\n<meta property=\"og:description\" content=\"Col\u00f3n nuevamente volver\u00e1 a insistir por Luis Ardente. El Sabalero busca un arquero para reforzar el arco en la pr\u00f3xima temporada y uno de los apuntados es el jugador de San Mart\u00edn de San Juan, seg\u00fan inform\u00f3 Cristofer D\u00edaz. Hacen dos semanas que el equipo de Santa F\u00e9 tuvo contacto con la dirigencia verdinegra por [&hellip;]\" \/>\n<meta property=\"og:url\" content=\"https:\/\/www.sanjuandeportes.com\/wp\/2019\/07\/18\/colon-vuelve-a-la-carga-por-luis-ardente\/\" \/>\n<meta property=\"og:site_name\" content=\"San Juan Deportes\" \/>\n<meta property=\"article:publisher\" content=\"https:\/\/www.facebook.com\/sanjuandeportesok\" \/>\n<meta property=\"article:published_time\" content=\"2019-07-18T01:07:47+00:00\" \/>\n<meta property=\"article:modified_time\" content=\"2019-07-18T01:20:58+00:00\" \/>\n<meta property=\"og:image\" content=\"https:\/\/www.sanjuandeportes.com\/wp\/wp-content\/uploads\/2019\/07\/ardente.jpg\" \/>\n\t<meta property=\"og:image:width\" content=\"747\" \/>\n\t<meta property=\"og:image:height\" content=\"687\" \/>\n\t<meta property=\"og:image:type\" content=\"image\/jpeg\" \/>\n<meta name=\"author\" content=\"Pablo Pujado\" \/>\n<meta name=\"twitter:card\" content=\"summary_large_image\" \/>\n<meta name=\"twitter:creator\" content=\"@SanJuanDeportes\" \/>\n<meta name=\"twitter:site\" content=\"@SanJuanDeportes\" \/>\n<meta name=\"twitter:label1\" content=\"Escrito por\" \/>\n\t<meta name=\"twitter:data1\" content=\"Pablo Pujado\" \/>\n<script type=\"application\/ld+json\" class=\"yoast-schema-graph\">{\"@context\":\"https:\\\/\\\/schema.org\",\"@graph\":[{\"@type\":\"Article\",\"@id\":\"https:\\\/\\\/www.sanjuandeportes.com\\\/wp\\\/2019\\\/07\\\/18\\\/colon-vuelve-a-la-carga-por-luis-ardente\\\/#article\",\"isPartOf\":{\"@id\":\"https:\\\/\\\/www.sanjuandeportes.com\\\/wp\\\/2019\\\/07\\\/18\\\/colon-vuelve-a-la-carga-por-luis-ardente\\\/\"},\"author\":{\"name\":\"Pablo Pujado\",\"@id\":\"http:\\\/\\\/www.sanjuandeportes.com\\\/wp\\\/#\\\/schema\\\/person\\\/eda4d8e62a5d42b111781e3cdfcb9c3a\"},\"headline\":\"Col\u00f3n vuelve a la carga por Luis Ardente\",\"datePublished\":\"2019-07-18T01:07:47+00:00\",\"dateModified\":\"2019-07-18T01:20:58+00:00\",\"mainEntityOfPage\":{\"@id\":\"https:\\\/\\\/www.sanjuandeportes.com\\\/wp\\\/2019\\\/07\\\/18\\\/colon-vuelve-a-la-carga-por-luis-ardente\\\/\"},\"wordCount\":101,\"commentCount\":0,\"publisher\":{\"@id\":\"http:\\\/\\\/www.sanjuandeportes.com\\\/wp\\\/#organization\"},\"image\":{\"@id\":\"https:\\\/\\\/www.sanjuandeportes.com\\\/wp\\\/2019\\\/07\\\/18\\\/colon-vuelve-a-la-carga-por-luis-ardente\\\/#primaryimage\"},\"thumbnailUrl\":\"http:\\\/\\\/www.sanjuandeportes.com\\\/wp\\\/wp-content\\\/uploads\\\/2019\\\/07\\\/ardente.jpg\",\"keywords\":[\"Col\u00f3n\",\"Mercado de pases\",\"San Juan\",\"San Martin\"],\"articleSection\":[\"Featured\",\"Futbol\",\"Nacional B\"],\"inLanguage\":\"es\",\"potentialAction\":[{\"@type\":\"CommentAction\",\"name\":\"Comment\",\"target\":[\"https:\\\/\\\/www.sanjuandeportes.com\\\/wp\\\/2019\\\/07\\\/18\\\/colon-vuelve-a-la-carga-por-luis-ardente\\\/#respond\"]}]},{\"@type\":\"WebPage\",\"@id\":\"https:\\\/\\\/www.sanjuandeportes.com\\\/wp\\\/2019\\\/07\\\/18\\\/colon-vuelve-a-la-carga-por-luis-ardente\\\/\",\"url\":\"https:\\\/\\\/www.sanjuandeportes.com\\\/wp\\\/2019\\\/07\\\/18\\\/colon-vuelve-a-la-carga-por-luis-ardente\\\/\",\"name\":\"Col\u00f3n vuelve a la carga por Luis Ardente - San Juan Deportes\",\"isPartOf\":{\"@id\":\"http:\\\/\\\/www.sanjuandeportes.com\\\/wp\\\/#website\"},\"primaryImageOfPage\":{\"@id\":\"https:\\\/\\\/www.sanjuandeportes.com\\\/wp\\\/2019\\\/07\\\/18\\\/colon-vuelve-a-la-carga-por-luis-ardente\\\/#primaryimage\"},\"image\":{\"@id\":\"https:\\\/\\\/www.sanjuandeportes.com\\\/wp\\\/2019\\\/07\\\/18\\\/colon-vuelve-a-la-carga-por-luis-ardente\\\/#primaryimage\"},\"thumbnailUrl\":\"http:\\\/\\\/www.sanjuandeportes.com\\\/wp\\\/wp-content\\\/uploads\\\/2019\\\/07\\\/ardente.jpg\",\"datePublished\":\"2019-07-18T01:07:47+00:00\",\"dateModified\":\"2019-07-18T01:20:58+00:00\",\"breadcrumb\":{\"@id\":\"https:\\\/\\\/www.sanjuandeportes.com\\\/wp\\\/2019\\\/07\\\/18\\\/colon-vuelve-a-la-carga-por-luis-ardente\\\/#breadcrumb\"},\"inLanguage\":\"es\",\"potentialAction\":[{\"@type\":\"ReadAction\",\"target\":[\"https:\\\/\\\/www.sanjuandeportes.com\\\/wp\\\/2019\\\/07\\\/18\\\/colon-vuelve-a-la-carga-por-luis-ardente\\\/\"]}]},{\"@type\":\"ImageObject\",\"inLanguage\":\"es\",\"@id\":\"https:\\\/\\\/www.sanjuandeportes.com\\\/wp\\\/2019\\\/07\\\/18\\\/colon-vuelve-a-la-carga-por-luis-ardente\\\/#primaryimage\",\"url\":\"http:\\\/\\\/www.sanjuandeportes.com\\\/wp\\\/wp-content\\\/uploads\\\/2019\\\/07\\\/ardente.jpg\",\"contentUrl\":\"http:\\\/\\\/www.sanjuandeportes.com\\\/wp\\\/wp-content\\\/uploads\\\/2019\\\/07\\\/ardente.jpg\",\"width\":747,\"height\":687},{\"@type\":\"BreadcrumbList\",\"@id\":\"https:\\\/\\\/www.sanjuandeportes.com\\\/wp\\\/2019\\\/07\\\/18\\\/colon-vuelve-a-la-carga-por-luis-ardente\\\/#breadcrumb\",\"itemListElement\":[{\"@type\":\"ListItem\",\"position\":1,\"name\":\"Portada\",\"item\":\"http:\\\/\\\/www.sanjuandeportes.com\\\/wp\\\/\"},{\"@type\":\"ListItem\",\"position\":2,\"name\":\"Col\u00f3n vuelve a la carga por Luis Ardente\"}]},{\"@type\":\"WebSite\",\"@id\":\"http:\\\/\\\/www.sanjuandeportes.com\\\/wp\\\/#website\",\"url\":\"http:\\\/\\\/www.sanjuandeportes.com\\\/wp\\\/\",\"name\":\"San Juan Deportes\",\"description\":\"El sitio de deportes de la provincia de San Juan\",\"publisher\":{\"@id\":\"http:\\\/\\\/www.sanjuandeportes.com\\\/wp\\\/#organization\"},\"potentialAction\":[{\"@type\":\"SearchAction\",\"target\":{\"@type\":\"EntryPoint\",\"urlTemplate\":\"http:\\\/\\\/www.sanjuandeportes.com\\\/wp\\\/?s={search_term_string}\"},\"query-input\":{\"@type\":\"PropertyValueSpecification\",\"valueRequired\":true,\"valueName\":\"search_term_string\"}}],\"inLanguage\":\"es\"},{\"@type\":\"Organization\",\"@id\":\"http:\\\/\\\/www.sanjuandeportes.com\\\/wp\\\/#organization\",\"name\":\"San Juan Deportes\",\"url\":\"http:\\\/\\\/www.sanjuandeportes.com\\\/wp\\\/\",\"logo\":{\"@type\":\"ImageObject\",\"inLanguage\":\"es\",\"@id\":\"http:\\\/\\\/www.sanjuandeportes.com\\\/wp\\\/#\\\/schema\\\/logo\\\/image\\\/\",\"url\":\"https:\\\/\\\/www.sanjuandeportes.com\\\/wp\\\/wp-content\\\/uploads\\\/unnamed.jpg\",\"contentUrl\":\"https:\\\/\\\/www.sanjuandeportes.com\\\/wp\\\/wp-content\\\/uploads\\\/unnamed.jpg\",\"width\":900,\"height\":900,\"caption\":\"San Juan Deportes\"},\"image\":{\"@id\":\"http:\\\/\\\/www.sanjuandeportes.com\\\/wp\\\/#\\\/schema\\\/logo\\\/image\\\/\"},\"sameAs\":[\"https:\\\/\\\/www.facebook.com\\\/sanjuandeportesok\",\"https:\\\/\\\/x.com\\\/SanJuanDeportes\",\"https:\\\/\\\/www.instagram.com\\\/sanjuandeportes\"]},{\"@type\":\"Person\",\"@id\":\"http:\\\/\\\/www.sanjuandeportes.com\\\/wp\\\/#\\\/schema\\\/person\\\/eda4d8e62a5d42b111781e3cdfcb9c3a\",\"name\":\"Pablo Pujado\",\"image\":{\"@type\":\"ImageObject\",\"inLanguage\":\"es\",\"@id\":\"https:\\\/\\\/secure.gravatar.com\\\/avatar\\\/310b69d28112912c333408a462a9837208de951b1e7c11514781740412f648b1?s=96&d=mm&r=g\",\"url\":\"https:\\\/\\\/secure.gravatar.com\\\/avatar\\\/310b69d28112912c333408a462a9837208de951b1e7c11514781740412f648b1?s=96&d=mm&r=g\",\"contentUrl\":\"https:\\\/\\\/secure.gravatar.com\\\/avatar\\\/310b69d28112912c333408a462a9837208de951b1e7c11514781740412f648b1?s=96&d=mm&r=g\",\"caption\":\"Pablo Pujado\"},\"url\":\"http:\\\/\\\/www.sanjuandeportes.com\\\/wp\\\/author\\\/pablo-pujado\\\/\"}]}<\/script>\n<!-- \/ Yoast SEO plugin. -->","yoast_head_json":{"title":"Col\u00f3n vuelve a la carga por Luis Ardente - San Juan Deportes","robots":{"index":"index","follow":"follow","max-snippet":"max-snippet:-1","max-image-preview":"max-image-preview:large","max-video-preview":"max-video-preview:-1"},"canonical":"https:\/\/www.sanjuandeportes.com\/wp\/2019\/07\/18\/colon-vuelve-a-la-carga-por-luis-ardente\/","og_locale":"es_ES","og_type":"article","og_title":"Col\u00f3n vuelve a la carga por Luis Ardente - San Juan Deportes","og_description":"Col\u00f3n nuevamente volver\u00e1 a insistir por Luis Ardente. El Sabalero busca un arquero para reforzar el arco en la pr\u00f3xima temporada y uno de los apuntados es el jugador de San Mart\u00edn de San Juan, seg\u00fan inform\u00f3 Cristofer D\u00edaz. Hacen dos semanas que el equipo de Santa F\u00e9 tuvo contacto con la dirigencia verdinegra por [&hellip;]","og_url":"https:\/\/www.sanjuandeportes.com\/wp\/2019\/07\/18\/colon-vuelve-a-la-carga-por-luis-ardente\/","og_site_name":"San Juan Deportes","article_publisher":"https:\/\/www.facebook.com\/sanjuandeportesok","article_published_time":"2019-07-18T01:07:47+00:00","article_modified_time":"2019-07-18T01:20:58+00:00","og_image":[{"width":747,"height":687,"url":"https:\/\/www.sanjuandeportes.com\/wp\/wp-content\/uploads\/2019\/07\/ardente.jpg","type":"image\/jpeg"}],"author":"Pablo Pujado","twitter_card":"summary_large_image","twitter_creator":"@SanJuanDeportes","twitter_site":"@SanJuanDeportes","twitter_misc":{"Escrito por":"Pablo Pujado"},"schema":{"@context":"https:\/\/schema.org","@graph":[{"@type":"Article","@id":"https:\/\/www.sanjuandeportes.com\/wp\/2019\/07\/18\/colon-vuelve-a-la-carga-por-luis-ardente\/#article","isPartOf":{"@id":"https:\/\/www.sanjuandeportes.com\/wp\/2019\/07\/18\/colon-vuelve-a-la-carga-por-luis-ardente\/"},"author":{"name":"Pablo Pujado","@id":"http:\/\/www.sanjuandeportes.com\/wp\/#\/schema\/person\/eda4d8e62a5d42b111781e3cdfcb9c3a"},"headline":"Col\u00f3n vuelve a la carga por Luis Ardente","datePublished":"2019-07-18T01:07:47+00:00","dateModified":"2019-07-18T01:20:58+00:00","mainEntityOfPage":{"@id":"https:\/\/www.sanjuandeportes.com\/wp\/2019\/07\/18\/colon-vuelve-a-la-carga-por-luis-ardente\/"},"wordCount":101,"commentCount":0,"publisher":{"@id":"http:\/\/www.sanjuandeportes.com\/wp\/#organization"},"image":{"@id":"https:\/\/www.sanjuandeportes.com\/wp\/2019\/07\/18\/colon-vuelve-a-la-carga-por-luis-ardente\/#primaryimage"},"thumbnailUrl":"http:\/\/www.sanjuandeportes.com\/wp\/wp-content\/uploads\/2019\/07\/ardente.jpg","keywords":["Col\u00f3n","Mercado de pases","San Juan","San Martin"],"articleSection":["Featured","Futbol","Nacional B"],"inLanguage":"es","potentialAction":[{"@type":"CommentAction","name":"Comment","target":["https:\/\/www.sanjuandeportes.com\/wp\/2019\/07\/18\/colon-vuelve-a-la-carga-por-luis-ardente\/#respond"]}]},{"@type":"WebPage","@id":"https:\/\/www.sanjuandeportes.com\/wp\/2019\/07\/18\/colon-vuelve-a-la-carga-por-luis-ardente\/","url":"https:\/\/www.sanjuandeportes.com\/wp\/2019\/07\/18\/colon-vuelve-a-la-carga-por-luis-ardente\/","name":"Col\u00f3n vuelve a la carga por Luis Ardente - San Juan Deportes","isPartOf":{"@id":"http:\/\/www.sanjuandeportes.com\/wp\/#website"},"primaryImageOfPage":{"@id":"https:\/\/www.sanjuandeportes.com\/wp\/2019\/07\/18\/colon-vuelve-a-la-carga-por-luis-ardente\/#primaryimage"},"image":{"@id":"https:\/\/www.sanjuandeportes.com\/wp\/2019\/07\/18\/colon-vuelve-a-la-carga-por-luis-ardente\/#primaryimage"},"thumbnailUrl":"http:\/\/www.sanjuandeportes.com\/wp\/wp-content\/uploads\/2019\/07\/ardente.jpg","datePublished":"2019-07-18T01:07:47+00:00","dateModified":"2019-07-18T01:20:58+00:00","breadcrumb":{"@id":"https:\/\/www.sanjuandeportes.com\/wp\/2019\/07\/18\/colon-vuelve-a-la-carga-por-luis-ardente\/#breadcrumb"},"inLanguage":"es","potentialAction":[{"@type":"ReadAction","target":["https:\/\/www.sanjuandeportes.com\/wp\/2019\/07\/18\/colon-vuelve-a-la-carga-por-luis-ardente\/"]}]},{"@type":"ImageObject","inLanguage":"es","@id":"https:\/\/www.sanjuandeportes.com\/wp\/2019\/07\/18\/colon-vuelve-a-la-carga-por-luis-ardente\/#primaryimage","url":"http:\/\/www.sanjuandeportes.com\/wp\/wp-content\/uploads\/2019\/07\/ardente.jpg","contentUrl":"http:\/\/www.sanjuandeportes.com\/wp\/wp-content\/uploads\/2019\/07\/ardente.jpg","width":747,"height":687},{"@type":"BreadcrumbList","@id":"https:\/\/www.sanjuandeportes.com\/wp\/2019\/07\/18\/colon-vuelve-a-la-carga-por-luis-ardente\/#breadcrumb","itemListElement":[{"@type":"ListItem","position":1,"name":"Portada","item":"http:\/\/www.sanjuandeportes.com\/wp\/"},{"@type":"ListItem","position":2,"name":"Col\u00f3n vuelve a la carga por Luis Ardente"}]},{"@type":"WebSite","@id":"http:\/\/www.sanjuandeportes.com\/wp\/#website","url":"http:\/\/www.sanjuandeportes.com\/wp\/","name":"San Juan Deportes","description":"El sitio de deportes de la provincia de San Juan","publisher":{"@id":"http:\/\/www.sanjuandeportes.com\/wp\/#organization"},"potentialAction":[{"@type":"SearchAction","target":{"@type":"EntryPoint","urlTemplate":"http:\/\/www.sanjuandeportes.com\/wp\/?s={search_term_string}"},"query-input":{"@type":"PropertyValueSpecification","valueRequired":true,"valueName":"search_term_string"}}],"inLanguage":"es"},{"@type":"Organization","@id":"http:\/\/www.sanjuandeportes.com\/wp\/#organization","name":"San Juan Deportes","url":"http:\/\/www.sanjuandeportes.com\/wp\/","logo":{"@type":"ImageObject","inLanguage":"es","@id":"http:\/\/www.sanjuandeportes.com\/wp\/#\/schema\/logo\/image\/","url":"https:\/\/www.sanjuandeportes.com\/wp\/wp-content\/uploads\/unnamed.jpg","contentUrl":"https:\/\/www.sanjuandeportes.com\/wp\/wp-content\/uploads\/unnamed.jpg","width":900,"height":900,"caption":"San Juan Deportes"},"image":{"@id":"http:\/\/www.sanjuandeportes.com\/wp\/#\/schema\/logo\/image\/"},"sameAs":["https:\/\/www.facebook.com\/sanjuandeportesok","https:\/\/x.com\/SanJuanDeportes","https:\/\/www.instagram.com\/sanjuandeportes"]},{"@type":"Person","@id":"http:\/\/www.sanjuandeportes.com\/wp\/#\/schema\/person\/eda4d8e62a5d42b111781e3cdfcb9c3a","name":"Pablo Pujado","image":{"@type":"ImageObject","inLanguage":"es","@id":"https:\/\/secure.gravatar.com\/avatar\/310b69d28112912c333408a462a9837208de951b1e7c11514781740412f648b1?s=96&d=mm&r=g","url":"https:\/\/secure.gravatar.com\/avatar\/310b69d28112912c333408a462a9837208de951b1e7c11514781740412f648b1?s=96&d=mm&r=g","contentUrl":"https:\/\/secure.gravatar.com\/avatar\/310b69d28112912c333408a462a9837208de951b1e7c11514781740412f648b1?s=96&d=mm&r=g","caption":"Pablo Pujado"},"url":"http:\/\/www.sanjuandeportes.com\/wp\/author\/pablo-pujado\/"}]}},"_links":{"self":[{"href":"http:\/\/www.sanjuandeportes.com\/wp\/wp-json\/wp\/v2\/posts\/6088","targetHints":{"allow":["GET"]}}],"collection":[{"href":"http:\/\/www.sanjuandeportes.com\/wp\/wp-json\/wp\/v2\/posts"}],"about":[{"href":"http:\/\/www.sanjuandeportes.com\/wp\/wp-json\/wp\/v2\/types\/post"}],"author":[{"embeddable":true,"href":"http:\/\/www.sanjuandeportes.com\/wp\/wp-json\/wp\/v2\/users\/5"}],"replies":[{"embeddable":true,"href":"http:\/\/www.sanjuandeportes.com\/wp\/wp-json\/wp\/v2\/comments?post=6088"}],"version-history":[{"count":3,"href":"http:\/\/www.sanjuandeportes.com\/wp\/wp-json\/wp\/v2\/posts\/6088\/revisions"}],"predecessor-version":[{"id":6091,"href":"http:\/\/www.sanjuandeportes.com\/wp\/wp-json\/wp\/v2\/posts\/6088\/revisions\/6091"}],"wp:featuredmedia":[{"embeddable":true,"href":"http:\/\/www.sanjuandeportes.com\/wp\/wp-json\/wp\/v2\/media\/5746"}],"wp:attachment":[{"href":"http:\/\/www.sanjuandeportes.com\/wp\/wp-json\/wp\/v2\/media?parent=6088"}],"wp:term":[{"taxonomy":"category","embeddable":true,"href":"http:\/\/www.sanjuandeportes.com\/wp\/wp-json\/wp\/v2\/categories?post=6088"},{"taxonomy":"post_tag","embeddable":true,"href":"http:\/\/www.sanjuandeportes.com\/wp\/wp-json\/wp\/v2\/tags?post=6088"}],"curies":[{"name":"wp","href":"https:\/\/api.w.org\/{rel}","templated":true}]}}