{"id":6431,"date":"2019-08-07T23:44:19","date_gmt":"2019-08-07T23:44:19","guid":{"rendered":"http:\/\/www.sanjuandeportes.com\/wp\/?p=6431"},"modified":"2019-08-07T23:44:19","modified_gmt":"2019-08-07T23:44:19","slug":"con-precios-rebajados-comienza-la-venta-de-entradas-para-el-turismo-carretera","status":"publish","type":"post","link":"http:\/\/www.sanjuandeportes.com\/wp\/2019\/08\/07\/con-precios-rebajados-comienza-la-venta-de-entradas-para-el-turismo-carretera\/","title":{"rendered":"Con precios rebajados, comienza la venta de entradas para el Turismo Carretera"},"content":{"rendered":"<p>Del 23 al 25 de Agosto vuelve el TC a San Juan y se viene un espect\u00e1culo excepcional para toda la familia, con valores promocionales que ser\u00e1n accesibles para el p\u00fablico que desee presenciar a la categor\u00eda m\u00e1s importante del pa\u00eds.<\/p>\n<p>Desde el viernes 9 comenzar\u00e1 la venta online, restando la confirmaci\u00f3n del sitio donde se vender\u00e1n las mismas, a definir antes del comienzo de la venta por internet. Con respecto a las entradas en boleter\u00edas, se habilitar\u00e1 en el Estadio Aldo Cantoni desde el viernes 16 y hasta el s\u00e1bado 24 inclusive, mientras que en la puerta del San Juan Villicum se vender\u00e1n desde el jueves 22\u00a0 y hasta el domingo 25 de Agosto.<\/p>\n<p>Con respecto a los valores de entradas, se destaca el esfuerzo del Gobierno de San Juan y de la categor\u00eda para asignar un valor muy accesible a los tickets del fin de semana de carrera. Los valores corresponden a los tres d\u00edas de actividad, de viernes a domingo, o sea en modalidad de abono, ya que se adquieren las entradas para los tres d\u00edas de competencia. Los valores son los siguientes:<\/p>\n<p><strong>1) Sector de Acampe y tribuna fin de recta: $ 200.-<\/strong><\/p>\n<p><strong>2) Campo VIP y Tribuna Panor\u00e1mica: $ 300.-<\/strong><\/p>\n<p><strong>3) Tribuna Premium: $ 400.-<\/strong><\/p>\n<p><strong>4) Sector de Boxes: $ 900.-<\/strong><\/p>\n<p>Con respecto a los estacionamientos, se abonar\u00e1n $50.- por d\u00eda en todos los sectores, a excepci\u00f3n de la zona de acampe, donde se abonar\u00e1n $ 500.- para los veh\u00edculos que ingresen en este sector a acampar.<\/p>\n<p>Finalmente cabe destacar que el \u00fanico sector habilitado para hacer asados es el sector de acampe, paralelo a la recta larga, en el sector opuesto del circuito, pero los dem\u00e1s sectores est\u00e1n habilitados para ingresar en este sector y hacer su asado.<\/p>\n","protected":false},"excerpt":{"rendered":"<p>Del 23 al 25 de Agosto vuelve el TC a San Juan y se viene un espect\u00e1culo excepcional para toda la familia, con valores promocionales que ser\u00e1n accesibles para el p\u00fablico que desee presenciar a la categor\u00eda m\u00e1s importante del pa\u00eds. Desde el viernes 9 comenzar\u00e1 la venta online, restando la confirmaci\u00f3n del sitio donde [&hellip;]<\/p>\n","protected":false},"author":5,"featured_media":6296,"comment_status":"open","ping_status":"open","sticky":false,"template":"","format":"standard","meta":{"footnotes":""},"categories":[39,2,178],"tags":[218,84,64,246],"class_list":["post-6431","post","type-post","status-publish","format-standard","has-post-thumbnail","hentry","category-automovilismo","category-featured","category-san-juan","tag-entradas","tag-san-juan","tag-turismo-carretera","tag-villicum"],"yoast_head":"<!-- This site is optimized with the Yoast SEO plugin v28.2 - https:\/\/yoast.com\/product\/yoast-seo-wordpress\/ -->\n<title>Con precios rebajados, comienza la venta de entradas para el Turismo Carretera - San Juan Deportes<\/title>\n<meta name=\"robots\" content=\"index, follow, max-snippet:-1, max-image-preview:large, max-video-preview:-1\" \/>\n<link rel=\"canonical\" href=\"https:\/\/www.sanjuandeportes.com\/wp\/2019\/08\/07\/con-precios-rebajados-comienza-la-venta-de-entradas-para-el-turismo-carretera\/\" \/>\n<meta property=\"og:locale\" content=\"es_ES\" \/>\n<meta property=\"og:type\" content=\"article\" \/>\n<meta property=\"og:title\" content=\"Con precios rebajados, comienza la venta de entradas para el Turismo Carretera - San Juan Deportes\" \/>\n<meta property=\"og:description\" content=\"Del 23 al 25 de Agosto vuelve el TC a San Juan y se viene un espect\u00e1culo excepcional para toda la familia, con valores promocionales que ser\u00e1n accesibles para el p\u00fablico que desee presenciar a la categor\u00eda m\u00e1s importante del pa\u00eds. Desde el viernes 9 comenzar\u00e1 la venta online, restando la confirmaci\u00f3n del sitio donde [&hellip;]\" \/>\n<meta property=\"og:url\" content=\"https:\/\/www.sanjuandeportes.com\/wp\/2019\/08\/07\/con-precios-rebajados-comienza-la-venta-de-entradas-para-el-turismo-carretera\/\" \/>\n<meta property=\"og:site_name\" content=\"San Juan Deportes\" \/>\n<meta property=\"article:publisher\" content=\"https:\/\/www.facebook.com\/sanjuandeportesok\" \/>\n<meta property=\"article:published_time\" content=\"2019-08-07T23:44:19+00:00\" \/>\n<meta property=\"og:image\" content=\"https:\/\/www.sanjuandeportes.com\/wp\/wp-content\/uploads\/2019\/07\/5d3ed1c4cfc8e.jpg\" \/>\n\t<meta property=\"og:image:width\" content=\"800\" \/>\n\t<meta property=\"og:image:height\" content=\"432\" \/>\n\t<meta property=\"og:image:type\" content=\"image\/jpeg\" \/>\n<meta name=\"author\" content=\"Pablo Pujado\" \/>\n<meta name=\"twitter:card\" content=\"summary_large_image\" \/>\n<meta name=\"twitter:creator\" content=\"@SanJuanDeportes\" \/>\n<meta name=\"twitter:site\" content=\"@SanJuanDeportes\" \/>\n<meta name=\"twitter:label1\" content=\"Escrito por\" \/>\n\t<meta name=\"twitter:data1\" content=\"Pablo Pujado\" \/>\n\t<meta name=\"twitter:label2\" content=\"Tiempo de lectura\" \/>\n\t<meta name=\"twitter:data2\" content=\"2 minutos\" \/>\n<script type=\"application\/ld+json\" class=\"yoast-schema-graph\">{\"@context\":\"https:\\\/\\\/schema.org\",\"@graph\":[{\"@type\":\"Article\",\"@id\":\"https:\\\/\\\/www.sanjuandeportes.com\\\/wp\\\/2019\\\/08\\\/07\\\/con-precios-rebajados-comienza-la-venta-de-entradas-para-el-turismo-carretera\\\/#article\",\"isPartOf\":{\"@id\":\"https:\\\/\\\/www.sanjuandeportes.com\\\/wp\\\/2019\\\/08\\\/07\\\/con-precios-rebajados-comienza-la-venta-de-entradas-para-el-turismo-carretera\\\/\"},\"author\":{\"name\":\"Pablo Pujado\",\"@id\":\"http:\\\/\\\/www.sanjuandeportes.com\\\/wp\\\/#\\\/schema\\\/person\\\/eda4d8e62a5d42b111781e3cdfcb9c3a\"},\"headline\":\"Con precios rebajados, comienza la venta de entradas para el Turismo Carretera\",\"datePublished\":\"2019-08-07T23:44:19+00:00\",\"mainEntityOfPage\":{\"@id\":\"https:\\\/\\\/www.sanjuandeportes.com\\\/wp\\\/2019\\\/08\\\/07\\\/con-precios-rebajados-comienza-la-venta-de-entradas-para-el-turismo-carretera\\\/\"},\"wordCount\":312,\"commentCount\":0,\"publisher\":{\"@id\":\"http:\\\/\\\/www.sanjuandeportes.com\\\/wp\\\/#organization\"},\"image\":{\"@id\":\"https:\\\/\\\/www.sanjuandeportes.com\\\/wp\\\/2019\\\/08\\\/07\\\/con-precios-rebajados-comienza-la-venta-de-entradas-para-el-turismo-carretera\\\/#primaryimage\"},\"thumbnailUrl\":\"http:\\\/\\\/www.sanjuandeportes.com\\\/wp\\\/wp-content\\\/uploads\\\/2019\\\/07\\\/5d3ed1c4cfc8e.jpg\",\"keywords\":[\"Entradas\",\"San Juan\",\"Turismo Carretera\",\"Villicum\"],\"articleSection\":[\"Automovilismo\",\"Featured\",\"San Juan\"],\"inLanguage\":\"es\",\"potentialAction\":[{\"@type\":\"CommentAction\",\"name\":\"Comment\",\"target\":[\"https:\\\/\\\/www.sanjuandeportes.com\\\/wp\\\/2019\\\/08\\\/07\\\/con-precios-rebajados-comienza-la-venta-de-entradas-para-el-turismo-carretera\\\/#respond\"]}]},{\"@type\":\"WebPage\",\"@id\":\"https:\\\/\\\/www.sanjuandeportes.com\\\/wp\\\/2019\\\/08\\\/07\\\/con-precios-rebajados-comienza-la-venta-de-entradas-para-el-turismo-carretera\\\/\",\"url\":\"https:\\\/\\\/www.sanjuandeportes.com\\\/wp\\\/2019\\\/08\\\/07\\\/con-precios-rebajados-comienza-la-venta-de-entradas-para-el-turismo-carretera\\\/\",\"name\":\"Con precios rebajados, comienza la venta de entradas para el Turismo Carretera - San Juan Deportes\",\"isPartOf\":{\"@id\":\"http:\\\/\\\/www.sanjuandeportes.com\\\/wp\\\/#website\"},\"primaryImageOfPage\":{\"@id\":\"https:\\\/\\\/www.sanjuandeportes.com\\\/wp\\\/2019\\\/08\\\/07\\\/con-precios-rebajados-comienza-la-venta-de-entradas-para-el-turismo-carretera\\\/#primaryimage\"},\"image\":{\"@id\":\"https:\\\/\\\/www.sanjuandeportes.com\\\/wp\\\/2019\\\/08\\\/07\\\/con-precios-rebajados-comienza-la-venta-de-entradas-para-el-turismo-carretera\\\/#primaryimage\"},\"thumbnailUrl\":\"http:\\\/\\\/www.sanjuandeportes.com\\\/wp\\\/wp-content\\\/uploads\\\/2019\\\/07\\\/5d3ed1c4cfc8e.jpg\",\"datePublished\":\"2019-08-07T23:44:19+00:00\",\"breadcrumb\":{\"@id\":\"https:\\\/\\\/www.sanjuandeportes.com\\\/wp\\\/2019\\\/08\\\/07\\\/con-precios-rebajados-comienza-la-venta-de-entradas-para-el-turismo-carretera\\\/#breadcrumb\"},\"inLanguage\":\"es\",\"potentialAction\":[{\"@type\":\"ReadAction\",\"target\":[\"https:\\\/\\\/www.sanjuandeportes.com\\\/wp\\\/2019\\\/08\\\/07\\\/con-precios-rebajados-comienza-la-venta-de-entradas-para-el-turismo-carretera\\\/\"]}]},{\"@type\":\"ImageObject\",\"inLanguage\":\"es\",\"@id\":\"https:\\\/\\\/www.sanjuandeportes.com\\\/wp\\\/2019\\\/08\\\/07\\\/con-precios-rebajados-comienza-la-venta-de-entradas-para-el-turismo-carretera\\\/#primaryimage\",\"url\":\"http:\\\/\\\/www.sanjuandeportes.com\\\/wp\\\/wp-content\\\/uploads\\\/2019\\\/07\\\/5d3ed1c4cfc8e.jpg\",\"contentUrl\":\"http:\\\/\\\/www.sanjuandeportes.com\\\/wp\\\/wp-content\\\/uploads\\\/2019\\\/07\\\/5d3ed1c4cfc8e.jpg\",\"width\":800,\"height\":432},{\"@type\":\"BreadcrumbList\",\"@id\":\"https:\\\/\\\/www.sanjuandeportes.com\\\/wp\\\/2019\\\/08\\\/07\\\/con-precios-rebajados-comienza-la-venta-de-entradas-para-el-turismo-carretera\\\/#breadcrumb\",\"itemListElement\":[{\"@type\":\"ListItem\",\"position\":1,\"name\":\"Portada\",\"item\":\"http:\\\/\\\/www.sanjuandeportes.com\\\/wp\\\/\"},{\"@type\":\"ListItem\",\"position\":2,\"name\":\"Con precios rebajados, comienza la venta de entradas para el Turismo Carretera\"}]},{\"@type\":\"WebSite\",\"@id\":\"http:\\\/\\\/www.sanjuandeportes.com\\\/wp\\\/#website\",\"url\":\"http:\\\/\\\/www.sanjuandeportes.com\\\/wp\\\/\",\"name\":\"San Juan Deportes\",\"description\":\"El sitio de deportes de la provincia de San Juan\",\"publisher\":{\"@id\":\"http:\\\/\\\/www.sanjuandeportes.com\\\/wp\\\/#organization\"},\"potentialAction\":[{\"@type\":\"SearchAction\",\"target\":{\"@type\":\"EntryPoint\",\"urlTemplate\":\"http:\\\/\\\/www.sanjuandeportes.com\\\/wp\\\/?s={search_term_string}\"},\"query-input\":{\"@type\":\"PropertyValueSpecification\",\"valueRequired\":true,\"valueName\":\"search_term_string\"}}],\"inLanguage\":\"es\"},{\"@type\":\"Organization\",\"@id\":\"http:\\\/\\\/www.sanjuandeportes.com\\\/wp\\\/#organization\",\"name\":\"San Juan Deportes\",\"url\":\"http:\\\/\\\/www.sanjuandeportes.com\\\/wp\\\/\",\"logo\":{\"@type\":\"ImageObject\",\"inLanguage\":\"es\",\"@id\":\"http:\\\/\\\/www.sanjuandeportes.com\\\/wp\\\/#\\\/schema\\\/logo\\\/image\\\/\",\"url\":\"https:\\\/\\\/www.sanjuandeportes.com\\\/wp\\\/wp-content\\\/uploads\\\/unnamed.jpg\",\"contentUrl\":\"https:\\\/\\\/www.sanjuandeportes.com\\\/wp\\\/wp-content\\\/uploads\\\/unnamed.jpg\",\"width\":900,\"height\":900,\"caption\":\"San Juan Deportes\"},\"image\":{\"@id\":\"http:\\\/\\\/www.sanjuandeportes.com\\\/wp\\\/#\\\/schema\\\/logo\\\/image\\\/\"},\"sameAs\":[\"https:\\\/\\\/www.facebook.com\\\/sanjuandeportesok\",\"https:\\\/\\\/x.com\\\/SanJuanDeportes\",\"https:\\\/\\\/www.instagram.com\\\/sanjuandeportes\"]},{\"@type\":\"Person\",\"@id\":\"http:\\\/\\\/www.sanjuandeportes.com\\\/wp\\\/#\\\/schema\\\/person\\\/eda4d8e62a5d42b111781e3cdfcb9c3a\",\"name\":\"Pablo Pujado\",\"image\":{\"@type\":\"ImageObject\",\"inLanguage\":\"es\",\"@id\":\"https:\\\/\\\/secure.gravatar.com\\\/avatar\\\/310b69d28112912c333408a462a9837208de951b1e7c11514781740412f648b1?s=96&d=mm&r=g\",\"url\":\"https:\\\/\\\/secure.gravatar.com\\\/avatar\\\/310b69d28112912c333408a462a9837208de951b1e7c11514781740412f648b1?s=96&d=mm&r=g\",\"contentUrl\":\"https:\\\/\\\/secure.gravatar.com\\\/avatar\\\/310b69d28112912c333408a462a9837208de951b1e7c11514781740412f648b1?s=96&d=mm&r=g\",\"caption\":\"Pablo Pujado\"},\"url\":\"http:\\\/\\\/www.sanjuandeportes.com\\\/wp\\\/author\\\/pablo-pujado\\\/\"}]}<\/script>\n<!-- \/ Yoast SEO plugin. -->","yoast_head_json":{"title":"Con precios rebajados, comienza la venta de entradas para el Turismo Carretera - San Juan Deportes","robots":{"index":"index","follow":"follow","max-snippet":"max-snippet:-1","max-image-preview":"max-image-preview:large","max-video-preview":"max-video-preview:-1"},"canonical":"https:\/\/www.sanjuandeportes.com\/wp\/2019\/08\/07\/con-precios-rebajados-comienza-la-venta-de-entradas-para-el-turismo-carretera\/","og_locale":"es_ES","og_type":"article","og_title":"Con precios rebajados, comienza la venta de entradas para el Turismo Carretera - San Juan Deportes","og_description":"Del 23 al 25 de Agosto vuelve el TC a San Juan y se viene un espect\u00e1culo excepcional para toda la familia, con valores promocionales que ser\u00e1n accesibles para el p\u00fablico que desee presenciar a la categor\u00eda m\u00e1s importante del pa\u00eds. Desde el viernes 9 comenzar\u00e1 la venta online, restando la confirmaci\u00f3n del sitio donde [&hellip;]","og_url":"https:\/\/www.sanjuandeportes.com\/wp\/2019\/08\/07\/con-precios-rebajados-comienza-la-venta-de-entradas-para-el-turismo-carretera\/","og_site_name":"San Juan Deportes","article_publisher":"https:\/\/www.facebook.com\/sanjuandeportesok","article_published_time":"2019-08-07T23:44:19+00:00","og_image":[{"width":800,"height":432,"url":"https:\/\/www.sanjuandeportes.com\/wp\/wp-content\/uploads\/2019\/07\/5d3ed1c4cfc8e.jpg","type":"image\/jpeg"}],"author":"Pablo Pujado","twitter_card":"summary_large_image","twitter_creator":"@SanJuanDeportes","twitter_site":"@SanJuanDeportes","twitter_misc":{"Escrito por":"Pablo Pujado","Tiempo de lectura":"2 minutos"},"schema":{"@context":"https:\/\/schema.org","@graph":[{"@type":"Article","@id":"https:\/\/www.sanjuandeportes.com\/wp\/2019\/08\/07\/con-precios-rebajados-comienza-la-venta-de-entradas-para-el-turismo-carretera\/#article","isPartOf":{"@id":"https:\/\/www.sanjuandeportes.com\/wp\/2019\/08\/07\/con-precios-rebajados-comienza-la-venta-de-entradas-para-el-turismo-carretera\/"},"author":{"name":"Pablo Pujado","@id":"http:\/\/www.sanjuandeportes.com\/wp\/#\/schema\/person\/eda4d8e62a5d42b111781e3cdfcb9c3a"},"headline":"Con precios rebajados, comienza la venta de entradas para el Turismo Carretera","datePublished":"2019-08-07T23:44:19+00:00","mainEntityOfPage":{"@id":"https:\/\/www.sanjuandeportes.com\/wp\/2019\/08\/07\/con-precios-rebajados-comienza-la-venta-de-entradas-para-el-turismo-carretera\/"},"wordCount":312,"commentCount":0,"publisher":{"@id":"http:\/\/www.sanjuandeportes.com\/wp\/#organization"},"image":{"@id":"https:\/\/www.sanjuandeportes.com\/wp\/2019\/08\/07\/con-precios-rebajados-comienza-la-venta-de-entradas-para-el-turismo-carretera\/#primaryimage"},"thumbnailUrl":"http:\/\/www.sanjuandeportes.com\/wp\/wp-content\/uploads\/2019\/07\/5d3ed1c4cfc8e.jpg","keywords":["Entradas","San Juan","Turismo Carretera","Villicum"],"articleSection":["Automovilismo","Featured","San Juan"],"inLanguage":"es","potentialAction":[{"@type":"CommentAction","name":"Comment","target":["https:\/\/www.sanjuandeportes.com\/wp\/2019\/08\/07\/con-precios-rebajados-comienza-la-venta-de-entradas-para-el-turismo-carretera\/#respond"]}]},{"@type":"WebPage","@id":"https:\/\/www.sanjuandeportes.com\/wp\/2019\/08\/07\/con-precios-rebajados-comienza-la-venta-de-entradas-para-el-turismo-carretera\/","url":"https:\/\/www.sanjuandeportes.com\/wp\/2019\/08\/07\/con-precios-rebajados-comienza-la-venta-de-entradas-para-el-turismo-carretera\/","name":"Con precios rebajados, comienza la venta de entradas para el Turismo Carretera - San Juan Deportes","isPartOf":{"@id":"http:\/\/www.sanjuandeportes.com\/wp\/#website"},"primaryImageOfPage":{"@id":"https:\/\/www.sanjuandeportes.com\/wp\/2019\/08\/07\/con-precios-rebajados-comienza-la-venta-de-entradas-para-el-turismo-carretera\/#primaryimage"},"image":{"@id":"https:\/\/www.sanjuandeportes.com\/wp\/2019\/08\/07\/con-precios-rebajados-comienza-la-venta-de-entradas-para-el-turismo-carretera\/#primaryimage"},"thumbnailUrl":"http:\/\/www.sanjuandeportes.com\/wp\/wp-content\/uploads\/2019\/07\/5d3ed1c4cfc8e.jpg","datePublished":"2019-08-07T23:44:19+00:00","breadcrumb":{"@id":"https:\/\/www.sanjuandeportes.com\/wp\/2019\/08\/07\/con-precios-rebajados-comienza-la-venta-de-entradas-para-el-turismo-carretera\/#breadcrumb"},"inLanguage":"es","potentialAction":[{"@type":"ReadAction","target":["https:\/\/www.sanjuandeportes.com\/wp\/2019\/08\/07\/con-precios-rebajados-comienza-la-venta-de-entradas-para-el-turismo-carretera\/"]}]},{"@type":"ImageObject","inLanguage":"es","@id":"https:\/\/www.sanjuandeportes.com\/wp\/2019\/08\/07\/con-precios-rebajados-comienza-la-venta-de-entradas-para-el-turismo-carretera\/#primaryimage","url":"http:\/\/www.sanjuandeportes.com\/wp\/wp-content\/uploads\/2019\/07\/5d3ed1c4cfc8e.jpg","contentUrl":"http:\/\/www.sanjuandeportes.com\/wp\/wp-content\/uploads\/2019\/07\/5d3ed1c4cfc8e.jpg","width":800,"height":432},{"@type":"BreadcrumbList","@id":"https:\/\/www.sanjuandeportes.com\/wp\/2019\/08\/07\/con-precios-rebajados-comienza-la-venta-de-entradas-para-el-turismo-carretera\/#breadcrumb","itemListElement":[{"@type":"ListItem","position":1,"name":"Portada","item":"http:\/\/www.sanjuandeportes.com\/wp\/"},{"@type":"ListItem","position":2,"name":"Con precios rebajados, comienza la venta de entradas para el Turismo Carretera"}]},{"@type":"WebSite","@id":"http:\/\/www.sanjuandeportes.com\/wp\/#website","url":"http:\/\/www.sanjuandeportes.com\/wp\/","name":"San Juan Deportes","description":"El sitio de deportes de la provincia de San Juan","publisher":{"@id":"http:\/\/www.sanjuandeportes.com\/wp\/#organization"},"potentialAction":[{"@type":"SearchAction","target":{"@type":"EntryPoint","urlTemplate":"http:\/\/www.sanjuandeportes.com\/wp\/?s={search_term_string}"},"query-input":{"@type":"PropertyValueSpecification","valueRequired":true,"valueName":"search_term_string"}}],"inLanguage":"es"},{"@type":"Organization","@id":"http:\/\/www.sanjuandeportes.com\/wp\/#organization","name":"San Juan Deportes","url":"http:\/\/www.sanjuandeportes.com\/wp\/","logo":{"@type":"ImageObject","inLanguage":"es","@id":"http:\/\/www.sanjuandeportes.com\/wp\/#\/schema\/logo\/image\/","url":"https:\/\/www.sanjuandeportes.com\/wp\/wp-content\/uploads\/unnamed.jpg","contentUrl":"https:\/\/www.sanjuandeportes.com\/wp\/wp-content\/uploads\/unnamed.jpg","width":900,"height":900,"caption":"San Juan Deportes"},"image":{"@id":"http:\/\/www.sanjuandeportes.com\/wp\/#\/schema\/logo\/image\/"},"sameAs":["https:\/\/www.facebook.com\/sanjuandeportesok","https:\/\/x.com\/SanJuanDeportes","https:\/\/www.instagram.com\/sanjuandeportes"]},{"@type":"Person","@id":"http:\/\/www.sanjuandeportes.com\/wp\/#\/schema\/person\/eda4d8e62a5d42b111781e3cdfcb9c3a","name":"Pablo Pujado","image":{"@type":"ImageObject","inLanguage":"es","@id":"https:\/\/secure.gravatar.com\/avatar\/310b69d28112912c333408a462a9837208de951b1e7c11514781740412f648b1?s=96&d=mm&r=g","url":"https:\/\/secure.gravatar.com\/avatar\/310b69d28112912c333408a462a9837208de951b1e7c11514781740412f648b1?s=96&d=mm&r=g","contentUrl":"https:\/\/secure.gravatar.com\/avatar\/310b69d28112912c333408a462a9837208de951b1e7c11514781740412f648b1?s=96&d=mm&r=g","caption":"Pablo Pujado"},"url":"http:\/\/www.sanjuandeportes.com\/wp\/author\/pablo-pujado\/"}]}},"_links":{"self":[{"href":"http:\/\/www.sanjuandeportes.com\/wp\/wp-json\/wp\/v2\/posts\/6431","targetHints":{"allow":["GET"]}}],"collection":[{"href":"http:\/\/www.sanjuandeportes.com\/wp\/wp-json\/wp\/v2\/posts"}],"about":[{"href":"http:\/\/www.sanjuandeportes.com\/wp\/wp-json\/wp\/v2\/types\/post"}],"author":[{"embeddable":true,"href":"http:\/\/www.sanjuandeportes.com\/wp\/wp-json\/wp\/v2\/users\/5"}],"replies":[{"embeddable":true,"href":"http:\/\/www.sanjuandeportes.com\/wp\/wp-json\/wp\/v2\/comments?post=6431"}],"version-history":[{"count":1,"href":"http:\/\/www.sanjuandeportes.com\/wp\/wp-json\/wp\/v2\/posts\/6431\/revisions"}],"predecessor-version":[{"id":6432,"href":"http:\/\/www.sanjuandeportes.com\/wp\/wp-json\/wp\/v2\/posts\/6431\/revisions\/6432"}],"wp:featuredmedia":[{"embeddable":true,"href":"http:\/\/www.sanjuandeportes.com\/wp\/wp-json\/wp\/v2\/media\/6296"}],"wp:attachment":[{"href":"http:\/\/www.sanjuandeportes.com\/wp\/wp-json\/wp\/v2\/media?parent=6431"}],"wp:term":[{"taxonomy":"category","embeddable":true,"href":"http:\/\/www.sanjuandeportes.com\/wp\/wp-json\/wp\/v2\/categories?post=6431"},{"taxonomy":"post_tag","embeddable":true,"href":"http:\/\/www.sanjuandeportes.com\/wp\/wp-json\/wp\/v2\/tags?post=6431"}],"curies":[{"name":"wp","href":"https:\/\/api.w.org\/{rel}","templated":true}]}}